{"id":14444,"date":"2025-03-24T08:10:00","date_gmt":"2025-03-24T11:10:00","guid":{"rendered":"https:\/\/www.correiobraziliense.com.br\/cbradar\/?p=14444"},"modified":"2025-03-20T20:58:47","modified_gmt":"2025-03-20T23:58:47","slug":"dicas-praticas-para-plantar-pimenta-malagueta","status":"publish","type":"post","link":"https:\/\/www.correiobraziliense.com.br\/cbradar\/dicas-praticas-para-plantar-pimenta-malagueta\/","title":{"rendered":"Dicas pr\u00e1ticas para plantar pimenta-malagueta"},"content":{"rendered":"\n<p>Plantar pimenta-malagueta pode ser uma atividade gratificante e relativamente simples. Este tipo de pimenta \u00e9 conhecido por seu sabor marcante e suas propriedades ben\u00e9ficas para a sa\u00fade. Para garantir uma colheita abundante, \u00e9 importante prestar aten\u00e7\u00e3o a fatores como solo, aduba\u00e7\u00e3o, drenagem, ilumina\u00e7\u00e3o, temperatura e poda.<\/p>\n\n\n\n<p>A pimenta-malagueta n\u00e3o s\u00f3 embeleza qualquer horta com suas cores vibrantes, mas tamb\u00e9m \u00e9 um excelente condimento culin\u00e1rio. Al\u00e9m disso, seu consumo moderado pode trazer benef\u00edcios \u00e0 sa\u00fade, como o aux\u00edlio na digest\u00e3o e o controle dos n\u00edveis de colesterol. Este artigo oferece um guia detalhado sobre como cultivar essa planta em casa.<\/p>\n\n\n\n<h2 class=\"wp-block-heading\"><strong>Quais s\u00e3o as caracter\u00edsticas da pimenta-malagueta?<\/strong><\/h2>\n\n\n\n<p>A pimenta-malagueta \u00e9 uma das especiarias mais populares no Brasil e em outros pa\u00edses como M\u00e9xico, China e \u00cdndia. Ela se destaca por sua cor vermelha intensa e formato alongado e fino. A ard\u00eancia \u00e9 uma de suas caracter\u00edsticas mais marcantes, e o tamanho pode variar de 2 a 5 cm de comprimento. O cultivo \u00e9 mais comum em regi\u00f5es de clima tropical, onde a planta encontra condi\u00e7\u00f5es ideais para se desenvolver.<\/p>\n\n\n\n<figure class=\"wp-block-image size-large\"><img decoding=\"async\" width=\"1024\" height=\"576\" src=\"https:\/\/www.correiobraziliense.com.br\/cbradar\/wp-content\/uploads\/2025\/03\/pimenta_1742513362561-1024x576.jpg\" alt=\"Dicas pr\u00e1ticas para plantar pimenta-malagueta\" class=\"wp-image-14446\" srcset=\"https:\/\/www.correiobraziliense.com.br\/cbradar\/wp-content\/uploads\/2025\/03\/pimenta_1742513362561-1024x576.jpg 1024w, https:\/\/www.correiobraziliense.com.br\/cbradar\/wp-content\/uploads\/2025\/03\/pimenta_1742513362561-300x169.jpg 300w, https:\/\/www.correiobraziliense.com.br\/cbradar\/wp-content\/uploads\/2025\/03\/pimenta_1742513362561-768x432.jpg 768w, https:\/\/www.correiobraziliense.com.br\/cbradar\/wp-content\/uploads\/2025\/03\/pimenta_1742513362561-750x422.jpg 750w, https:\/\/www.correiobraziliense.com.br\/cbradar\/wp-content\/uploads\/2025\/03\/pimenta_1742513362561-1140x641.jpg 1140w, https:\/\/www.correiobraziliense.com.br\/cbradar\/wp-content\/uploads\/2025\/03\/pimenta_1742513362561.jpg 1280w\" sizes=\"(max-width: 1024px) 100vw, 1024px\" \/><figcaption class=\"wp-element-caption\">pimenta. Cr\u00e9ditos: depositphotos.com \/ AntonMatyukha<\/figcaption><\/figure>\n\n\n\n<h2 class=\"wp-block-heading\"><strong>Quais s\u00e3o os benef\u00edcios da pimenta-malagueta para a sa\u00fade?<\/strong><\/h2>\n\n\n\n<p>Al\u00e9m de seu uso culin\u00e1rio, a pimenta-malagueta oferece diversos benef\u00edcios \u00e0 sa\u00fade. Ela \u00e9 conhecida por acelerar o processo digestivo e ajudar no controle da press\u00e3o arterial e dos n\u00edveis de colesterol. A pimenta tamb\u00e9m possui propriedades anti-inflamat\u00f3rias, podendo aliviar dores nas articula\u00e7\u00f5es e dores de cabe\u00e7a. Seu potencial antioxidante ajuda a combater os radicais livres, promovendo uma pele mais saud\u00e1vel.<\/p>\n\n\n\n<h2 class=\"wp-block-heading\"><strong>Como plantar pimenta-malagueta em vasos?<\/strong><\/h2>\n\n\n\n<p>Para plantar pimenta-malagueta em vasos, comece separando as sementes e preparando a terra. Escolha um recipiente adequado e um local que receba luz solar. Caso opte por mudas, plante-as diretamente em canteiros maiores. Para germinar as sementes, fa\u00e7a um buraco de 4 a 5 cm no solo e coloque tr\u00eas sementes. Cubra com terra e regue moderadamente. Inicialmente, mantenha a planta fora do sol direto.<\/p>\n\n\n\n<h2 class=\"wp-block-heading\"><strong>Como realizar o transplante da pimenta-malagueta?<\/strong><\/h2>\n\n\n\n<p>Ap\u00f3s a germina\u00e7\u00e3o, quando a muda tiver tr\u00eas ou quatro folhas, \u00e9 hora de transferi-la para um vaso maior. Fa\u00e7a isso com cuidado para n\u00e3o danificar as ra\u00edzes, preferencialmente com o solo seco. Ap\u00f3s o transplante, regue bem e coloque a planta no sol apenas no dia seguinte. \u00c9 importante monitorar o pH do solo para evitar estresse na planta.<\/p>\n\n\n\n<h2 class=\"wp-block-heading\"><strong>Como plantar pimenta-malagueta em canteiros?<\/strong><\/h2>\n\n\n\n<p>Para plantar em canteiros, as mudas devem ser espa\u00e7adas a 60 cm umas das outras para garantir uma boa exposi\u00e7\u00e3o ao sol. Se preferir usar sementes, o processo \u00e9 semelhante ao cultivo em vasos. Para evitar que a planta tombe, amarre um suporte de bambu ou madeira ao caule. A pimenta-malagueta se desenvolve melhor em climas quentes, com pelo menos quatro horas de sol direto por dia.<\/p>\n\n\n\n<h2 class=\"wp-block-heading\"><strong>Quais s\u00e3o os cuidados com o solo e a irriga\u00e7\u00e3o?<\/strong><\/h2>\n\n\n\n<p>O solo ideal para a pimenta-malagueta deve ser \u00e1cido, rico e f\u00e9rtil. Utilize substrato e esterco para garantir a qualidade do solo e n\u00e3o se esque\u00e7a de fazer uma boa drenagem para evitar o apodrecimento das ra\u00edzes. A irriga\u00e7\u00e3o deve ser constante, mas sem exageros. Verifique a umidade do solo regularmente para ajustar a quantidade de \u00e1gua.<\/p>\n\n\n\n<h2 class=\"wp-block-heading\"><strong>Como e quando realizar a poda e a colheita?<\/strong><\/h2>\n\n\n\n<p>A poda deve ser feita pelo menos uma vez por ano com uma tesoura adequada, garantindo um crescimento saud\u00e1vel e pimentas de qualidade. A colheita geralmente ocorre ap\u00f3s tr\u00eas meses de cultivo. Retire os frutos com cuidado para n\u00e3o danificar a planta e utilize luvas de prote\u00e7\u00e3o durante o processo.<\/p>\n\n\n\n<h2 class=\"wp-block-heading\"><strong>Como fazer conserva de pimenta-malagueta?<\/strong><\/h2>\n\n\n\n<p>Fazer conserva de pimenta-malagueta \u00e9 simples e pode ser feito com poucos ingredientes, como sal e azeite. Outras receitas incluem vinagre, alho, cebola e sementes de mostarda. \u00c9 essencial esterilizar o vidro onde a conserva ser\u00e1 armazenada para garantir a seguran\u00e7a alimentar.<\/p>\n","protected":false},"excerpt":{"rendered":"<p>Aprenda a plantar pimenta-malagueta em vasos ou canteiros, desde a germina\u00e7\u00e3o at\u00e9 a colheita. Dicas de cuidado, poda e sa\u00fade, al\u00e9m de uma receita f\u00e1cil para conserva caseira.<\/p>\n","protected":false},"author":3,"featured_media":14445,"comment_status":"open","ping_status":"open","sticky":false,"template":"","format":"standard","meta":{"_yoast_wpseo_focuskw":"plantar pimenta-malagueta","_yoast_wpseo_title":"%%title%%","_yoast_wpseo_metadesc":"Aprenda a plantar pimenta-malagueta em vasos ou canteiros, desde a germina\u00e7\u00e3o at\u00e9 a colheita. Dicas de cuidado, poda e sa\u00fade, al\u00e9m de uma receita f\u00e1cil para conserva caseira.","jnews-multi-image_gallery":[],"jnews_single_post":{"format":"standard"},"jnews_primary_category":[],"jnews_social_meta":[],"jnews_override_counter":[],"footnotes":""},"categories":[136],"post_tag":[137,636],"class_list":["post-14444","post","type-post","status-publish","format-standard","has-post-thumbnail","hentry","category-jardinagem","tag-como-plantar","tag-pimenta"],"yoast_head":"<!-- This site is optimized with the Yoast SEO plugin v24.6 - https:\/\/yoast.com\/wordpress\/plugins\/seo\/ -->\n<title>Dicas pr\u00e1ticas para plantar pimenta-malagueta<\/title>\n<meta name=\"description\" content=\"Aprenda a plantar pimenta-malagueta em vasos ou canteiros, desde a germina\u00e7\u00e3o at\u00e9 a colheita. Dicas de cuidado, poda e sa\u00fade, al\u00e9m de uma receita f\u00e1cil para conserva caseira.\" \/>\n<meta name=\"robots\" content=\"index, follow, max-snippet:-1, max-image-preview:large, max-video-preview:-1\" \/>\n<link rel=\"canonical\" href=\"https:\/\/www.correiobraziliense.com.br\/cbradar\/dicas-praticas-para-plantar-pimenta-malagueta\/\" \/>\n<meta property=\"og:locale\" content=\"pt_BR\" \/>\n<meta property=\"og:type\" content=\"article\" \/>\n<meta property=\"og:title\" content=\"Dicas pr\u00e1ticas para plantar pimenta-malagueta\" \/>\n<meta property=\"og:description\" content=\"Aprenda a plantar pimenta-malagueta em vasos ou canteiros, desde a germina\u00e7\u00e3o at\u00e9 a colheita. Dicas de cuidado, poda e sa\u00fade, al\u00e9m de uma receita f\u00e1cil para conserva caseira.\" \/>\n<meta property=\"og:url\" content=\"https:\/\/www.correiobraziliense.com.br\/cbradar\/dicas-praticas-para-plantar-pimenta-malagueta\/\" \/>\n<meta property=\"og:site_name\" content=\"Correio Braziliense - Radar\" \/>\n<meta property=\"article:published_time\" content=\"2025-03-24T11:10:00+00:00\" \/>\n<meta property=\"og:image\" content=\"https:\/\/www.correiobraziliense.com.br\/cbradar\/wp-content\/uploads\/2025\/03\/pimenta_1742513328639.jpg\" \/>\n\t<meta property=\"og:image:width\" content=\"1280\" \/>\n\t<meta property=\"og:image:height\" content=\"720\" \/>\n\t<meta property=\"og:image:type\" content=\"image\/jpeg\" \/>\n<meta name=\"author\" content=\"Larissa Carvalho\" \/>\n<meta name=\"twitter:card\" content=\"summary_large_image\" \/>\n<meta name=\"twitter:label1\" content=\"Escrito por\" \/>\n\t<meta name=\"twitter:data1\" content=\"Larissa Carvalho\" \/>\n\t<meta name=\"twitter:label2\" content=\"Est. tempo de leitura\" \/>\n\t<meta name=\"twitter:data2\" content=\"4 minutos\" \/>\n<!-- \/ Yoast SEO plugin. -->","yoast_head_json":{"title":"Dicas pr\u00e1ticas para plantar pimenta-malagueta","description":"Aprenda a plantar pimenta-malagueta em vasos ou canteiros, desde a germina\u00e7\u00e3o at\u00e9 a colheita. Dicas de cuidado, poda e sa\u00fade, al\u00e9m de uma receita f\u00e1cil para conserva caseira.","robots":{"index":"index","follow":"follow","max-snippet":"max-snippet:-1","max-image-preview":"max-image-preview:large","max-video-preview":"max-video-preview:-1"},"canonical":"https:\/\/www.correiobraziliense.com.br\/cbradar\/dicas-praticas-para-plantar-pimenta-malagueta\/","og_locale":"pt_BR","og_type":"article","og_title":"Dicas pr\u00e1ticas para plantar pimenta-malagueta","og_description":"Aprenda a plantar pimenta-malagueta em vasos ou canteiros, desde a germina\u00e7\u00e3o at\u00e9 a colheita. Dicas de cuidado, poda e sa\u00fade, al\u00e9m de uma receita f\u00e1cil para conserva caseira.","og_url":"https:\/\/www.correiobraziliense.com.br\/cbradar\/dicas-praticas-para-plantar-pimenta-malagueta\/","og_site_name":"Correio Braziliense - Radar","article_published_time":"2025-03-24T11:10:00+00:00","og_image":[{"width":1280,"height":720,"url":"https:\/\/www.correiobraziliense.com.br\/cbradar\/wp-content\/uploads\/2025\/03\/pimenta_1742513328639.jpg","type":"image\/jpeg"}],"author":"Larissa Carvalho","twitter_card":"summary_large_image","twitter_misc":{"Escrito por":"Larissa Carvalho","Est. tempo de leitura":"4 minutos"},"schema":{"@context":"https:\/\/schema.org","@graph":[{"@type":"WebPage","@id":"https:\/\/www.correiobraziliense.com.br\/cbradar\/dicas-praticas-para-plantar-pimenta-malagueta\/","url":"https:\/\/www.correiobraziliense.com.br\/cbradar\/dicas-praticas-para-plantar-pimenta-malagueta\/","name":"Dicas pr\u00e1ticas para plantar pimenta-malagueta","isPartOf":{"@id":"https:\/\/www.correiobraziliense.com.br\/cbradar\/#website"},"primaryImageOfPage":{"@id":"https:\/\/www.correiobraziliense.com.br\/cbradar\/dicas-praticas-para-plantar-pimenta-malagueta\/#primaryimage"},"image":{"@id":"https:\/\/www.correiobraziliense.com.br\/cbradar\/dicas-praticas-para-plantar-pimenta-malagueta\/#primaryimage"},"thumbnailUrl":"https:\/\/www.correiobraziliense.com.br\/cbradar\/wp-content\/uploads\/2025\/03\/pimenta_1742513328639.jpg","datePublished":"2025-03-24T11:10:00+00:00","author":{"@id":"https:\/\/www.correiobraziliense.com.br\/cbradar\/#\/schema\/person\/58422787644df994b53a19d3e56c1513"},"description":"Aprenda a plantar pimenta-malagueta em vasos ou canteiros, desde a germina\u00e7\u00e3o at\u00e9 a colheita. Dicas de cuidado, poda e sa\u00fade, al\u00e9m de uma receita f\u00e1cil para conserva caseira.","breadcrumb":{"@id":"https:\/\/www.correiobraziliense.com.br\/cbradar\/dicas-praticas-para-plantar-pimenta-malagueta\/#breadcrumb"},"inLanguage":"pt-BR","potentialAction":[{"@type":"ReadAction","target":["https:\/\/www.correiobraziliense.com.br\/cbradar\/dicas-praticas-para-plantar-pimenta-malagueta\/"]}]},{"@type":"ImageObject","inLanguage":"pt-BR","@id":"https:\/\/www.correiobraziliense.com.br\/cbradar\/dicas-praticas-para-plantar-pimenta-malagueta\/#primaryimage","url":"https:\/\/www.correiobraziliense.com.br\/cbradar\/wp-content\/uploads\/2025\/03\/pimenta_1742513328639.jpg","contentUrl":"https:\/\/www.correiobraziliense.com.br\/cbradar\/wp-content\/uploads\/2025\/03\/pimenta_1742513328639.jpg","width":1280,"height":720,"caption":"pimenta. Cr\u00e9ditos: depositphotos.com \/ labrador"},{"@type":"BreadcrumbList","@id":"https:\/\/www.correiobraziliense.com.br\/cbradar\/dicas-praticas-para-plantar-pimenta-malagueta\/#breadcrumb","itemListElement":[{"@type":"ListItem","position":1,"name":"In\u00edcio","item":"https:\/\/www.correiobraziliense.com.br\/cbradar\/"},{"@type":"ListItem","position":2,"name":"Dicas pr\u00e1ticas para plantar pimenta-malagueta"}]},{"@type":"WebSite","@id":"https:\/\/www.correiobraziliense.com.br\/cbradar\/#website","url":"https:\/\/www.correiobraziliense.com.br\/cbradar\/","name":"Correio Braziliense - Radar","description":"Acompanhe as \u00faltimas not\u00edcias e fique bem informado sobre tudo o que acontece no Brasil e no mundo.","potentialAction":[{"@type":"SearchAction","target":{"@type":"EntryPoint","urlTemplate":"https:\/\/www.correiobraziliense.com.br\/cbradar\/?s={search_term_string}"},"query-input":{"@type":"PropertyValueSpecification","valueRequired":true,"valueName":"search_term_string"}}],"inLanguage":"pt-BR"},{"@type":"Person","@id":"https:\/\/www.correiobraziliense.com.br\/cbradar\/#\/schema\/person\/58422787644df994b53a19d3e56c1513","name":"Larissa Carvalho","image":{"@type":"ImageObject","inLanguage":"pt-BR","@id":"https:\/\/www.correiobraziliense.com.br\/cbradar\/#\/schema\/person\/image\/","url":"https:\/\/secure.gravatar.com\/avatar\/fe4f91a0de32b52a838d0d612abdc1aa?s=96&d=mm&r=g","contentUrl":"https:\/\/secure.gravatar.com\/avatar\/fe4f91a0de32b52a838d0d612abdc1aa?s=96&d=mm&r=g","caption":"Larissa Carvalho"},"url":"https:\/\/www.correiobraziliense.com.br\/cbradar\/author\/larissamyth\/"}]}},"_links":{"self":[{"href":"https:\/\/www.correiobraziliense.com.br\/cbradar\/wp-json\/wp\/v2\/posts\/14444","targetHints":{"allow":["GET"]}}],"collection":[{"href":"https:\/\/www.correiobraziliense.com.br\/cbradar\/wp-json\/wp\/v2\/posts"}],"about":[{"href":"https:\/\/www.correiobraziliense.com.br\/cbradar\/wp-json\/wp\/v2\/types\/post"}],"author":[{"embeddable":true,"href":"https:\/\/www.correiobraziliense.com.br\/cbradar\/wp-json\/wp\/v2\/users\/3"}],"replies":[{"embeddable":true,"href":"https:\/\/www.correiobraziliense.com.br\/cbradar\/wp-json\/wp\/v2\/comments?post=14444"}],"version-history":[{"count":1,"href":"https:\/\/www.correiobraziliense.com.br\/cbradar\/wp-json\/wp\/v2\/posts\/14444\/revisions"}],"predecessor-version":[{"id":14447,"href":"https:\/\/www.correiobraziliense.com.br\/cbradar\/wp-json\/wp\/v2\/posts\/14444\/revisions\/14447"}],"wp:featuredmedia":[{"embeddable":true,"href":"https:\/\/www.correiobraziliense.com.br\/cbradar\/wp-json\/wp\/v2\/media\/14445"}],"wp:attachment":[{"href":"https:\/\/www.correiobraziliense.com.br\/cbradar\/wp-json\/wp\/v2\/media?parent=14444"}],"wp:term":[{"taxonomy":"category","embeddable":true,"href":"https:\/\/www.correiobraziliense.com.br\/cbradar\/wp-json\/wp\/v2\/categories?post=14444"},{"taxonomy":"post_tag","embeddable":true,"href":"https:\/\/www.correiobraziliense.com.br\/cbradar\/wp-json\/wp\/v2\/post_tag?post=14444"}],"curies":[{"name":"wp","href":"https:\/\/api.w.org\/{rel}","templated":true}]}}