{"id":144599,"date":"2025-11-26T08:05:01","date_gmt":"2025-11-26T11:05:01","guid":{"rendered":"https:\/\/www.correiobraziliense.com.br\/cbradar\/?p=144599"},"modified":"2025-11-25T09:49:13","modified_gmt":"2025-11-25T12:49:13","slug":"a-fruta-que-combate-o-desconforto-intestinal-e-cresce-ate-em-pequenos-espacos","status":"publish","type":"post","link":"https:\/\/www.correiobraziliense.com.br\/cbradar\/a-fruta-que-combate-o-desconforto-intestinal-e-cresce-ate-em-pequenos-espacos\/","title":{"rendered":"A fruta que combate o desconforto intestinal e cresce at\u00e9 em pequenos espa\u00e7os"},"content":{"rendered":"\n<p>O <strong>figo<\/strong>, fruta conhecida por seu sabor doce e textura macia, \u00e9 tamb\u00e9m uma excelente aliada para a sa\u00fade intestinal, gra\u00e7as ao seu alto teor de <strong>fibras<\/strong> e presen\u00e7a de <strong>vitaminas<\/strong> e minerais importantes para o organismo.<\/p>\n\n\n\n<h2 class=\"wp-block-heading\">Como o consumo de figos pode melhorar a sa\u00fade intestinal<\/h2>\n\n\n\n<p>O figo possui fibras <strong>sol\u00faveis<\/strong> e <strong>insol\u00faveis<\/strong>, que auxiliam tanto na digest\u00e3o quanto no tr\u00e2nsito intestinal. Comer <strong>figos<\/strong> regularmente contribui para evitar a constipa\u00e7\u00e3o e promove uma flora intestinal equilibrada, beneficiando o sistema digestivo como um todo.<\/p>\n\n\n\n<p>Al\u00e9m de suas fibras, o figo cont\u00e9m componentes <strong>antioxidantes<\/strong> e minerais como c\u00e1lcio, pot\u00e1ssio e magn\u00e9sio, essenciais para diversas fun\u00e7\u00f5es do corpo, incluindo o funcionamento do intestino e do sistema <strong>imunol\u00f3gico<\/strong>.<\/p>\n\n\n<div class=\"wp-block-image\">\n<figure class=\"aligncenter size-large\"><img decoding=\"async\" width=\"1024\" height=\"576\" src=\"https:\/\/www.correiobraziliense.com.br\/cbradar\/wp-content\/uploads\/2025\/08\/figo_1754603801418-1024x576.jpg\" alt=\"\" class=\"wp-image-82811\" srcset=\"https:\/\/www.correiobraziliense.com.br\/cbradar\/wp-content\/uploads\/2025\/08\/figo_1754603801418-1024x576.jpg 1024w, https:\/\/www.correiobraziliense.com.br\/cbradar\/wp-content\/uploads\/2025\/08\/figo_1754603801418-300x169.jpg 300w, https:\/\/www.correiobraziliense.com.br\/cbradar\/wp-content\/uploads\/2025\/08\/figo_1754603801418-768x432.jpg 768w, https:\/\/www.correiobraziliense.com.br\/cbradar\/wp-content\/uploads\/2025\/08\/figo_1754603801418-750x422.jpg 750w, https:\/\/www.correiobraziliense.com.br\/cbradar\/wp-content\/uploads\/2025\/08\/figo_1754603801418-1140x642.jpg 1140w, https:\/\/www.correiobraziliense.com.br\/cbradar\/wp-content\/uploads\/2025\/08\/figo_1754603801418.jpg 1279w\" sizes=\"(max-width: 1024px) 100vw, 1024px\" \/><figcaption class=\"wp-element-caption\">O figo possui fibras sol\u00faveis e insol\u00faveis, que auxiliam tanto na digest\u00e3o quanto no tr\u00e2nsito intestinal &#8211; Cr\u00e9ditos: depositphotos.com \/ Joeblack<\/figcaption><\/figure><\/div>\n\n\n<p>Leia tamb\u00e9m:&nbsp;<a href=\"https:\/\/www.correiobraziliense.com.br\/cbradar\/como-plantar-berinjela-no-vaso-e-evitar-os-erros-que-travam-o-crescimento\/\" target=\"_blank\" rel=\"noopener\">Como plantar berinjela no vaso e evitar os erros que travam o crescimento<\/a><\/p>\n\n\n\n<h2 class=\"wp-block-heading\">Benef\u00edcios do figo para o intestino e preven\u00e7\u00e3o de doen\u00e7as digestivas<\/h2>\n\n\n\n<p>Com a incorpora\u00e7\u00e3o do <strong>figo<\/strong> na alimenta\u00e7\u00e3o, \u00e9 poss\u00edvel <a href=\"https:\/\/www.tuasaude.com\/figo\/\" target=\"_blank\" rel=\"noreferrer noopener\">obter vantagens importantes <\/a>para o intestino, principalmente relacionadas ao bom funcionamento do trato digestivo e \u00e0 preven\u00e7\u00e3o de doen\u00e7as intestinais. Os efeitos das <strong>fibras<\/strong> desta fruta s\u00e3o amplamente reconhecidos pela ci\u00eancia e estudos recentes sugerem tamb\u00e9m que o consumo da fruta auxilia na redu\u00e7\u00e3o do risco de c\u00e2ncer colorretal.<\/p>\n\n\n\n<p>Confira alguns benef\u00edcios comprovados do consumo regular de figos:<\/p>\n\n\n\n<ul class=\"wp-block-list\">\n<li><strong>Regula\u00e7\u00e3o<\/strong> do tr\u00e2nsito intestinal: Melhora a frequ\u00eancia e a consist\u00eancia das evacua\u00e7\u00f5es.<\/li>\n\n\n\n<li><strong>Preven\u00e7\u00e3o<\/strong> de doen\u00e7as intestinais: Colabora na preven\u00e7\u00e3o de <strong>diverticulite<\/strong> e s\u00edndrome do intestino irrit\u00e1vel.<\/li>\n\n\n\n<li><strong>Promo\u00e7\u00e3o<\/strong> da flora intestinal saud\u00e1vel: Auxilia no equil\u00edbrio da microbiota intestinal, importante para digest\u00e3o e <strong>imunidade<\/strong>.<\/li>\n<\/ul>\n\n\n\n<h2 class=\"wp-block-heading\">Como cultivar figos em um vaso grande pode ser vantajoso<\/h2>\n\n\n\n<p>Ter uma <strong>figueira<\/strong> em vaso grande \u00e9 uma op\u00e7\u00e3o pr\u00e1tica para quem possui espa\u00e7o reduzido ou deseja manter o cultivo sob maior controle. Essa alternativa facilita tanto o <strong>manejo<\/strong> da planta quanto a prote\u00e7\u00e3o contra pragas e condi\u00e7\u00f5es clim\u00e1ticas adversas.<\/p>\n\n\n\n<p>O cultivo em recipientes permite a movimenta\u00e7\u00e3o do vaso para locais de melhor <strong>ilumina\u00e7\u00e3o<\/strong>, al\u00e9m de tornar a colheita dos frutos mais acess\u00edvel e <strong>fresca<\/strong>. Confira o v\u00eddeo a seguir do canal <a href=\"https:\/\/www.youtube.com\/@Cantinhodecasa\" target=\"_blank\" rel=\"noreferrer noopener\">Cantinho de casa<\/a> ensinando a plantar figo no vaso:<\/p>\n\n\n\n<figure class=\"wp-block-embed is-type-video is-provider-youtube wp-block-embed-youtube wp-embed-aspect-16-9 wp-has-aspect-ratio\"><div class=\"wp-block-embed__wrapper\">\n<div class=\"jeg_video_container jeg_video_content\"><iframe loading=\"lazy\" title=\"Como cultivar figo em vaso 20 litros em casa\" width=\"500\" height=\"281\" src=\"https:\/\/www.youtube.com\/embed\/o-jyOTKYCAc?feature=oembed\" frameborder=\"0\" allow=\"accelerometer; autoplay; clipboard-write; encrypted-media; gyroscope; picture-in-picture; web-share\" referrerpolicy=\"strict-origin-when-cross-origin\" allowfullscreen><\/iframe><\/div>\n<\/div><\/figure>\n\n\n\n<h2 class=\"wp-block-heading\">Quais etapas seguir para plantar figos em vasos grandes corretamente<\/h2>\n\n\n\n<p>Para garantir o crescimento saud\u00e1vel da <strong>figueira<\/strong> em vaso, \u00e9 importante seguir algumas etapas fundamentais, desde a escolha do recipiente at\u00e9 os cuidados regulares com <strong>irriga\u00e7\u00e3o<\/strong> e poda. Cada passo contribui diretamente para a <strong>frutifica\u00e7\u00e3o<\/strong> e longevidade da planta.<\/p>\n\n\n\n<p>Veja um resumo pr\u00e1tico das etapas para o cultivo bem-sucedido:<\/p>\n\n\n\n<ol class=\"wp-block-list\">\n<li><strong>Escolher<\/strong> um vaso grande: M\u00ednimo de 40 litros de capacidade para abrigar as ra\u00edzes.<\/li>\n\n\n\n<li><strong>Preparar<\/strong> um solo rico: Use terra adubada e substrato de boa drenagem.<\/li>\n\n\n\n<li><strong>Plantar<\/strong> a muda: Centralize no vaso e cubra as ra\u00edzes com o substrato, prendendo firmemente.<\/li>\n\n\n\n<li><strong>Irriga\u00e7\u00e3o<\/strong> e localiza\u00e7\u00e3o adequada: Regue ap\u00f3s plantar e coloque o vaso em local ensolarado.<\/li>\n\n\n\n<li><strong>Poda<\/strong> e manuten\u00e7\u00e3o regular: Fa\u00e7a podas para estimular crescimento e controlar o formato.<\/li>\n<\/ol>\n\n\n\n<p>Optar pelo cultivo do <strong>figo<\/strong> em vaso proporciona colheitas <strong>frescas<\/strong> e saud\u00e1veis, valorizando ainda mais seus benef\u00edcios naturais e permitindo que qualquer pessoa desfrute dos frutos diretamente em <strong>casa<\/strong>.<\/p>\n","protected":false},"excerpt":{"rendered":"<p>O figo, fruta conhecida por seu sabor doce e textura macia, \u00e9 tamb\u00e9m uma excelente aliada para a sa\u00fade intestinal, gra\u00e7as ao seu alto teor de fibras e presen\u00e7a de vitaminas e minerais importantes para o organismo. Como o consumo de figos pode melhorar a sa\u00fade intestinal O figo possui fibras sol\u00faveis e insol\u00faveis, que [&hellip;]<\/p>\n","protected":false},"author":9,"featured_media":144787,"comment_status":"open","ping_status":"open","sticky":false,"template":"","format":"standard","meta":{"_yoast_wpseo_focuskw":"figo","_yoast_wpseo_title":"","_yoast_wpseo_metadesc":"Essa fruta melhora a digest\u00e3o, fortalece o intestino e pode ser cultivado em vasos grandes com praticidade e \u00f3timos resultados.","jnews-multi-image_gallery":[],"jnews_single_post":{"format":"standard"},"jnews_primary_category":[],"jnews_social_meta":[],"jnews_override_counter":[],"footnotes":""},"categories":[136],"post_tag":[194,1610,11968],"class_list":["post-144599","post","type-post","status-publish","format-standard","has-post-thumbnail","hentry","category-jardinagem","tag-beneficios","tag-figo","tag-plantar-figo"],"yoast_head":"<!-- This site is optimized with the Yoast SEO plugin v24.6 - https:\/\/yoast.com\/wordpress\/plugins\/seo\/ -->\n<title>A fruta que combate o desconforto intestinal e cresce at\u00e9 em pequenos espa\u00e7os - Correio Braziliense - Radar<\/title>\n<meta name=\"description\" content=\"Essa fruta melhora a digest\u00e3o, fortalece o intestino e pode ser cultivado em vasos grandes com praticidade e \u00f3timos resultados.\" \/>\n<meta name=\"robots\" content=\"index, follow, max-snippet:-1, max-image-preview:large, max-video-preview:-1\" \/>\n<link rel=\"canonical\" href=\"https:\/\/www.correiobraziliense.com.br\/cbradar\/a-fruta-que-combate-o-desconforto-intestinal-e-cresce-ate-em-pequenos-espacos\/\" \/>\n<meta property=\"og:locale\" content=\"pt_BR\" \/>\n<meta property=\"og:type\" content=\"article\" \/>\n<meta property=\"og:title\" content=\"A fruta que combate o desconforto intestinal e cresce at\u00e9 em pequenos espa\u00e7os - Correio Braziliense - Radar\" \/>\n<meta property=\"og:description\" content=\"Essa fruta melhora a digest\u00e3o, fortalece o intestino e pode ser cultivado em vasos grandes com praticidade e \u00f3timos resultados.\" \/>\n<meta property=\"og:url\" content=\"https:\/\/www.correiobraziliense.com.br\/cbradar\/a-fruta-que-combate-o-desconforto-intestinal-e-cresce-ate-em-pequenos-espacos\/\" \/>\n<meta property=\"og:site_name\" content=\"Correio Braziliense - Radar\" \/>\n<meta property=\"article:published_time\" content=\"2025-11-26T11:05:01+00:00\" \/>\n<meta property=\"og:image\" content=\"https:\/\/www.correiobraziliense.com.br\/cbradar\/wp-content\/uploads\/2025\/11\/freepik__cena-simblica-com-um-figo-aberto-no-centro-mostran__31329.jpeg\" \/>\n\t<meta property=\"og:image:width\" content=\"1280\" \/>\n\t<meta property=\"og:image:height\" content=\"720\" \/>\n\t<meta property=\"og:image:type\" content=\"image\/jpeg\" \/>\n<meta name=\"author\" content=\"Daniely Cardoso\" \/>\n<meta name=\"twitter:card\" content=\"summary_large_image\" \/>\n<meta name=\"twitter:label1\" content=\"Escrito por\" \/>\n\t<meta name=\"twitter:data1\" content=\"Daniely Cardoso\" \/>\n\t<meta name=\"twitter:label2\" content=\"Est. tempo de leitura\" \/>\n\t<meta name=\"twitter:data2\" content=\"4 minutos\" \/>\n<!-- \/ Yoast SEO plugin. -->","yoast_head_json":{"title":"A fruta que combate o desconforto intestinal e cresce at\u00e9 em pequenos espa\u00e7os - Correio Braziliense - Radar","description":"Essa fruta melhora a digest\u00e3o, fortalece o intestino e pode ser cultivado em vasos grandes com praticidade e \u00f3timos resultados.","robots":{"index":"index","follow":"follow","max-snippet":"max-snippet:-1","max-image-preview":"max-image-preview:large","max-video-preview":"max-video-preview:-1"},"canonical":"https:\/\/www.correiobraziliense.com.br\/cbradar\/a-fruta-que-combate-o-desconforto-intestinal-e-cresce-ate-em-pequenos-espacos\/","og_locale":"pt_BR","og_type":"article","og_title":"A fruta que combate o desconforto intestinal e cresce at\u00e9 em pequenos espa\u00e7os - Correio Braziliense - Radar","og_description":"Essa fruta melhora a digest\u00e3o, fortalece o intestino e pode ser cultivado em vasos grandes com praticidade e \u00f3timos resultados.","og_url":"https:\/\/www.correiobraziliense.com.br\/cbradar\/a-fruta-que-combate-o-desconforto-intestinal-e-cresce-ate-em-pequenos-espacos\/","og_site_name":"Correio Braziliense - Radar","article_published_time":"2025-11-26T11:05:01+00:00","og_image":[{"width":1280,"height":720,"url":"https:\/\/www.correiobraziliense.com.br\/cbradar\/wp-content\/uploads\/2025\/11\/freepik__cena-simblica-com-um-figo-aberto-no-centro-mostran__31329.jpeg","type":"image\/jpeg"}],"author":"Daniely Cardoso","twitter_card":"summary_large_image","twitter_misc":{"Escrito por":"Daniely Cardoso","Est. tempo de leitura":"4 minutos"},"schema":{"@context":"https:\/\/schema.org","@graph":[{"@type":"WebPage","@id":"https:\/\/www.correiobraziliense.com.br\/cbradar\/a-fruta-que-combate-o-desconforto-intestinal-e-cresce-ate-em-pequenos-espacos\/","url":"https:\/\/www.correiobraziliense.com.br\/cbradar\/a-fruta-que-combate-o-desconforto-intestinal-e-cresce-ate-em-pequenos-espacos\/","name":"A fruta que combate o desconforto intestinal e cresce at\u00e9 em pequenos espa\u00e7os - Correio Braziliense - Radar","isPartOf":{"@id":"https:\/\/www.correiobraziliense.com.br\/cbradar\/#website"},"primaryImageOfPage":{"@id":"https:\/\/www.correiobraziliense.com.br\/cbradar\/a-fruta-que-combate-o-desconforto-intestinal-e-cresce-ate-em-pequenos-espacos\/#primaryimage"},"image":{"@id":"https:\/\/www.correiobraziliense.com.br\/cbradar\/a-fruta-que-combate-o-desconforto-intestinal-e-cresce-ate-em-pequenos-espacos\/#primaryimage"},"thumbnailUrl":"https:\/\/www.correiobraziliense.com.br\/cbradar\/wp-content\/uploads\/2025\/11\/freepik__cena-simblica-com-um-figo-aberto-no-centro-mostran__31329.jpeg","datePublished":"2025-11-26T11:05:01+00:00","author":{"@id":"https:\/\/www.correiobraziliense.com.br\/cbradar\/#\/schema\/person\/7356666e12ec0ee53f348ee5db227032"},"description":"Essa fruta melhora a digest\u00e3o, fortalece o intestino e pode ser cultivado em vasos grandes com praticidade e \u00f3timos resultados.","breadcrumb":{"@id":"https:\/\/www.correiobraziliense.com.br\/cbradar\/a-fruta-que-combate-o-desconforto-intestinal-e-cresce-ate-em-pequenos-espacos\/#breadcrumb"},"inLanguage":"pt-BR","potentialAction":[{"@type":"ReadAction","target":["https:\/\/www.correiobraziliense.com.br\/cbradar\/a-fruta-que-combate-o-desconforto-intestinal-e-cresce-ate-em-pequenos-espacos\/"]}]},{"@type":"ImageObject","inLanguage":"pt-BR","@id":"https:\/\/www.correiobraziliense.com.br\/cbradar\/a-fruta-que-combate-o-desconforto-intestinal-e-cresce-ate-em-pequenos-espacos\/#primaryimage","url":"https:\/\/www.correiobraziliense.com.br\/cbradar\/wp-content\/uploads\/2025\/11\/freepik__cena-simblica-com-um-figo-aberto-no-centro-mostran__31329.jpeg","contentUrl":"https:\/\/www.correiobraziliense.com.br\/cbradar\/wp-content\/uploads\/2025\/11\/freepik__cena-simblica-com-um-figo-aberto-no-centro-mostran__31329.jpeg","width":1280,"height":720,"caption":"O figo contribui para a sa\u00fade intestinal"},{"@type":"BreadcrumbList","@id":"https:\/\/www.correiobraziliense.com.br\/cbradar\/a-fruta-que-combate-o-desconforto-intestinal-e-cresce-ate-em-pequenos-espacos\/#breadcrumb","itemListElement":[{"@type":"ListItem","position":1,"name":"In\u00edcio","item":"https:\/\/www.correiobraziliense.com.br\/cbradar\/"},{"@type":"ListItem","position":2,"name":"A fruta que combate o desconforto intestinal e cresce at\u00e9 em pequenos espa\u00e7os"}]},{"@type":"WebSite","@id":"https:\/\/www.correiobraziliense.com.br\/cbradar\/#website","url":"https:\/\/www.correiobraziliense.com.br\/cbradar\/","name":"Correio Braziliense - Radar","description":"Acompanhe as \u00faltimas not\u00edcias e fique bem informado sobre tudo o que acontece no Brasil e no mundo.","potentialAction":[{"@type":"SearchAction","target":{"@type":"EntryPoint","urlTemplate":"https:\/\/www.correiobraziliense.com.br\/cbradar\/?s={search_term_string}"},"query-input":{"@type":"PropertyValueSpecification","valueRequired":true,"valueName":"search_term_string"}}],"inLanguage":"pt-BR"},{"@type":"Person","@id":"https:\/\/www.correiobraziliense.com.br\/cbradar\/#\/schema\/person\/7356666e12ec0ee53f348ee5db227032","name":"Daniely Cardoso","image":{"@type":"ImageObject","inLanguage":"pt-BR","@id":"https:\/\/www.correiobraziliense.com.br\/cbradar\/#\/schema\/person\/image\/","url":"https:\/\/secure.gravatar.com\/avatar\/4b80ddbd124d1f071b626d52d62e5dff?s=96&d=mm&r=g","contentUrl":"https:\/\/secure.gravatar.com\/avatar\/4b80ddbd124d1f071b626d52d62e5dff?s=96&d=mm&r=g","caption":"Daniely Cardoso"},"description":"Redatora nos portais CB Radar e EM Foco, formada pela Universidade Federal de Goi\u00e1s, em Goi\u00e2nia. Apaixonada por comunica\u00e7\u00e3o, arte, decora\u00e7\u00e3o e tend\u00eancias, atuo na produ\u00e7\u00e3o de conte\u00fados envolventes sobre curiosidades, moda, beleza e paisagismo, sempre com um olhar atento \u00e0s novidades do momento.","sameAs":["https:\/\/www.correiobraziliense.com.br\/cbradar"],"url":"https:\/\/www.correiobraziliense.com.br\/cbradar\/author\/danielymyth\/"}]}},"_links":{"self":[{"href":"https:\/\/www.correiobraziliense.com.br\/cbradar\/wp-json\/wp\/v2\/posts\/144599","targetHints":{"allow":["GET"]}}],"collection":[{"href":"https:\/\/www.correiobraziliense.com.br\/cbradar\/wp-json\/wp\/v2\/posts"}],"about":[{"href":"https:\/\/www.correiobraziliense.com.br\/cbradar\/wp-json\/wp\/v2\/types\/post"}],"author":[{"embeddable":true,"href":"https:\/\/www.correiobraziliense.com.br\/cbradar\/wp-json\/wp\/v2\/users\/9"}],"replies":[{"embeddable":true,"href":"https:\/\/www.correiobraziliense.com.br\/cbradar\/wp-json\/wp\/v2\/comments?post=144599"}],"version-history":[{"count":3,"href":"https:\/\/www.correiobraziliense.com.br\/cbradar\/wp-json\/wp\/v2\/posts\/144599\/revisions"}],"predecessor-version":[{"id":144612,"href":"https:\/\/www.correiobraziliense.com.br\/cbradar\/wp-json\/wp\/v2\/posts\/144599\/revisions\/144612"}],"wp:featuredmedia":[{"embeddable":true,"href":"https:\/\/www.correiobraziliense.com.br\/cbradar\/wp-json\/wp\/v2\/media\/144787"}],"wp:attachment":[{"href":"https:\/\/www.correiobraziliense.com.br\/cbradar\/wp-json\/wp\/v2\/media?parent=144599"}],"wp:term":[{"taxonomy":"category","embeddable":true,"href":"https:\/\/www.correiobraziliense.com.br\/cbradar\/wp-json\/wp\/v2\/categories?post=144599"},{"taxonomy":"post_tag","embeddable":true,"href":"https:\/\/www.correiobraziliense.com.br\/cbradar\/wp-json\/wp\/v2\/post_tag?post=144599"}],"curies":[{"name":"wp","href":"https:\/\/api.w.org\/{rel}","templated":true}]}}