{"id":14480,"date":"2025-03-24T20:30:00","date_gmt":"2025-03-24T23:30:00","guid":{"rendered":"https:\/\/www.correiobraziliense.com.br\/cbradar\/?p=14480"},"modified":"2025-03-20T20:57:37","modified_gmt":"2025-03-20T23:57:37","slug":"aprenda-dicas-praticas-para-plantar-jambu-em-casa","status":"publish","type":"post","link":"https:\/\/www.correiobraziliense.com.br\/cbradar\/aprenda-dicas-praticas-para-plantar-jambu-em-casa\/","title":{"rendered":"Aprenda dicas pr\u00e1ticas para plantar jambu em casa"},"content":{"rendered":"\n<p>O <strong>jambu<\/strong>, uma planta nativa da regi\u00e3o amaz\u00f4nica, tem se destacado na culin\u00e1ria brasileira e internacional. Tradicionalmente utilizado em pratos t\u00edpicos do <strong>Norte <\/strong>do <strong>Brasil<\/strong>, como o pato no tucupi e o tacac\u00e1, o jambu agora conquista novos paladares em diversas regi\u00f5es do pa\u00eds e at\u00e9 mesmo no exterior. Este fen\u00f4meno \u00e9, em parte, atribu\u00eddo aos esfor\u00e7os de chefs renomados que promovem a culin\u00e1ria amaz\u00f4nica.<\/p>\n\n\n\n<p>Al\u00e9m de seu sabor caracter\u00edstico, o jambu \u00e9 conhecido por causar uma sensa\u00e7\u00e3o de formigamento na boca, o que o torna um ingrediente \u00fanico e intrigante. Essa propriedade tamb\u00e9m \u00e9 valorizada na medicina popular, onde a planta \u00e9 utilizada por suas supostas propriedades odontol\u00f3gicas e benef\u00edcios para a sa\u00fade bucal.<\/p>\n\n\n\n<h2 class=\"wp-block-heading\"><strong>Como o jambu est\u00e1 sendo cultivado em novas regi\u00f5es?<\/strong><\/h2>\n\n\n\n<p>O cultivo do jambu, tamb\u00e9m conhecido como agri\u00e3o-do-par\u00e1, tem se expandido para al\u00e9m de suas fronteiras tradicionais. Agricultores em regi\u00f5es como o Estado de S\u00e3o Paulo est\u00e3o adotando o cultivo dessa planta, aproveitando as condi\u00e7\u00f5es clim\u00e1ticas favor\u00e1veis. O jambu prefere climas quentes e \u00famidos, mas pode ser cultivado em solos bem drenados, incluindo \u00e1reas de v\u00e1rzea.<\/p>\n\n\n\n<p>O processo de cultivo pode ser realizado atrav\u00e9s de sementes ou estacas de ramos. As sementes s\u00e3o geralmente colhidas de plantas saud\u00e1veis e secas antes de serem plantadas. A semeadura \u00e9 feita em canteiros, e as mudas s\u00e3o transplantadas ap\u00f3s cerca de 25 a 30 dias. A hidroponia tamb\u00e9m \u00e9 uma t\u00e9cnica vi\u00e1vel para o cultivo do jambu, permitindo uma colheita mais limpa e eficiente.<\/p>\n\n\n\n<figure class=\"wp-block-image size-large\"><img decoding=\"async\" width=\"1024\" height=\"576\" src=\"https:\/\/www.correiobraziliense.com.br\/cbradar\/wp-content\/uploads\/2025\/03\/frutas_1742515020737-1024x576.jpg\" alt=\"Aprenda dicas pr\u00e1ticas para plantar jambu em casa\" class=\"wp-image-14482\" srcset=\"https:\/\/www.correiobraziliense.com.br\/cbradar\/wp-content\/uploads\/2025\/03\/frutas_1742515020737-1024x576.jpg 1024w, https:\/\/www.correiobraziliense.com.br\/cbradar\/wp-content\/uploads\/2025\/03\/frutas_1742515020737-300x169.jpg 300w, https:\/\/www.correiobraziliense.com.br\/cbradar\/wp-content\/uploads\/2025\/03\/frutas_1742515020737-768x432.jpg 768w, https:\/\/www.correiobraziliense.com.br\/cbradar\/wp-content\/uploads\/2025\/03\/frutas_1742515020737-750x422.jpg 750w, https:\/\/www.correiobraziliense.com.br\/cbradar\/wp-content\/uploads\/2025\/03\/frutas_1742515020737-1140x641.jpg 1140w, https:\/\/www.correiobraziliense.com.br\/cbradar\/wp-content\/uploads\/2025\/03\/frutas_1742515020737.jpg 1280w\" sizes=\"(max-width: 1024px) 100vw, 1024px\" \/><figcaption class=\"wp-element-caption\">frutas. Cr\u00e9ditos: depositphotos.com \/ funix<\/figcaption><\/figure>\n\n\n\n<h2 class=\"wp-block-heading\">Quais s\u00e3o os benef\u00edcios e usos do jambu?<\/h2>\n\n\n\n<p>O jambu \u00e9 uma planta vers\u00e1til, utilizada tanto na culin\u00e1ria quanto na medicina. Na cozinha, suas folhas podem ser adicionadas a pratos como arroz, pizzas e saladas, ou usadas para infundir bebidas como cacha\u00e7a e licor. O efeito de formigamento que provoca \u00e9 um atrativo a mais para os consumidores.<\/p>\n\n\n\n<p>Medicinalmente, o jambu \u00e9 apreciado por suas propriedades que supostamente ajudam na sa\u00fade bucal e no tratamento de problemas de garganta. Al\u00e9m disso, suas flores s\u00e3o utilizadas na produ\u00e7\u00e3o de cosm\u00e9ticos e produtos medicinais, ampliando ainda mais seu leque de aplica\u00e7\u00f5es.<\/p>\n\n\n\n<h2 class=\"wp-block-heading\"><strong>Quais s\u00e3o os desafios e oportunidades no cultivo do jambu?<\/strong><\/h2>\n\n\n\n<p>Embora o cultivo do jambu ofere\u00e7a oportunidades econ\u00f4micas para agricultores, ele tamb\u00e9m apresenta desafios. A planta requer cuidados espec\u00edficos, como a necessidade de um solo rico em mat\u00e9ria org\u00e2nica e um manejo cuidadoso para evitar pragas e doen\u00e7as. A aduba\u00e7\u00e3o org\u00e2nica, como o uso de cama de frango, \u00e9 uma pr\u00e1tica comum para garantir o crescimento saud\u00e1vel das plantas.<\/p>\n\n\n\n<p>O mercado para o jambu est\u00e1 em expans\u00e3o, tanto nacional quanto internacionalmente. Agricultores que investem no cultivo dessa planta podem se beneficiar da crescente demanda por ingredientes ex\u00f3ticos e saud\u00e1veis. Al\u00e9m disso, o jambu oferece a possibilidade de diversifica\u00e7\u00e3o de culturas, o que pode ser uma estrat\u00e9gia valiosa para pequenos e m\u00e9dios produtores.<\/p>\n\n\n\n<h2 class=\"wp-block-heading\"><strong>Considera\u00e7\u00f5es finais sobre o jambu<\/strong><\/h2>\n\n\n\n<p>O jambu \u00e9 uma planta que simboliza a riqueza e a diversidade da flora amaz\u00f4nica. Seu sucesso na gastronomia e na agricultura \u00e9 um exemplo de como ingredientes tradicionais podem ganhar novos significados e usos em diferentes contextos. \u00c0 medida que mais pessoas descobrem o jambu, ele continua a se afirmar como um elemento importante na cultura e na economia brasileira.<\/p>\n","protected":false},"excerpt":{"rendered":"<p>Descubra o jambu, uma planta amaz\u00f4nica que conquista a culin\u00e1ria e a agricultura brasileiras com seu sabor \u00fanico e propriedades medicinais.<\/p>\n","protected":false},"author":3,"featured_media":14481,"comment_status":"open","ping_status":"open","sticky":false,"template":"","format":"standard","meta":{"_yoast_wpseo_focuskw":"como plantar jambu","_yoast_wpseo_title":"%%title%%","_yoast_wpseo_metadesc":"Descubra o jambu, uma planta amaz\u00f4nica que conquista a culin\u00e1ria e a agricultura brasileiras com seu sabor \u00fanico e propriedades medicinais.","jnews-multi-image_gallery":[],"jnews_single_post":{"format":"standard"},"jnews_primary_category":[],"jnews_social_meta":[],"jnews_override_counter":[],"footnotes":""},"categories":[136],"post_tag":[137,2234],"class_list":["post-14480","post","type-post","status-publish","format-standard","has-post-thumbnail","hentry","category-jardinagem","tag-como-plantar","tag-jambu"],"yoast_head":"<!-- This site is optimized with the Yoast SEO plugin v24.6 - https:\/\/yoast.com\/wordpress\/plugins\/seo\/ -->\n<title>Aprenda dicas pr\u00e1ticas para plantar jambu em casa<\/title>\n<meta name=\"description\" content=\"Descubra o jambu, uma planta amaz\u00f4nica que conquista a culin\u00e1ria e a agricultura brasileiras com seu sabor \u00fanico e propriedades medicinais.\" \/>\n<meta name=\"robots\" content=\"index, follow, max-snippet:-1, max-image-preview:large, max-video-preview:-1\" \/>\n<link rel=\"canonical\" href=\"https:\/\/www.correiobraziliense.com.br\/cbradar\/aprenda-dicas-praticas-para-plantar-jambu-em-casa\/\" \/>\n<meta property=\"og:locale\" content=\"pt_BR\" \/>\n<meta property=\"og:type\" content=\"article\" \/>\n<meta property=\"og:title\" content=\"Aprenda dicas pr\u00e1ticas para plantar jambu em casa\" \/>\n<meta property=\"og:description\" content=\"Descubra o jambu, uma planta amaz\u00f4nica que conquista a culin\u00e1ria e a agricultura brasileiras com seu sabor \u00fanico e propriedades medicinais.\" \/>\n<meta property=\"og:url\" content=\"https:\/\/www.correiobraziliense.com.br\/cbradar\/aprenda-dicas-praticas-para-plantar-jambu-em-casa\/\" \/>\n<meta property=\"og:site_name\" content=\"Correio Braziliense - Radar\" \/>\n<meta property=\"article:published_time\" content=\"2025-03-24T23:30:00+00:00\" \/>\n<meta property=\"og:image\" content=\"https:\/\/www.correiobraziliense.com.br\/cbradar\/wp-content\/uploads\/2025\/03\/frutas_1742514993586.jpg\" \/>\n\t<meta property=\"og:image:width\" content=\"1280\" \/>\n\t<meta property=\"og:image:height\" content=\"720\" \/>\n\t<meta property=\"og:image:type\" content=\"image\/jpeg\" \/>\n<meta name=\"author\" content=\"Larissa Carvalho\" \/>\n<meta name=\"twitter:card\" content=\"summary_large_image\" \/>\n<meta name=\"twitter:label1\" content=\"Escrito por\" \/>\n\t<meta name=\"twitter:data1\" content=\"Larissa Carvalho\" \/>\n\t<meta name=\"twitter:label2\" content=\"Est. tempo de leitura\" \/>\n\t<meta name=\"twitter:data2\" content=\"4 minutos\" \/>\n<!-- \/ Yoast SEO plugin. -->","yoast_head_json":{"title":"Aprenda dicas pr\u00e1ticas para plantar jambu em casa","description":"Descubra o jambu, uma planta amaz\u00f4nica que conquista a culin\u00e1ria e a agricultura brasileiras com seu sabor \u00fanico e propriedades medicinais.","robots":{"index":"index","follow":"follow","max-snippet":"max-snippet:-1","max-image-preview":"max-image-preview:large","max-video-preview":"max-video-preview:-1"},"canonical":"https:\/\/www.correiobraziliense.com.br\/cbradar\/aprenda-dicas-praticas-para-plantar-jambu-em-casa\/","og_locale":"pt_BR","og_type":"article","og_title":"Aprenda dicas pr\u00e1ticas para plantar jambu em casa","og_description":"Descubra o jambu, uma planta amaz\u00f4nica que conquista a culin\u00e1ria e a agricultura brasileiras com seu sabor \u00fanico e propriedades medicinais.","og_url":"https:\/\/www.correiobraziliense.com.br\/cbradar\/aprenda-dicas-praticas-para-plantar-jambu-em-casa\/","og_site_name":"Correio Braziliense - Radar","article_published_time":"2025-03-24T23:30:00+00:00","og_image":[{"width":1280,"height":720,"url":"https:\/\/www.correiobraziliense.com.br\/cbradar\/wp-content\/uploads\/2025\/03\/frutas_1742514993586.jpg","type":"image\/jpeg"}],"author":"Larissa Carvalho","twitter_card":"summary_large_image","twitter_misc":{"Escrito por":"Larissa Carvalho","Est. tempo de leitura":"4 minutos"},"schema":{"@context":"https:\/\/schema.org","@graph":[{"@type":"WebPage","@id":"https:\/\/www.correiobraziliense.com.br\/cbradar\/aprenda-dicas-praticas-para-plantar-jambu-em-casa\/","url":"https:\/\/www.correiobraziliense.com.br\/cbradar\/aprenda-dicas-praticas-para-plantar-jambu-em-casa\/","name":"Aprenda dicas pr\u00e1ticas para plantar jambu em casa","isPartOf":{"@id":"https:\/\/www.correiobraziliense.com.br\/cbradar\/#website"},"primaryImageOfPage":{"@id":"https:\/\/www.correiobraziliense.com.br\/cbradar\/aprenda-dicas-praticas-para-plantar-jambu-em-casa\/#primaryimage"},"image":{"@id":"https:\/\/www.correiobraziliense.com.br\/cbradar\/aprenda-dicas-praticas-para-plantar-jambu-em-casa\/#primaryimage"},"thumbnailUrl":"https:\/\/www.correiobraziliense.com.br\/cbradar\/wp-content\/uploads\/2025\/03\/frutas_1742514993586.jpg","datePublished":"2025-03-24T23:30:00+00:00","author":{"@id":"https:\/\/www.correiobraziliense.com.br\/cbradar\/#\/schema\/person\/58422787644df994b53a19d3e56c1513"},"description":"Descubra o jambu, uma planta amaz\u00f4nica que conquista a culin\u00e1ria e a agricultura brasileiras com seu sabor \u00fanico e propriedades medicinais.","breadcrumb":{"@id":"https:\/\/www.correiobraziliense.com.br\/cbradar\/aprenda-dicas-praticas-para-plantar-jambu-em-casa\/#breadcrumb"},"inLanguage":"pt-BR","potentialAction":[{"@type":"ReadAction","target":["https:\/\/www.correiobraziliense.com.br\/cbradar\/aprenda-dicas-praticas-para-plantar-jambu-em-casa\/"]}]},{"@type":"ImageObject","inLanguage":"pt-BR","@id":"https:\/\/www.correiobraziliense.com.br\/cbradar\/aprenda-dicas-praticas-para-plantar-jambu-em-casa\/#primaryimage","url":"https:\/\/www.correiobraziliense.com.br\/cbradar\/wp-content\/uploads\/2025\/03\/frutas_1742514993586.jpg","contentUrl":"https:\/\/www.correiobraziliense.com.br\/cbradar\/wp-content\/uploads\/2025\/03\/frutas_1742514993586.jpg","width":1280,"height":720,"caption":"frutas. Cr\u00e9ditos: depositphotos.com \/ AntonMatyukha"},{"@type":"BreadcrumbList","@id":"https:\/\/www.correiobraziliense.com.br\/cbradar\/aprenda-dicas-praticas-para-plantar-jambu-em-casa\/#breadcrumb","itemListElement":[{"@type":"ListItem","position":1,"name":"In\u00edcio","item":"https:\/\/www.correiobraziliense.com.br\/cbradar\/"},{"@type":"ListItem","position":2,"name":"Aprenda dicas pr\u00e1ticas para plantar jambu em casa"}]},{"@type":"WebSite","@id":"https:\/\/www.correiobraziliense.com.br\/cbradar\/#website","url":"https:\/\/www.correiobraziliense.com.br\/cbradar\/","name":"Correio Braziliense - Radar","description":"Acompanhe as \u00faltimas not\u00edcias e fique bem informado sobre tudo o que acontece no Brasil e no mundo.","potentialAction":[{"@type":"SearchAction","target":{"@type":"EntryPoint","urlTemplate":"https:\/\/www.correiobraziliense.com.br\/cbradar\/?s={search_term_string}"},"query-input":{"@type":"PropertyValueSpecification","valueRequired":true,"valueName":"search_term_string"}}],"inLanguage":"pt-BR"},{"@type":"Person","@id":"https:\/\/www.correiobraziliense.com.br\/cbradar\/#\/schema\/person\/58422787644df994b53a19d3e56c1513","name":"Larissa Carvalho","image":{"@type":"ImageObject","inLanguage":"pt-BR","@id":"https:\/\/www.correiobraziliense.com.br\/cbradar\/#\/schema\/person\/image\/","url":"https:\/\/secure.gravatar.com\/avatar\/fe4f91a0de32b52a838d0d612abdc1aa?s=96&d=mm&r=g","contentUrl":"https:\/\/secure.gravatar.com\/avatar\/fe4f91a0de32b52a838d0d612abdc1aa?s=96&d=mm&r=g","caption":"Larissa Carvalho"},"url":"https:\/\/www.correiobraziliense.com.br\/cbradar\/author\/larissamyth\/"}]}},"_links":{"self":[{"href":"https:\/\/www.correiobraziliense.com.br\/cbradar\/wp-json\/wp\/v2\/posts\/14480","targetHints":{"allow":["GET"]}}],"collection":[{"href":"https:\/\/www.correiobraziliense.com.br\/cbradar\/wp-json\/wp\/v2\/posts"}],"about":[{"href":"https:\/\/www.correiobraziliense.com.br\/cbradar\/wp-json\/wp\/v2\/types\/post"}],"author":[{"embeddable":true,"href":"https:\/\/www.correiobraziliense.com.br\/cbradar\/wp-json\/wp\/v2\/users\/3"}],"replies":[{"embeddable":true,"href":"https:\/\/www.correiobraziliense.com.br\/cbradar\/wp-json\/wp\/v2\/comments?post=14480"}],"version-history":[{"count":1,"href":"https:\/\/www.correiobraziliense.com.br\/cbradar\/wp-json\/wp\/v2\/posts\/14480\/revisions"}],"predecessor-version":[{"id":14483,"href":"https:\/\/www.correiobraziliense.com.br\/cbradar\/wp-json\/wp\/v2\/posts\/14480\/revisions\/14483"}],"wp:featuredmedia":[{"embeddable":true,"href":"https:\/\/www.correiobraziliense.com.br\/cbradar\/wp-json\/wp\/v2\/media\/14481"}],"wp:attachment":[{"href":"https:\/\/www.correiobraziliense.com.br\/cbradar\/wp-json\/wp\/v2\/media?parent=14480"}],"wp:term":[{"taxonomy":"category","embeddable":true,"href":"https:\/\/www.correiobraziliense.com.br\/cbradar\/wp-json\/wp\/v2\/categories?post=14480"},{"taxonomy":"post_tag","embeddable":true,"href":"https:\/\/www.correiobraziliense.com.br\/cbradar\/wp-json\/wp\/v2\/post_tag?post=14480"}],"curies":[{"name":"wp","href":"https:\/\/api.w.org\/{rel}","templated":true}]}}