{"id":14489,"date":"2025-03-22T07:30:00","date_gmt":"2025-03-22T10:30:00","guid":{"rendered":"https:\/\/www.correiobraziliense.com.br\/cbradar\/?p=14489"},"modified":"2025-03-21T22:28:08","modified_gmt":"2025-03-22T01:28:08","slug":"conheca-a-cidade-onde-as-janelas-das-casas-sao-apenas-desenhos","status":"publish","type":"post","link":"https:\/\/www.correiobraziliense.com.br\/cbradar\/conheca-a-cidade-onde-as-janelas-das-casas-sao-apenas-desenhos\/","title":{"rendered":"Conhe\u00e7a a cidade onde as janelas das casas s\u00e3o apenas desenhos"},"content":{"rendered":"\n<p>No interior da <strong>Pol\u00f4nia<\/strong>, existe uma vila tur\u00edstica que intriga quem passa por l\u00e1: <strong>casas de cabe\u00e7a para baixo, janelas que s\u00e3o apenas desenhos e edif\u00edcios que desafiam a l\u00f3gica da arquitetura<\/strong>. Essa cidade \u00e9 <strong>Szymbark<\/strong>, localizada na regi\u00e3o de <strong>Pomer\u00e2nia<\/strong>, famosa por ser um centro cultural que mistura tradi\u00e7\u00e3o, criatividade e muita curiosidade.<\/p>\n\n\n\n<h2 class=\"wp-block-heading\">Por que as janelas s\u00e3o projetadas nas casas?<\/h2>\n\n\n\n<p>O grande destaque de Szymbark \u00e9 a <strong>\u201cCasa de Cabe\u00e7a Para Baixo\u201d (Dom Do G\u00f3ry Nogami)<\/strong>, uma constru\u00e7\u00e3o que parece ter sido literalmente virada, com o telhado no ch\u00e3o e a base no ar. Essa casa foi constru\u00edda <strong>como uma cr\u00edtica simb\u00f3lica aos tempos do comunismo na Pol\u00f4nia<\/strong>, mostrando como as estruturas sociais e pol\u00edticas estavam \u201cinvertidas\u201d.<\/p>\n\n\n\n<p>Como parte desta proposta art\u00edstica e simb\u00f3lica, <strong>as janelas da casa n\u00e3o s\u00e3o funcionais, mas apenas pintadas ou decoradas<\/strong>, refor\u00e7ando a ideia de que o mundo ali est\u00e1 de ponta-cabe\u00e7a. Essa escolha est\u00e9tica cria uma ilus\u00e3o que surpreende os visitantes e convida \u00e0 reflex\u00e3o.<\/p>\n\n\n\n<figure class=\"wp-block-image size-large\"><img decoding=\"async\" width=\"1024\" height=\"576\" src=\"https:\/\/www.correiobraziliense.com.br\/cbradar\/wp-content\/uploads\/2025\/03\/Szymbark_1742554174268-1024x576.jpg\" alt=\"Conhe\u00e7a a cidade onde as janelas das casas s\u00e3o apenas desenhos\" class=\"wp-image-14491\" srcset=\"https:\/\/www.correiobraziliense.com.br\/cbradar\/wp-content\/uploads\/2025\/03\/Szymbark_1742554174268-1024x576.jpg 1024w, https:\/\/www.correiobraziliense.com.br\/cbradar\/wp-content\/uploads\/2025\/03\/Szymbark_1742554174268-300x169.jpg 300w, https:\/\/www.correiobraziliense.com.br\/cbradar\/wp-content\/uploads\/2025\/03\/Szymbark_1742554174268-768x432.jpg 768w, https:\/\/www.correiobraziliense.com.br\/cbradar\/wp-content\/uploads\/2025\/03\/Szymbark_1742554174268-750x422.jpg 750w, https:\/\/www.correiobraziliense.com.br\/cbradar\/wp-content\/uploads\/2025\/03\/Szymbark_1742554174268-1140x641.jpg 1140w, https:\/\/www.correiobraziliense.com.br\/cbradar\/wp-content\/uploads\/2025\/03\/Szymbark_1742554174268.jpg 1280w\" sizes=\"(max-width: 1024px) 100vw, 1024px\" \/><figcaption class=\"wp-element-caption\">Szymbark. Cr\u00e9ditos: depositphotos.com \/ RobertChlopas<\/figcaption><\/figure>\n\n\n\n<h2 class=\"wp-block-heading\">O que mais torna Szymbark t\u00e3o especial?<\/h2>\n\n\n\n<p>Szymbark \u00e9 um centro de cultura e hist\u00f3ria da <strong>Cax\u00fabia<\/strong>, uma minoria polonesa. O local \u00e9 lar da <strong>Funda\u00e7\u00e3o de Educa\u00e7\u00e3o e Promo\u00e7\u00e3o da Regi\u00e3o<\/strong> , e oferece diversas atra\u00e7\u00f5es inusitadas e educativas. Entre os destaques est\u00e3o:<\/p>\n\n\n\n<ul class=\"wp-block-list\">\n<li><strong>A casa de cabe\u00e7a para baixo<\/strong>, onde tudo \u2013 m\u00f3veis, ilumina\u00e7\u00e3o e at\u00e9 objetos do cotidiano \u2013 est\u00e1 no teto.<\/li>\n\n\n\n<li><strong>A maior t\u00e1bua de madeira do mundo<\/strong>, registrada no Guinness Book.<\/li>\n\n\n\n<li><strong>O bunker sovi\u00e9tico<\/strong>, uma r\u00e9plica fiel usada para simular experi\u00eancias durante a Guerra Fria.<\/li>\n\n\n\n<li><strong>O piano mais longo do mundo<\/strong>, dispon\u00edvel para quem quiser tocar algumas notas.<\/li>\n\n\n\n<li><strong>Casas hist\u00f3ricas transportadas de regi\u00f5es da Sib\u00e9ria<\/strong>, contando a hist\u00f3ria de poloneses exilados.<\/li>\n<\/ul>\n\n\n\n<p>Esse conjunto de experi\u00eancias transforma Szymbark em um verdadeiro parque cultural a c\u00e9u aberto, misturando humor, hist\u00f3ria e arquitetura n\u00e3o convencional.<\/p>\n\n\n\n<h2 class=\"wp-block-heading\">Curiosidades sobre Szymbark<\/h2>\n\n\n\n<ul class=\"wp-block-list\">\n<li><strong>A casa invertida foi constru\u00edda intencionalmente torta, fazendo com que os visitantes se sentissem tontos ao entrar.<\/strong><\/li>\n\n\n\n<li><strong>\u00c9 um dos destinos tur\u00edsticos mais visitados da regi\u00e3o norte da Pol\u00f4nia.<\/strong><\/li>\n\n\n\n<li><strong>A arquitetura das atra\u00e7\u00f5es \u00e9 usada para contar hist\u00f3rias de opress\u00e3o, resist\u00eancia e identidade cultural.<\/strong><\/li>\n\n\n\n<li><strong>O vilarejo se tornou s\u00edmbolo de criatividade e liberdade de express\u00e3o.<\/strong><\/li>\n\n\n\n<li><strong>Muitas instala\u00e7\u00f5es foram idealizadas por artistas locais e historiadores.<\/strong><\/li>\n<\/ul>\n\n\n\n<p>Szymbark \u00e9 o tipo de lugar onde a arquitetura conta hist\u00f3rias \u2013 algumas s\u00e9rias, outras engra\u00e7adas \u2013 mas todas surpreendentes.<\/p>\n","protected":false},"excerpt":{"rendered":"<p>Uma vila na Pol\u00f4nia tem casas com janelas projetadas e arquitetura de cabe\u00e7a para baixo. Descubra o vilarejo mais criativo da Europa!<\/p>\n","protected":false},"author":3,"featured_media":14490,"comment_status":"open","ping_status":"open","sticky":false,"template":"","format":"standard","meta":{"_yoast_wpseo_focuskw":"cidade janelas desenhos","_yoast_wpseo_title":"%%title%%","_yoast_wpseo_metadesc":"Uma vila na Pol\u00f4nia tem casas com janelas projetadas e arquitetura de cabe\u00e7a para baixo. Descubra o vilarejo mais criativo da Europa!","jnews-multi-image_gallery":[],"jnews_single_post":{"format":"standard"},"jnews_primary_category":[],"jnews_social_meta":[],"jnews_override_counter":[],"footnotes":""},"categories":[108],"tags":[109],"class_list":["post-14489","post","type-post","status-publish","format-standard","has-post-thumbnail","hentry","category-cidades","tag-cidades"],"yoast_head":"<!-- This site is optimized with the Yoast SEO plugin v24.6 - https:\/\/yoast.com\/wordpress\/plugins\/seo\/ -->\n<title>Conhe\u00e7a a cidade onde as janelas das casas s\u00e3o apenas desenhos<\/title>\n<meta name=\"description\" content=\"Uma vila na Pol\u00f4nia tem casas com janelas projetadas e arquitetura de cabe\u00e7a para baixo. Descubra o vilarejo mais criativo da Europa!\" \/>\n<meta name=\"robots\" content=\"index, follow, max-snippet:-1, max-image-preview:large, max-video-preview:-1\" \/>\n<link rel=\"canonical\" href=\"https:\/\/www.correiobraziliense.com.br\/cbradar\/conheca-a-cidade-onde-as-janelas-das-casas-sao-apenas-desenhos\/\" \/>\n<meta property=\"og:locale\" content=\"pt_BR\" \/>\n<meta property=\"og:type\" content=\"article\" \/>\n<meta property=\"og:title\" content=\"Conhe\u00e7a a cidade onde as janelas das casas s\u00e3o apenas desenhos\" \/>\n<meta property=\"og:description\" content=\"Uma vila na Pol\u00f4nia tem casas com janelas projetadas e arquitetura de cabe\u00e7a para baixo. Descubra o vilarejo mais criativo da Europa!\" \/>\n<meta property=\"og:url\" content=\"https:\/\/www.correiobraziliense.com.br\/cbradar\/conheca-a-cidade-onde-as-janelas-das-casas-sao-apenas-desenhos\/\" \/>\n<meta property=\"og:site_name\" content=\"Correio Braziliense - Radar\" \/>\n<meta property=\"article:published_time\" content=\"2025-03-22T10:30:00+00:00\" \/>\n<meta property=\"og:image\" content=\"https:\/\/www.correiobraziliense.com.br\/cbradar\/wp-content\/uploads\/2025\/03\/Szymbark_1742554125034.jpg\" \/>\n\t<meta property=\"og:image:width\" content=\"1280\" \/>\n\t<meta property=\"og:image:height\" content=\"720\" \/>\n\t<meta property=\"og:image:type\" content=\"image\/jpeg\" \/>\n<meta name=\"author\" content=\"Larissa Carvalho\" \/>\n<meta name=\"twitter:card\" content=\"summary_large_image\" \/>\n<meta name=\"twitter:label1\" content=\"Escrito por\" \/>\n\t<meta name=\"twitter:data1\" content=\"Larissa Carvalho\" \/>\n\t<meta name=\"twitter:label2\" content=\"Est. tempo de leitura\" \/>\n\t<meta name=\"twitter:data2\" content=\"3 minutos\" \/>\n<!-- \/ Yoast SEO plugin. -->","yoast_head_json":{"title":"Conhe\u00e7a a cidade onde as janelas das casas s\u00e3o apenas desenhos","description":"Uma vila na Pol\u00f4nia tem casas com janelas projetadas e arquitetura de cabe\u00e7a para baixo. Descubra o vilarejo mais criativo da Europa!","robots":{"index":"index","follow":"follow","max-snippet":"max-snippet:-1","max-image-preview":"max-image-preview:large","max-video-preview":"max-video-preview:-1"},"canonical":"https:\/\/www.correiobraziliense.com.br\/cbradar\/conheca-a-cidade-onde-as-janelas-das-casas-sao-apenas-desenhos\/","og_locale":"pt_BR","og_type":"article","og_title":"Conhe\u00e7a a cidade onde as janelas das casas s\u00e3o apenas desenhos","og_description":"Uma vila na Pol\u00f4nia tem casas com janelas projetadas e arquitetura de cabe\u00e7a para baixo. Descubra o vilarejo mais criativo da Europa!","og_url":"https:\/\/www.correiobraziliense.com.br\/cbradar\/conheca-a-cidade-onde-as-janelas-das-casas-sao-apenas-desenhos\/","og_site_name":"Correio Braziliense - Radar","article_published_time":"2025-03-22T10:30:00+00:00","og_image":[{"width":1280,"height":720,"url":"https:\/\/www.correiobraziliense.com.br\/cbradar\/wp-content\/uploads\/2025\/03\/Szymbark_1742554125034.jpg","type":"image\/jpeg"}],"author":"Larissa Carvalho","twitter_card":"summary_large_image","twitter_misc":{"Escrito por":"Larissa Carvalho","Est. tempo de leitura":"3 minutos"},"schema":{"@context":"https:\/\/schema.org","@graph":[{"@type":"WebPage","@id":"https:\/\/www.correiobraziliense.com.br\/cbradar\/conheca-a-cidade-onde-as-janelas-das-casas-sao-apenas-desenhos\/","url":"https:\/\/www.correiobraziliense.com.br\/cbradar\/conheca-a-cidade-onde-as-janelas-das-casas-sao-apenas-desenhos\/","name":"Conhe\u00e7a a cidade onde as janelas das casas s\u00e3o apenas desenhos","isPartOf":{"@id":"https:\/\/www.correiobraziliense.com.br\/cbradar\/#website"},"primaryImageOfPage":{"@id":"https:\/\/www.correiobraziliense.com.br\/cbradar\/conheca-a-cidade-onde-as-janelas-das-casas-sao-apenas-desenhos\/#primaryimage"},"image":{"@id":"https:\/\/www.correiobraziliense.com.br\/cbradar\/conheca-a-cidade-onde-as-janelas-das-casas-sao-apenas-desenhos\/#primaryimage"},"thumbnailUrl":"https:\/\/www.correiobraziliense.com.br\/cbradar\/wp-content\/uploads\/2025\/03\/Szymbark_1742554125034.jpg","datePublished":"2025-03-22T10:30:00+00:00","author":{"@id":"https:\/\/www.correiobraziliense.com.br\/cbradar\/#\/schema\/person\/58422787644df994b53a19d3e56c1513"},"description":"Uma vila na Pol\u00f4nia tem casas com janelas projetadas e arquitetura de cabe\u00e7a para baixo. Descubra o vilarejo mais criativo da Europa!","breadcrumb":{"@id":"https:\/\/www.correiobraziliense.com.br\/cbradar\/conheca-a-cidade-onde-as-janelas-das-casas-sao-apenas-desenhos\/#breadcrumb"},"inLanguage":"pt-BR","potentialAction":[{"@type":"ReadAction","target":["https:\/\/www.correiobraziliense.com.br\/cbradar\/conheca-a-cidade-onde-as-janelas-das-casas-sao-apenas-desenhos\/"]}]},{"@type":"ImageObject","inLanguage":"pt-BR","@id":"https:\/\/www.correiobraziliense.com.br\/cbradar\/conheca-a-cidade-onde-as-janelas-das-casas-sao-apenas-desenhos\/#primaryimage","url":"https:\/\/www.correiobraziliense.com.br\/cbradar\/wp-content\/uploads\/2025\/03\/Szymbark_1742554125034.jpg","contentUrl":"https:\/\/www.correiobraziliense.com.br\/cbradar\/wp-content\/uploads\/2025\/03\/Szymbark_1742554125034.jpg","width":1280,"height":720,"caption":"SZYMBARK. Cr\u00e9ditos: depositphotos.com \/ VIVOOO"},{"@type":"BreadcrumbList","@id":"https:\/\/www.correiobraziliense.com.br\/cbradar\/conheca-a-cidade-onde-as-janelas-das-casas-sao-apenas-desenhos\/#breadcrumb","itemListElement":[{"@type":"ListItem","position":1,"name":"In\u00edcio","item":"https:\/\/www.correiobraziliense.com.br\/cbradar\/"},{"@type":"ListItem","position":2,"name":"Conhe\u00e7a a cidade onde as janelas das casas s\u00e3o apenas desenhos"}]},{"@type":"WebSite","@id":"https:\/\/www.correiobraziliense.com.br\/cbradar\/#website","url":"https:\/\/www.correiobraziliense.com.br\/cbradar\/","name":"Correio Braziliense - Radar","description":"Acompanhe as \u00faltimas not\u00edcias e fique bem informado sobre tudo o que acontece no Brasil e no mundo.","potentialAction":[{"@type":"SearchAction","target":{"@type":"EntryPoint","urlTemplate":"https:\/\/www.correiobraziliense.com.br\/cbradar\/?s={search_term_string}"},"query-input":{"@type":"PropertyValueSpecification","valueRequired":true,"valueName":"search_term_string"}}],"inLanguage":"pt-BR"},{"@type":"Person","@id":"https:\/\/www.correiobraziliense.com.br\/cbradar\/#\/schema\/person\/58422787644df994b53a19d3e56c1513","name":"Larissa Carvalho","image":{"@type":"ImageObject","inLanguage":"pt-BR","@id":"https:\/\/www.correiobraziliense.com.br\/cbradar\/#\/schema\/person\/image\/","url":"https:\/\/secure.gravatar.com\/avatar\/fe4f91a0de32b52a838d0d612abdc1aa?s=96&d=mm&r=g","contentUrl":"https:\/\/secure.gravatar.com\/avatar\/fe4f91a0de32b52a838d0d612abdc1aa?s=96&d=mm&r=g","caption":"Larissa Carvalho"},"url":"https:\/\/www.correiobraziliense.com.br\/cbradar\/author\/larissamyth\/"}]}},"_links":{"self":[{"href":"https:\/\/www.correiobraziliense.com.br\/cbradar\/wp-json\/wp\/v2\/posts\/14489","targetHints":{"allow":["GET"]}}],"collection":[{"href":"https:\/\/www.correiobraziliense.com.br\/cbradar\/wp-json\/wp\/v2\/posts"}],"about":[{"href":"https:\/\/www.correiobraziliense.com.br\/cbradar\/wp-json\/wp\/v2\/types\/post"}],"author":[{"embeddable":true,"href":"https:\/\/www.correiobraziliense.com.br\/cbradar\/wp-json\/wp\/v2\/users\/3"}],"replies":[{"embeddable":true,"href":"https:\/\/www.correiobraziliense.com.br\/cbradar\/wp-json\/wp\/v2\/comments?post=14489"}],"version-history":[{"count":1,"href":"https:\/\/www.correiobraziliense.com.br\/cbradar\/wp-json\/wp\/v2\/posts\/14489\/revisions"}],"predecessor-version":[{"id":14492,"href":"https:\/\/www.correiobraziliense.com.br\/cbradar\/wp-json\/wp\/v2\/posts\/14489\/revisions\/14492"}],"wp:featuredmedia":[{"embeddable":true,"href":"https:\/\/www.correiobraziliense.com.br\/cbradar\/wp-json\/wp\/v2\/media\/14490"}],"wp:attachment":[{"href":"https:\/\/www.correiobraziliense.com.br\/cbradar\/wp-json\/wp\/v2\/media?parent=14489"}],"wp:term":[{"taxonomy":"category","embeddable":true,"href":"https:\/\/www.correiobraziliense.com.br\/cbradar\/wp-json\/wp\/v2\/categories?post=14489"},{"taxonomy":"post_tag","embeddable":true,"href":"https:\/\/www.correiobraziliense.com.br\/cbradar\/wp-json\/wp\/v2\/tags?post=14489"}],"curies":[{"name":"wp","href":"https:\/\/api.w.org\/{rel}","templated":true}]}}