{"id":144911,"date":"2025-12-17T09:35:00","date_gmt":"2025-12-17T12:35:00","guid":{"rendered":"https:\/\/www.correiobraziliense.com.br\/cbradar\/?p=144911"},"modified":"2025-12-09T15:52:09","modified_gmt":"2025-12-09T18:52:09","slug":"dr-diego-wildberger-aprenda-a-controlar-a-ansiedade-de-forma-simples-e-eficaz","status":"publish","type":"post","link":"https:\/\/www.correiobraziliense.com.br\/cbradar\/dr-diego-wildberger-aprenda-a-controlar-a-ansiedade-de-forma-simples-e-eficaz\/","title":{"rendered":"Dr. Diego Wildberger: aprenda a controlar a Ansiedade de forma simples e eficaz"},"content":{"rendered":"\n<p>Em um mundo cada vez mais agitado e interconectado, a <strong>Ansiedade <\/strong>emerge como uma resposta comum ao estresse di\u00e1rio. Ao tentar acompanhar um ritmo de vida acelerado, muitos indiv\u00edduos experimentam sensa\u00e7\u00f5es de tens\u00e3o, como se a mente estivesse sempre passos \u00e0 frente do corpo. Esses sentimentos podem se manifestar fisicamente, por meio de uma press\u00e3o no peito, ou mentalmente, pela incessante atividade cerebral que parece nunca desacelerar.<\/p>\n\n\n\n<blockquote class=\"instagram-media\" data-instgrm-permalink=\"https:\/\/www.instagram.com\/p\/DRcYj4zjTEJ\/?utm_source=ig_embed&amp;utm_campaign=loading\" data-instgrm-version=\"14\" style=\" background:#FFF; border:0; border-radius:3px; box-shadow:0 0 1px 0 rgba(0,0,0,0.5),0 1px 10px 0 rgba(0,0,0,0.15); margin: 1px; max-width:540px; min-width:326px; padding:0; width:99.375%; width:-webkit-calc(100% - 2px); width:calc(100% - 2px);\"><div style=\"padding:16px;\"> <a href=\"https:\/\/www.instagram.com\/p\/DRcYj4zjTEJ\/?utm_source=ig_embed&amp;utm_campaign=loading\" style=\" background:#FFFFFF; line-height:0; padding:0 0; text-align:center; text-decoration:none; width:100%;\" target=\"_blank\"> <div style=\" display: flex; flex-direction: row; align-items: center;\"> <div style=\"background-color: #F4F4F4; border-radius: 50%; flex-grow: 0; height: 40px; margin-right: 14px; width: 40px;\"><\/div> <div style=\"display: flex; flex-direction: column; flex-grow: 1; justify-content: center;\"> <div style=\" background-color: #F4F4F4; border-radius: 4px; flex-grow: 0; height: 14px; margin-bottom: 6px; width: 100px;\"><\/div> <div style=\" background-color: #F4F4F4; border-radius: 4px; flex-grow: 0; height: 14px; width: 60px;\"><\/div><\/div><\/div><div style=\"padding: 19% 0;\"><\/div> <div style=\"display:block; height:50px; margin:0 auto 12px; width:50px;\"><svg width=\"50px\" height=\"50px\" viewBox=\"0 0 60 60\" version=\"1.1\" xmlns=\"https:\/\/www.w3.org\/2000\/svg\" xmlns:xlink=\"https:\/\/www.w3.org\/1999\/xlink\"><g stroke=\"none\" stroke-width=\"1\" fill=\"none\" fill-rule=\"evenodd\"><g transform=\"translate(-511.000000, -20.000000)\" fill=\"#000000\"><g><path d=\"M556.869,30.41 C554.814,30.41 553.148,32.076 553.148,34.131 C553.148,36.186 554.814,37.852 556.869,37.852 C558.924,37.852 560.59,36.186 560.59,34.131 C560.59,32.076 558.924,30.41 556.869,30.41 M541,60.657 C535.114,60.657 530.342,55.887 530.342,50 C530.342,44.114 535.114,39.342 541,39.342 C546.887,39.342 551.658,44.114 551.658,50 C551.658,55.887 546.887,60.657 541,60.657 M541,33.886 C532.1,33.886 524.886,41.1 524.886,50 C524.886,58.899 532.1,66.113 541,66.113 C549.9,66.113 557.115,58.899 557.115,50 C557.115,41.1 549.9,33.886 541,33.886 M565.378,62.101 C565.244,65.022 564.756,66.606 564.346,67.663 C563.803,69.06 563.154,70.057 562.106,71.106 C561.058,72.155 560.06,72.803 558.662,73.347 C557.607,73.757 556.021,74.244 553.102,74.378 C549.944,74.521 548.997,74.552 541,74.552 C533.003,74.552 532.056,74.521 528.898,74.378 C525.979,74.244 524.393,73.757 523.338,73.347 C521.94,72.803 520.942,72.155 519.894,71.106 C518.846,70.057 518.197,69.06 517.654,67.663 C517.244,66.606 516.755,65.022 516.623,62.101 C516.479,58.943 516.448,57.996 516.448,50 C516.448,42.003 516.479,41.056 516.623,37.899 C516.755,34.978 517.244,33.391 517.654,32.338 C518.197,30.938 518.846,29.942 519.894,28.894 C520.942,27.846 521.94,27.196 523.338,26.654 C524.393,26.244 525.979,25.756 528.898,25.623 C532.057,25.479 533.004,25.448 541,25.448 C548.997,25.448 549.943,25.479 553.102,25.623 C556.021,25.756 557.607,26.244 558.662,26.654 C560.06,27.196 561.058,27.846 562.106,28.894 C563.154,29.942 563.803,30.938 564.346,32.338 C564.756,33.391 565.244,34.978 565.378,37.899 C565.522,41.056 565.552,42.003 565.552,50 C565.552,57.996 565.522,58.943 565.378,62.101 M570.82,37.631 C570.674,34.438 570.167,32.258 569.425,30.349 C568.659,28.377 567.633,26.702 565.965,25.035 C564.297,23.368 562.623,22.342 560.652,21.575 C558.743,20.834 556.562,20.326 553.369,20.18 C550.169,20.033 549.148,20 541,20 C532.853,20 531.831,20.033 528.631,20.18 C525.438,20.326 523.257,20.834 521.349,21.575 C519.376,22.342 517.703,23.368 516.035,25.035 C514.368,26.702 513.342,28.377 512.574,30.349 C511.834,32.258 511.326,34.438 511.181,37.631 C511.035,40.831 511,41.851 511,50 C511,58.147 511.035,59.17 511.181,62.369 C511.326,65.562 511.834,67.743 512.574,69.651 C513.342,71.625 514.368,73.296 516.035,74.965 C517.703,76.634 519.376,77.658 521.349,78.425 C523.257,79.167 525.438,79.673 528.631,79.82 C531.831,79.965 532.853,80.001 541,80.001 C549.148,80.001 550.169,79.965 553.369,79.82 C556.562,79.673 558.743,79.167 560.652,78.425 C562.623,77.658 564.297,76.634 565.965,74.965 C567.633,73.296 568.659,71.625 569.425,69.651 C570.167,67.743 570.674,65.562 570.82,62.369 C570.966,59.17 571,58.147 571,50 C571,41.851 570.966,40.831 570.82,37.631\"><\/path><\/g><\/g><\/g><\/svg><\/div><div style=\"padding-top: 8px;\"> <div style=\" color:#3897f0; font-family:Arial,sans-serif; font-size:14px; font-style:normal; font-weight:550; line-height:18px;\">Ver essa foto no Instagram<\/div><\/div><div style=\"padding: 12.5% 0;\"><\/div> <div style=\"display: flex; flex-direction: row; margin-bottom: 14px; align-items: center;\"><div> <div style=\"background-color: #F4F4F4; border-radius: 50%; height: 12.5px; width: 12.5px; transform: translateX(0px) translateY(7px);\"><\/div> <div style=\"background-color: #F4F4F4; height: 12.5px; transform: rotate(-45deg) translateX(3px) translateY(1px); width: 12.5px; flex-grow: 0; margin-right: 14px; margin-left: 2px;\"><\/div> <div style=\"background-color: #F4F4F4; border-radius: 50%; height: 12.5px; width: 12.5px; transform: translateX(9px) translateY(-18px);\"><\/div><\/div><div style=\"margin-left: 8px;\"> <div style=\" background-color: #F4F4F4; border-radius: 50%; flex-grow: 0; height: 20px; width: 20px;\"><\/div> <div style=\" width: 0; height: 0; border-top: 2px solid transparent; border-left: 6px solid #f4f4f4; border-bottom: 2px solid transparent; transform: translateX(16px) translateY(-4px) rotate(30deg)\"><\/div><\/div><div style=\"margin-left: auto;\"> <div style=\" width: 0px; border-top: 8px solid #F4F4F4; border-right: 8px solid transparent; transform: translateY(16px);\"><\/div> <div style=\" background-color: #F4F4F4; flex-grow: 0; height: 12px; width: 16px; transform: translateY(-4px);\"><\/div> <div style=\" width: 0; height: 0; border-top: 8px solid #F4F4F4; border-left: 8px solid transparent; transform: translateY(-4px) translateX(8px);\"><\/div><\/div><\/div> <div style=\"display: flex; flex-direction: column; flex-grow: 1; justify-content: center; margin-bottom: 24px;\"> <div style=\" background-color: #F4F4F4; border-radius: 4px; flex-grow: 0; height: 14px; margin-bottom: 6px; width: 224px;\"><\/div> <div style=\" background-color: #F4F4F4; border-radius: 4px; flex-grow: 0; height: 14px; width: 144px;\"><\/div><\/div><\/a><p style=\" color:#c9c8cd; font-family:Arial,sans-serif; font-size:14px; line-height:17px; margin-bottom:0; margin-top:8px; overflow:hidden; padding:8px 0 7px; text-align:center; text-overflow:ellipsis; white-space:nowrap;\"><a href=\"https:\/\/www.instagram.com\/p\/DRcYj4zjTEJ\/?utm_source=ig_embed&amp;utm_campaign=loading\" style=\" color:#c9c8cd; font-family:Arial,sans-serif; font-size:14px; font-style:normal; font-weight:normal; line-height:17px; text-decoration:none;\" target=\"_blank\">Uma publica\u00e7\u00e3o compartilhada por Diego Wildberger | Psicoterapeuta (@diego.wildberger)<\/a><\/p><\/div><\/blockquote>\n<script async src=\"\/\/www.instagram.com\/embed.js\"><\/script>\n\n\n\n<p>A experi\u00eancia de viver em um ambiente onde o tempo parece correr mais r\u00e1pido do que a mente pode processar contribui para o aumento dos n\u00edveis de ansiedade. Quando a mente n\u00e3o consegue acompanhar o ritmo imposto pela vida di\u00e1ria, o corpo responde com sinais de alerta, que muitas vezes s\u00e3o confundidos com fraqueza. No entanto, compreender a ansiedade como um pedido de ajuda do pr\u00f3prio sistema emocional \u00e9 crucial para lidar com ela de forma eficaz.<\/p>\n\n\n\n<h2 class=\"wp-block-heading\">Qual \u00e9 o papel da respira\u00e7\u00e3o no controle da Ansiedade?<\/h2>\n\n\n\n<p>A respira\u00e7\u00e3o desempenha um papel fundamental na gest\u00e3o da ansiedade. T\u00e9cnica simples de respira\u00e7\u00e3o podem ativar o nervo vago, que ajuda a desacelerar os batimentos card\u00edacos e a retirar o c\u00e9rebro do modo de luta ou fuga. Ao focar na inspira\u00e7\u00e3o e expira\u00e7\u00e3o, a fisiologia do corpo pode ser transformada, diminuindo a sensa\u00e7\u00e3o de amea\u00e7a e promovendo um estado de calma.<\/p>\n\n\n<div class=\"wp-block-image\">\n<figure class=\"aligncenter size-large\"><img decoding=\"async\" width=\"1024\" height=\"576\" src=\"https:\/\/www.correiobraziliense.com.br\/cbradar\/wp-content\/uploads\/2025\/05\/ansiedade_1748700252282-1024x576.jpg\" alt=\"\" class=\"wp-image-45683\" srcset=\"https:\/\/www.correiobraziliense.com.br\/cbradar\/wp-content\/uploads\/2025\/05\/ansiedade_1748700252282-1024x576.jpg 1024w, https:\/\/www.correiobraziliense.com.br\/cbradar\/wp-content\/uploads\/2025\/05\/ansiedade_1748700252282-300x169.jpg 300w, https:\/\/www.correiobraziliense.com.br\/cbradar\/wp-content\/uploads\/2025\/05\/ansiedade_1748700252282-768x432.jpg 768w, https:\/\/www.correiobraziliense.com.br\/cbradar\/wp-content\/uploads\/2025\/05\/ansiedade_1748700252282-750x422.jpg 750w, https:\/\/www.correiobraziliense.com.br\/cbradar\/wp-content\/uploads\/2025\/05\/ansiedade_1748700252282-1140x641.jpg 1140w, https:\/\/www.correiobraziliense.com.br\/cbradar\/wp-content\/uploads\/2025\/05\/ansiedade_1748700252282.jpg 1280w\" sizes=\"(max-width: 1024px) 100vw, 1024px\" \/><figcaption class=\"wp-element-caption\">ansiedade &#8211; Cr\u00e9ditos: depositphotos.com \/ AndrewLozovyi<\/figcaption><\/figure><\/div>\n\n\n<p>Para implementar essas t\u00e9cnicas, recomenda-se uma pr\u00e1tica onde se inspira por quatro segundos, segura a respira\u00e7\u00e3o por dois e ent\u00e3o solta o ar lentamente em seis segundos. Repetir esse processo por algumas vezes com os olhos fechados pode ajudar a estabilizar rapidamente a resposta fisiol\u00f3gica \u00e0 ansiedade, proporcionando al\u00edvio imediato.<\/p>\n\n\n\n<h2 class=\"wp-block-heading\">Como compreender os gatilhos da Ansiedade?<\/h2>\n\n\n\n<p>Identificar e entender os gatilhos que desencadeiam a ansiedade \u00e9 um passo importante na jornada para recuperar o controle emocional. Esses gatilhos podem ser internos, como pensamentos ou mem\u00f3rias, ou externos, como situa\u00e7\u00f5es espec\u00edficas ou ambientes. Ao reconhecer esses fatores, \u00e9 poss\u00edvel desenvolver estrat\u00e9gias personalizadas para mitigar seus efeitos.<\/p>\n\n\n\n<p>\u00c9 importante lembrar que cada pessoa \u00e9 \u00fanica, e o que funciona para um, pode n\u00e3o funcionar para outro. Assim, praticar a autocompaix\u00e3o e dar passos pequenos mas consistentes podem fazer uma diferen\u00e7a significativa ao longo do tempo.<\/p>\n\n\n\n<h2 class=\"wp-block-heading\">Como estabelecer uma rotina emocional saud\u00e1vel?<\/h2>\n\n\n\n<p>Estabelecer uma rotina emocional saud\u00e1vel pode ser uma ferramenta poderosa no combate \u00e0 ansiedade. Isso pode incluir a pr\u00e1tica regular de atividades que promovam o bem-estar, como medita\u00e7\u00e3o, exerc\u00edcios f\u00edsicos, ou hobbies que tragam prazer e relaxamento. Manter um di\u00e1rio emocional tamb\u00e9m pode ser \u00fatil para registrar momentos de ansiedade, identificando padr\u00f5es e progressos ao longo do tempo.<\/p>\n\n\n\n<p>Al\u00e9m disso, priorizar o sono de qualidade e uma alimenta\u00e7\u00e3o equilibrada podem ser componentes essenciais para a manuten\u00e7\u00e3o de um estado mental saud\u00e1vel. O apoio profissional tamb\u00e9m pode ser um complemento valioso, oferecendo orienta\u00e7\u00e3o e t\u00e9cnicas espec\u00edficas para gerenciar a ansiedade de maneira eficaz.<\/p>\n\n\n\n<h2 class=\"wp-block-heading\">Quais s\u00e3o os benef\u00edcios do acompanhamento adequado?<\/h2>\n\n\n\n<p>Buscar ajuda profissional pode ser uma decis\u00e3o transformadora no enfrentamento da ansiedade. Psic\u00f3logos e terapeutas est\u00e3o equipados para oferecer ferramentas e t\u00e9cnicas personalizadas, ajustadas \u00e0s necessidades individuais. Terapias como a cognitivo-comportamental t\u00eam demonstrado efic\u00e1cia significativa no tratamento de transtornos de ansiedade ao ajudar as pessoas a reestruturar padr\u00f5es de pensamento disfuncionais e desenvolver estrat\u00e9gias de enfrentamento eficazes.<\/p>\n\n\n\n<p>O acompanhamento adequado n\u00e3o apenas auxilia na redu\u00e7\u00e3o dos sintomas de ansiedade, mas tamb\u00e9m promove o autoconhecimento e o desenvolvimento pessoal, permitindo que os indiv\u00edduos avancem em dire\u00e7\u00e3o a uma vida mais equilibrada e satisfat\u00f3ria.<\/p>\n\n\n\n<p style=\"margin: 0; padding: 0; text-align: center;\">   <a href=\"https:\/\/www.hipnosesalvador.com.br\/\" target=\"_blank\" rel=\"noopener\"      style=\"text-decoration: none; color: inherit; display: inline-block; width: 60%; margin: 0 auto; border: 1px solid #ccc; border-radius: 10px; padding: 15px; font-family: sans-serif; box-shadow: 0 2px 5px rgba(0,0,0,0.1); cursor: pointer; text-align: center; box-sizing: border-box;\">      <span style=\"display: block; margin-bottom: 15px; font-weight: bold; color: #2c3e50;\">       Precisa de ajuda? Entre em contato:     <\/span>      <span style=\"display: block;\">       <span style=\"display: block; font-size: 1.1em; font-weight: 600; line-height: 1.4;\">         Dr. Diego Wildberger       <\/span>       <span style=\"display: block; font-size: 0.9em; color: #0073aa; line-height: 1.4; font-style: italic;\">         Psicoterapeuta       <\/span>         <\/span>   <\/a> <\/p>\n\n\n\n<p><\/p>\n","protected":false},"excerpt":{"rendered":"<p>Em um mundo cada vez mais agitado e interconectado, a Ansiedade emerge como uma resposta comum ao estresse di\u00e1rio. Ao tentar acompanhar um ritmo de vida acelerado, muitos indiv\u00edduos experimentam sensa\u00e7\u00f5es de tens\u00e3o, como se a mente estivesse sempre passos \u00e0 frente do corpo. Esses sentimentos podem se manifestar fisicamente, por meio de uma press\u00e3o [&hellip;]<\/p>\n","protected":false},"author":14,"featured_media":153337,"comment_status":"open","ping_status":"open","sticky":false,"template":"","format":"standard","meta":{"_yoast_wpseo_focuskw":"Ansiedade","_yoast_wpseo_title":"","_yoast_wpseo_metadesc":"A ansiedade aparece silenciosamente e uma t\u00e9cnica simples pode transformar a resposta do corpo. Descubra o que estudos recentes revelam.","jnews-multi-image_gallery":[],"jnews_single_post":{"format":"standard"},"jnews_primary_category":[],"jnews_social_meta":[],"jnews_override_counter":[],"footnotes":""},"categories":[4404],"tags":[812,120,565],"class_list":["post-144911","post","type-post","status-publish","format-standard","has-post-thumbnail","hentry","category-saude","tag-ansiedade","tag-bem-estar","tag-saude"],"yoast_head":"<!-- This site is optimized with the Yoast SEO plugin v24.6 - https:\/\/yoast.com\/wordpress\/plugins\/seo\/ -->\n<title>Dr. Diego Wildberger: aprenda a controlar a Ansiedade de forma simples e eficaz - Correio Braziliense - Radar<\/title>\n<meta name=\"description\" content=\"A ansiedade aparece silenciosamente e uma t\u00e9cnica simples pode transformar a resposta do corpo. Descubra o que estudos recentes revelam.\" \/>\n<meta name=\"robots\" content=\"index, follow, max-snippet:-1, max-image-preview:large, max-video-preview:-1\" \/>\n<link rel=\"canonical\" href=\"https:\/\/www.correiobraziliense.com.br\/cbradar\/dr-diego-wildberger-aprenda-a-controlar-a-ansiedade-de-forma-simples-e-eficaz\/\" \/>\n<meta property=\"og:locale\" content=\"pt_BR\" \/>\n<meta property=\"og:type\" content=\"article\" \/>\n<meta property=\"og:title\" content=\"Dr. Diego Wildberger: aprenda a controlar a Ansiedade de forma simples e eficaz - Correio Braziliense - Radar\" \/>\n<meta property=\"og:description\" content=\"A ansiedade aparece silenciosamente e uma t\u00e9cnica simples pode transformar a resposta do corpo. Descubra o que estudos recentes revelam.\" \/>\n<meta property=\"og:url\" content=\"https:\/\/www.correiobraziliense.com.br\/cbradar\/dr-diego-wildberger-aprenda-a-controlar-a-ansiedade-de-forma-simples-e-eficaz\/\" \/>\n<meta property=\"og:site_name\" content=\"Correio Braziliense - Radar\" \/>\n<meta property=\"article:published_time\" content=\"2025-12-17T12:35:00+00:00\" \/>\n<meta property=\"og:image\" content=\"https:\/\/www.correiobraziliense.com.br\/cbradar\/wp-content\/uploads\/2025\/12\/Ansiedade_1765306589761.jpg\" \/>\n\t<meta property=\"og:image:width\" content=\"1280\" \/>\n\t<meta property=\"og:image:height\" content=\"720\" \/>\n\t<meta property=\"og:image:type\" content=\"image\/jpeg\" \/>\n<meta name=\"author\" content=\"guilherme_saude\" \/>\n<meta name=\"twitter:card\" content=\"summary_large_image\" \/>\n<meta name=\"twitter:label1\" content=\"Escrito por\" \/>\n\t<meta name=\"twitter:data1\" content=\"guilherme_saude\" \/>\n\t<meta name=\"twitter:label2\" content=\"Est. tempo de leitura\" \/>\n\t<meta name=\"twitter:data2\" content=\"4 minutos\" \/>\n<!-- \/ Yoast SEO plugin. -->","yoast_head_json":{"title":"Dr. Diego Wildberger: aprenda a controlar a Ansiedade de forma simples e eficaz - Correio Braziliense - Radar","description":"A ansiedade aparece silenciosamente e uma t\u00e9cnica simples pode transformar a resposta do corpo. Descubra o que estudos recentes revelam.","robots":{"index":"index","follow":"follow","max-snippet":"max-snippet:-1","max-image-preview":"max-image-preview:large","max-video-preview":"max-video-preview:-1"},"canonical":"https:\/\/www.correiobraziliense.com.br\/cbradar\/dr-diego-wildberger-aprenda-a-controlar-a-ansiedade-de-forma-simples-e-eficaz\/","og_locale":"pt_BR","og_type":"article","og_title":"Dr. Diego Wildberger: aprenda a controlar a Ansiedade de forma simples e eficaz - Correio Braziliense - Radar","og_description":"A ansiedade aparece silenciosamente e uma t\u00e9cnica simples pode transformar a resposta do corpo. Descubra o que estudos recentes revelam.","og_url":"https:\/\/www.correiobraziliense.com.br\/cbradar\/dr-diego-wildberger-aprenda-a-controlar-a-ansiedade-de-forma-simples-e-eficaz\/","og_site_name":"Correio Braziliense - Radar","article_published_time":"2025-12-17T12:35:00+00:00","og_image":[{"width":1280,"height":720,"url":"https:\/\/www.correiobraziliense.com.br\/cbradar\/wp-content\/uploads\/2025\/12\/Ansiedade_1765306589761.jpg","type":"image\/jpeg"}],"author":"guilherme_saude","twitter_card":"summary_large_image","twitter_misc":{"Escrito por":"guilherme_saude","Est. tempo de leitura":"4 minutos"},"schema":{"@context":"https:\/\/schema.org","@graph":[{"@type":"WebPage","@id":"https:\/\/www.correiobraziliense.com.br\/cbradar\/dr-diego-wildberger-aprenda-a-controlar-a-ansiedade-de-forma-simples-e-eficaz\/","url":"https:\/\/www.correiobraziliense.com.br\/cbradar\/dr-diego-wildberger-aprenda-a-controlar-a-ansiedade-de-forma-simples-e-eficaz\/","name":"Dr. Diego Wildberger: aprenda a controlar a Ansiedade de forma simples e eficaz - Correio Braziliense - Radar","isPartOf":{"@id":"https:\/\/www.correiobraziliense.com.br\/cbradar\/#website"},"primaryImageOfPage":{"@id":"https:\/\/www.correiobraziliense.com.br\/cbradar\/dr-diego-wildberger-aprenda-a-controlar-a-ansiedade-de-forma-simples-e-eficaz\/#primaryimage"},"image":{"@id":"https:\/\/www.correiobraziliense.com.br\/cbradar\/dr-diego-wildberger-aprenda-a-controlar-a-ansiedade-de-forma-simples-e-eficaz\/#primaryimage"},"thumbnailUrl":"https:\/\/www.correiobraziliense.com.br\/cbradar\/wp-content\/uploads\/2025\/12\/Ansiedade_1765306589761.jpg","datePublished":"2025-12-17T12:35:00+00:00","author":{"@id":"https:\/\/www.correiobraziliense.com.br\/cbradar\/#\/schema\/person\/5aa4bf3c8fa699c267933611de12978b"},"description":"A ansiedade aparece silenciosamente e uma t\u00e9cnica simples pode transformar a resposta do corpo. Descubra o que estudos recentes revelam.","breadcrumb":{"@id":"https:\/\/www.correiobraziliense.com.br\/cbradar\/dr-diego-wildberger-aprenda-a-controlar-a-ansiedade-de-forma-simples-e-eficaz\/#breadcrumb"},"inLanguage":"pt-BR","potentialAction":[{"@type":"ReadAction","target":["https:\/\/www.correiobraziliense.com.br\/cbradar\/dr-diego-wildberger-aprenda-a-controlar-a-ansiedade-de-forma-simples-e-eficaz\/"]}]},{"@type":"ImageObject","inLanguage":"pt-BR","@id":"https:\/\/www.correiobraziliense.com.br\/cbradar\/dr-diego-wildberger-aprenda-a-controlar-a-ansiedade-de-forma-simples-e-eficaz\/#primaryimage","url":"https:\/\/www.correiobraziliense.com.br\/cbradar\/wp-content\/uploads\/2025\/12\/Ansiedade_1765306589761.jpg","contentUrl":"https:\/\/www.correiobraziliense.com.br\/cbradar\/wp-content\/uploads\/2025\/12\/Ansiedade_1765306589761.jpg","width":1280,"height":720,"caption":"Ansiedade - Cr\u00e9ditos: depositphotos.com \/ AndrewLozovyi"},{"@type":"BreadcrumbList","@id":"https:\/\/www.correiobraziliense.com.br\/cbradar\/dr-diego-wildberger-aprenda-a-controlar-a-ansiedade-de-forma-simples-e-eficaz\/#breadcrumb","itemListElement":[{"@type":"ListItem","position":1,"name":"In\u00edcio","item":"https:\/\/www.correiobraziliense.com.br\/cbradar\/"},{"@type":"ListItem","position":2,"name":"Dr. Diego Wildberger: aprenda a controlar a Ansiedade de forma simples e eficaz"}]},{"@type":"WebSite","@id":"https:\/\/www.correiobraziliense.com.br\/cbradar\/#website","url":"https:\/\/www.correiobraziliense.com.br\/cbradar\/","name":"Correio Braziliense - Radar","description":"Acompanhe as \u00faltimas not\u00edcias e fique bem informado sobre tudo o que acontece no Brasil e no mundo.","potentialAction":[{"@type":"SearchAction","target":{"@type":"EntryPoint","urlTemplate":"https:\/\/www.correiobraziliense.com.br\/cbradar\/?s={search_term_string}"},"query-input":{"@type":"PropertyValueSpecification","valueRequired":true,"valueName":"search_term_string"}}],"inLanguage":"pt-BR"},{"@type":"Person","@id":"https:\/\/www.correiobraziliense.com.br\/cbradar\/#\/schema\/person\/5aa4bf3c8fa699c267933611de12978b","name":"guilherme_saude","image":{"@type":"ImageObject","inLanguage":"pt-BR","@id":"https:\/\/www.correiobraziliense.com.br\/cbradar\/#\/schema\/person\/image\/","url":"https:\/\/secure.gravatar.com\/avatar\/df9adfb835d344bc0af109d41756253f?s=96&d=mm&r=g","contentUrl":"https:\/\/secure.gravatar.com\/avatar\/df9adfb835d344bc0af109d41756253f?s=96&d=mm&r=g","caption":"guilherme_saude"},"url":"https:\/\/www.correiobraziliense.com.br\/cbradar\/author\/guilherme_saude\/"}]}},"_links":{"self":[{"href":"https:\/\/www.correiobraziliense.com.br\/cbradar\/wp-json\/wp\/v2\/posts\/144911","targetHints":{"allow":["GET"]}}],"collection":[{"href":"https:\/\/www.correiobraziliense.com.br\/cbradar\/wp-json\/wp\/v2\/posts"}],"about":[{"href":"https:\/\/www.correiobraziliense.com.br\/cbradar\/wp-json\/wp\/v2\/types\/post"}],"author":[{"embeddable":true,"href":"https:\/\/www.correiobraziliense.com.br\/cbradar\/wp-json\/wp\/v2\/users\/14"}],"replies":[{"embeddable":true,"href":"https:\/\/www.correiobraziliense.com.br\/cbradar\/wp-json\/wp\/v2\/comments?post=144911"}],"version-history":[{"count":2,"href":"https:\/\/www.correiobraziliense.com.br\/cbradar\/wp-json\/wp\/v2\/posts\/144911\/revisions"}],"predecessor-version":[{"id":153338,"href":"https:\/\/www.correiobraziliense.com.br\/cbradar\/wp-json\/wp\/v2\/posts\/144911\/revisions\/153338"}],"wp:featuredmedia":[{"embeddable":true,"href":"https:\/\/www.correiobraziliense.com.br\/cbradar\/wp-json\/wp\/v2\/media\/153337"}],"wp:attachment":[{"href":"https:\/\/www.correiobraziliense.com.br\/cbradar\/wp-json\/wp\/v2\/media?parent=144911"}],"wp:term":[{"taxonomy":"category","embeddable":true,"href":"https:\/\/www.correiobraziliense.com.br\/cbradar\/wp-json\/wp\/v2\/categories?post=144911"},{"taxonomy":"post_tag","embeddable":true,"href":"https:\/\/www.correiobraziliense.com.br\/cbradar\/wp-json\/wp\/v2\/tags?post=144911"}],"curies":[{"name":"wp","href":"https:\/\/api.w.org\/{rel}","templated":true}]}}