{"id":14494,"date":"2025-03-22T18:30:00","date_gmt":"2025-03-22T21:30:00","guid":{"rendered":"https:\/\/www.correiobraziliense.com.br\/cbradar\/?p=14494"},"modified":"2025-03-21T22:24:13","modified_gmt":"2025-03-22T01:24:13","slug":"os-moradores-desta-cidade-vivem-em-silencio-total","status":"publish","type":"post","link":"https:\/\/www.correiobraziliense.com.br\/cbradar\/os-moradores-desta-cidade-vivem-em-silencio-total\/","title":{"rendered":"Os moradores desta cidade vivem em sil\u00eancio total"},"content":{"rendered":"\n<p>Em uma das paisagens mais isoladas e intocadas do <strong>Hava\u00ed<\/strong>, existe uma cidade praticamente silenciosa, onde o tempo parece ter parado. Essa cidade \u00e9 <strong>Kalawao<\/strong>, localizada na remota pen\u00ednsula de <strong>Kalaupapa<\/strong>, na ilha de <strong>Molokai<\/strong>. Por d\u00e9cadas, Kalawao foi uma <strong>col\u00f4nia de isolamento para pessoas com hansen\u00edase (lepra)<\/strong> \u2013 e at\u00e9 hoje guarda esse legado em sil\u00eancio.<\/p>\n\n\n\n<h2 class=\"wp-block-heading\">Por que Kalawao vive em sil\u00eancio?<\/h2>\n\n\n\n<p>No s\u00e9culo XIX, a hansen\u00edase era uma doen\u00e7a temida e mal compreendida. Como forma de controle, o <strong>governo havaiano<\/strong>, ainda antes da anexa\u00e7\u00e3o pelos EUA, criou leis que prejudicam que pessoas relataram com a doen\u00e7a foram enviadas para <strong>Kalawao<\/strong>, uma regi\u00e3o isolada por penhascos profundos e cercada pelo mar.<\/p>\n\n\n\n<p>Durante mais de 100 anos, cerca de <strong>8 mil pessoas<\/strong> foram obrigadas a viver em Kalawao e, posteriormente, na vizinha <strong>Kalaupapa<\/strong>, longe de suas fam\u00edlias e da sociedade. Com o passar do tempo, os poucos sobreviventes que ainda vivem l\u00e1 optaram por <strong>manter uma vida discreta, com pouca ou nenhuma comunica\u00e7\u00e3o externa<\/strong>. O sil\u00eancio n\u00e3o \u00e9 uma regra oficial, mas \u00e9 uma escolha baseada no <strong>respeito, mem\u00f3ria e solid\u00e3o digna<\/strong>.<\/p>\n\n\n\n<figure class=\"wp-block-image size-large\"><img decoding=\"async\" width=\"1024\" height=\"576\" src=\"https:\/\/www.correiobraziliense.com.br\/cbradar\/wp-content\/uploads\/2025\/03\/Kalaupapa_1742554581019-1024x576.jpg\" alt=\"Os moradores desta cidade vivem em sil\u00eancio total\" class=\"wp-image-14501\" srcset=\"https:\/\/www.correiobraziliense.com.br\/cbradar\/wp-content\/uploads\/2025\/03\/Kalaupapa_1742554581019-1024x576.jpg 1024w, https:\/\/www.correiobraziliense.com.br\/cbradar\/wp-content\/uploads\/2025\/03\/Kalaupapa_1742554581019-300x169.jpg 300w, https:\/\/www.correiobraziliense.com.br\/cbradar\/wp-content\/uploads\/2025\/03\/Kalaupapa_1742554581019-768x432.jpg 768w, https:\/\/www.correiobraziliense.com.br\/cbradar\/wp-content\/uploads\/2025\/03\/Kalaupapa_1742554581019-750x422.jpg 750w, https:\/\/www.correiobraziliense.com.br\/cbradar\/wp-content\/uploads\/2025\/03\/Kalaupapa_1742554581019-1140x641.jpg 1140w, https:\/\/www.correiobraziliense.com.br\/cbradar\/wp-content\/uploads\/2025\/03\/Kalaupapa_1742554581019.jpg 1280w\" sizes=\"(max-width: 1024px) 100vw, 1024px\" \/><figcaption class=\"wp-element-caption\">Kalaupapa. Cr\u00e9ditos: depositphotos.com \/ JasonYU<\/figcaption><\/figure>\n\n\n\n<h2 class=\"wp-block-heading\">Como \u00e9 viver em Kalawao hoje?<\/h2>\n\n\n\n<p>Desde a descoberta da cura para a hansen\u00edase, as interna\u00e7\u00f5es for\u00e7adas acabaram. No entanto, alguns dos antigos moradores <strong>escolheram continuar vivendo na col\u00f4nia<\/strong>, onde constru\u00edram suas vidas. Hoje:<\/p>\n\n\n\n<ul class=\"wp-block-list\">\n<li><strong>A entrada na \u00e1rea \u00e9 restrita<\/strong>, sendo permitida apenas com autoriza\u00e7\u00e3o especial.<\/li>\n\n\n\n<li><strong>N\u00e3o h\u00e1 com\u00e9rcio, escolas ou entretenimento local<\/strong>, apenas resid\u00eancias simples e estruturas m\u00e9dicas.<\/li>\n\n\n\n<li><strong>O contato com o exterior \u00e9 limitado<\/strong>, refor\u00e7ando o clima de introspec\u00e7\u00e3o e paz.<\/li>\n\n\n\n<li><strong>Muitos visitantes relatam a sensa\u00e7\u00e3o de rever\u00eancia ao caminhar pela regi\u00e3o<\/strong>, devido \u00e0 sua hist\u00f3ria e ao sil\u00eancio quase absoluto que domina o local.<\/li>\n<\/ul>\n\n\n\n<h2 class=\"wp-block-heading\">Curiosidades sobre Kalawao<\/h2>\n\n\n\n<ul class=\"wp-block-list\">\n<li><strong>O Padre Damien<\/strong>, mission\u00e1rio belga, dedicou sua vida a cuidar dos doentes em Kalawao e foi canonizado como santo.<\/li>\n\n\n\n<li><strong>Kalaupapa<\/strong>, uma col\u00f4nia vizinha, hoje abriga o Parque Hist\u00f3rico Nacional de Kalaupapa, administrado pelo governo dos EUA.<\/li>\n\n\n\n<li><strong>A pen\u00ednsula \u00e9 acess\u00edvel apenas por avi\u00e3o, barco ou uma trilha estreita com mais de 26 curvas.<\/strong><\/li>\n\n\n\n<li><strong>O sil\u00eancio \u00e9 respeitado como parte da cultura local<\/strong>, e os visitantes s\u00e3o orientados a manter o ambiente tranquilo.<\/li>\n\n\n\n<li><strong>\u00c9 um dos lugares habitados mais isolados dos EUA.<\/strong><\/li>\n<\/ul>\n\n\n\n<p>Kalawao n\u00e3o \u00e9 apenas um lugar silencioso \u2014 \u00e9 um <strong>s\u00edmbolo da luta contra o preconceito, da supera\u00e7\u00e3o e da dignidade humana<\/strong> , onde o sil\u00eancio fala mais do que mil palavras.<\/p>\n\n\n\n<p><\/p>\n","protected":false},"excerpt":{"rendered":"<p>Uma cidade no Hava\u00ed vive em sil\u00eancio quase total, guardando a mem\u00f3ria de uma antiga col\u00f4nia de hansen\u00edase. Conhe\u00e7a sua hist\u00f3ria comovente.<\/p>\n","protected":false},"author":3,"featured_media":14500,"comment_status":"open","ping_status":"open","sticky":false,"template":"","format":"standard","meta":{"_yoast_wpseo_focuskw":"cidade sil\u00eancio total","_yoast_wpseo_title":"%%title%%","_yoast_wpseo_metadesc":"Uma cidade no Hava\u00ed vive em sil\u00eancio quase total, guardando a mem\u00f3ria de uma antiga col\u00f4nia de hansen\u00edase. Conhe\u00e7a sua hist\u00f3ria comovente.","jnews-multi-image_gallery":[],"jnews_single_post":{"format":"standard"},"jnews_primary_category":[],"jnews_social_meta":[],"jnews_override_counter":[],"footnotes":""},"categories":[108],"tags":[109],"class_list":["post-14494","post","type-post","status-publish","format-standard","has-post-thumbnail","hentry","category-cidades","tag-cidades"],"yoast_head":"<!-- This site is optimized with the Yoast SEO plugin v24.6 - https:\/\/yoast.com\/wordpress\/plugins\/seo\/ -->\n<title>Os moradores desta cidade vivem em sil\u00eancio total<\/title>\n<meta name=\"description\" content=\"Uma cidade no Hava\u00ed vive em sil\u00eancio quase total, guardando a mem\u00f3ria de uma antiga col\u00f4nia de hansen\u00edase. Conhe\u00e7a sua hist\u00f3ria comovente.\" \/>\n<meta name=\"robots\" content=\"index, follow, max-snippet:-1, max-image-preview:large, max-video-preview:-1\" \/>\n<link rel=\"canonical\" href=\"https:\/\/www.correiobraziliense.com.br\/cbradar\/os-moradores-desta-cidade-vivem-em-silencio-total\/\" \/>\n<meta property=\"og:locale\" content=\"pt_BR\" \/>\n<meta property=\"og:type\" content=\"article\" \/>\n<meta property=\"og:title\" content=\"Os moradores desta cidade vivem em sil\u00eancio total\" \/>\n<meta property=\"og:description\" content=\"Uma cidade no Hava\u00ed vive em sil\u00eancio quase total, guardando a mem\u00f3ria de uma antiga col\u00f4nia de hansen\u00edase. Conhe\u00e7a sua hist\u00f3ria comovente.\" \/>\n<meta property=\"og:url\" content=\"https:\/\/www.correiobraziliense.com.br\/cbradar\/os-moradores-desta-cidade-vivem-em-silencio-total\/\" \/>\n<meta property=\"og:site_name\" content=\"Correio Braziliense - Radar\" \/>\n<meta property=\"article:published_time\" content=\"2025-03-22T21:30:00+00:00\" \/>\n<meta property=\"og:image\" content=\"https:\/\/www.correiobraziliense.com.br\/cbradar\/wp-content\/uploads\/2025\/03\/Kalaupapa_1742554553856.jpg\" \/>\n\t<meta property=\"og:image:width\" content=\"1279\" \/>\n\t<meta property=\"og:image:height\" content=\"720\" \/>\n\t<meta property=\"og:image:type\" content=\"image\/jpeg\" \/>\n<meta name=\"author\" content=\"Larissa Carvalho\" \/>\n<meta name=\"twitter:card\" content=\"summary_large_image\" \/>\n<meta name=\"twitter:label1\" content=\"Escrito por\" \/>\n\t<meta name=\"twitter:data1\" content=\"Larissa Carvalho\" \/>\n\t<meta name=\"twitter:label2\" content=\"Est. tempo de leitura\" \/>\n\t<meta name=\"twitter:data2\" content=\"3 minutos\" \/>\n<!-- \/ Yoast SEO plugin. -->","yoast_head_json":{"title":"Os moradores desta cidade vivem em sil\u00eancio total","description":"Uma cidade no Hava\u00ed vive em sil\u00eancio quase total, guardando a mem\u00f3ria de uma antiga col\u00f4nia de hansen\u00edase. Conhe\u00e7a sua hist\u00f3ria comovente.","robots":{"index":"index","follow":"follow","max-snippet":"max-snippet:-1","max-image-preview":"max-image-preview:large","max-video-preview":"max-video-preview:-1"},"canonical":"https:\/\/www.correiobraziliense.com.br\/cbradar\/os-moradores-desta-cidade-vivem-em-silencio-total\/","og_locale":"pt_BR","og_type":"article","og_title":"Os moradores desta cidade vivem em sil\u00eancio total","og_description":"Uma cidade no Hava\u00ed vive em sil\u00eancio quase total, guardando a mem\u00f3ria de uma antiga col\u00f4nia de hansen\u00edase. Conhe\u00e7a sua hist\u00f3ria comovente.","og_url":"https:\/\/www.correiobraziliense.com.br\/cbradar\/os-moradores-desta-cidade-vivem-em-silencio-total\/","og_site_name":"Correio Braziliense - Radar","article_published_time":"2025-03-22T21:30:00+00:00","og_image":[{"width":1279,"height":720,"url":"https:\/\/www.correiobraziliense.com.br\/cbradar\/wp-content\/uploads\/2025\/03\/Kalaupapa_1742554553856.jpg","type":"image\/jpeg"}],"author":"Larissa Carvalho","twitter_card":"summary_large_image","twitter_misc":{"Escrito por":"Larissa Carvalho","Est. tempo de leitura":"3 minutos"},"schema":{"@context":"https:\/\/schema.org","@graph":[{"@type":"WebPage","@id":"https:\/\/www.correiobraziliense.com.br\/cbradar\/os-moradores-desta-cidade-vivem-em-silencio-total\/","url":"https:\/\/www.correiobraziliense.com.br\/cbradar\/os-moradores-desta-cidade-vivem-em-silencio-total\/","name":"Os moradores desta cidade vivem em sil\u00eancio total","isPartOf":{"@id":"https:\/\/www.correiobraziliense.com.br\/cbradar\/#website"},"primaryImageOfPage":{"@id":"https:\/\/www.correiobraziliense.com.br\/cbradar\/os-moradores-desta-cidade-vivem-em-silencio-total\/#primaryimage"},"image":{"@id":"https:\/\/www.correiobraziliense.com.br\/cbradar\/os-moradores-desta-cidade-vivem-em-silencio-total\/#primaryimage"},"thumbnailUrl":"https:\/\/www.correiobraziliense.com.br\/cbradar\/wp-content\/uploads\/2025\/03\/Kalaupapa_1742554553856.jpg","datePublished":"2025-03-22T21:30:00+00:00","author":{"@id":"https:\/\/www.correiobraziliense.com.br\/cbradar\/#\/schema\/person\/58422787644df994b53a19d3e56c1513"},"description":"Uma cidade no Hava\u00ed vive em sil\u00eancio quase total, guardando a mem\u00f3ria de uma antiga col\u00f4nia de hansen\u00edase. Conhe\u00e7a sua hist\u00f3ria comovente.","breadcrumb":{"@id":"https:\/\/www.correiobraziliense.com.br\/cbradar\/os-moradores-desta-cidade-vivem-em-silencio-total\/#breadcrumb"},"inLanguage":"pt-BR","potentialAction":[{"@type":"ReadAction","target":["https:\/\/www.correiobraziliense.com.br\/cbradar\/os-moradores-desta-cidade-vivem-em-silencio-total\/"]}]},{"@type":"ImageObject","inLanguage":"pt-BR","@id":"https:\/\/www.correiobraziliense.com.br\/cbradar\/os-moradores-desta-cidade-vivem-em-silencio-total\/#primaryimage","url":"https:\/\/www.correiobraziliense.com.br\/cbradar\/wp-content\/uploads\/2025\/03\/Kalaupapa_1742554553856.jpg","contentUrl":"https:\/\/www.correiobraziliense.com.br\/cbradar\/wp-content\/uploads\/2025\/03\/Kalaupapa_1742554553856.jpg","width":1279,"height":720,"caption":"Kalaupapa. Cr\u00e9ditos: depositphotos.com \/ sainaniritu"},{"@type":"BreadcrumbList","@id":"https:\/\/www.correiobraziliense.com.br\/cbradar\/os-moradores-desta-cidade-vivem-em-silencio-total\/#breadcrumb","itemListElement":[{"@type":"ListItem","position":1,"name":"In\u00edcio","item":"https:\/\/www.correiobraziliense.com.br\/cbradar\/"},{"@type":"ListItem","position":2,"name":"Os moradores desta cidade vivem em sil\u00eancio total"}]},{"@type":"WebSite","@id":"https:\/\/www.correiobraziliense.com.br\/cbradar\/#website","url":"https:\/\/www.correiobraziliense.com.br\/cbradar\/","name":"Correio Braziliense - Radar","description":"Acompanhe as \u00faltimas not\u00edcias e fique bem informado sobre tudo o que acontece no Brasil e no mundo.","potentialAction":[{"@type":"SearchAction","target":{"@type":"EntryPoint","urlTemplate":"https:\/\/www.correiobraziliense.com.br\/cbradar\/?s={search_term_string}"},"query-input":{"@type":"PropertyValueSpecification","valueRequired":true,"valueName":"search_term_string"}}],"inLanguage":"pt-BR"},{"@type":"Person","@id":"https:\/\/www.correiobraziliense.com.br\/cbradar\/#\/schema\/person\/58422787644df994b53a19d3e56c1513","name":"Larissa Carvalho","image":{"@type":"ImageObject","inLanguage":"pt-BR","@id":"https:\/\/www.correiobraziliense.com.br\/cbradar\/#\/schema\/person\/image\/","url":"https:\/\/secure.gravatar.com\/avatar\/fe4f91a0de32b52a838d0d612abdc1aa?s=96&d=mm&r=g","contentUrl":"https:\/\/secure.gravatar.com\/avatar\/fe4f91a0de32b52a838d0d612abdc1aa?s=96&d=mm&r=g","caption":"Larissa Carvalho"},"url":"https:\/\/www.correiobraziliense.com.br\/cbradar\/author\/larissamyth\/"}]}},"_links":{"self":[{"href":"https:\/\/www.correiobraziliense.com.br\/cbradar\/wp-json\/wp\/v2\/posts\/14494","targetHints":{"allow":["GET"]}}],"collection":[{"href":"https:\/\/www.correiobraziliense.com.br\/cbradar\/wp-json\/wp\/v2\/posts"}],"about":[{"href":"https:\/\/www.correiobraziliense.com.br\/cbradar\/wp-json\/wp\/v2\/types\/post"}],"author":[{"embeddable":true,"href":"https:\/\/www.correiobraziliense.com.br\/cbradar\/wp-json\/wp\/v2\/users\/3"}],"replies":[{"embeddable":true,"href":"https:\/\/www.correiobraziliense.com.br\/cbradar\/wp-json\/wp\/v2\/comments?post=14494"}],"version-history":[{"count":1,"href":"https:\/\/www.correiobraziliense.com.br\/cbradar\/wp-json\/wp\/v2\/posts\/14494\/revisions"}],"predecessor-version":[{"id":14502,"href":"https:\/\/www.correiobraziliense.com.br\/cbradar\/wp-json\/wp\/v2\/posts\/14494\/revisions\/14502"}],"wp:featuredmedia":[{"embeddable":true,"href":"https:\/\/www.correiobraziliense.com.br\/cbradar\/wp-json\/wp\/v2\/media\/14500"}],"wp:attachment":[{"href":"https:\/\/www.correiobraziliense.com.br\/cbradar\/wp-json\/wp\/v2\/media?parent=14494"}],"wp:term":[{"taxonomy":"category","embeddable":true,"href":"https:\/\/www.correiobraziliense.com.br\/cbradar\/wp-json\/wp\/v2\/categories?post=14494"},{"taxonomy":"post_tag","embeddable":true,"href":"https:\/\/www.correiobraziliense.com.br\/cbradar\/wp-json\/wp\/v2\/tags?post=14494"}],"curies":[{"name":"wp","href":"https:\/\/api.w.org\/{rel}","templated":true}]}}