{"id":14495,"date":"2025-03-22T20:10:00","date_gmt":"2025-03-22T23:10:00","guid":{"rendered":"https:\/\/www.correiobraziliense.com.br\/cbradar\/?p=14495"},"modified":"2025-03-21T22:23:33","modified_gmt":"2025-03-22T01:23:33","slug":"conheca-a-cidade-onde-os-mortos-sao-enterrados-dentro-das-casas","status":"publish","type":"post","link":"https:\/\/www.correiobraziliense.com.br\/cbradar\/conheca-a-cidade-onde-os-mortos-sao-enterrados-dentro-das-casas\/","title":{"rendered":"Conhe\u00e7a a cidade onde os mortos s\u00e3o enterrados dentro das casas"},"content":{"rendered":"\n<p>Na ilha de <strong>Sulawesi<\/strong>, na <strong>Indon\u00e9sia<\/strong>, existe uma regi\u00e3o montanhosa onde a <strong>vida e a morte caminham lado a lado<\/strong>. Em <strong>Tana Toraja<\/strong>, os mortos n\u00e3o s\u00e3o apenas lembrados \u2013 eles permanecem <strong>dentro das casas das fam\u00edlias<\/strong>, em caix\u00f5es bem cuidados, como parte da conviv\u00eancia cotidiana.<\/p>\n\n\n\n<h2 class=\"wp-block-heading\">Por que os mortos vivem entre os vivos em Tana Toraja?<\/h2>\n\n\n\n<p>A cultura <strong>torajana<\/strong> tem uma rela\u00e7\u00e3o completamente diferente da morte. Para eles, <strong>a morte n\u00e3o \u00e9 o fim imediato da vida<\/strong>, mas o in\u00edcio de uma longa transi\u00e7\u00e3o espiritual. Ap\u00f3s o falecimento, o corpo \u00e9 desligado em casa por <strong>meses ou at\u00e9 anos<\/strong>, sendo tratado como algu\u00e9m apenas &#8220;doente&#8221; ou &#8220;descansando&#8221;.<\/p>\n\n\n\n<p>Durante esse per\u00edodo:<\/p>\n\n\n\n<ul class=\"wp-block-list\">\n<li><strong>Os cuidam do falecido<\/strong>, levando comida, conversando e convivendo familiares normalmente com o corpo.<\/li>\n\n\n\n<li><strong>O cad\u00e1ver \u00e9 embalsamado<\/strong> e mantido com rem\u00e9dios tradicionais e modernos para evitar a instabilidade.<\/li>\n\n\n\n<li><strong>O funeral s\u00f3 acontece depois que uma fam\u00edlia consegue reunir dinheiro suficiente<\/strong>, j\u00e1 que as cerim\u00f4nias podem durar dias e o envolvimento de centenas de convidados, sacrif\u00edcios de animais e rituais ancestrais.<\/li>\n<\/ul>\n\n\n\n<figure class=\"wp-block-image size-large\"><img decoding=\"async\" width=\"1024\" height=\"576\" src=\"https:\/\/www.correiobraziliense.com.br\/cbradar\/wp-content\/uploads\/2025\/03\/Sulawesi_1742554707055-1024x576.jpg\" alt=\"Conhe\u00e7a a cidade onde os mortos s\u00e3o enterrados dentro das casas\" class=\"wp-image-14504\" srcset=\"https:\/\/www.correiobraziliense.com.br\/cbradar\/wp-content\/uploads\/2025\/03\/Sulawesi_1742554707055-1024x576.jpg 1024w, https:\/\/www.correiobraziliense.com.br\/cbradar\/wp-content\/uploads\/2025\/03\/Sulawesi_1742554707055-300x169.jpg 300w, https:\/\/www.correiobraziliense.com.br\/cbradar\/wp-content\/uploads\/2025\/03\/Sulawesi_1742554707055-768x432.jpg 768w, https:\/\/www.correiobraziliense.com.br\/cbradar\/wp-content\/uploads\/2025\/03\/Sulawesi_1742554707055-750x422.jpg 750w, https:\/\/www.correiobraziliense.com.br\/cbradar\/wp-content\/uploads\/2025\/03\/Sulawesi_1742554707055-1140x641.jpg 1140w, https:\/\/www.correiobraziliense.com.br\/cbradar\/wp-content\/uploads\/2025\/03\/Sulawesi_1742554707055.jpg 1280w\" sizes=\"(max-width: 1024px) 100vw, 1024px\" \/><figcaption class=\"wp-element-caption\">Sulawesi. Cr\u00e9ditos: depositphotos.com \/ MichalKnitl<\/figcaption><\/figure>\n\n\n\n<h2 class=\"wp-block-heading\">Como s\u00e3o os enterros em Tana Toraja?<\/h2>\n\n\n\n<p>Ap\u00f3s a cerim\u00f4nia f\u00fanebre, os corpos s\u00e3o colocados em locais \u00fanicos e sagrados, como:<\/p>\n\n\n\n<ul class=\"wp-block-list\">\n<li><strong>T\u00famulos esculpidos em fal\u00e9sias<\/strong>, acess\u00edveis apenas por cordas.<\/li>\n\n\n\n<li><strong>Cavernas naturais<\/strong>, onde gera\u00e7\u00f5es da mesma fam\u00edlia descansam juntas.<\/li>\n\n\n\n<li><strong>Dentro das pr\u00f3prias casas<\/strong>, especialmente em vilarejos mais tradicionais.<\/li>\n<\/ul>\n\n\n\n<p>Al\u00e9m disso, uma tradi\u00e7\u00e3o impressionante acontece anualmente: o <strong>Ma&#8217;nene<\/strong>, ou &#8220;cerim\u00f4nia de limpeza dos mortos&#8221;. Nela, os cad\u00e1veres s\u00e3o desenterrados, <strong>vestidos com roupas novas, penteados e apresentados \u00e0 comunidade<\/strong>, em um ritual de honra e continuidade dos la\u00e7os familiares.<\/p>\n\n\n\n<h2 class=\"wp-block-heading\">Curiosidades sobre Tana Toraja<\/h2>\n\n\n\n<ul class=\"wp-block-list\">\n<li><strong>A arquitetura das casas torajanas<\/strong>, chamadas <em>tongkonan<\/em>, \u00e9 marcada por telhados em formato de barco.<\/li>\n\n\n\n<li><strong>Os funerais podem durar at\u00e9 uma semana e custar mais do que uma casa.<\/strong><\/li>\n\n\n\n<li><strong>Os mortos s\u00e3o considerados parte ativa da fam\u00edlia at\u00e9 o enterro final.<\/strong><\/li>\n\n\n\n<li><strong>Durante o Ma&#8217;nene, os pais tiraram fotos com os corpos vestidos e arrumados.<\/strong><\/li>\n\n\n\n<li><strong>Tana Toraja \u00e9 um dos poucos lugares do mundo onde os mortos s\u00e3o mantidos em casa sem tabu.<\/strong><\/li>\n<\/ul>\n\n\n\n<p>Em <strong>Tana Toraja<\/strong>, a morte n\u00e3o separa \u2013 ela une. \u00c9 um processo longo, \u00edntimo e profundamente espiritual, que transforma o luto em um <strong>ato de amor e honra cont\u00ednuo<\/strong>.<\/p>\n\n\n\n<p><\/p>\n","protected":false},"excerpt":{"rendered":"<p>Em uma cidade da Indon\u00e9sia, os mortos permaneceram nas casas por meses ou anos. Conhe\u00e7a sua impressionante tradi\u00e7\u00e3o funer\u00e1ria.<\/p>\n","protected":false},"author":3,"featured_media":14503,"comment_status":"open","ping_status":"open","sticky":false,"template":"","format":"standard","meta":{"_yoast_wpseo_focuskw":"cidade mortos casas","_yoast_wpseo_title":"%%title%%","_yoast_wpseo_metadesc":"Em uma cidade da Indon\u00e9sia, os mortos permaneceram nas casas por meses ou anos. Conhe\u00e7a sua impressionante tradi\u00e7\u00e3o funer\u00e1ria.","jnews-multi-image_gallery":[],"jnews_single_post":{"format":"standard"},"jnews_primary_category":[],"jnews_social_meta":[],"jnews_override_counter":[],"footnotes":""},"categories":[108],"tags":[109],"class_list":["post-14495","post","type-post","status-publish","format-standard","has-post-thumbnail","hentry","category-cidades","tag-cidades"],"yoast_head":"<!-- This site is optimized with the Yoast SEO plugin v24.6 - https:\/\/yoast.com\/wordpress\/plugins\/seo\/ -->\n<title>Conhe\u00e7a a cidade onde os mortos s\u00e3o enterrados dentro das casas<\/title>\n<meta name=\"description\" content=\"Em uma cidade da Indon\u00e9sia, os mortos permaneceram nas casas por meses ou anos. Conhe\u00e7a sua impressionante tradi\u00e7\u00e3o funer\u00e1ria.\" \/>\n<meta name=\"robots\" content=\"index, follow, max-snippet:-1, max-image-preview:large, max-video-preview:-1\" \/>\n<link rel=\"canonical\" href=\"https:\/\/www.correiobraziliense.com.br\/cbradar\/conheca-a-cidade-onde-os-mortos-sao-enterrados-dentro-das-casas\/\" \/>\n<meta property=\"og:locale\" content=\"pt_BR\" \/>\n<meta property=\"og:type\" content=\"article\" \/>\n<meta property=\"og:title\" content=\"Conhe\u00e7a a cidade onde os mortos s\u00e3o enterrados dentro das casas\" \/>\n<meta property=\"og:description\" content=\"Em uma cidade da Indon\u00e9sia, os mortos permaneceram nas casas por meses ou anos. Conhe\u00e7a sua impressionante tradi\u00e7\u00e3o funer\u00e1ria.\" \/>\n<meta property=\"og:url\" content=\"https:\/\/www.correiobraziliense.com.br\/cbradar\/conheca-a-cidade-onde-os-mortos-sao-enterrados-dentro-das-casas\/\" \/>\n<meta property=\"og:site_name\" content=\"Correio Braziliense - Radar\" \/>\n<meta property=\"article:published_time\" content=\"2025-03-22T23:10:00+00:00\" \/>\n<meta property=\"og:image\" content=\"https:\/\/www.correiobraziliense.com.br\/cbradar\/wp-content\/uploads\/2025\/03\/Sulawesi_1742554679568.jpg\" \/>\n\t<meta property=\"og:image:width\" content=\"1280\" \/>\n\t<meta property=\"og:image:height\" content=\"720\" \/>\n\t<meta property=\"og:image:type\" content=\"image\/jpeg\" \/>\n<meta name=\"author\" content=\"Larissa Carvalho\" \/>\n<meta name=\"twitter:card\" content=\"summary_large_image\" \/>\n<meta name=\"twitter:label1\" content=\"Escrito por\" \/>\n\t<meta name=\"twitter:data1\" content=\"Larissa Carvalho\" \/>\n\t<meta name=\"twitter:label2\" content=\"Est. tempo de leitura\" \/>\n\t<meta name=\"twitter:data2\" content=\"3 minutos\" \/>\n<!-- \/ Yoast SEO plugin. -->","yoast_head_json":{"title":"Conhe\u00e7a a cidade onde os mortos s\u00e3o enterrados dentro das casas","description":"Em uma cidade da Indon\u00e9sia, os mortos permaneceram nas casas por meses ou anos. Conhe\u00e7a sua impressionante tradi\u00e7\u00e3o funer\u00e1ria.","robots":{"index":"index","follow":"follow","max-snippet":"max-snippet:-1","max-image-preview":"max-image-preview:large","max-video-preview":"max-video-preview:-1"},"canonical":"https:\/\/www.correiobraziliense.com.br\/cbradar\/conheca-a-cidade-onde-os-mortos-sao-enterrados-dentro-das-casas\/","og_locale":"pt_BR","og_type":"article","og_title":"Conhe\u00e7a a cidade onde os mortos s\u00e3o enterrados dentro das casas","og_description":"Em uma cidade da Indon\u00e9sia, os mortos permaneceram nas casas por meses ou anos. Conhe\u00e7a sua impressionante tradi\u00e7\u00e3o funer\u00e1ria.","og_url":"https:\/\/www.correiobraziliense.com.br\/cbradar\/conheca-a-cidade-onde-os-mortos-sao-enterrados-dentro-das-casas\/","og_site_name":"Correio Braziliense - Radar","article_published_time":"2025-03-22T23:10:00+00:00","og_image":[{"width":1280,"height":720,"url":"https:\/\/www.correiobraziliense.com.br\/cbradar\/wp-content\/uploads\/2025\/03\/Sulawesi_1742554679568.jpg","type":"image\/jpeg"}],"author":"Larissa Carvalho","twitter_card":"summary_large_image","twitter_misc":{"Escrito por":"Larissa Carvalho","Est. tempo de leitura":"3 minutos"},"schema":{"@context":"https:\/\/schema.org","@graph":[{"@type":"WebPage","@id":"https:\/\/www.correiobraziliense.com.br\/cbradar\/conheca-a-cidade-onde-os-mortos-sao-enterrados-dentro-das-casas\/","url":"https:\/\/www.correiobraziliense.com.br\/cbradar\/conheca-a-cidade-onde-os-mortos-sao-enterrados-dentro-das-casas\/","name":"Conhe\u00e7a a cidade onde os mortos s\u00e3o enterrados dentro das casas","isPartOf":{"@id":"https:\/\/www.correiobraziliense.com.br\/cbradar\/#website"},"primaryImageOfPage":{"@id":"https:\/\/www.correiobraziliense.com.br\/cbradar\/conheca-a-cidade-onde-os-mortos-sao-enterrados-dentro-das-casas\/#primaryimage"},"image":{"@id":"https:\/\/www.correiobraziliense.com.br\/cbradar\/conheca-a-cidade-onde-os-mortos-sao-enterrados-dentro-das-casas\/#primaryimage"},"thumbnailUrl":"https:\/\/www.correiobraziliense.com.br\/cbradar\/wp-content\/uploads\/2025\/03\/Sulawesi_1742554679568.jpg","datePublished":"2025-03-22T23:10:00+00:00","author":{"@id":"https:\/\/www.correiobraziliense.com.br\/cbradar\/#\/schema\/person\/58422787644df994b53a19d3e56c1513"},"description":"Em uma cidade da Indon\u00e9sia, os mortos permaneceram nas casas por meses ou anos. Conhe\u00e7a sua impressionante tradi\u00e7\u00e3o funer\u00e1ria.","breadcrumb":{"@id":"https:\/\/www.correiobraziliense.com.br\/cbradar\/conheca-a-cidade-onde-os-mortos-sao-enterrados-dentro-das-casas\/#breadcrumb"},"inLanguage":"pt-BR","potentialAction":[{"@type":"ReadAction","target":["https:\/\/www.correiobraziliense.com.br\/cbradar\/conheca-a-cidade-onde-os-mortos-sao-enterrados-dentro-das-casas\/"]}]},{"@type":"ImageObject","inLanguage":"pt-BR","@id":"https:\/\/www.correiobraziliense.com.br\/cbradar\/conheca-a-cidade-onde-os-mortos-sao-enterrados-dentro-das-casas\/#primaryimage","url":"https:\/\/www.correiobraziliense.com.br\/cbradar\/wp-content\/uploads\/2025\/03\/Sulawesi_1742554679568.jpg","contentUrl":"https:\/\/www.correiobraziliense.com.br\/cbradar\/wp-content\/uploads\/2025\/03\/Sulawesi_1742554679568.jpg","width":1280,"height":720,"caption":"Sulawesi. Cr\u00e9ditos: depositphotos.com \/ artush"},{"@type":"BreadcrumbList","@id":"https:\/\/www.correiobraziliense.com.br\/cbradar\/conheca-a-cidade-onde-os-mortos-sao-enterrados-dentro-das-casas\/#breadcrumb","itemListElement":[{"@type":"ListItem","position":1,"name":"In\u00edcio","item":"https:\/\/www.correiobraziliense.com.br\/cbradar\/"},{"@type":"ListItem","position":2,"name":"Conhe\u00e7a a cidade onde os mortos s\u00e3o enterrados dentro das casas"}]},{"@type":"WebSite","@id":"https:\/\/www.correiobraziliense.com.br\/cbradar\/#website","url":"https:\/\/www.correiobraziliense.com.br\/cbradar\/","name":"Correio Braziliense - Radar","description":"Acompanhe as \u00faltimas not\u00edcias e fique bem informado sobre tudo o que acontece no Brasil e no mundo.","potentialAction":[{"@type":"SearchAction","target":{"@type":"EntryPoint","urlTemplate":"https:\/\/www.correiobraziliense.com.br\/cbradar\/?s={search_term_string}"},"query-input":{"@type":"PropertyValueSpecification","valueRequired":true,"valueName":"search_term_string"}}],"inLanguage":"pt-BR"},{"@type":"Person","@id":"https:\/\/www.correiobraziliense.com.br\/cbradar\/#\/schema\/person\/58422787644df994b53a19d3e56c1513","name":"Larissa Carvalho","image":{"@type":"ImageObject","inLanguage":"pt-BR","@id":"https:\/\/www.correiobraziliense.com.br\/cbradar\/#\/schema\/person\/image\/","url":"https:\/\/secure.gravatar.com\/avatar\/fe4f91a0de32b52a838d0d612abdc1aa?s=96&d=mm&r=g","contentUrl":"https:\/\/secure.gravatar.com\/avatar\/fe4f91a0de32b52a838d0d612abdc1aa?s=96&d=mm&r=g","caption":"Larissa Carvalho"},"url":"https:\/\/www.correiobraziliense.com.br\/cbradar\/author\/larissamyth\/"}]}},"_links":{"self":[{"href":"https:\/\/www.correiobraziliense.com.br\/cbradar\/wp-json\/wp\/v2\/posts\/14495","targetHints":{"allow":["GET"]}}],"collection":[{"href":"https:\/\/www.correiobraziliense.com.br\/cbradar\/wp-json\/wp\/v2\/posts"}],"about":[{"href":"https:\/\/www.correiobraziliense.com.br\/cbradar\/wp-json\/wp\/v2\/types\/post"}],"author":[{"embeddable":true,"href":"https:\/\/www.correiobraziliense.com.br\/cbradar\/wp-json\/wp\/v2\/users\/3"}],"replies":[{"embeddable":true,"href":"https:\/\/www.correiobraziliense.com.br\/cbradar\/wp-json\/wp\/v2\/comments?post=14495"}],"version-history":[{"count":1,"href":"https:\/\/www.correiobraziliense.com.br\/cbradar\/wp-json\/wp\/v2\/posts\/14495\/revisions"}],"predecessor-version":[{"id":14505,"href":"https:\/\/www.correiobraziliense.com.br\/cbradar\/wp-json\/wp\/v2\/posts\/14495\/revisions\/14505"}],"wp:featuredmedia":[{"embeddable":true,"href":"https:\/\/www.correiobraziliense.com.br\/cbradar\/wp-json\/wp\/v2\/media\/14503"}],"wp:attachment":[{"href":"https:\/\/www.correiobraziliense.com.br\/cbradar\/wp-json\/wp\/v2\/media?parent=14495"}],"wp:term":[{"taxonomy":"category","embeddable":true,"href":"https:\/\/www.correiobraziliense.com.br\/cbradar\/wp-json\/wp\/v2\/categories?post=14495"},{"taxonomy":"post_tag","embeddable":true,"href":"https:\/\/www.correiobraziliense.com.br\/cbradar\/wp-json\/wp\/v2\/tags?post=14495"}],"curies":[{"name":"wp","href":"https:\/\/api.w.org\/{rel}","templated":true}]}}