{"id":144964,"date":"2025-11-26T12:05:00","date_gmt":"2025-11-26T15:05:00","guid":{"rendered":"https:\/\/www.correiobraziliense.com.br\/cbradar\/?p=144964"},"modified":"2025-11-25T19:23:30","modified_gmt":"2025-11-25T22:23:30","slug":"as-3-tecnicas-mais-eficazes-para-reduzir-a-ansiedade","status":"publish","type":"post","link":"https:\/\/www.correiobraziliense.com.br\/cbradar\/as-3-tecnicas-mais-eficazes-para-reduzir-a-ansiedade\/","title":{"rendered":"As 3 t\u00e9cnicas mais eficazes para reduzir a Ansiedade"},"content":{"rendered":"\n<p>A <strong>Ansiedade <\/strong>\u00e9 uma resposta instintiva do nosso organismo que nos alerta frente ao stress. No entanto, certos comportamentos di\u00e1rios podem aumentar essa sensa\u00e7\u00e3o sem que percebamos. Identificar esses h\u00e1bitos e adotar novas abordagens s\u00e3o passos cruciais para melhorar a sa\u00fade mental. Estudos sugerem que mudan\u00e7as m\u00ednimas no dia a dia podem levar a um controle mais eficaz da Ansiedade.<\/p>\n\n\n\n<p>\u00c9 comum n\u00e3o dar a devida aten\u00e7\u00e3o aos sintomas iniciais de Ansiedade, como m\u00fasculos tensos, respira\u00e7\u00e3o ofegante e batimentos card\u00edacos acelerados. Ignorar esses ind\u00edcios pode levar a um aumento da Ansiedade e tornar o seu controle mais dif\u00edcil. Portanto, reconhecer e responder a esses sinais \u00e9 um passo fundamental.<\/p>\n\n\n\n<h2 class=\"wp-block-heading\">Como evitar h\u00e1bitos que pioram a Ansiedade?<\/h2>\n\n\n\n<p>Existem comportamentos rotineiros que, sem percebermos, podem exacerbar nossa Ansiedade. Estar ciente desses padr\u00f5es \u00e9 vital para preveni-los. O uso excessivo de cafe\u00edna \u00e9 conhecido por aumentar a tens\u00e3o e a ingest\u00e3o de bebidas energ\u00e9ticas pode agravar essa situa\u00e7\u00e3o. Da mesma forma, passar muito tempo em redes sociais pode resultar em sobrecarga de informa\u00e7\u00f5es e provocar compara\u00e7\u00f5es desnecess\u00e1rias. Acumular tarefas por procrastina\u00e7\u00e3o tamb\u00e9m pode elevar os n\u00edveis de estresse.<\/p>\n\n\n\n<ul class=\"wp-block-list\">\n<li>Consumo elevado de cafe\u00edna;<\/li>\n\n\n\n<li>Exposi\u00e7\u00e3o prolongada \u00e0s m\u00eddias sociais;<\/li>\n\n\n\n<li>Deixar acumular tarefas por procrastina\u00e7\u00e3o.<\/li>\n<\/ul>\n\n\n\n<h2 class=\"wp-block-heading\">Quais as pr\u00e1ticas saud\u00e1veis para gerenciar a Ansiedade?<\/h2>\n\n\n\n<p>Embora algumas estrat\u00e9gias para lidar com a Ansiedade possam parecer \u00fateis, elas podem ter efeitos adversos a longo prazo. Evitar regularmente situa\u00e7\u00f5es estressantes pode aumentar os medos, e o uso excessivo de \u00e1lcool ou alimentos processados como fuga pode prejudicar ainda mais o bem-estar. O isolamento social pode tamb\u00e9m reduzir o apoio emocional, agravando a sensa\u00e7\u00e3o de solid\u00e3o. Por isso, \u00e9 importante adotar h\u00e1bitos mais construtivos, como a pr\u00e1tica de exerc\u00edcios f\u00edsicos e t\u00e9cnicas de aten\u00e7\u00e3o plena.<\/p>\n\n\n<div class=\"wp-block-image\">\n<figure class=\"aligncenter size-large\"><img decoding=\"async\" width=\"1024\" height=\"576\" src=\"https:\/\/www.correiobraziliense.com.br\/cbradar\/wp-content\/uploads\/2025\/10\/Ansiedade-_1761846024174-1024x576.jpg\" alt=\"\" class=\"wp-image-128521\" srcset=\"https:\/\/www.correiobraziliense.com.br\/cbradar\/wp-content\/uploads\/2025\/10\/Ansiedade-_1761846024174-1024x576.jpg 1024w, https:\/\/www.correiobraziliense.com.br\/cbradar\/wp-content\/uploads\/2025\/10\/Ansiedade-_1761846024174-300x169.jpg 300w, https:\/\/www.correiobraziliense.com.br\/cbradar\/wp-content\/uploads\/2025\/10\/Ansiedade-_1761846024174-768x432.jpg 768w, https:\/\/www.correiobraziliense.com.br\/cbradar\/wp-content\/uploads\/2025\/10\/Ansiedade-_1761846024174-750x422.jpg 750w, https:\/\/www.correiobraziliense.com.br\/cbradar\/wp-content\/uploads\/2025\/10\/Ansiedade-_1761846024174-1140x641.jpg 1140w, https:\/\/www.correiobraziliense.com.br\/cbradar\/wp-content\/uploads\/2025\/10\/Ansiedade-_1761846024174.jpg 1280w\" sizes=\"(max-width: 1024px) 100vw, 1024px\" \/><figcaption class=\"wp-element-caption\">Ansiedade &#8211; Cr\u00e9ditos: depositphotos.com \/ AndrewLozovyi<\/figcaption><\/figure><\/div>\n\n\n<h2 class=\"wp-block-heading\">Existem t\u00e9cnicas eficazes para reduzir a Ansiedade?<\/h2>\n\n\n\n<p>Metodologias eficazes s\u00e3o essenciais para controlar a Ansiedade de forma eficiente. T\u00e9cnicas de respira\u00e7\u00e3o profunda s\u00e3o ben\u00e9ficas para diminuir a tens\u00e3o e estabilizar o ritmo card\u00edaco. A pr\u00e1tica regular de exerc\u00edcios f\u00edsicos libera endorfinas, proporcionando uma sensa\u00e7\u00e3o de bem-estar. Mindfulness ajuda a focar no momento presente, aliviando preocupa\u00e7\u00f5es. Planejar e organizar tarefas tamb\u00e9m ajuda a minimizar a sensa\u00e7\u00e3o de sobrecarga, enquanto o apoio social \u00e9 crucial para fortalecer a resili\u00eancia emocional.<\/p>\n\n\n\n<p>Estudos indicam que a combina\u00e7\u00e3o dessas pr\u00e1ticas pode melhorar significativamente a <a href=\"https:\/\/www.correiobraziliense.com.br\/cbradar\/o-exame-ocular-que-ajuda-a-detectar-doencas-antes-dos-sintomas\/\" target=\"_blank\" rel=\"noreferrer noopener\">sa\u00fade <\/a>emocional e reduzir os n\u00edveis de Ansiedade ao longo do tempo.<\/p>\n\n\n\n<h2 class=\"wp-block-heading\">Perguntas frequentes sobre Ansiedade<\/h2>\n\n\n\n<p><strong>Os rem\u00e9dios s\u00e3o sempre necess\u00e1rios para tratar a Ansiedade?<\/strong><br>Nem sempre. Mudan\u00e7as no estilo de vida e t\u00e9cnicas de relaxamento podem ser altamente eficazes.<\/p>\n\n\n\n<p><strong>Evitar situa\u00e7\u00f5es ansiog\u00eanicas \u00e9 uma boa estrat\u00e9gia?<\/strong><br>N\u00e3o necessariamente. Enfrentar tais situa\u00e7\u00f5es aos poucos pode ser uma abordagem mais eficaz e construtiva.<\/p>\n\n\n\n<p><strong>Comunicar-se sobre Ansiedade<\/strong> <strong>pode ajudar?<\/strong><br>Sim, compartilhar experi\u00eancias pode aliviar a sensa\u00e7\u00e3o de isolamento e fomentar apoio emocional.<\/p>\n\n\n\n<p><strong>Atividades f\u00edsicas curtas realmente ajudam?<\/strong><br>Sim, mesmo breves exerc\u00edcios podem proporcionar al\u00edvio significativo para a Ansiedade.<\/p>\n\n\n<a href=\"https:\/\/www.instagram.com\/dra.annaluisabf\/\" target=\"_blank\" rel=\"noopener\" style=\"text-decoration: none; color: inherit;\">\n    <span style=\"display: inline-block; border: 1px solid #ccc; border-radius: 10px; padding: 15px; max-width: 550px; font-family: sans-serif; box-shadow: 0 2px 5px rgba(0,0,0,0.1); width: 100%;\">\n\n      <!-- T\u00edtulo -->\n      <span style=\"display: block; margin: 0 0 15px 0; font-weight: bold; color: #2c3e50; text-align: center;\">\n        Entre em contato:\n      <\/span>\n\n      <!-- Linha do perfil -->\n      <span style=\"display: flex; align-items: center; gap: 15px;\">\n        <img decoding=\"async\"\n          src=\"https:\/\/www.correiobraziliense.com.br\/cbradar\/wp-content\/uploads\/2025\/08\/dra_anna_luisa.jpeg\"\n          alt=\"Foto da Dra. Anna Lu\u00edsa\"\n          style=\"border-radius: 50%; width: 80px; height: 80px; object-fit: cover;\"\n        \/>\n        <span style=\"display: flex; flex-direction: column;\">\n          <span style=\"font-size: 18px; font-weight: 700; color: #2c3e50;\">Dra. Anna Lu\u00edsa Barbosa Fernandes<\/span>\n          <span style=\"color: #555;\">CRM-GO 33.271<\/span>\n        <\/span>\n      <\/span>\n\n      <!-- Redes -->\n      <span style=\"display: flex; align-items: center; gap: 10px; margin-top: 12px;\">\n        <img decoding=\"async\" src=\"https:\/\/cdn-icons-png.flaticon.com\/24\/1384\/1384063.png\" alt=\"Instagram\" width=\"24\" height=\"24\" \/>\n        <span style=\"text-decoration: underline; color: #2c3e50;\">@dra.annaluisabf<\/span>\n      <\/span>\n\n    <\/span>\n  <\/a>","protected":false},"excerpt":{"rendered":"<p>A Ansiedade \u00e9 uma resposta instintiva do nosso organismo que nos alerta frente ao stress. No entanto, certos comportamentos di\u00e1rios podem aumentar essa sensa\u00e7\u00e3o sem que percebamos. Identificar esses h\u00e1bitos e adotar novas abordagens s\u00e3o passos cruciais para melhorar a sa\u00fade mental. Estudos sugerem que mudan\u00e7as m\u00ednimas no dia a dia podem levar a um [&hellip;]<\/p>\n","protected":false},"author":14,"featured_media":45683,"comment_status":"open","ping_status":"open","sticky":false,"template":"","format":"standard","meta":{"_yoast_wpseo_focuskw":"Ansiedade","_yoast_wpseo_title":"","_yoast_wpseo_metadesc":"A ansiedade pode estar sendo agravada por h\u00e1bitos di\u00e1rios discretos. Descubra quais comportamentos sabotam sua mente e como revert\u00ea-los.","jnews-multi-image_gallery":[],"jnews_single_post":{"format":"standard"},"jnews_primary_category":[],"jnews_social_meta":[],"jnews_override_counter":[],"footnotes":""},"categories":[4404],"post_tag":[120,404,1318],"class_list":["post-144964","post","type-post","status-publish","format-standard","has-post-thumbnail","hentry","category-saude","tag-bem-estar","tag-psicologia","tag-saude-2"],"yoast_head":"<!-- This site is optimized with the Yoast SEO plugin v24.6 - https:\/\/yoast.com\/wordpress\/plugins\/seo\/ -->\n<title>As 3 t\u00e9cnicas mais eficazes para reduzir a Ansiedade - Correio Braziliense - Radar<\/title>\n<meta name=\"description\" content=\"A ansiedade pode estar sendo agravada por h\u00e1bitos di\u00e1rios discretos. Descubra quais comportamentos sabotam sua mente e como revert\u00ea-los.\" \/>\n<meta name=\"robots\" content=\"index, follow, max-snippet:-1, max-image-preview:large, max-video-preview:-1\" \/>\n<link rel=\"canonical\" href=\"https:\/\/www.correiobraziliense.com.br\/cbradar\/as-3-tecnicas-mais-eficazes-para-reduzir-a-ansiedade\/\" \/>\n<meta property=\"og:locale\" content=\"pt_BR\" \/>\n<meta property=\"og:type\" content=\"article\" \/>\n<meta property=\"og:title\" content=\"As 3 t\u00e9cnicas mais eficazes para reduzir a Ansiedade - Correio Braziliense - Radar\" \/>\n<meta property=\"og:description\" content=\"A ansiedade pode estar sendo agravada por h\u00e1bitos di\u00e1rios discretos. Descubra quais comportamentos sabotam sua mente e como revert\u00ea-los.\" \/>\n<meta property=\"og:url\" content=\"https:\/\/www.correiobraziliense.com.br\/cbradar\/as-3-tecnicas-mais-eficazes-para-reduzir-a-ansiedade\/\" \/>\n<meta property=\"og:site_name\" content=\"Correio Braziliense - Radar\" \/>\n<meta property=\"article:published_time\" content=\"2025-11-26T15:05:00+00:00\" \/>\n<meta property=\"og:image\" content=\"https:\/\/www.correiobraziliense.com.br\/cbradar\/wp-content\/uploads\/2025\/05\/ansiedade_1748700252282.jpg\" \/>\n\t<meta property=\"og:image:width\" content=\"1280\" \/>\n\t<meta property=\"og:image:height\" content=\"720\" \/>\n\t<meta property=\"og:image:type\" content=\"image\/jpeg\" \/>\n<meta name=\"author\" content=\"guilherme_saude\" \/>\n<meta name=\"twitter:card\" content=\"summary_large_image\" \/>\n<meta name=\"twitter:label1\" content=\"Escrito por\" \/>\n\t<meta name=\"twitter:data1\" content=\"guilherme_saude\" \/>\n\t<meta name=\"twitter:label2\" content=\"Est. tempo de leitura\" \/>\n\t<meta name=\"twitter:data2\" content=\"4 minutos\" \/>\n<!-- \/ Yoast SEO plugin. -->","yoast_head_json":{"title":"As 3 t\u00e9cnicas mais eficazes para reduzir a Ansiedade - Correio Braziliense - Radar","description":"A ansiedade pode estar sendo agravada por h\u00e1bitos di\u00e1rios discretos. Descubra quais comportamentos sabotam sua mente e como revert\u00ea-los.","robots":{"index":"index","follow":"follow","max-snippet":"max-snippet:-1","max-image-preview":"max-image-preview:large","max-video-preview":"max-video-preview:-1"},"canonical":"https:\/\/www.correiobraziliense.com.br\/cbradar\/as-3-tecnicas-mais-eficazes-para-reduzir-a-ansiedade\/","og_locale":"pt_BR","og_type":"article","og_title":"As 3 t\u00e9cnicas mais eficazes para reduzir a Ansiedade - Correio Braziliense - Radar","og_description":"A ansiedade pode estar sendo agravada por h\u00e1bitos di\u00e1rios discretos. Descubra quais comportamentos sabotam sua mente e como revert\u00ea-los.","og_url":"https:\/\/www.correiobraziliense.com.br\/cbradar\/as-3-tecnicas-mais-eficazes-para-reduzir-a-ansiedade\/","og_site_name":"Correio Braziliense - Radar","article_published_time":"2025-11-26T15:05:00+00:00","og_image":[{"width":1280,"height":720,"url":"https:\/\/www.correiobraziliense.com.br\/cbradar\/wp-content\/uploads\/2025\/05\/ansiedade_1748700252282.jpg","type":"image\/jpeg"}],"author":"guilherme_saude","twitter_card":"summary_large_image","twitter_misc":{"Escrito por":"guilherme_saude","Est. tempo de leitura":"4 minutos"},"schema":{"@context":"https:\/\/schema.org","@graph":[{"@type":"WebPage","@id":"https:\/\/www.correiobraziliense.com.br\/cbradar\/as-3-tecnicas-mais-eficazes-para-reduzir-a-ansiedade\/","url":"https:\/\/www.correiobraziliense.com.br\/cbradar\/as-3-tecnicas-mais-eficazes-para-reduzir-a-ansiedade\/","name":"As 3 t\u00e9cnicas mais eficazes para reduzir a Ansiedade - Correio Braziliense - Radar","isPartOf":{"@id":"https:\/\/www.correiobraziliense.com.br\/cbradar\/#website"},"primaryImageOfPage":{"@id":"https:\/\/www.correiobraziliense.com.br\/cbradar\/as-3-tecnicas-mais-eficazes-para-reduzir-a-ansiedade\/#primaryimage"},"image":{"@id":"https:\/\/www.correiobraziliense.com.br\/cbradar\/as-3-tecnicas-mais-eficazes-para-reduzir-a-ansiedade\/#primaryimage"},"thumbnailUrl":"https:\/\/www.correiobraziliense.com.br\/cbradar\/wp-content\/uploads\/2025\/05\/ansiedade_1748700252282.jpg","datePublished":"2025-11-26T15:05:00+00:00","author":{"@id":"https:\/\/www.correiobraziliense.com.br\/cbradar\/#\/schema\/person\/5aa4bf3c8fa699c267933611de12978b"},"description":"A ansiedade pode estar sendo agravada por h\u00e1bitos di\u00e1rios discretos. Descubra quais comportamentos sabotam sua mente e como revert\u00ea-los.","breadcrumb":{"@id":"https:\/\/www.correiobraziliense.com.br\/cbradar\/as-3-tecnicas-mais-eficazes-para-reduzir-a-ansiedade\/#breadcrumb"},"inLanguage":"pt-BR","potentialAction":[{"@type":"ReadAction","target":["https:\/\/www.correiobraziliense.com.br\/cbradar\/as-3-tecnicas-mais-eficazes-para-reduzir-a-ansiedade\/"]}]},{"@type":"ImageObject","inLanguage":"pt-BR","@id":"https:\/\/www.correiobraziliense.com.br\/cbradar\/as-3-tecnicas-mais-eficazes-para-reduzir-a-ansiedade\/#primaryimage","url":"https:\/\/www.correiobraziliense.com.br\/cbradar\/wp-content\/uploads\/2025\/05\/ansiedade_1748700252282.jpg","contentUrl":"https:\/\/www.correiobraziliense.com.br\/cbradar\/wp-content\/uploads\/2025\/05\/ansiedade_1748700252282.jpg","width":1280,"height":720,"caption":"ansiedade - Cr\u00e9ditos: depositphotos.com \/ AndrewLozovyi"},{"@type":"BreadcrumbList","@id":"https:\/\/www.correiobraziliense.com.br\/cbradar\/as-3-tecnicas-mais-eficazes-para-reduzir-a-ansiedade\/#breadcrumb","itemListElement":[{"@type":"ListItem","position":1,"name":"In\u00edcio","item":"https:\/\/www.correiobraziliense.com.br\/cbradar\/"},{"@type":"ListItem","position":2,"name":"As 3 t\u00e9cnicas mais eficazes para reduzir a Ansiedade"}]},{"@type":"WebSite","@id":"https:\/\/www.correiobraziliense.com.br\/cbradar\/#website","url":"https:\/\/www.correiobraziliense.com.br\/cbradar\/","name":"Correio Braziliense - Radar","description":"Acompanhe as \u00faltimas not\u00edcias e fique bem informado sobre tudo o que acontece no Brasil e no mundo.","potentialAction":[{"@type":"SearchAction","target":{"@type":"EntryPoint","urlTemplate":"https:\/\/www.correiobraziliense.com.br\/cbradar\/?s={search_term_string}"},"query-input":{"@type":"PropertyValueSpecification","valueRequired":true,"valueName":"search_term_string"}}],"inLanguage":"pt-BR"},{"@type":"Person","@id":"https:\/\/www.correiobraziliense.com.br\/cbradar\/#\/schema\/person\/5aa4bf3c8fa699c267933611de12978b","name":"guilherme_saude","image":{"@type":"ImageObject","inLanguage":"pt-BR","@id":"https:\/\/www.correiobraziliense.com.br\/cbradar\/#\/schema\/person\/image\/","url":"https:\/\/secure.gravatar.com\/avatar\/df9adfb835d344bc0af109d41756253f?s=96&d=mm&r=g","contentUrl":"https:\/\/secure.gravatar.com\/avatar\/df9adfb835d344bc0af109d41756253f?s=96&d=mm&r=g","caption":"guilherme_saude"},"url":"https:\/\/www.correiobraziliense.com.br\/cbradar\/author\/guilherme_saude\/"}]}},"_links":{"self":[{"href":"https:\/\/www.correiobraziliense.com.br\/cbradar\/wp-json\/wp\/v2\/posts\/144964","targetHints":{"allow":["GET"]}}],"collection":[{"href":"https:\/\/www.correiobraziliense.com.br\/cbradar\/wp-json\/wp\/v2\/posts"}],"about":[{"href":"https:\/\/www.correiobraziliense.com.br\/cbradar\/wp-json\/wp\/v2\/types\/post"}],"author":[{"embeddable":true,"href":"https:\/\/www.correiobraziliense.com.br\/cbradar\/wp-json\/wp\/v2\/users\/14"}],"replies":[{"embeddable":true,"href":"https:\/\/www.correiobraziliense.com.br\/cbradar\/wp-json\/wp\/v2\/comments?post=144964"}],"version-history":[{"count":1,"href":"https:\/\/www.correiobraziliense.com.br\/cbradar\/wp-json\/wp\/v2\/posts\/144964\/revisions"}],"predecessor-version":[{"id":144969,"href":"https:\/\/www.correiobraziliense.com.br\/cbradar\/wp-json\/wp\/v2\/posts\/144964\/revisions\/144969"}],"wp:featuredmedia":[{"embeddable":true,"href":"https:\/\/www.correiobraziliense.com.br\/cbradar\/wp-json\/wp\/v2\/media\/45683"}],"wp:attachment":[{"href":"https:\/\/www.correiobraziliense.com.br\/cbradar\/wp-json\/wp\/v2\/media?parent=144964"}],"wp:term":[{"taxonomy":"category","embeddable":true,"href":"https:\/\/www.correiobraziliense.com.br\/cbradar\/wp-json\/wp\/v2\/categories?post=144964"},{"taxonomy":"post_tag","embeddable":true,"href":"https:\/\/www.correiobraziliense.com.br\/cbradar\/wp-json\/wp\/v2\/post_tag?post=144964"}],"curies":[{"name":"wp","href":"https:\/\/api.w.org\/{rel}","templated":true}]}}