{"id":144968,"date":"2025-11-26T13:15:00","date_gmt":"2025-11-26T16:15:00","guid":{"rendered":"https:\/\/www.correiobraziliense.com.br\/cbradar\/?p=144968"},"modified":"2025-11-25T19:26:33","modified_gmt":"2025-11-25T22:26:33","slug":"pode-tomar-refrigerante-zero-durante-a-dieta","status":"publish","type":"post","link":"https:\/\/www.correiobraziliense.com.br\/cbradar\/pode-tomar-refrigerante-zero-durante-a-dieta\/","title":{"rendered":"Pode tomar Refrigerante Zero durante a dieta?"},"content":{"rendered":"\n<p>Em termos mundiais, o Brasil destaca-se como um dos maiores consumidores de refrigerantes, especialmente quando abordamos a sa\u00fade p\u00fablica e suas implica\u00e7\u00f5es. Com base nas observa\u00e7\u00f5es de especialistas, \u00e9 evidente que h\u00e1 uma preocupa\u00e7\u00e3o crescente sobre os impactos dessas bebidas no organismo, principalmente em rela\u00e7\u00e3o ao seu consumo cont\u00ednuo. Uma das alternativas frequentemente consideradas por aqueles que buscam uma vida mais saud\u00e1vel ou buscam emagrecimento \u00e9 a substitui\u00e7\u00e3o do refrigerante convencional pelo Refrigerante Zero. Contudo, cabe analisar se essa realmente \u00e9 uma op\u00e7\u00e3o t\u00e3o ben\u00e9fica quanto aparenta.<\/p>\n\n\n\n<p>Refrigerantes tradicionais, conhecidos por seu alto teor de a\u00e7\u00facar, s\u00e3o compostos por um conjunto de subst\u00e2ncias que potencialmente influenciam negativamente o corpo humano. Entre essas, destaca-se o \u00e1cido fosf\u00f3rico presente nas bebidas de cola, o qual tem sido associado \u00e0 m\u00e1 absor\u00e7\u00e3o de nutrientes essenciais, como o c\u00e1lcio, aumentando assim o risco de osteoporose. J\u00e1 os refrigerantes zero, provavelmente mais atrativos por conterem poucas ou nenhuma caloria, n\u00e3o fogem de impactos \u00e1cidos em demasia, que alteram, entre outros aspectos, o equil\u00edbrio do microbioma intestinal e aumentam o risco de doen\u00e7as cr\u00f4nicas.<\/p>\n\n\n\n<h2 class=\"wp-block-heading\">Refrigerante Zero \u00e9 realmente saud\u00e1vel?<\/h2>\n\n\n\n<p>Embora muitos considerem os refrigerantes zero e diet como alternativas mais saud\u00e1veis, \u00e9 essencial reconhecer que, apesar de n\u00e3o conterem a\u00e7\u00facares, essas vers\u00f5es cont\u00eam ado\u00e7antes artificiais e compostos qu\u00edmicos controversos quanto \u00e0 sa\u00fade p\u00fablica, particularmente em consumos elevados. O nutricionista esportivo Henrique Spessotto enfatiza que, embora esteticamente favor\u00e1veis para quem busca emagrecimento, esses refrigerantes n\u00e3o devem ser vistos como solu\u00e7\u00f5es a longo prazo para melhoria da sa\u00fade geral, devido aos riscos associados.<\/p>\n\n\n<div class=\"wp-block-image\">\n<figure class=\"aligncenter size-large\"><img decoding=\"async\" width=\"1024\" height=\"576\" src=\"https:\/\/www.correiobraziliense.com.br\/cbradar\/wp-content\/uploads\/2025\/09\/refrigerante_1757289846523-1024x576.jpg\" alt=\"\" class=\"wp-image-100426\" srcset=\"https:\/\/www.correiobraziliense.com.br\/cbradar\/wp-content\/uploads\/2025\/09\/refrigerante_1757289846523-1024x576.jpg 1024w, https:\/\/www.correiobraziliense.com.br\/cbradar\/wp-content\/uploads\/2025\/09\/refrigerante_1757289846523-300x169.jpg 300w, https:\/\/www.correiobraziliense.com.br\/cbradar\/wp-content\/uploads\/2025\/09\/refrigerante_1757289846523-768x432.jpg 768w, https:\/\/www.correiobraziliense.com.br\/cbradar\/wp-content\/uploads\/2025\/09\/refrigerante_1757289846523-750x422.jpg 750w, https:\/\/www.correiobraziliense.com.br\/cbradar\/wp-content\/uploads\/2025\/09\/refrigerante_1757289846523-1140x641.jpg 1140w, https:\/\/www.correiobraziliense.com.br\/cbradar\/wp-content\/uploads\/2025\/09\/refrigerante_1757289846523.jpg 1280w\" sizes=\"(max-width: 1024px) 100vw, 1024px\" \/><figcaption class=\"wp-element-caption\">Refrigerante &#8211; Cr\u00e9ditos: depositphotos.com \/ SergeBlack<\/figcaption><\/figure><\/div>\n\n\n<h2 class=\"wp-block-heading\">Quais s\u00e3o as subst\u00e2ncias preocupantes nos refrigerantes?<\/h2>\n\n\n\n<p>Al\u00e9m do mencionado \u00e1cido fosf\u00f3rico, refrigerantes podem conter outros elementos qu\u00edmicos, como o \u00e1cido benzoico em escolhas com sabor a uva ou associados ao s\u00f3dio, e o \u00e1cido tart\u00e1rico, tamb\u00e9m presente em sucos artificiais. Esses compostos podem ocasionar inflama\u00e7\u00f5es sist\u00eamicas e rea\u00e7\u00f5es adversas para indiv\u00edduos sens\u00edveis a eles. O objetivo central na escolha de bebidas deve ser minimizar ao m\u00e1ximo o consumo de tais compostos qu\u00edmicos.<\/p>\n\n\n\n<h2 class=\"wp-block-heading\">O Refrigerante Zero pode substituir o suco de caixinha?<\/h2>\n\n\n\n<p>Um erro comum na substitui\u00e7\u00e3o de refrigerantes \u00e9 a troca por sucos de caixinha, que, embora pare\u00e7am uma op\u00e7\u00e3o saud\u00e1vel, muitas vezes cont\u00eam elevados n\u00edveis de a\u00e7\u00facar, sendo, por vezes, uma escolha menos saud\u00e1vel que os pr\u00f3prios refrigerantes tradicionais. Muitos especialistas, como Spessotto, sugerem priorizar sucos 100% integrais, al\u00e9m de considerar outras alternativas de hidrata\u00e7\u00e3o, como a \u00e1gua ou infus\u00f5es naturais de frutas, com a finalidade de reduzir os efeitos adversos associados ao consumo frequente dessas bebidas industrializadas.<\/p>\n\n\n\n<p>Em suma, a escolha do que beber deve ser feita com base na modera\u00e7\u00e3o e conhecimento sobre a composi\u00e7\u00e3o de cada bebida. Buscar alternativas sempre que poss\u00edvel e priorizar op\u00e7\u00f5es naturais pode, em longo prazo, contribuir significativamente para uma vida mais equilibrada e saud\u00e1vel.<\/p>\n\n\n<a href=\"https:\/\/www.instagram.com\/dra.annaluisabf\/\" target=\"_blank\" rel=\"noopener\" style=\"text-decoration: none; color: inherit;\">\n    <span style=\"display: inline-block; border: 1px solid #ccc; border-radius: 10px; padding: 15px; max-width: 550px; font-family: sans-serif; box-shadow: 0 2px 5px rgba(0,0,0,0.1); width: 100%;\">\n\n      <!-- T\u00edtulo -->\n      <span style=\"display: block; margin: 0 0 15px 0; font-weight: bold; color: #2c3e50; text-align: center;\">\n        Entre em contato:\n      <\/span>\n\n      <!-- Linha do perfil -->\n      <span style=\"display: flex; align-items: center; gap: 15px;\">\n        <img decoding=\"async\"\n          src=\"https:\/\/www.correiobraziliense.com.br\/cbradar\/wp-content\/uploads\/2025\/08\/dra_anna_luisa.jpeg\"\n          alt=\"Foto da Dra. Anna Lu\u00edsa\"\n          style=\"border-radius: 50%; width: 80px; height: 80px; object-fit: cover;\"\n        \/>\n        <span style=\"display: flex; flex-direction: column;\">\n          <span style=\"font-size: 18px; font-weight: 700; color: #2c3e50;\">Dra. Anna Lu\u00edsa Barbosa Fernandes<\/span>\n          <span style=\"color: #555;\">CRM-GO 33.271<\/span>\n        <\/span>\n      <\/span>\n\n      <!-- Redes -->\n      <span style=\"display: flex; align-items: center; gap: 10px; margin-top: 12px;\">\n        <img decoding=\"async\" src=\"https:\/\/cdn-icons-png.flaticon.com\/24\/1384\/1384063.png\" alt=\"Instagram\" width=\"24\" height=\"24\" \/>\n        <span style=\"text-decoration: underline; color: #2c3e50;\">@dra.annaluisabf<\/span>\n      <\/span>\n\n    <\/span>\n  <\/a>","protected":false},"excerpt":{"rendered":"<p>Em termos mundiais, o Brasil destaca-se como um dos maiores consumidores de refrigerantes, especialmente quando abordamos a sa\u00fade p\u00fablica e suas implica\u00e7\u00f5es. Com base nas observa\u00e7\u00f5es de especialistas, \u00e9 evidente que h\u00e1 uma preocupa\u00e7\u00e3o crescente sobre os impactos dessas bebidas no organismo, principalmente em rela\u00e7\u00e3o ao seu consumo cont\u00ednuo. Uma das alternativas frequentemente consideradas por [&hellip;]<\/p>\n","protected":false},"author":14,"featured_media":49328,"comment_status":"open","ping_status":"open","sticky":false,"template":"","format":"standard","meta":{"_yoast_wpseo_focuskw":"Refrigerante Zero","_yoast_wpseo_title":"","_yoast_wpseo_metadesc":"O refrigerante zero esconde compostos que afetam seu corpo silenciosamente. Entenda o que est\u00e1 por tr\u00e1s dessa bebida t\u00e3o popular no Brasil.","jnews-multi-image_gallery":[],"jnews_single_post":{"format":"standard"},"jnews_primary_category":[],"jnews_social_meta":[],"jnews_override_counter":[],"footnotes":""},"categories":[4404],"tags":[281,120,1488,1318],"class_list":["post-144968","post","type-post","status-publish","format-standard","has-post-thumbnail","hentry","category-saude","tag-alimentacao","tag-bem-estar","tag-dieta","tag-saude-2"],"yoast_head":"<!-- This site is optimized with the Yoast SEO plugin v24.6 - https:\/\/yoast.com\/wordpress\/plugins\/seo\/ -->\n<title>Pode tomar Refrigerante Zero durante a dieta? - Correio Braziliense - Radar<\/title>\n<meta name=\"description\" content=\"O refrigerante zero esconde compostos que afetam seu corpo silenciosamente. Entenda o que est\u00e1 por tr\u00e1s dessa bebida t\u00e3o popular no Brasil.\" \/>\n<meta name=\"robots\" content=\"index, follow, max-snippet:-1, max-image-preview:large, max-video-preview:-1\" \/>\n<link rel=\"canonical\" href=\"https:\/\/www.correiobraziliense.com.br\/cbradar\/pode-tomar-refrigerante-zero-durante-a-dieta\/\" \/>\n<meta property=\"og:locale\" content=\"pt_BR\" \/>\n<meta property=\"og:type\" content=\"article\" \/>\n<meta property=\"og:title\" content=\"Pode tomar Refrigerante Zero durante a dieta? - Correio Braziliense - Radar\" \/>\n<meta property=\"og:description\" content=\"O refrigerante zero esconde compostos que afetam seu corpo silenciosamente. Entenda o que est\u00e1 por tr\u00e1s dessa bebida t\u00e3o popular no Brasil.\" \/>\n<meta property=\"og:url\" content=\"https:\/\/www.correiobraziliense.com.br\/cbradar\/pode-tomar-refrigerante-zero-durante-a-dieta\/\" \/>\n<meta property=\"og:site_name\" content=\"Correio Braziliense - Radar\" \/>\n<meta property=\"article:published_time\" content=\"2025-11-26T16:15:00+00:00\" \/>\n<meta property=\"og:image\" content=\"https:\/\/www.correiobraziliense.com.br\/cbradar\/wp-content\/uploads\/2025\/06\/Zero-Acucar_1749264899827.jpg\" \/>\n\t<meta property=\"og:image:width\" content=\"1279\" \/>\n\t<meta property=\"og:image:height\" content=\"720\" \/>\n\t<meta property=\"og:image:type\" content=\"image\/jpeg\" \/>\n<meta name=\"author\" content=\"guilherme_saude\" \/>\n<meta name=\"twitter:card\" content=\"summary_large_image\" \/>\n<meta name=\"twitter:label1\" content=\"Escrito por\" \/>\n\t<meta name=\"twitter:data1\" content=\"guilherme_saude\" \/>\n\t<meta name=\"twitter:label2\" content=\"Est. tempo de leitura\" \/>\n\t<meta name=\"twitter:data2\" content=\"4 minutos\" \/>\n<!-- \/ Yoast SEO plugin. -->","yoast_head_json":{"title":"Pode tomar Refrigerante Zero durante a dieta? - Correio Braziliense - Radar","description":"O refrigerante zero esconde compostos que afetam seu corpo silenciosamente. Entenda o que est\u00e1 por tr\u00e1s dessa bebida t\u00e3o popular no Brasil.","robots":{"index":"index","follow":"follow","max-snippet":"max-snippet:-1","max-image-preview":"max-image-preview:large","max-video-preview":"max-video-preview:-1"},"canonical":"https:\/\/www.correiobraziliense.com.br\/cbradar\/pode-tomar-refrigerante-zero-durante-a-dieta\/","og_locale":"pt_BR","og_type":"article","og_title":"Pode tomar Refrigerante Zero durante a dieta? - Correio Braziliense - Radar","og_description":"O refrigerante zero esconde compostos que afetam seu corpo silenciosamente. Entenda o que est\u00e1 por tr\u00e1s dessa bebida t\u00e3o popular no Brasil.","og_url":"https:\/\/www.correiobraziliense.com.br\/cbradar\/pode-tomar-refrigerante-zero-durante-a-dieta\/","og_site_name":"Correio Braziliense - Radar","article_published_time":"2025-11-26T16:15:00+00:00","og_image":[{"width":1279,"height":720,"url":"https:\/\/www.correiobraziliense.com.br\/cbradar\/wp-content\/uploads\/2025\/06\/Zero-Acucar_1749264899827.jpg","type":"image\/jpeg"}],"author":"guilherme_saude","twitter_card":"summary_large_image","twitter_misc":{"Escrito por":"guilherme_saude","Est. tempo de leitura":"4 minutos"},"schema":{"@context":"https:\/\/schema.org","@graph":[{"@type":"WebPage","@id":"https:\/\/www.correiobraziliense.com.br\/cbradar\/pode-tomar-refrigerante-zero-durante-a-dieta\/","url":"https:\/\/www.correiobraziliense.com.br\/cbradar\/pode-tomar-refrigerante-zero-durante-a-dieta\/","name":"Pode tomar Refrigerante Zero durante a dieta? - Correio Braziliense - Radar","isPartOf":{"@id":"https:\/\/www.correiobraziliense.com.br\/cbradar\/#website"},"primaryImageOfPage":{"@id":"https:\/\/www.correiobraziliense.com.br\/cbradar\/pode-tomar-refrigerante-zero-durante-a-dieta\/#primaryimage"},"image":{"@id":"https:\/\/www.correiobraziliense.com.br\/cbradar\/pode-tomar-refrigerante-zero-durante-a-dieta\/#primaryimage"},"thumbnailUrl":"https:\/\/www.correiobraziliense.com.br\/cbradar\/wp-content\/uploads\/2025\/06\/Zero-Acucar_1749264899827.jpg","datePublished":"2025-11-26T16:15:00+00:00","author":{"@id":"https:\/\/www.correiobraziliense.com.br\/cbradar\/#\/schema\/person\/5aa4bf3c8fa699c267933611de12978b"},"description":"O refrigerante zero esconde compostos que afetam seu corpo silenciosamente. Entenda o que est\u00e1 por tr\u00e1s dessa bebida t\u00e3o popular no Brasil.","breadcrumb":{"@id":"https:\/\/www.correiobraziliense.com.br\/cbradar\/pode-tomar-refrigerante-zero-durante-a-dieta\/#breadcrumb"},"inLanguage":"pt-BR","potentialAction":[{"@type":"ReadAction","target":["https:\/\/www.correiobraziliense.com.br\/cbradar\/pode-tomar-refrigerante-zero-durante-a-dieta\/"]}]},{"@type":"ImageObject","inLanguage":"pt-BR","@id":"https:\/\/www.correiobraziliense.com.br\/cbradar\/pode-tomar-refrigerante-zero-durante-a-dieta\/#primaryimage","url":"https:\/\/www.correiobraziliense.com.br\/cbradar\/wp-content\/uploads\/2025\/06\/Zero-Acucar_1749264899827.jpg","contentUrl":"https:\/\/www.correiobraziliense.com.br\/cbradar\/wp-content\/uploads\/2025\/06\/Zero-Acucar_1749264899827.jpg","width":1279,"height":720,"caption":"Zero a\u00e7ucar - Cr\u00e9ditos: depositphotos.com \/ kornienkoalex"},{"@type":"BreadcrumbList","@id":"https:\/\/www.correiobraziliense.com.br\/cbradar\/pode-tomar-refrigerante-zero-durante-a-dieta\/#breadcrumb","itemListElement":[{"@type":"ListItem","position":1,"name":"In\u00edcio","item":"https:\/\/www.correiobraziliense.com.br\/cbradar\/"},{"@type":"ListItem","position":2,"name":"Pode tomar Refrigerante Zero durante a dieta?"}]},{"@type":"WebSite","@id":"https:\/\/www.correiobraziliense.com.br\/cbradar\/#website","url":"https:\/\/www.correiobraziliense.com.br\/cbradar\/","name":"Correio Braziliense - Radar","description":"Acompanhe as \u00faltimas not\u00edcias e fique bem informado sobre tudo o que acontece no Brasil e no mundo.","potentialAction":[{"@type":"SearchAction","target":{"@type":"EntryPoint","urlTemplate":"https:\/\/www.correiobraziliense.com.br\/cbradar\/?s={search_term_string}"},"query-input":{"@type":"PropertyValueSpecification","valueRequired":true,"valueName":"search_term_string"}}],"inLanguage":"pt-BR"},{"@type":"Person","@id":"https:\/\/www.correiobraziliense.com.br\/cbradar\/#\/schema\/person\/5aa4bf3c8fa699c267933611de12978b","name":"guilherme_saude","image":{"@type":"ImageObject","inLanguage":"pt-BR","@id":"https:\/\/www.correiobraziliense.com.br\/cbradar\/#\/schema\/person\/image\/","url":"https:\/\/secure.gravatar.com\/avatar\/df9adfb835d344bc0af109d41756253f?s=96&d=mm&r=g","contentUrl":"https:\/\/secure.gravatar.com\/avatar\/df9adfb835d344bc0af109d41756253f?s=96&d=mm&r=g","caption":"guilherme_saude"},"url":"https:\/\/www.correiobraziliense.com.br\/cbradar\/author\/guilherme_saude\/"}]}},"_links":{"self":[{"href":"https:\/\/www.correiobraziliense.com.br\/cbradar\/wp-json\/wp\/v2\/posts\/144968","targetHints":{"allow":["GET"]}}],"collection":[{"href":"https:\/\/www.correiobraziliense.com.br\/cbradar\/wp-json\/wp\/v2\/posts"}],"about":[{"href":"https:\/\/www.correiobraziliense.com.br\/cbradar\/wp-json\/wp\/v2\/types\/post"}],"author":[{"embeddable":true,"href":"https:\/\/www.correiobraziliense.com.br\/cbradar\/wp-json\/wp\/v2\/users\/14"}],"replies":[{"embeddable":true,"href":"https:\/\/www.correiobraziliense.com.br\/cbradar\/wp-json\/wp\/v2\/comments?post=144968"}],"version-history":[{"count":1,"href":"https:\/\/www.correiobraziliense.com.br\/cbradar\/wp-json\/wp\/v2\/posts\/144968\/revisions"}],"predecessor-version":[{"id":144970,"href":"https:\/\/www.correiobraziliense.com.br\/cbradar\/wp-json\/wp\/v2\/posts\/144968\/revisions\/144970"}],"wp:featuredmedia":[{"embeddable":true,"href":"https:\/\/www.correiobraziliense.com.br\/cbradar\/wp-json\/wp\/v2\/media\/49328"}],"wp:attachment":[{"href":"https:\/\/www.correiobraziliense.com.br\/cbradar\/wp-json\/wp\/v2\/media?parent=144968"}],"wp:term":[{"taxonomy":"category","embeddable":true,"href":"https:\/\/www.correiobraziliense.com.br\/cbradar\/wp-json\/wp\/v2\/categories?post=144968"},{"taxonomy":"post_tag","embeddable":true,"href":"https:\/\/www.correiobraziliense.com.br\/cbradar\/wp-json\/wp\/v2\/tags?post=144968"}],"curies":[{"name":"wp","href":"https:\/\/api.w.org\/{rel}","templated":true}]}}