{"id":144976,"date":"2025-11-26T17:15:00","date_gmt":"2025-11-26T20:15:00","guid":{"rendered":"https:\/\/www.correiobraziliense.com.br\/cbradar\/?p=144976"},"modified":"2025-11-25T19:33:50","modified_gmt":"2025-11-25T22:33:50","slug":"sinais-silenciosos-na-pele-que-merecem-atencao-urgente","status":"publish","type":"post","link":"https:\/\/www.correiobraziliense.com.br\/cbradar\/sinais-silenciosos-na-pele-que-merecem-atencao-urgente\/","title":{"rendered":"Sinais silenciosos na pele que merecem aten\u00e7\u00e3o urgente"},"content":{"rendered":"\n<p>A <strong>Pele <\/strong>\u00e9 um espelho das condi\u00e7\u00f5es internas do organismo. Muitas vezes, altera\u00e7\u00f5es em sua apar\u00eancia podem ser os primeiros indicadores de problemas de sa\u00fade subjacentes. Modifica\u00e7\u00f5es na cor, na textura ou na sensibilidade da Pele podem sinalizar n\u00e3o apenas quest\u00f5es est\u00e9ticas, mas tamb\u00e9m funcionam como alarmes de poss\u00edveis doen\u00e7as. Reconhecer esses sinais \u00e9 crucial para identificar precocemente complica\u00e7\u00f5es, tornando essencial a consulta com um dermatologista.<\/p>\n\n\n\n<p>A manuten\u00e7\u00e3o da sa\u00fade cut\u00e2nea \u00e9 apoiada por uma rotina adequada de cuidados com a Pele, que s\u00e3o t\u00e3o importantes quanto as consultas m\u00e9dicas. Detalhes como a limpeza di\u00e1ria, a hidrata\u00e7\u00e3o regular e a aplica\u00e7\u00e3o do protetor solar desempenham pap\u00e9is vitais na prote\u00e7\u00e3o da pele contra agentes externos danosos. Esses passos, que v\u00e3o al\u00e9m da est\u00e9tica, visam prevenir desde o envelhecimento precoce at\u00e9 doen\u00e7as graves como o c\u00e2ncer de pele. Conforme sublinhado pelo dermatologista Dr. Daniel Cassiano, especializado na Sociedade Brasileira de Dermatologia, tais h\u00e1bitos s\u00e3o fundamentais n\u00e3o apenas por motivos est\u00e9ticos, mas tamb\u00e9m como medidas preventivas de sa\u00fade.<\/p>\n\n\n\n<h2 class=\"wp-block-heading\">Qual a relev\u00e2ncia dos cuidados di\u00e1rios com a Pele?<\/h2>\n\n\n\n<p>O cuidado di\u00e1rio adequado fortifica a barreira protetora da Pele, minimizando a influ\u00eancia de fatores ambientais nocivos, como a polui\u00e7\u00e3o e a radia\u00e7\u00e3o solar. Tais cuidados abrangem pr\u00e1ticas b\u00e1sicas, mas indispens\u00e1veis, que ajudam a manter a integridade da Pele. A limpeza remove impurezas e o excesso de oleosidade, enquanto a hidrata\u00e7\u00e3o mant\u00e9m a elasticidade e previne rachaduras e descama\u00e7\u00f5es. O uso do protetor solar, por sua vez, \u00e9 imprescind\u00edvel para prevenir danos do sol que podem culminar em doen\u00e7as como o melanoma, uma forma agressiva de c\u00e2ncer de pele.<\/p>\n\n\n<div class=\"wp-block-image\">\n<figure class=\"aligncenter size-large\"><img decoding=\"async\" width=\"1024\" height=\"576\" src=\"https:\/\/www.correiobraziliense.com.br\/cbradar\/wp-content\/uploads\/2025\/05\/pele-saudavel_1748547751733-1024x576.jpg\" alt=\"\" class=\"wp-image-45033\" srcset=\"https:\/\/www.correiobraziliense.com.br\/cbradar\/wp-content\/uploads\/2025\/05\/pele-saudavel_1748547751733-1024x576.jpg 1024w, https:\/\/www.correiobraziliense.com.br\/cbradar\/wp-content\/uploads\/2025\/05\/pele-saudavel_1748547751733-300x169.jpg 300w, https:\/\/www.correiobraziliense.com.br\/cbradar\/wp-content\/uploads\/2025\/05\/pele-saudavel_1748547751733-768x432.jpg 768w, https:\/\/www.correiobraziliense.com.br\/cbradar\/wp-content\/uploads\/2025\/05\/pele-saudavel_1748547751733-750x422.jpg 750w, https:\/\/www.correiobraziliense.com.br\/cbradar\/wp-content\/uploads\/2025\/05\/pele-saudavel_1748547751733-1140x641.jpg 1140w, https:\/\/www.correiobraziliense.com.br\/cbradar\/wp-content\/uploads\/2025\/05\/pele-saudavel_1748547751733.jpg 1280w\" sizes=\"(max-width: 1024px) 100vw, 1024px\" \/><figcaption class=\"wp-element-caption\">Pele saud\u00e1vel &#8211; Cr\u00e9ditos: depositphotos.com \/ AllaSerebrina<\/figcaption><\/figure><\/div>\n\n\n<h2 class=\"wp-block-heading\">Quais sinais cut\u00e2neos merecem aten\u00e7\u00e3o especial?<\/h2>\n\n\n\n<p>Durante a rotina de cuidado di\u00e1rio, \u00e9 importante estar atento a qualquer altera\u00e7\u00e3o suspeita na Pele. Coceira persistente, vermelhid\u00e3o ou ressecamento podem indicar condi\u00e7\u00f5es como eczema ou dermatite seborreica. Pintas que mudam de cor, desenvolverem irregularidades ou sangram, exigem uma aten\u00e7\u00e3o redobrada, pois podem ser ind\u00edcios de c\u00e2ncer de Pele. A recomenda\u00e7\u00e3o m\u00e9dica \u00e9 realizar um autoexame mensal para monitorar essas altera\u00e7\u00f5es, permitindo que interven\u00e7\u00f5es precoces aumentem significativamente as chances de cura.<\/p>\n\n\n\n<h2 class=\"wp-block-heading\">Por que o acompanhamento dermatol\u00f3gico constante \u00e9 essencial?<\/h2>\n\n\n\n<p>Mesmo na aus\u00eancia de sintomas aparentes, o acompanhamento peri\u00f3dico com um dermatologista \u00e9 crucial. Essas visitas ajudam a detectar sinais que podem passar despercebidos a olho nu, mas que podem ter implica\u00e7\u00f5es s\u00e9rias para a <a href=\"https:\/\/www.correiobraziliense.com.br\/cbradar\/o-exame-ocular-que-ajuda-a-detectar-doencas-antes-dos-sintomas\/\" target=\"_blank\" rel=\"noreferrer noopener\">sa\u00fade<\/a>. Idealmente, deve-se realizar um check-up anual, pois somente o especialista tem a capacidade de compreender as nuances de cada altera\u00e7\u00e3o cut\u00e2nea e oferecer um diagn\u00f3stico preciso e um tratamento eficaz.<\/p>\n\n\n\n<p>Em suma, a Pele \u00e9 um indicador eficiente do bem-estar geral do organismo. Compreender seus sinais e responder adequadamente atrav\u00e9s do cuidado di\u00e1rio e consultas regulares ao dermatologista fortalece n\u00e3o s\u00f3 a sa\u00fade cut\u00e2nea, mas tamb\u00e9m o bem-estar geral. Este jogo de preven\u00e7\u00e3o e cuidado \u00e9 crucial para detectar e tratar precocemente condi\u00e7\u00f5es que poderiam ter desdobramentos mais complexos, promovendo uma sa\u00fade integral e duradoura.<\/p>\n\n\n<a href=\"https:\/\/www.instagram.com\/dra.annaluisabf\/\" target=\"_blank\" rel=\"noopener\" style=\"text-decoration: none; color: inherit;\">\n    <span style=\"display: inline-block; border: 1px solid #ccc; border-radius: 10px; padding: 15px; max-width: 550px; font-family: sans-serif; box-shadow: 0 2px 5px rgba(0,0,0,0.1); width: 100%;\">\n\n      <!-- T\u00edtulo -->\n      <span style=\"display: block; margin: 0 0 15px 0; font-weight: bold; color: #2c3e50; text-align: center;\">\n        Entre em contato:\n      <\/span>\n\n      <!-- Linha do perfil -->\n      <span style=\"display: flex; align-items: center; gap: 15px;\">\n        <img decoding=\"async\"\n          src=\"https:\/\/www.correiobraziliense.com.br\/cbradar\/wp-content\/uploads\/2025\/08\/dra_anna_luisa.jpeg\"\n          alt=\"Foto da Dra. Anna Lu\u00edsa\"\n          style=\"border-radius: 50%; width: 80px; height: 80px; object-fit: cover;\"\n        \/>\n        <span style=\"display: flex; flex-direction: column;\">\n          <span style=\"font-size: 18px; font-weight: 700; color: #2c3e50;\">Dra. Anna Lu\u00edsa Barbosa Fernandes<\/span>\n          <span style=\"color: #555;\">CRM-GO 33.271<\/span>\n        <\/span>\n      <\/span>\n\n      <!-- Redes -->\n      <span style=\"display: flex; align-items: center; gap: 10px; margin-top: 12px;\">\n        <img decoding=\"async\" src=\"https:\/\/cdn-icons-png.flaticon.com\/24\/1384\/1384063.png\" alt=\"Instagram\" width=\"24\" height=\"24\" \/>\n        <span style=\"text-decoration: underline; color: #2c3e50;\">@dra.annaluisabf<\/span>\n      <\/span>\n\n    <\/span>\n  <\/a>","protected":false},"excerpt":{"rendered":"<p>A Pele \u00e9 um espelho das condi\u00e7\u00f5es internas do organismo. Muitas vezes, altera\u00e7\u00f5es em sua apar\u00eancia podem ser os primeiros indicadores de problemas de sa\u00fade subjacentes. Modifica\u00e7\u00f5es na cor, na textura ou na sensibilidade da Pele podem sinalizar n\u00e3o apenas quest\u00f5es est\u00e9ticas, mas tamb\u00e9m funcionam como alarmes de poss\u00edveis doen\u00e7as. Reconhecer esses sinais \u00e9 crucial [&hellip;]<\/p>\n","protected":false},"author":14,"featured_media":131893,"comment_status":"open","ping_status":"open","sticky":false,"template":"","format":"standard","meta":{"_yoast_wpseo_focuskw":"Pele","_yoast_wpseo_title":"","_yoast_wpseo_metadesc":"Os cuidados com a pele v\u00e3o muito al\u00e9m da est\u00e9tica. Veja quais h\u00e1bitos podem proteger sua sa\u00fade e revelar problemas internos importantes.","jnews-multi-image_gallery":[],"jnews_single_post":{"format":"standard"},"jnews_primary_category":[],"jnews_social_meta":[],"jnews_override_counter":[],"footnotes":""},"categories":[4404],"post_tag":[281,120,1318],"class_list":["post-144976","post","type-post","status-publish","format-standard","has-post-thumbnail","hentry","category-saude","tag-alimentacao","tag-bem-estar","tag-saude-2"],"yoast_head":"<!-- This site is optimized with the Yoast SEO plugin v24.6 - https:\/\/yoast.com\/wordpress\/plugins\/seo\/ -->\n<title>Sinais silenciosos na pele que merecem aten\u00e7\u00e3o urgente - Correio Braziliense - Radar<\/title>\n<meta name=\"description\" content=\"Os cuidados com a pele v\u00e3o muito al\u00e9m da est\u00e9tica. Veja quais h\u00e1bitos podem proteger sua sa\u00fade e revelar problemas internos importantes.\" \/>\n<meta name=\"robots\" content=\"index, follow, max-snippet:-1, max-image-preview:large, max-video-preview:-1\" \/>\n<link rel=\"canonical\" href=\"https:\/\/www.correiobraziliense.com.br\/cbradar\/sinais-silenciosos-na-pele-que-merecem-atencao-urgente\/\" \/>\n<meta property=\"og:locale\" content=\"pt_BR\" \/>\n<meta property=\"og:type\" content=\"article\" \/>\n<meta property=\"og:title\" content=\"Sinais silenciosos na pele que merecem aten\u00e7\u00e3o urgente - Correio Braziliense - Radar\" \/>\n<meta property=\"og:description\" content=\"Os cuidados com a pele v\u00e3o muito al\u00e9m da est\u00e9tica. Veja quais h\u00e1bitos podem proteger sua sa\u00fade e revelar problemas internos importantes.\" \/>\n<meta property=\"og:url\" content=\"https:\/\/www.correiobraziliense.com.br\/cbradar\/sinais-silenciosos-na-pele-que-merecem-atencao-urgente\/\" \/>\n<meta property=\"og:site_name\" content=\"Correio Braziliense - Radar\" \/>\n<meta property=\"article:published_time\" content=\"2025-11-26T20:15:00+00:00\" \/>\n<meta property=\"og:image\" content=\"https:\/\/www.correiobraziliense.com.br\/cbradar\/wp-content\/uploads\/2025\/11\/Pele-Jovem-e-Bonita_1762368838551.jpg\" \/>\n\t<meta property=\"og:image:width\" content=\"1280\" \/>\n\t<meta property=\"og:image:height\" content=\"720\" \/>\n\t<meta property=\"og:image:type\" content=\"image\/jpeg\" \/>\n<meta name=\"author\" content=\"guilherme_saude\" \/>\n<meta name=\"twitter:card\" content=\"summary_large_image\" \/>\n<meta name=\"twitter:label1\" content=\"Escrito por\" \/>\n\t<meta name=\"twitter:data1\" content=\"guilherme_saude\" \/>\n\t<meta name=\"twitter:label2\" content=\"Est. tempo de leitura\" \/>\n\t<meta name=\"twitter:data2\" content=\"4 minutos\" \/>\n<!-- \/ Yoast SEO plugin. -->","yoast_head_json":{"title":"Sinais silenciosos na pele que merecem aten\u00e7\u00e3o urgente - Correio Braziliense - Radar","description":"Os cuidados com a pele v\u00e3o muito al\u00e9m da est\u00e9tica. Veja quais h\u00e1bitos podem proteger sua sa\u00fade e revelar problemas internos importantes.","robots":{"index":"index","follow":"follow","max-snippet":"max-snippet:-1","max-image-preview":"max-image-preview:large","max-video-preview":"max-video-preview:-1"},"canonical":"https:\/\/www.correiobraziliense.com.br\/cbradar\/sinais-silenciosos-na-pele-que-merecem-atencao-urgente\/","og_locale":"pt_BR","og_type":"article","og_title":"Sinais silenciosos na pele que merecem aten\u00e7\u00e3o urgente - Correio Braziliense - Radar","og_description":"Os cuidados com a pele v\u00e3o muito al\u00e9m da est\u00e9tica. Veja quais h\u00e1bitos podem proteger sua sa\u00fade e revelar problemas internos importantes.","og_url":"https:\/\/www.correiobraziliense.com.br\/cbradar\/sinais-silenciosos-na-pele-que-merecem-atencao-urgente\/","og_site_name":"Correio Braziliense - Radar","article_published_time":"2025-11-26T20:15:00+00:00","og_image":[{"width":1280,"height":720,"url":"https:\/\/www.correiobraziliense.com.br\/cbradar\/wp-content\/uploads\/2025\/11\/Pele-Jovem-e-Bonita_1762368838551.jpg","type":"image\/jpeg"}],"author":"guilherme_saude","twitter_card":"summary_large_image","twitter_misc":{"Escrito por":"guilherme_saude","Est. tempo de leitura":"4 minutos"},"schema":{"@context":"https:\/\/schema.org","@graph":[{"@type":"WebPage","@id":"https:\/\/www.correiobraziliense.com.br\/cbradar\/sinais-silenciosos-na-pele-que-merecem-atencao-urgente\/","url":"https:\/\/www.correiobraziliense.com.br\/cbradar\/sinais-silenciosos-na-pele-que-merecem-atencao-urgente\/","name":"Sinais silenciosos na pele que merecem aten\u00e7\u00e3o urgente - Correio Braziliense - Radar","isPartOf":{"@id":"https:\/\/www.correiobraziliense.com.br\/cbradar\/#website"},"primaryImageOfPage":{"@id":"https:\/\/www.correiobraziliense.com.br\/cbradar\/sinais-silenciosos-na-pele-que-merecem-atencao-urgente\/#primaryimage"},"image":{"@id":"https:\/\/www.correiobraziliense.com.br\/cbradar\/sinais-silenciosos-na-pele-que-merecem-atencao-urgente\/#primaryimage"},"thumbnailUrl":"https:\/\/www.correiobraziliense.com.br\/cbradar\/wp-content\/uploads\/2025\/11\/Pele-Jovem-e-Bonita_1762368838551.jpg","datePublished":"2025-11-26T20:15:00+00:00","author":{"@id":"https:\/\/www.correiobraziliense.com.br\/cbradar\/#\/schema\/person\/5aa4bf3c8fa699c267933611de12978b"},"description":"Os cuidados com a pele v\u00e3o muito al\u00e9m da est\u00e9tica. Veja quais h\u00e1bitos podem proteger sua sa\u00fade e revelar problemas internos importantes.","breadcrumb":{"@id":"https:\/\/www.correiobraziliense.com.br\/cbradar\/sinais-silenciosos-na-pele-que-merecem-atencao-urgente\/#breadcrumb"},"inLanguage":"pt-BR","potentialAction":[{"@type":"ReadAction","target":["https:\/\/www.correiobraziliense.com.br\/cbradar\/sinais-silenciosos-na-pele-que-merecem-atencao-urgente\/"]}]},{"@type":"ImageObject","inLanguage":"pt-BR","@id":"https:\/\/www.correiobraziliense.com.br\/cbradar\/sinais-silenciosos-na-pele-que-merecem-atencao-urgente\/#primaryimage","url":"https:\/\/www.correiobraziliense.com.br\/cbradar\/wp-content\/uploads\/2025\/11\/Pele-Jovem-e-Bonita_1762368838551.jpg","contentUrl":"https:\/\/www.correiobraziliense.com.br\/cbradar\/wp-content\/uploads\/2025\/11\/Pele-Jovem-e-Bonita_1762368838551.jpg","width":1280,"height":720,"caption":"Pele Jovem e Bonita - Cr\u00e9ditos: depositphotos.com \/ AllaSerebrina"},{"@type":"BreadcrumbList","@id":"https:\/\/www.correiobraziliense.com.br\/cbradar\/sinais-silenciosos-na-pele-que-merecem-atencao-urgente\/#breadcrumb","itemListElement":[{"@type":"ListItem","position":1,"name":"In\u00edcio","item":"https:\/\/www.correiobraziliense.com.br\/cbradar\/"},{"@type":"ListItem","position":2,"name":"Sinais silenciosos na pele que merecem aten\u00e7\u00e3o urgente"}]},{"@type":"WebSite","@id":"https:\/\/www.correiobraziliense.com.br\/cbradar\/#website","url":"https:\/\/www.correiobraziliense.com.br\/cbradar\/","name":"Correio Braziliense - Radar","description":"Acompanhe as \u00faltimas not\u00edcias e fique bem informado sobre tudo o que acontece no Brasil e no mundo.","potentialAction":[{"@type":"SearchAction","target":{"@type":"EntryPoint","urlTemplate":"https:\/\/www.correiobraziliense.com.br\/cbradar\/?s={search_term_string}"},"query-input":{"@type":"PropertyValueSpecification","valueRequired":true,"valueName":"search_term_string"}}],"inLanguage":"pt-BR"},{"@type":"Person","@id":"https:\/\/www.correiobraziliense.com.br\/cbradar\/#\/schema\/person\/5aa4bf3c8fa699c267933611de12978b","name":"guilherme_saude","image":{"@type":"ImageObject","inLanguage":"pt-BR","@id":"https:\/\/www.correiobraziliense.com.br\/cbradar\/#\/schema\/person\/image\/","url":"https:\/\/secure.gravatar.com\/avatar\/df9adfb835d344bc0af109d41756253f?s=96&d=mm&r=g","contentUrl":"https:\/\/secure.gravatar.com\/avatar\/df9adfb835d344bc0af109d41756253f?s=96&d=mm&r=g","caption":"guilherme_saude"},"url":"https:\/\/www.correiobraziliense.com.br\/cbradar\/author\/guilherme_saude\/"}]}},"_links":{"self":[{"href":"https:\/\/www.correiobraziliense.com.br\/cbradar\/wp-json\/wp\/v2\/posts\/144976","targetHints":{"allow":["GET"]}}],"collection":[{"href":"https:\/\/www.correiobraziliense.com.br\/cbradar\/wp-json\/wp\/v2\/posts"}],"about":[{"href":"https:\/\/www.correiobraziliense.com.br\/cbradar\/wp-json\/wp\/v2\/types\/post"}],"author":[{"embeddable":true,"href":"https:\/\/www.correiobraziliense.com.br\/cbradar\/wp-json\/wp\/v2\/users\/14"}],"replies":[{"embeddable":true,"href":"https:\/\/www.correiobraziliense.com.br\/cbradar\/wp-json\/wp\/v2\/comments?post=144976"}],"version-history":[{"count":1,"href":"https:\/\/www.correiobraziliense.com.br\/cbradar\/wp-json\/wp\/v2\/posts\/144976\/revisions"}],"predecessor-version":[{"id":144977,"href":"https:\/\/www.correiobraziliense.com.br\/cbradar\/wp-json\/wp\/v2\/posts\/144976\/revisions\/144977"}],"wp:featuredmedia":[{"embeddable":true,"href":"https:\/\/www.correiobraziliense.com.br\/cbradar\/wp-json\/wp\/v2\/media\/131893"}],"wp:attachment":[{"href":"https:\/\/www.correiobraziliense.com.br\/cbradar\/wp-json\/wp\/v2\/media?parent=144976"}],"wp:term":[{"taxonomy":"category","embeddable":true,"href":"https:\/\/www.correiobraziliense.com.br\/cbradar\/wp-json\/wp\/v2\/categories?post=144976"},{"taxonomy":"post_tag","embeddable":true,"href":"https:\/\/www.correiobraziliense.com.br\/cbradar\/wp-json\/wp\/v2\/post_tag?post=144976"}],"curies":[{"name":"wp","href":"https:\/\/api.w.org\/{rel}","templated":true}]}}