{"id":144987,"date":"2025-11-26T21:35:00","date_gmt":"2025-11-27T00:35:00","guid":{"rendered":"https:\/\/www.correiobraziliense.com.br\/cbradar\/?p=144987"},"modified":"2025-11-25T19:44:07","modified_gmt":"2025-11-25T22:44:07","slug":"pimenta-revela-poder-escondido-que-surpreende-medicos","status":"publish","type":"post","link":"https:\/\/www.correiobraziliense.com.br\/cbradar\/pimenta-revela-poder-escondido-que-surpreende-medicos\/","title":{"rendered":"Pimenta revela poder escondido que surpreende m\u00e9dicos"},"content":{"rendered":"\n<p>As <strong>Pimentas <\/strong>desempenham um papel fundamental na culin\u00e1ria, n\u00e3o apenas por seu sabor poderoso, mas tamb\u00e9m por seus in\u00fameros benef\u00edcios \u00e0 sa\u00fade. Elas s\u00e3o amplamente reconhecidas por suas propriedades nutricionais, enriquecendo diversas culturas gastron\u00f4micas ao redor do mundo. Al\u00e9m de serem um componente essencial em muitos pratos, as Pimentas possuem caracter\u00edsticas medicinais que as tornam um aliado importante para quem busca uma alimenta\u00e7\u00e3o equilibrada.<\/p>\n\n\n\n<p>De forma geral, as Pimentas s\u00e3o conhecidas por conterem um baixo teor de gorduras, enquanto s\u00e3o ricas em nutrientes como a capsaicina, piperina e vitaminas essenciais. Essa composi\u00e7\u00e3o faz delas um excelente complemento para dietas destinadas ao bem-estar e \u00e0 melhoria da sa\u00fade em geral. A capsaicina, em particular, tem sido alvo de muitos estudos por sua capacidade de acelerar o metabolismo e auxilia na redu\u00e7\u00e3o do apetite.<\/p>\n\n\n\n<h2 class=\"wp-block-heading\">Quais s\u00e3o os principais tipos de pimenta e suas caracter\u00edsticas?<\/h2>\n\n\n\n<p>Cada tipo de pimenta possui atributos \u00fanicos que podem influenciar tanto o sabor quanto os benef\u00edcios \u00e0 sa\u00fade. A pimenta malagueta, por exemplo, \u00e9 altamente valorizada por seu elevado teor de capsaicina, o que a torna altamente picante e eficaz como termog\u00eanico. Por outro lado, a pimenta biquinho oferece um sabor mais suave e \u00e9 rica em vitamina C, sem a ard\u00eancia caracter\u00edstica associada a outras variedades.<\/p>\n\n\n<div class=\"wp-block-image\">\n<figure class=\"aligncenter size-large\"><img decoding=\"async\" width=\"1024\" height=\"576\" src=\"https:\/\/www.correiobraziliense.com.br\/cbradar\/wp-content\/uploads\/2025\/11\/Pimentas-_1764110603722-1024x576.jpg\" alt=\"\" class=\"wp-image-144989\" srcset=\"https:\/\/www.correiobraziliense.com.br\/cbradar\/wp-content\/uploads\/2025\/11\/Pimentas-_1764110603722-1024x576.jpg 1024w, https:\/\/www.correiobraziliense.com.br\/cbradar\/wp-content\/uploads\/2025\/11\/Pimentas-_1764110603722-300x169.jpg 300w, https:\/\/www.correiobraziliense.com.br\/cbradar\/wp-content\/uploads\/2025\/11\/Pimentas-_1764110603722-768x432.jpg 768w, https:\/\/www.correiobraziliense.com.br\/cbradar\/wp-content\/uploads\/2025\/11\/Pimentas-_1764110603722-750x422.jpg 750w, https:\/\/www.correiobraziliense.com.br\/cbradar\/wp-content\/uploads\/2025\/11\/Pimentas-_1764110603722-1140x641.jpg 1140w, https:\/\/www.correiobraziliense.com.br\/cbradar\/wp-content\/uploads\/2025\/11\/Pimentas-_1764110603722.jpg 1280w\" sizes=\"(max-width: 1024px) 100vw, 1024px\" \/><figcaption class=\"wp-element-caption\">Pimentas &#8211; Cr\u00e9ditos: depositphotos.com \/ vencav<\/figcaption><\/figure><\/div>\n\n\n<p>A pimenta dedo-de-mo\u00e7a e a jalape\u00f1o s\u00e3o op\u00e7\u00f5es populares por equilibrar sabor e aroma com compostos antioxidantes. Elas s\u00e3o frequentemente utilizadas em diversas receitas por seu sabor marcante, sem serem excessivamente picantes. Mesmo as Pimentas com menor grau de pic\u00e2ncia, como a pimenta biquinho, ainda fornecem benef\u00edcios significativos devido ao seu conte\u00fado de vitaminas e outros nutrientes essenciais.<\/p>\n\n\n\n<h2 class=\"wp-block-heading\">Como as Pimentas podem beneficiar a sa\u00fade?<\/h2>\n\n\n\n<p>Os benef\u00edcios das Pimentas v\u00e3o al\u00e9m do simples prazer gastron\u00f4mico. O consumo regular pode contribuir para a perda de peso, uma vez que a capsaicina ajuda na queima de calorias atrav\u00e9s da termog\u00eanese. As Pimentas tamb\u00e9m oferecem propriedades anti-inflamat\u00f3rias e antioxidantes, que protegem as c\u00e9lulas contra danos e envelhecimento precoce. Al\u00e9m disso, s\u00e3o reconhecidas por melhorar a circula\u00e7\u00e3o sangu\u00ednea e promover a <a href=\"https:\/\/www.correiobraziliense.com.br\/cbradar\/o-exame-ocular-que-ajuda-a-detectar-doencas-antes-dos-sintomas\/\" target=\"_blank\" rel=\"noreferrer noopener\">sa\u00fade <\/a>cardiovascular.<\/p>\n\n\n\n<ul class=\"wp-block-list\">\n<li><strong>Metabolismo e bem-estar<\/strong>: A capsaicina n\u00e3o somente aumenta o metabolismo, como tamb\u00e9m possui efeitos analg\u00e9sicos e anti-inflamat\u00f3rios, promovendo uma sensa\u00e7\u00e3o geral de bem-estar.<\/li>\n\n\n\n<li><strong>Prote\u00e7\u00e3o celular<\/strong>: Com a\u00e7\u00e3o antioxidante, as Pimentas ajudam no combate aos radicais livres, protegendo o organismo dos efeitos do estresse oxidativo.<\/li>\n\n\n\n<li><strong>Sa\u00fade digestiva<\/strong>: Pequenas quantidades de pimenta podem estimular a produ\u00e7\u00e3o de enzimas digestivas e melhorar a sensibilidade \u00e0 insulina.<\/li>\n<\/ul>\n\n\n\n<h2 class=\"wp-block-heading\">Quais cuidados devem ser tomados ao consumir Pimentas?<\/h2>\n\n\n\n<p>Embora os benef\u00edcios das Pimentas sejam muitos, \u00e9 essencial consumi-las com modera\u00e7\u00e3o, j\u00e1 que excessos podem levar a mal-estar gastrointestinal, especialmente em pessoas com condi\u00e7\u00f5es pr\u00e9-existentes como gastrite ou refluxo. \u00c9 importante considerar a toler\u00e2ncia individual ao incorporar pimentas na dieta di\u00e1ria. Para evitar irrita\u00e7\u00f5es, \u00e9 aconselh\u00e1vel utilizar luvas ao manusear Pimentas mais potentes ou ao remover suas sementes.<\/p>\n\n\n\n<h2 class=\"wp-block-heading\">Como incluir as Pimentas na dieta di\u00e1ria?<\/h2>\n\n\n\n<p>Incorporar Pimentas  na dieta pode ser simples e recompensador. A pimenta-do-reino \u00e9 uma op\u00e7\u00e3o vers\u00e1til que pode ser adicionada a sucos, enquanto a pimenta caiena pode enriquecer infus\u00f5es digestivas. A pimenta dedo-de-mo\u00e7a \u00e9 ideal para incorporar em cozidos e molhos caseiros, proporcionando um toque de sabor equilibrado e nutrientes. Ao ajustar a quantidade ao gosto e toler\u00e2ncia pessoal, \u00e9 poss\u00edvel desfrutar dos muitos benef\u00edcios que as Pimentas oferecem \u00e0 sa\u00fade.<\/p>\n\n\n<a href=\"https:\/\/www.instagram.com\/dra.annaluisabf\/\" target=\"_blank\" rel=\"noopener\" style=\"text-decoration: none; color: inherit;\">\n    <span style=\"display: inline-block; border: 1px solid #ccc; border-radius: 10px; padding: 15px; max-width: 550px; font-family: sans-serif; box-shadow: 0 2px 5px rgba(0,0,0,0.1); width: 100%;\">\n\n      <!-- T\u00edtulo -->\n      <span style=\"display: block; margin: 0 0 15px 0; font-weight: bold; color: #2c3e50; text-align: center;\">\n        Entre em contato:\n      <\/span>\n\n      <!-- Linha do perfil -->\n      <span style=\"display: flex; align-items: center; gap: 15px;\">\n        <img decoding=\"async\"\n          src=\"https:\/\/www.correiobraziliense.com.br\/cbradar\/wp-content\/uploads\/2025\/08\/dra_anna_luisa.jpeg\"\n          alt=\"Foto da Dra. Anna Lu\u00edsa\"\n          style=\"border-radius: 50%; width: 80px; height: 80px; object-fit: cover;\"\n        \/>\n        <span style=\"display: flex; flex-direction: column;\">\n          <span style=\"font-size: 18px; font-weight: 700; color: #2c3e50;\">Dra. Anna Lu\u00edsa Barbosa Fernandes<\/span>\n          <span style=\"color: #555;\">CRM-GO 33.271<\/span>\n        <\/span>\n      <\/span>\n\n      <!-- Redes -->\n      <span style=\"display: flex; align-items: center; gap: 10px; margin-top: 12px;\">\n        <img decoding=\"async\" src=\"https:\/\/cdn-icons-png.flaticon.com\/24\/1384\/1384063.png\" alt=\"Instagram\" width=\"24\" height=\"24\" \/>\n        <span style=\"text-decoration: underline; color: #2c3e50;\">@dra.annaluisabf<\/span>\n      <\/span>\n\n    <\/span>\n  <\/a>","protected":false},"excerpt":{"rendered":"<p>As Pimentas desempenham um papel fundamental na culin\u00e1ria, n\u00e3o apenas por seu sabor poderoso, mas tamb\u00e9m por seus in\u00fameros benef\u00edcios \u00e0 sa\u00fade. Elas s\u00e3o amplamente reconhecidas por suas propriedades nutricionais, enriquecendo diversas culturas gastron\u00f4micas ao redor do mundo. Al\u00e9m de serem um componente essencial em muitos pratos, as Pimentas possuem caracter\u00edsticas medicinais que as tornam [&hellip;]<\/p>\n","protected":false},"author":14,"featured_media":144988,"comment_status":"open","ping_status":"open","sticky":false,"template":"","format":"standard","meta":{"_yoast_wpseo_focuskw":"Pimentas","_yoast_wpseo_title":"","_yoast_wpseo_metadesc":"A pimenta acelera o metabolismo e protege suas c\u00e9lulas. Veja o que a ci\u00eancia j\u00e1 comprovou sobre seus efeitos no bem-estar e na sa\u00fade digestiva.","jnews-multi-image_gallery":[],"jnews_single_post":{"format":"standard"},"jnews_primary_category":[],"jnews_social_meta":[],"jnews_override_counter":[],"footnotes":""},"categories":[4404],"post_tag":[281,120,1318],"class_list":["post-144987","post","type-post","status-publish","format-standard","has-post-thumbnail","hentry","category-saude","tag-alimentacao","tag-bem-estar","tag-saude-2"],"yoast_head":"<!-- This site is optimized with the Yoast SEO plugin v24.6 - https:\/\/yoast.com\/wordpress\/plugins\/seo\/ -->\n<title>Pimenta revela poder escondido que surpreende m\u00e9dicos - Correio Braziliense - Radar<\/title>\n<meta name=\"description\" content=\"A pimenta acelera o metabolismo e protege suas c\u00e9lulas. Veja o que a ci\u00eancia j\u00e1 comprovou sobre seus efeitos no bem-estar e na sa\u00fade digestiva.\" \/>\n<meta name=\"robots\" content=\"index, follow, max-snippet:-1, max-image-preview:large, max-video-preview:-1\" \/>\n<link rel=\"canonical\" href=\"https:\/\/www.correiobraziliense.com.br\/cbradar\/pimenta-revela-poder-escondido-que-surpreende-medicos\/\" \/>\n<meta property=\"og:locale\" content=\"pt_BR\" \/>\n<meta property=\"og:type\" content=\"article\" \/>\n<meta property=\"og:title\" content=\"Pimenta revela poder escondido que surpreende m\u00e9dicos - Correio Braziliense - Radar\" \/>\n<meta property=\"og:description\" content=\"A pimenta acelera o metabolismo e protege suas c\u00e9lulas. Veja o que a ci\u00eancia j\u00e1 comprovou sobre seus efeitos no bem-estar e na sa\u00fade digestiva.\" \/>\n<meta property=\"og:url\" content=\"https:\/\/www.correiobraziliense.com.br\/cbradar\/pimenta-revela-poder-escondido-que-surpreende-medicos\/\" \/>\n<meta property=\"og:site_name\" content=\"Correio Braziliense - Radar\" \/>\n<meta property=\"article:published_time\" content=\"2025-11-27T00:35:00+00:00\" \/>\n<meta property=\"og:image\" content=\"https:\/\/www.correiobraziliense.com.br\/cbradar\/wp-content\/uploads\/2025\/11\/Pimentas-_1764110581602.jpg\" \/>\n\t<meta property=\"og:image:width\" content=\"1280\" \/>\n\t<meta property=\"og:image:height\" content=\"720\" \/>\n\t<meta property=\"og:image:type\" content=\"image\/jpeg\" \/>\n<meta name=\"author\" content=\"guilherme_saude\" \/>\n<meta name=\"twitter:card\" content=\"summary_large_image\" \/>\n<meta name=\"twitter:label1\" content=\"Escrito por\" \/>\n\t<meta name=\"twitter:data1\" content=\"guilherme_saude\" \/>\n\t<meta name=\"twitter:label2\" content=\"Est. tempo de leitura\" \/>\n\t<meta name=\"twitter:data2\" content=\"4 minutos\" \/>\n<!-- \/ Yoast SEO plugin. -->","yoast_head_json":{"title":"Pimenta revela poder escondido que surpreende m\u00e9dicos - Correio Braziliense - Radar","description":"A pimenta acelera o metabolismo e protege suas c\u00e9lulas. Veja o que a ci\u00eancia j\u00e1 comprovou sobre seus efeitos no bem-estar e na sa\u00fade digestiva.","robots":{"index":"index","follow":"follow","max-snippet":"max-snippet:-1","max-image-preview":"max-image-preview:large","max-video-preview":"max-video-preview:-1"},"canonical":"https:\/\/www.correiobraziliense.com.br\/cbradar\/pimenta-revela-poder-escondido-que-surpreende-medicos\/","og_locale":"pt_BR","og_type":"article","og_title":"Pimenta revela poder escondido que surpreende m\u00e9dicos - Correio Braziliense - Radar","og_description":"A pimenta acelera o metabolismo e protege suas c\u00e9lulas. Veja o que a ci\u00eancia j\u00e1 comprovou sobre seus efeitos no bem-estar e na sa\u00fade digestiva.","og_url":"https:\/\/www.correiobraziliense.com.br\/cbradar\/pimenta-revela-poder-escondido-que-surpreende-medicos\/","og_site_name":"Correio Braziliense - Radar","article_published_time":"2025-11-27T00:35:00+00:00","og_image":[{"width":1280,"height":720,"url":"https:\/\/www.correiobraziliense.com.br\/cbradar\/wp-content\/uploads\/2025\/11\/Pimentas-_1764110581602.jpg","type":"image\/jpeg"}],"author":"guilherme_saude","twitter_card":"summary_large_image","twitter_misc":{"Escrito por":"guilherme_saude","Est. tempo de leitura":"4 minutos"},"schema":{"@context":"https:\/\/schema.org","@graph":[{"@type":"WebPage","@id":"https:\/\/www.correiobraziliense.com.br\/cbradar\/pimenta-revela-poder-escondido-que-surpreende-medicos\/","url":"https:\/\/www.correiobraziliense.com.br\/cbradar\/pimenta-revela-poder-escondido-que-surpreende-medicos\/","name":"Pimenta revela poder escondido que surpreende m\u00e9dicos - Correio Braziliense - Radar","isPartOf":{"@id":"https:\/\/www.correiobraziliense.com.br\/cbradar\/#website"},"primaryImageOfPage":{"@id":"https:\/\/www.correiobraziliense.com.br\/cbradar\/pimenta-revela-poder-escondido-que-surpreende-medicos\/#primaryimage"},"image":{"@id":"https:\/\/www.correiobraziliense.com.br\/cbradar\/pimenta-revela-poder-escondido-que-surpreende-medicos\/#primaryimage"},"thumbnailUrl":"https:\/\/www.correiobraziliense.com.br\/cbradar\/wp-content\/uploads\/2025\/11\/Pimentas-_1764110581602.jpg","datePublished":"2025-11-27T00:35:00+00:00","author":{"@id":"https:\/\/www.correiobraziliense.com.br\/cbradar\/#\/schema\/person\/5aa4bf3c8fa699c267933611de12978b"},"description":"A pimenta acelera o metabolismo e protege suas c\u00e9lulas. Veja o que a ci\u00eancia j\u00e1 comprovou sobre seus efeitos no bem-estar e na sa\u00fade digestiva.","breadcrumb":{"@id":"https:\/\/www.correiobraziliense.com.br\/cbradar\/pimenta-revela-poder-escondido-que-surpreende-medicos\/#breadcrumb"},"inLanguage":"pt-BR","potentialAction":[{"@type":"ReadAction","target":["https:\/\/www.correiobraziliense.com.br\/cbradar\/pimenta-revela-poder-escondido-que-surpreende-medicos\/"]}]},{"@type":"ImageObject","inLanguage":"pt-BR","@id":"https:\/\/www.correiobraziliense.com.br\/cbradar\/pimenta-revela-poder-escondido-que-surpreende-medicos\/#primaryimage","url":"https:\/\/www.correiobraziliense.com.br\/cbradar\/wp-content\/uploads\/2025\/11\/Pimentas-_1764110581602.jpg","contentUrl":"https:\/\/www.correiobraziliense.com.br\/cbradar\/wp-content\/uploads\/2025\/11\/Pimentas-_1764110581602.jpg","width":1280,"height":720,"caption":"Pimentas - Cr\u00e9ditos: depositphotos.com \/ efmukel2"},{"@type":"BreadcrumbList","@id":"https:\/\/www.correiobraziliense.com.br\/cbradar\/pimenta-revela-poder-escondido-que-surpreende-medicos\/#breadcrumb","itemListElement":[{"@type":"ListItem","position":1,"name":"In\u00edcio","item":"https:\/\/www.correiobraziliense.com.br\/cbradar\/"},{"@type":"ListItem","position":2,"name":"Pimenta revela poder escondido que surpreende m\u00e9dicos"}]},{"@type":"WebSite","@id":"https:\/\/www.correiobraziliense.com.br\/cbradar\/#website","url":"https:\/\/www.correiobraziliense.com.br\/cbradar\/","name":"Correio Braziliense - Radar","description":"Acompanhe as \u00faltimas not\u00edcias e fique bem informado sobre tudo o que acontece no Brasil e no mundo.","potentialAction":[{"@type":"SearchAction","target":{"@type":"EntryPoint","urlTemplate":"https:\/\/www.correiobraziliense.com.br\/cbradar\/?s={search_term_string}"},"query-input":{"@type":"PropertyValueSpecification","valueRequired":true,"valueName":"search_term_string"}}],"inLanguage":"pt-BR"},{"@type":"Person","@id":"https:\/\/www.correiobraziliense.com.br\/cbradar\/#\/schema\/person\/5aa4bf3c8fa699c267933611de12978b","name":"guilherme_saude","image":{"@type":"ImageObject","inLanguage":"pt-BR","@id":"https:\/\/www.correiobraziliense.com.br\/cbradar\/#\/schema\/person\/image\/","url":"https:\/\/secure.gravatar.com\/avatar\/df9adfb835d344bc0af109d41756253f?s=96&d=mm&r=g","contentUrl":"https:\/\/secure.gravatar.com\/avatar\/df9adfb835d344bc0af109d41756253f?s=96&d=mm&r=g","caption":"guilherme_saude"},"url":"https:\/\/www.correiobraziliense.com.br\/cbradar\/author\/guilherme_saude\/"}]}},"_links":{"self":[{"href":"https:\/\/www.correiobraziliense.com.br\/cbradar\/wp-json\/wp\/v2\/posts\/144987","targetHints":{"allow":["GET"]}}],"collection":[{"href":"https:\/\/www.correiobraziliense.com.br\/cbradar\/wp-json\/wp\/v2\/posts"}],"about":[{"href":"https:\/\/www.correiobraziliense.com.br\/cbradar\/wp-json\/wp\/v2\/types\/post"}],"author":[{"embeddable":true,"href":"https:\/\/www.correiobraziliense.com.br\/cbradar\/wp-json\/wp\/v2\/users\/14"}],"replies":[{"embeddable":true,"href":"https:\/\/www.correiobraziliense.com.br\/cbradar\/wp-json\/wp\/v2\/comments?post=144987"}],"version-history":[{"count":1,"href":"https:\/\/www.correiobraziliense.com.br\/cbradar\/wp-json\/wp\/v2\/posts\/144987\/revisions"}],"predecessor-version":[{"id":144990,"href":"https:\/\/www.correiobraziliense.com.br\/cbradar\/wp-json\/wp\/v2\/posts\/144987\/revisions\/144990"}],"wp:featuredmedia":[{"embeddable":true,"href":"https:\/\/www.correiobraziliense.com.br\/cbradar\/wp-json\/wp\/v2\/media\/144988"}],"wp:attachment":[{"href":"https:\/\/www.correiobraziliense.com.br\/cbradar\/wp-json\/wp\/v2\/media?parent=144987"}],"wp:term":[{"taxonomy":"category","embeddable":true,"href":"https:\/\/www.correiobraziliense.com.br\/cbradar\/wp-json\/wp\/v2\/categories?post=144987"},{"taxonomy":"post_tag","embeddable":true,"href":"https:\/\/www.correiobraziliense.com.br\/cbradar\/wp-json\/wp\/v2\/post_tag?post=144987"}],"curies":[{"name":"wp","href":"https:\/\/api.w.org\/{rel}","templated":true}]}}