{"id":14499,"date":"2025-03-22T21:30:00","date_gmt":"2025-03-23T00:30:00","guid":{"rendered":"https:\/\/www.correiobraziliense.com.br\/cbradar\/?p=14499"},"modified":"2025-03-21T22:22:38","modified_gmt":"2025-03-22T01:22:38","slug":"essa-cidade-foi-construida-com-lixo-reciclado","status":"publish","type":"post","link":"https:\/\/www.correiobraziliense.com.br\/cbradar\/essa-cidade-foi-construida-com-lixo-reciclado\/","title":{"rendered":"Essa cidade foi constru\u00edda com lixo reciclado"},"content":{"rendered":"\n<p>Na cidade de <strong>Simi Valley<\/strong>, na <strong>Calif\u00f3rnia<\/strong>, EUA, existe um lugar verdadeiramente inusitado: <strong>Bottle Village<\/strong>. Essa \u201cvila\u201d foi constru\u00edda quase contendo <strong>garrafas de vidro, azulejos quebrados, tampinhas de refrigerante, peda\u00e7os de espelho, brinquedos velhos e todo tipo de material recicl\u00e1vel<\/strong> que normalmente iria para o lixo.<\/p>\n\n\n\n<p>O que come\u00e7ou como um projeto pessoal acabou se tornando um \u00edcone de <strong>arte popular e de sustentabilidade<\/strong>, e hoje \u00e9 considerado uma das cria\u00e7\u00f5es arquitet\u00f4nicas mais exc\u00eantricas dos Estados Unidos.<\/p>\n\n\n\n<h2 class=\"wp-block-heading\">Quem construiu a Bottle Village?<\/h2>\n\n\n\n<p>O projeto foi idealizado e executado por <strong>Tressa \u201cVov\u00f3\u201d Prisbrey<\/strong>, uma senhora que, aos 60 anos, decidiu construir uma biblioteca para guardar seu l\u00e1pis \u2014 sim, l\u00e1pis! Sem dinheiro para materiais, ela come\u00e7ou a coletar garrafas e outros objetos descartados em lix\u00f5es da cidade.<\/p>\n\n\n\n<p>O que foi para ser uma pequena estrutura se transformou, ao longo de <strong>25 anos de trabalho<\/strong>, em um verdadeiro complexo de:<\/p>\n\n\n\n<ul class=\"wp-block-list\">\n<li><strong>Casas<\/strong><\/li>\n\n\n\n<li><strong>Jardins de escultura<\/strong><\/li>\n\n\n\n<li><strong>Fontes<\/strong><\/li>\n\n\n\n<li><strong>Caminhos labir\u00ednticos<\/strong><\/li>\n\n\n\n<li><strong>Capelas e santu\u00e1rios<\/strong><\/li>\n<\/ul>\n\n\n\n<p>Tudo com materiais reciclados e muita criatividade.<\/p>\n\n\n\n<figure class=\"wp-block-image size-large\"><img decoding=\"async\" width=\"1024\" height=\"576\" src=\"https:\/\/www.correiobraziliense.com.br\/cbradar\/wp-content\/uploads\/2025\/03\/Simi-Valley_1742554914695-1024x576.jpg\" alt=\"Essa cidade foi constru\u00edda com lixo reciclado\" class=\"wp-image-14508\" srcset=\"https:\/\/www.correiobraziliense.com.br\/cbradar\/wp-content\/uploads\/2025\/03\/Simi-Valley_1742554914695-1024x576.jpg 1024w, https:\/\/www.correiobraziliense.com.br\/cbradar\/wp-content\/uploads\/2025\/03\/Simi-Valley_1742554914695-300x169.jpg 300w, https:\/\/www.correiobraziliense.com.br\/cbradar\/wp-content\/uploads\/2025\/03\/Simi-Valley_1742554914695-768x432.jpg 768w, https:\/\/www.correiobraziliense.com.br\/cbradar\/wp-content\/uploads\/2025\/03\/Simi-Valley_1742554914695-750x422.jpg 750w, https:\/\/www.correiobraziliense.com.br\/cbradar\/wp-content\/uploads\/2025\/03\/Simi-Valley_1742554914695-1140x641.jpg 1140w, https:\/\/www.correiobraziliense.com.br\/cbradar\/wp-content\/uploads\/2025\/03\/Simi-Valley_1742554914695.jpg 1280w\" sizes=\"(max-width: 1024px) 100vw, 1024px\" \/><figcaption class=\"wp-element-caption\">Simi Valley. Cr\u00e9ditos: depositphotos.com \/ Foto.Toch<\/figcaption><\/figure>\n\n\n\n<h2 class=\"wp-block-heading\">Qual \u00e9 o valor cultural da Bottle Village?<\/h2>\n\n\n\n<p>Bottle Village \u00e9 mais do que uma curiosidade arquitet\u00f4nica \u2014 \u00e9 uma <strong>express\u00e3o de arte vision\u00e1ria<\/strong>, que representa:<\/p>\n\n\n\n<ul class=\"wp-block-list\">\n<li><strong>Reutiliza\u00e7\u00e3o criativa<\/strong>: um exemplo precoce de sustentabilidade e upcycling.<\/li>\n\n\n\n<li><strong>Arte popular<\/strong>: criada por uma mulher comum, sem forma\u00e7\u00e3o acad\u00eamica em arquitetura ou arte.<\/li>\n\n\n\n<li><strong>S\u00edmbolo de resist\u00eancia<\/strong>: a vila sobreviveu a desastres naturais, incluindo o terremoto de Northridge em 1994, que danificou parte das estruturas, mas n\u00e3o apagou sua relev\u00e2ncia.<\/li>\n<\/ul>\n\n\n\n<p>Hoje, Bottle Village \u00e9 mantida por uma funda\u00e7\u00e3o e est\u00e1 listada no <strong>Registro Nacional de Lugares Hist\u00f3ricos dos EUA<\/strong>.<\/p>\n\n\n\n<h2 class=\"wp-block-heading\">Curiosidades sobre Bottle Village<\/h2>\n\n\n\n<ul class=\"wp-block-list\">\n<li><strong>Mais de 500 mil garrafas<\/strong> foram usadas na constru\u00e7\u00e3o da vila.<\/li>\n\n\n\n<li><strong>Vov\u00f3 Prisbrey escreveu tudo sozinha, com mais de 60 anos de idade.<\/strong><\/li>\n\n\n\n<li><strong>A vila tem uma \u201csala das bonecas quebradas\u201d<\/strong> , dedicada a brinquedos antigos e danificados.<\/li>\n\n\n\n<li><strong>O projeto \u00e9 considerado uma obra-prima da arte outsider (arte marginal).<\/strong><\/li>\n\n\n\n<li><strong>Apesar dos danos, o local ainda recebe visitantes e \u00e9 convidado por volunt\u00e1rios.<\/strong><\/li>\n<\/ul>\n\n\n\n<p>Bottle Village \u00e9 uma prova de que a <strong>criatividade n\u00e3o tem limites<\/strong>, e que at\u00e9 mesmo o lixo pode virar arte, hist\u00f3ria e um lar cheio de personalidade.<\/p>\n","protected":false},"excerpt":{"rendered":"<p>Uma vila na Calif\u00f3rnia foi constru\u00edda com garrafas e objetos reciclados por uma senhora de 60 anos. Conhe\u00e7a Bottle Village, um \u00edcone da arte!<\/p>\n","protected":false},"author":3,"featured_media":14507,"comment_status":"open","ping_status":"open","sticky":false,"template":"","format":"standard","meta":{"_yoast_wpseo_focuskw":"cidade lixo reciclado","_yoast_wpseo_title":"","_yoast_wpseo_metadesc":"Uma vila na Calif\u00f3rnia foi constru\u00edda com garrafas e objetos reciclados por uma senhora de 60 anos. Conhe\u00e7a Bottle Village, um \u00edcone da arte!","jnews-multi-image_gallery":[],"jnews_single_post":{"format":"standard"},"jnews_primary_category":[],"jnews_social_meta":[],"jnews_override_counter":[],"footnotes":""},"categories":[112],"tags":[109],"class_list":["post-14499","post","type-post","status-publish","format-standard","has-post-thumbnail","hentry","category-curiosidades","tag-cidades"],"yoast_head":"<!-- This site is optimized with the Yoast SEO plugin v24.6 - https:\/\/yoast.com\/wordpress\/plugins\/seo\/ -->\n<title>Essa cidade foi constru\u00edda com lixo reciclado - Correio Braziliense - Radar<\/title>\n<meta name=\"description\" content=\"Uma vila na Calif\u00f3rnia foi constru\u00edda com garrafas e objetos reciclados por uma senhora de 60 anos. Conhe\u00e7a Bottle Village, um \u00edcone da arte!\" \/>\n<meta name=\"robots\" content=\"index, follow, max-snippet:-1, max-image-preview:large, max-video-preview:-1\" \/>\n<link rel=\"canonical\" href=\"https:\/\/www.correiobraziliense.com.br\/cbradar\/essa-cidade-foi-construida-com-lixo-reciclado\/\" \/>\n<meta property=\"og:locale\" content=\"pt_BR\" \/>\n<meta property=\"og:type\" content=\"article\" \/>\n<meta property=\"og:title\" content=\"Essa cidade foi constru\u00edda com lixo reciclado - Correio Braziliense - Radar\" \/>\n<meta property=\"og:description\" content=\"Uma vila na Calif\u00f3rnia foi constru\u00edda com garrafas e objetos reciclados por uma senhora de 60 anos. Conhe\u00e7a Bottle Village, um \u00edcone da arte!\" \/>\n<meta property=\"og:url\" content=\"https:\/\/www.correiobraziliense.com.br\/cbradar\/essa-cidade-foi-construida-com-lixo-reciclado\/\" \/>\n<meta property=\"og:site_name\" content=\"Correio Braziliense - Radar\" \/>\n<meta property=\"article:published_time\" content=\"2025-03-23T00:30:00+00:00\" \/>\n<meta property=\"og:image\" content=\"https:\/\/www.correiobraziliense.com.br\/cbradar\/wp-content\/uploads\/2025\/03\/Simi-Valley_1742554883209.jpg\" \/>\n\t<meta property=\"og:image:width\" content=\"1280\" \/>\n\t<meta property=\"og:image:height\" content=\"720\" \/>\n\t<meta property=\"og:image:type\" content=\"image\/jpeg\" \/>\n<meta name=\"author\" content=\"Larissa Carvalho\" \/>\n<meta name=\"twitter:card\" content=\"summary_large_image\" \/>\n<meta name=\"twitter:label1\" content=\"Escrito por\" \/>\n\t<meta name=\"twitter:data1\" content=\"Larissa Carvalho\" \/>\n\t<meta name=\"twitter:label2\" content=\"Est. tempo de leitura\" \/>\n\t<meta name=\"twitter:data2\" content=\"3 minutos\" \/>\n<!-- \/ Yoast SEO plugin. -->","yoast_head_json":{"title":"Essa cidade foi constru\u00edda com lixo reciclado - Correio Braziliense - Radar","description":"Uma vila na Calif\u00f3rnia foi constru\u00edda com garrafas e objetos reciclados por uma senhora de 60 anos. Conhe\u00e7a Bottle Village, um \u00edcone da arte!","robots":{"index":"index","follow":"follow","max-snippet":"max-snippet:-1","max-image-preview":"max-image-preview:large","max-video-preview":"max-video-preview:-1"},"canonical":"https:\/\/www.correiobraziliense.com.br\/cbradar\/essa-cidade-foi-construida-com-lixo-reciclado\/","og_locale":"pt_BR","og_type":"article","og_title":"Essa cidade foi constru\u00edda com lixo reciclado - Correio Braziliense - Radar","og_description":"Uma vila na Calif\u00f3rnia foi constru\u00edda com garrafas e objetos reciclados por uma senhora de 60 anos. Conhe\u00e7a Bottle Village, um \u00edcone da arte!","og_url":"https:\/\/www.correiobraziliense.com.br\/cbradar\/essa-cidade-foi-construida-com-lixo-reciclado\/","og_site_name":"Correio Braziliense - Radar","article_published_time":"2025-03-23T00:30:00+00:00","og_image":[{"width":1280,"height":720,"url":"https:\/\/www.correiobraziliense.com.br\/cbradar\/wp-content\/uploads\/2025\/03\/Simi-Valley_1742554883209.jpg","type":"image\/jpeg"}],"author":"Larissa Carvalho","twitter_card":"summary_large_image","twitter_misc":{"Escrito por":"Larissa Carvalho","Est. tempo de leitura":"3 minutos"},"schema":{"@context":"https:\/\/schema.org","@graph":[{"@type":"WebPage","@id":"https:\/\/www.correiobraziliense.com.br\/cbradar\/essa-cidade-foi-construida-com-lixo-reciclado\/","url":"https:\/\/www.correiobraziliense.com.br\/cbradar\/essa-cidade-foi-construida-com-lixo-reciclado\/","name":"Essa cidade foi constru\u00edda com lixo reciclado - Correio Braziliense - Radar","isPartOf":{"@id":"https:\/\/www.correiobraziliense.com.br\/cbradar\/#website"},"primaryImageOfPage":{"@id":"https:\/\/www.correiobraziliense.com.br\/cbradar\/essa-cidade-foi-construida-com-lixo-reciclado\/#primaryimage"},"image":{"@id":"https:\/\/www.correiobraziliense.com.br\/cbradar\/essa-cidade-foi-construida-com-lixo-reciclado\/#primaryimage"},"thumbnailUrl":"https:\/\/www.correiobraziliense.com.br\/cbradar\/wp-content\/uploads\/2025\/03\/Simi-Valley_1742554883209.jpg","datePublished":"2025-03-23T00:30:00+00:00","author":{"@id":"https:\/\/www.correiobraziliense.com.br\/cbradar\/#\/schema\/person\/58422787644df994b53a19d3e56c1513"},"description":"Uma vila na Calif\u00f3rnia foi constru\u00edda com garrafas e objetos reciclados por uma senhora de 60 anos. Conhe\u00e7a Bottle Village, um \u00edcone da arte!","breadcrumb":{"@id":"https:\/\/www.correiobraziliense.com.br\/cbradar\/essa-cidade-foi-construida-com-lixo-reciclado\/#breadcrumb"},"inLanguage":"pt-BR","potentialAction":[{"@type":"ReadAction","target":["https:\/\/www.correiobraziliense.com.br\/cbradar\/essa-cidade-foi-construida-com-lixo-reciclado\/"]}]},{"@type":"ImageObject","inLanguage":"pt-BR","@id":"https:\/\/www.correiobraziliense.com.br\/cbradar\/essa-cidade-foi-construida-com-lixo-reciclado\/#primaryimage","url":"https:\/\/www.correiobraziliense.com.br\/cbradar\/wp-content\/uploads\/2025\/03\/Simi-Valley_1742554883209.jpg","contentUrl":"https:\/\/www.correiobraziliense.com.br\/cbradar\/wp-content\/uploads\/2025\/03\/Simi-Valley_1742554883209.jpg","width":1280,"height":720,"caption":"Simi Valley. Cr\u00e9ditos: depositphotos.com \/ Foto.Toch"},{"@type":"BreadcrumbList","@id":"https:\/\/www.correiobraziliense.com.br\/cbradar\/essa-cidade-foi-construida-com-lixo-reciclado\/#breadcrumb","itemListElement":[{"@type":"ListItem","position":1,"name":"In\u00edcio","item":"https:\/\/www.correiobraziliense.com.br\/cbradar\/"},{"@type":"ListItem","position":2,"name":"Essa cidade foi constru\u00edda com lixo reciclado"}]},{"@type":"WebSite","@id":"https:\/\/www.correiobraziliense.com.br\/cbradar\/#website","url":"https:\/\/www.correiobraziliense.com.br\/cbradar\/","name":"Correio Braziliense - Radar","description":"Acompanhe as \u00faltimas not\u00edcias e fique bem informado sobre tudo o que acontece no Brasil e no mundo.","potentialAction":[{"@type":"SearchAction","target":{"@type":"EntryPoint","urlTemplate":"https:\/\/www.correiobraziliense.com.br\/cbradar\/?s={search_term_string}"},"query-input":{"@type":"PropertyValueSpecification","valueRequired":true,"valueName":"search_term_string"}}],"inLanguage":"pt-BR"},{"@type":"Person","@id":"https:\/\/www.correiobraziliense.com.br\/cbradar\/#\/schema\/person\/58422787644df994b53a19d3e56c1513","name":"Larissa Carvalho","image":{"@type":"ImageObject","inLanguage":"pt-BR","@id":"https:\/\/www.correiobraziliense.com.br\/cbradar\/#\/schema\/person\/image\/","url":"https:\/\/secure.gravatar.com\/avatar\/fe4f91a0de32b52a838d0d612abdc1aa?s=96&d=mm&r=g","contentUrl":"https:\/\/secure.gravatar.com\/avatar\/fe4f91a0de32b52a838d0d612abdc1aa?s=96&d=mm&r=g","caption":"Larissa Carvalho"},"url":"https:\/\/www.correiobraziliense.com.br\/cbradar\/author\/larissamyth\/"}]}},"_links":{"self":[{"href":"https:\/\/www.correiobraziliense.com.br\/cbradar\/wp-json\/wp\/v2\/posts\/14499","targetHints":{"allow":["GET"]}}],"collection":[{"href":"https:\/\/www.correiobraziliense.com.br\/cbradar\/wp-json\/wp\/v2\/posts"}],"about":[{"href":"https:\/\/www.correiobraziliense.com.br\/cbradar\/wp-json\/wp\/v2\/types\/post"}],"author":[{"embeddable":true,"href":"https:\/\/www.correiobraziliense.com.br\/cbradar\/wp-json\/wp\/v2\/users\/3"}],"replies":[{"embeddable":true,"href":"https:\/\/www.correiobraziliense.com.br\/cbradar\/wp-json\/wp\/v2\/comments?post=14499"}],"version-history":[{"count":1,"href":"https:\/\/www.correiobraziliense.com.br\/cbradar\/wp-json\/wp\/v2\/posts\/14499\/revisions"}],"predecessor-version":[{"id":14509,"href":"https:\/\/www.correiobraziliense.com.br\/cbradar\/wp-json\/wp\/v2\/posts\/14499\/revisions\/14509"}],"wp:featuredmedia":[{"embeddable":true,"href":"https:\/\/www.correiobraziliense.com.br\/cbradar\/wp-json\/wp\/v2\/media\/14507"}],"wp:attachment":[{"href":"https:\/\/www.correiobraziliense.com.br\/cbradar\/wp-json\/wp\/v2\/media?parent=14499"}],"wp:term":[{"taxonomy":"category","embeddable":true,"href":"https:\/\/www.correiobraziliense.com.br\/cbradar\/wp-json\/wp\/v2\/categories?post=14499"},{"taxonomy":"post_tag","embeddable":true,"href":"https:\/\/www.correiobraziliense.com.br\/cbradar\/wp-json\/wp\/v2\/tags?post=14499"}],"curies":[{"name":"wp","href":"https:\/\/api.w.org\/{rel}","templated":true}]}}