{"id":145083,"date":"2025-11-27T14:15:00","date_gmt":"2025-11-27T17:15:00","guid":{"rendered":"https:\/\/www.correiobraziliense.com.br\/cbradar\/?p=145083"},"modified":"2025-11-26T13:54:16","modified_gmt":"2025-11-26T16:54:16","slug":"um-professor-de-harvard-revelou-qual-foi-o-pior-ano-da-nossa-historia-recente-e-a-explicacao-surpreendeu-a-todos","status":"publish","type":"post","link":"https:\/\/www.correiobraziliense.com.br\/cbradar\/um-professor-de-harvard-revelou-qual-foi-o-pior-ano-da-nossa-historia-recente-e-a-explicacao-surpreendeu-a-todos\/","title":{"rendered":"Um professor de Harvard revelou qual foi o pior ano da nossa hist\u00f3ria recente e a explica\u00e7\u00e3o surpreendeu a todos"},"content":{"rendered":"\n<p>N\u00e3o se pode negar que os <strong>dispositivos eletr\u00f4nicos<\/strong> transformaram a vida cotidiana de milh\u00f5es de pessoas ao redor do mundo. O surgimento da Internet, dos smartphones e das redes sociais mudou profundamente a forma como as pessoas socializam, trabalham e desfrutam do lazer. Apesar dos benef\u00edcios evidentes, como <strong>conectividade<\/strong> e <strong>acesso instant\u00e2neo \u00e0 informa\u00e7\u00e3o<\/strong>, surgem preocupa\u00e7\u00f5es crescentes sobre o impacto dessas tecnologias no <strong>bem-estar emocional<\/strong> das pessoas.<\/p>\n\n\n\n<h2 class=\"wp-block-heading\">O uso de dispositivos eletr\u00f4nicos est\u00e1 relacionado \u00e0 infelicidade?<\/h2>\n\n\n\n<p>Especialistas em psicologia e ci\u00eancias do comportamento mostram preocupa\u00e7\u00e3o com o impacto negativo das redes sociais na <strong>sa\u00fade mental<\/strong>. Arthur C. Brooks, professor da Universidade de Harvard e estudioso da felicidade, destaca que a populariza\u00e7\u00e3o dos smartphones, sobretudo ap\u00f3s 2008, contribuiu para um aumento da chamada <strong>epidemia de infelicidade<\/strong> no mundo.<\/p>\n\n\n\n<p>Dados recentes apontam que a intensa presen\u00e7a digital pode estar associada a sentimentos de insatisfa\u00e7\u00e3o e compara\u00e7\u00f5es excessivas nas redes, agravando quest\u00f5es como ansiedade e solid\u00e3o.<\/p>\n\n\n\n<p>O professor Arthur C. Brooks, em seu perfil @arthurcbrooks costuma apontar diversos temas sobre felicidade:<\/p>\n\n\n\n<blockquote class=\"tiktok-embed\" cite=\"https:\/\/www.tiktok.com\/@arthurcbrooks\/video\/7566401867215949111\" data-video-id=\"7566401867215949111\" style=\"max-width: 605px;min-width: 325px;\" > <section> <a target=\"_blank\" title=\"@arthurcbrooks\" href=\"https:\/\/www.tiktok.com\/@arthurcbrooks?refer=embed\">@arthurcbrooks<\/a> <p>The happiest people do four things every day: \u2022 Practice their faith \u2022 Stay close to family \u2022 Build real friendships \u2022 Find meaning in their work These are not trends. They\u2019re habits that make life better.<\/p> <a target=\"_blank\" title=\"\u266c original sound  - Dr. Arthur Brooks\" href=\"https:\/\/www.tiktok.com\/music\/original-sound-Dr-Arthur-Brooks-7566402007892773687?refer=embed\">\u266c original sound  &#8211; Dr. Arthur Brooks<\/a> <\/section> <\/blockquote> <script async src=\"https:\/\/www.tiktok.com\/embed.js\"><\/script>\n\n\n\n<h2 class=\"wp-block-heading\">Redes sociais influenciam a felicidade dos usu\u00e1rios?<\/h2>\n\n\n\n<p>As <strong>plataformas digitais<\/strong> permitem conex\u00f5es r\u00e1pidas, mas tamb\u00e9m exp\u00f5em usu\u00e1rios a <strong>compara\u00e7\u00f5es constantes<\/strong> e ao cyberbullying. Pesquisas, como a publicada na <strong><a href=\"https:\/\/onlinelibrary.wiley.com\/doi\/10.1176\/appi.prcp.20250026\" target=\"_blank\" rel=\"noreferrer noopener\">Psychiatric Research &amp; Clinical Practice<\/a><\/strong>, identificam o aumento da depress\u00e3o entre adolescentes desde 2012, ano que marca a populariza\u00e7\u00e3o dos smartphones.<\/p>\n\n\n\n<p>Essas tend\u00eancias sugerem que, apesar de hiperconectados, muitos jovens vivenciam uma eleva\u00e7\u00e3o nos \u00edndices de <strong>tristeza e isolamento<\/strong>, destacando a import\u00e2ncia de monitorar o uso dessas ferramentas.<\/p>\n\n\n\n<h2 class=\"wp-block-heading\">Hiperconex\u00e3o modifica as rela\u00e7\u00f5es sociais?<\/h2>\n\n\n\n<p>A <strong>hiperconex\u00e3o<\/strong> alterou as tradicionais din\u00e2micas sociais, fazendo com que muitas pessoas, mesmo sempre online, experimentem uma crescente sensa\u00e7\u00e3o de solid\u00e3o. A substitui\u00e7\u00e3o de rela\u00e7\u00f5es presenciais profundas por intera\u00e7\u00f5es digitais \u00e9 um dos principais fatores apontados para essa mudan\u00e7a.<\/p>\n\n\n\n<p>Isso transforma o modo como as pessoas interagem com fam\u00edlia, amigos e ambiente de trabalho, interferindo tamb\u00e9m em seus interesses e rotinas pessoais.<\/p>\n\n\n\n<figure class=\"wp-block-image size-large\"><img decoding=\"async\" width=\"1024\" height=\"585\" src=\"https:\/\/www.correiobraziliense.com.br\/cbradar\/wp-content\/uploads\/2025\/11\/Impacto-Dispositivos-Eletronicos-1024x585.png\" alt=\"Um professor de Harvard revelou qual foi o pior ano da nossa hist\u00f3ria recente e a explica\u00e7\u00e3o surpreendeu a todos\" class=\"wp-image-145322\" srcset=\"https:\/\/www.correiobraziliense.com.br\/cbradar\/wp-content\/uploads\/2025\/11\/Impacto-Dispositivos-Eletronicos-1024x585.png 1024w, https:\/\/www.correiobraziliense.com.br\/cbradar\/wp-content\/uploads\/2025\/11\/Impacto-Dispositivos-Eletronicos-300x171.png 300w, https:\/\/www.correiobraziliense.com.br\/cbradar\/wp-content\/uploads\/2025\/11\/Impacto-Dispositivos-Eletronicos-768x439.png 768w, https:\/\/www.correiobraziliense.com.br\/cbradar\/wp-content\/uploads\/2025\/11\/Impacto-Dispositivos-Eletronicos-750x429.png 750w, https:\/\/www.correiobraziliense.com.br\/cbradar\/wp-content\/uploads\/2025\/11\/Impacto-Dispositivos-Eletronicos-1140x651.png 1140w, https:\/\/www.correiobraziliense.com.br\/cbradar\/wp-content\/uploads\/2025\/11\/Impacto-Dispositivos-Eletronicos.png 1344w\" sizes=\"(max-width: 1024px) 100vw, 1024px\" \/><figcaption class=\"wp-element-caption\">Smartphones, redes sociais e internet promovem comunica\u00e7\u00e3o \u00e1gil, acesso instant\u00e2neo a informa\u00e7\u00f5es e mobilidade.<\/figcaption><\/figure>\n\n\n\n<h2 class=\"wp-block-heading\">Estrat\u00e9gias para lidar com os efeitos da tecnologia no bem-estar<\/h2>\n\n\n\n<p>Diante dos desafios apresentados, Brooks orienta voltar o foco aos <strong>pilares fundamentais da felicidade<\/strong>: fam\u00edlia, amizades, prop\u00f3sito no trabalho e espiritualidade. Abordar a tecnologia como uma ferramenta de apoio, e n\u00e3o como substituta das rela\u00e7\u00f5es humanas, pode fazer diferen\u00e7a significativa.<\/p>\n\n\n\n<p>Tomar algumas medidas pr\u00e1ticas pode contribuir para um equil\u00edbrio mais saud\u00e1vel entre o universo digital e as conex\u00f5es reais:<\/p>\n\n\n\n<ul class=\"wp-block-list\">\n<li><strong>Reservar momentos para desconex\u00e3o di\u00e1ria<\/strong> e pausas sem dispositivos.<\/li>\n\n\n\n<li>Priorizar <strong>relacionamentos presenciais<\/strong> sempre que poss\u00edvel.<\/li>\n\n\n\n<li>Manter o uso da tecnologia como <strong>complemento<\/strong> \u00e0 vida social, n\u00e3o como elemento central.<\/li>\n<\/ul>\n\n\n\n<p>Adotar essas estrat\u00e9gias n\u00e3o apenas favorece o <strong>bem-estar individual<\/strong>, mas tamb\u00e9m fortalece os la\u00e7os sociais e a sa\u00fade coletiva. Sendo a <strong>revolu\u00e7\u00e3o digital<\/strong> uma realidade, promover o uso consciente da tecnologia \u00e9 fundamental para enriquecer, e n\u00e3o empobrecer, a experi\u00eancia humana.<\/p>\n","protected":false},"excerpt":{"rendered":"<p>Redes sociais Redes sociais e felicidade: descubra o impacto oculto da hiperconex\u00e3o na sa\u00fade mental, segundo Arthur Brooks. Explore solu\u00e7\u00f5es no artigo.e felicidade: descubra o impacto oculto da hiperconex\u00e3o na sa\u00fade mental, segundo Arthur Brooks. Explore solu\u00e7\u00f5es no artigo.<\/p>\n","protected":false},"author":3,"featured_media":145437,"comment_status":"open","ping_status":"open","sticky":false,"template":"","format":"standard","meta":{"jnews-multi-image_gallery":[],"jnews_single_post":{"format":"standard"},"jnews_primary_category":[],"jnews_social_meta":[],"jnews_override_counter":[],"footnotes":""},"categories":[112],"post_tag":[736,144,1106,320],"class_list":["post-145083","post","type-post","status-publish","format-standard","has-post-thumbnail","hentry","category-curiosidades","tag-ciencia","tag-curiosidades","tag-harvard","tag-historia"],"yoast_head":"<!-- This site is optimized with the Yoast SEO plugin v24.6 - https:\/\/yoast.com\/wordpress\/plugins\/seo\/ -->\n<title>Um professor de Harvard revelou qual foi o pior ano da nossa hist\u00f3ria recente e a explica\u00e7\u00e3o surpreendeu a todos<\/title>\n<meta name=\"description\" content=\"Redes sociais e felicidade: descubra o impacto oculto da hiperconex\u00e3o na sa\u00fade mental, segundo Arthur Brooks. Explore solu\u00e7\u00f5es no artigo.\" \/>\n<meta name=\"robots\" content=\"index, follow, max-snippet:-1, max-image-preview:large, max-video-preview:-1\" \/>\n<link rel=\"canonical\" href=\"https:\/\/www.correiobraziliense.com.br\/cbradar\/um-professor-de-harvard-revelou-qual-foi-o-pior-ano-da-nossa-historia-recente-e-a-explicacao-surpreendeu-a-todos\/\" \/>\n<meta property=\"og:locale\" content=\"pt_BR\" \/>\n<meta property=\"og:type\" content=\"article\" \/>\n<meta property=\"og:title\" content=\"Um professor de Harvard revelou qual foi o pior ano da nossa hist\u00f3ria recente e a explica\u00e7\u00e3o surpreendeu a todos\" \/>\n<meta property=\"og:description\" content=\"Redes sociais e felicidade: descubra o impacto oculto da hiperconex\u00e3o na sa\u00fade mental, segundo Arthur Brooks. Explore solu\u00e7\u00f5es no artigo.\" \/>\n<meta property=\"og:url\" content=\"https:\/\/www.correiobraziliense.com.br\/cbradar\/um-professor-de-harvard-revelou-qual-foi-o-pior-ano-da-nossa-historia-recente-e-a-explicacao-surpreendeu-a-todos\/\" \/>\n<meta property=\"og:site_name\" content=\"Correio Braziliense - Radar\" \/>\n<meta property=\"article:published_time\" content=\"2025-11-27T17:15:00+00:00\" \/>\n<meta property=\"og:image\" content=\"https:\/\/www.correiobraziliense.com.br\/cbradar\/wp-content\/uploads\/2025\/11\/freepik__cena-simblica-mostrando-impacto-emocional-da-hiper__46224.jpeg\" \/>\n\t<meta property=\"og:image:width\" content=\"1280\" \/>\n\t<meta property=\"og:image:height\" content=\"720\" \/>\n\t<meta property=\"og:image:type\" content=\"image\/jpeg\" \/>\n<meta name=\"author\" content=\"Larissa Carvalho\" \/>\n<meta name=\"twitter:card\" content=\"summary_large_image\" \/>\n<meta name=\"twitter:label1\" content=\"Escrito por\" \/>\n\t<meta name=\"twitter:data1\" content=\"Larissa Carvalho\" \/>\n\t<meta name=\"twitter:label2\" content=\"Est. tempo de leitura\" \/>\n\t<meta name=\"twitter:data2\" content=\"3 minutos\" \/>\n<!-- \/ Yoast SEO plugin. -->","yoast_head_json":{"title":"Um professor de Harvard revelou qual foi o pior ano da nossa hist\u00f3ria recente e a explica\u00e7\u00e3o surpreendeu a todos","description":"Redes sociais e felicidade: descubra o impacto oculto da hiperconex\u00e3o na sa\u00fade mental, segundo Arthur Brooks. Explore solu\u00e7\u00f5es no artigo.","robots":{"index":"index","follow":"follow","max-snippet":"max-snippet:-1","max-image-preview":"max-image-preview:large","max-video-preview":"max-video-preview:-1"},"canonical":"https:\/\/www.correiobraziliense.com.br\/cbradar\/um-professor-de-harvard-revelou-qual-foi-o-pior-ano-da-nossa-historia-recente-e-a-explicacao-surpreendeu-a-todos\/","og_locale":"pt_BR","og_type":"article","og_title":"Um professor de Harvard revelou qual foi o pior ano da nossa hist\u00f3ria recente e a explica\u00e7\u00e3o surpreendeu a todos","og_description":"Redes sociais e felicidade: descubra o impacto oculto da hiperconex\u00e3o na sa\u00fade mental, segundo Arthur Brooks. Explore solu\u00e7\u00f5es no artigo.","og_url":"https:\/\/www.correiobraziliense.com.br\/cbradar\/um-professor-de-harvard-revelou-qual-foi-o-pior-ano-da-nossa-historia-recente-e-a-explicacao-surpreendeu-a-todos\/","og_site_name":"Correio Braziliense - Radar","article_published_time":"2025-11-27T17:15:00+00:00","og_image":[{"width":1280,"height":720,"url":"https:\/\/www.correiobraziliense.com.br\/cbradar\/wp-content\/uploads\/2025\/11\/freepik__cena-simblica-mostrando-impacto-emocional-da-hiper__46224.jpeg","type":"image\/jpeg"}],"author":"Larissa Carvalho","twitter_card":"summary_large_image","twitter_misc":{"Escrito por":"Larissa Carvalho","Est. tempo de leitura":"3 minutos"},"schema":{"@context":"https:\/\/schema.org","@graph":[{"@type":"WebPage","@id":"https:\/\/www.correiobraziliense.com.br\/cbradar\/um-professor-de-harvard-revelou-qual-foi-o-pior-ano-da-nossa-historia-recente-e-a-explicacao-surpreendeu-a-todos\/","url":"https:\/\/www.correiobraziliense.com.br\/cbradar\/um-professor-de-harvard-revelou-qual-foi-o-pior-ano-da-nossa-historia-recente-e-a-explicacao-surpreendeu-a-todos\/","name":"Um professor de Harvard revelou qual foi o pior ano da nossa hist\u00f3ria recente e a explica\u00e7\u00e3o surpreendeu a todos","isPartOf":{"@id":"https:\/\/www.correiobraziliense.com.br\/cbradar\/#website"},"primaryImageOfPage":{"@id":"https:\/\/www.correiobraziliense.com.br\/cbradar\/um-professor-de-harvard-revelou-qual-foi-o-pior-ano-da-nossa-historia-recente-e-a-explicacao-surpreendeu-a-todos\/#primaryimage"},"image":{"@id":"https:\/\/www.correiobraziliense.com.br\/cbradar\/um-professor-de-harvard-revelou-qual-foi-o-pior-ano-da-nossa-historia-recente-e-a-explicacao-surpreendeu-a-todos\/#primaryimage"},"thumbnailUrl":"https:\/\/www.correiobraziliense.com.br\/cbradar\/wp-content\/uploads\/2025\/11\/freepik__cena-simblica-mostrando-impacto-emocional-da-hiper__46224.jpeg","datePublished":"2025-11-27T17:15:00+00:00","author":{"@id":"https:\/\/www.correiobraziliense.com.br\/cbradar\/#\/schema\/person\/58422787644df994b53a19d3e56c1513"},"description":"Redes sociais e felicidade: descubra o impacto oculto da hiperconex\u00e3o na sa\u00fade mental, segundo Arthur Brooks. Explore solu\u00e7\u00f5es no artigo.","breadcrumb":{"@id":"https:\/\/www.correiobraziliense.com.br\/cbradar\/um-professor-de-harvard-revelou-qual-foi-o-pior-ano-da-nossa-historia-recente-e-a-explicacao-surpreendeu-a-todos\/#breadcrumb"},"inLanguage":"pt-BR","potentialAction":[{"@type":"ReadAction","target":["https:\/\/www.correiobraziliense.com.br\/cbradar\/um-professor-de-harvard-revelou-qual-foi-o-pior-ano-da-nossa-historia-recente-e-a-explicacao-surpreendeu-a-todos\/"]}]},{"@type":"ImageObject","inLanguage":"pt-BR","@id":"https:\/\/www.correiobraziliense.com.br\/cbradar\/um-professor-de-harvard-revelou-qual-foi-o-pior-ano-da-nossa-historia-recente-e-a-explicacao-surpreendeu-a-todos\/#primaryimage","url":"https:\/\/www.correiobraziliense.com.br\/cbradar\/wp-content\/uploads\/2025\/11\/freepik__cena-simblica-mostrando-impacto-emocional-da-hiper__46224.jpeg","contentUrl":"https:\/\/www.correiobraziliense.com.br\/cbradar\/wp-content\/uploads\/2025\/11\/freepik__cena-simblica-mostrando-impacto-emocional-da-hiper__46224.jpeg","width":1280,"height":720,"caption":"Conectividade e acesso \u00e0 informa\u00e7\u00e3o se tornaram parte da rotina moderna"},{"@type":"BreadcrumbList","@id":"https:\/\/www.correiobraziliense.com.br\/cbradar\/um-professor-de-harvard-revelou-qual-foi-o-pior-ano-da-nossa-historia-recente-e-a-explicacao-surpreendeu-a-todos\/#breadcrumb","itemListElement":[{"@type":"ListItem","position":1,"name":"In\u00edcio","item":"https:\/\/www.correiobraziliense.com.br\/cbradar\/"},{"@type":"ListItem","position":2,"name":"Um professor de Harvard revelou qual foi o pior ano da nossa hist\u00f3ria recente e a explica\u00e7\u00e3o surpreendeu a todos"}]},{"@type":"WebSite","@id":"https:\/\/www.correiobraziliense.com.br\/cbradar\/#website","url":"https:\/\/www.correiobraziliense.com.br\/cbradar\/","name":"Correio Braziliense - Radar","description":"Acompanhe as \u00faltimas not\u00edcias e fique bem informado sobre tudo o que acontece no Brasil e no mundo.","potentialAction":[{"@type":"SearchAction","target":{"@type":"EntryPoint","urlTemplate":"https:\/\/www.correiobraziliense.com.br\/cbradar\/?s={search_term_string}"},"query-input":{"@type":"PropertyValueSpecification","valueRequired":true,"valueName":"search_term_string"}}],"inLanguage":"pt-BR"},{"@type":"Person","@id":"https:\/\/www.correiobraziliense.com.br\/cbradar\/#\/schema\/person\/58422787644df994b53a19d3e56c1513","name":"Larissa Carvalho","image":{"@type":"ImageObject","inLanguage":"pt-BR","@id":"https:\/\/www.correiobraziliense.com.br\/cbradar\/#\/schema\/person\/image\/","url":"https:\/\/secure.gravatar.com\/avatar\/fe4f91a0de32b52a838d0d612abdc1aa?s=96&d=mm&r=g","contentUrl":"https:\/\/secure.gravatar.com\/avatar\/fe4f91a0de32b52a838d0d612abdc1aa?s=96&d=mm&r=g","caption":"Larissa Carvalho"},"url":"https:\/\/www.correiobraziliense.com.br\/cbradar\/author\/larissamyth\/"}]}},"_links":{"self":[{"href":"https:\/\/www.correiobraziliense.com.br\/cbradar\/wp-json\/wp\/v2\/posts\/145083","targetHints":{"allow":["GET"]}}],"collection":[{"href":"https:\/\/www.correiobraziliense.com.br\/cbradar\/wp-json\/wp\/v2\/posts"}],"about":[{"href":"https:\/\/www.correiobraziliense.com.br\/cbradar\/wp-json\/wp\/v2\/types\/post"}],"author":[{"embeddable":true,"href":"https:\/\/www.correiobraziliense.com.br\/cbradar\/wp-json\/wp\/v2\/users\/3"}],"replies":[{"embeddable":true,"href":"https:\/\/www.correiobraziliense.com.br\/cbradar\/wp-json\/wp\/v2\/comments?post=145083"}],"version-history":[{"count":2,"href":"https:\/\/www.correiobraziliense.com.br\/cbradar\/wp-json\/wp\/v2\/posts\/145083\/revisions"}],"predecessor-version":[{"id":145324,"href":"https:\/\/www.correiobraziliense.com.br\/cbradar\/wp-json\/wp\/v2\/posts\/145083\/revisions\/145324"}],"wp:featuredmedia":[{"embeddable":true,"href":"https:\/\/www.correiobraziliense.com.br\/cbradar\/wp-json\/wp\/v2\/media\/145437"}],"wp:attachment":[{"href":"https:\/\/www.correiobraziliense.com.br\/cbradar\/wp-json\/wp\/v2\/media?parent=145083"}],"wp:term":[{"taxonomy":"category","embeddable":true,"href":"https:\/\/www.correiobraziliense.com.br\/cbradar\/wp-json\/wp\/v2\/categories?post=145083"},{"taxonomy":"post_tag","embeddable":true,"href":"https:\/\/www.correiobraziliense.com.br\/cbradar\/wp-json\/wp\/v2\/post_tag?post=145083"}],"curies":[{"name":"wp","href":"https:\/\/api.w.org\/{rel}","templated":true}]}}