{"id":145485,"date":"2025-11-28T14:55:39","date_gmt":"2025-11-28T17:55:39","guid":{"rendered":"https:\/\/www.correiobraziliense.com.br\/cbradar\/?p=145485"},"modified":"2025-11-27T09:59:16","modified_gmt":"2025-11-27T12:59:16","slug":"o-que-significa-sonhar-que-esta-sendo-observado","status":"publish","type":"post","link":"https:\/\/www.correiobraziliense.com.br\/cbradar\/o-que-significa-sonhar-que-esta-sendo-observado\/","title":{"rendered":"O que significa sonhar que est\u00e1 sendo observado?"},"content":{"rendered":"\n<p>Os <b>sonhos<\/b> sempre geraram curiosidade e permanecem como objeto de estudos e interpreta\u00e7\u00f5es variadas em diferentes culturas. Sonhar que est\u00e1 sendo <b>observado<\/b> \u00e9 um tema frequente, que pode causar desconforto, dilemas e ansiedade, j\u00e1 que mescla realidade, s\u00edmbolos e sentimentos do subconsciente, sendo muitas vezes reflexo de preocupa\u00e7\u00f5es ou desejos reprimidos vivenciados no cotidiano.<\/p>\n\n\n\n<h2 class=\"wp-block-heading\">O que significa sonhar que est\u00e1 sendo observado segundo diferentes interpreta\u00e7\u00f5es?<\/h2>\n\n\n\n<p>Esse tipo de sonho costuma refletir sensa\u00e7\u00f5es ligadas \u00e0 exposi\u00e7\u00e3o e <b>vulnerabilidade<\/b>. Em geral, surge em momentos de <b>estresse<\/b> ou quando a pessoa acredita estar sendo avaliada ou julgada, seja no trabalho, na fam\u00edlia ou em ambientes sociais. O desconforto sentido ao sonhar que est\u00e1 sendo observado pode indicar o medo de n\u00e3o corresponder \u00e0s expectativas dos outros.<\/p>\n\n\n\n<p>Al\u00e9m disso, o sonho pode simbolizar a busca por aceita\u00e7\u00e3o ou <b>reconhecimento<\/b> social. Muitas vezes, revela inseguran\u00e7as internas ou preocupa\u00e7\u00e3o excessiva com a pr\u00f3pria imagem perante os demais.<\/p>\n\n\n<div class=\"wp-block-image\">\n<figure class=\"aligncenter size-large\"><img decoding=\"async\" width=\"1024\" height=\"576\" src=\"https:\/\/www.correiobraziliense.com.br\/cbradar\/wp-content\/uploads\/2025\/11\/Gemini_Generated_Image_okv01mokv01mokv0-1-1024x576.png\" alt=\"\" class=\"wp-image-145579\" srcset=\"https:\/\/www.correiobraziliense.com.br\/cbradar\/wp-content\/uploads\/2025\/11\/Gemini_Generated_Image_okv01mokv01mokv0-1-1024x576.png 1024w, https:\/\/www.correiobraziliense.com.br\/cbradar\/wp-content\/uploads\/2025\/11\/Gemini_Generated_Image_okv01mokv01mokv0-1-300x169.png 300w, https:\/\/www.correiobraziliense.com.br\/cbradar\/wp-content\/uploads\/2025\/11\/Gemini_Generated_Image_okv01mokv01mokv0-1-768x432.png 768w, https:\/\/www.correiobraziliense.com.br\/cbradar\/wp-content\/uploads\/2025\/11\/Gemini_Generated_Image_okv01mokv01mokv0-1-750x422.png 750w, https:\/\/www.correiobraziliense.com.br\/cbradar\/wp-content\/uploads\/2025\/11\/Gemini_Generated_Image_okv01mokv01mokv0-1-1140x641.png 1140w, https:\/\/www.correiobraziliense.com.br\/cbradar\/wp-content\/uploads\/2025\/11\/Gemini_Generated_Image_okv01mokv01mokv0-1.png 1280w\" sizes=\"(max-width: 1024px) 100vw, 1024px\" \/><figcaption class=\"wp-element-caption\">Esse tipo de sonho costuma refletir sensa\u00e7\u00f5es ligadas \u00e0 exposi\u00e7\u00e3o e vulnerabilidade<\/figcaption><\/figure><\/div>\n\n\n<p>Leia tamb\u00e9m:&nbsp;<a href=\"https:\/\/www.correiobraziliense.com.br\/cbradar\/o-que-significa-quando-alguem-diz-saude-depois-que-voce-espirra\/\" target=\"_blank\" rel=\"noopener\">O que significa quando algu\u00e9m diz sa\u00fade depois que voc\u00ea espirra?<\/a><\/p>\n\n\n\n<h2 class=\"wp-block-heading\">Quais s\u00e3o as principais interpreta\u00e7\u00f5es associadas ao sonho de ser observado?<\/h2>\n\n\n\n<p>Especialistas em an\u00e1lise de <b>sonhos<\/b> associam frequentemente o ato de ser observado a um aumento da <b>autoconsci\u00eancia<\/b>. Sonhar com isso pode indicar press\u00e3o interna para atingir metas ou o desejo intenso de aprova\u00e7\u00e3o externa de pessoas importantes em sua vida.<\/p>\n\n\n\n<p>A fim de facilitar a compreens\u00e3o dessas interpreta\u00e7\u00f5es, veja alguns pontos que geralmente aparecem ligados a esse tipo de sonho:<\/p>\n\n\n\n<ul class=\"wp-block-list\">\n<li><b>Sensa\u00e7\u00e3o<\/b> de julgamento e exposi\u00e7\u00e3o em ambientes sociais<\/li>\n\n\n\n<li>Preocupa\u00e7\u00e3o recorrente com a opini\u00e3o de <b>terceiros<\/b><\/li>\n\n\n\n<li>Busca constante por reconhecimento ou <b>valida\u00e7\u00e3o<\/b><\/li>\n\n\n\n<li>Autocr\u00edtica acentuada e <b>inseguran\u00e7a<\/b> pessoal<\/li>\n<\/ul>\n\n\n\n<h2 class=\"wp-block-heading\">Como fatores externos influenciam no surgimento desse tipo de sonho?<\/h2>\n\n\n\n<p>O <b>cotidiano<\/b> exerce uma forte influ\u00eancia sobre os sonhos, especialmente em per\u00edodos de estresse no trabalho, situa\u00e7\u00f5es de conflito ou exposi\u00e7\u00e3o social acentuada. Mudan\u00e7as na <b>rotina<\/b>, eventos importantes ou cobran\u00e7as excessivas tendem a tornar esse sonho mais frequente.<\/p>\n\n\n\n<p>Muitas vezes, sentimentos reais de <b>inseguran\u00e7a<\/b> s\u00e3o transportados para o universo on\u00edrico, demonstrando que mente e corpo reagem de maneira integrada aos desafios di\u00e1rios enfrentados.<\/p>\n\n\n<div class=\"wp-block-image\">\n<figure class=\"aligncenter size-large\"><img decoding=\"async\" width=\"1024\" height=\"576\" src=\"https:\/\/www.correiobraziliense.com.br\/cbradar\/wp-content\/uploads\/2025\/11\/Gemini_Generated_Image_adguz0adguz0adgu-1-1024x576.png\" alt=\"\" class=\"wp-image-145578\" srcset=\"https:\/\/www.correiobraziliense.com.br\/cbradar\/wp-content\/uploads\/2025\/11\/Gemini_Generated_Image_adguz0adguz0adgu-1-1024x576.png 1024w, https:\/\/www.correiobraziliense.com.br\/cbradar\/wp-content\/uploads\/2025\/11\/Gemini_Generated_Image_adguz0adguz0adgu-1-300x169.png 300w, https:\/\/www.correiobraziliense.com.br\/cbradar\/wp-content\/uploads\/2025\/11\/Gemini_Generated_Image_adguz0adguz0adgu-1-768x432.png 768w, https:\/\/www.correiobraziliense.com.br\/cbradar\/wp-content\/uploads\/2025\/11\/Gemini_Generated_Image_adguz0adguz0adgu-1-750x422.png 750w, https:\/\/www.correiobraziliense.com.br\/cbradar\/wp-content\/uploads\/2025\/11\/Gemini_Generated_Image_adguz0adguz0adgu-1-1140x641.png 1140w, https:\/\/www.correiobraziliense.com.br\/cbradar\/wp-content\/uploads\/2025\/11\/Gemini_Generated_Image_adguz0adguz0adgu-1.png 1280w\" sizes=\"(max-width: 1024px) 100vw, 1024px\" \/><figcaption class=\"wp-element-caption\">Mudan\u00e7as na rotina, eventos importantes ou cobran\u00e7as excessivas tendem a tornar esse sonho mais frequente.<\/figcaption><\/figure><\/div>\n\n\n<h2 class=\"wp-block-heading\">Quais estrat\u00e9gias podem ajudar a lidar com sonhos frequentes de ser observado?<\/h2>\n\n\n\n<p>Se esses sonhos se tornam repetitivos ou inc\u00f4modos, \u00e9 fundamental buscar entender a origem das sensa\u00e7\u00f5es de exposi\u00e7\u00e3o na vida desperta. Pr\u00e1ticas de <b>relaxamento<\/b>, autocuidado e t\u00e9cnicas de respira\u00e7\u00e3o auxiliam no controle do estresse, melhorando o sono e o bem-estar.<\/p>\n\n\n\n<p>Caso o sonho afete a <b>qualidade<\/b> de vida, procurar um profissional de sa\u00fade mental pode proporcionar suporte emocional e orienta\u00e7\u00f5es espec\u00edficas para tratar inseguran\u00e7as e ansiedade relacionadas ao tema. Profissionais como <b>psic\u00f3logos<\/b> especializados em terapia cognitivo-comportamental podem ser particularmente \u00fateis.<\/p>\n\n\n\n<h2 class=\"wp-block-heading\">A interpreta\u00e7\u00e3o desse sonho \u00e9 universal ou pessoal?<\/h2>\n\n\n\n<p>Ainda que haja interpreta\u00e7\u00f5es comuns, o significado dos <b>sonhos<\/b> \u00e9 profundamente pessoal. Experi\u00eancias, valores e emo\u00e7\u00f5es singulares influenciam diretamente, tornando cada caso \u00fanico e exclusivo.<\/p>\n\n\n\n<p>O processo de <b>autoan\u00e1lise<\/b> e reflex\u00e3o constante \u00e9 importante para compreender o que esses sonhos podem estar sinalizando, ajudando no autoconhecimento e no entendimento das pr\u00f3prias emo\u00e7\u00f5es. Ferramentas de registro, como um <b>di\u00e1rio<\/b> de sonhos, podem auxiliar nesse processo de autodescoberta.<\/p>\n","protected":false},"excerpt":{"rendered":"<p>Os sonhos sempre geraram curiosidade e permanecem como objeto de estudos e interpreta\u00e7\u00f5es variadas em diferentes culturas. Sonhar que est\u00e1 sendo observado \u00e9 um tema frequente, que pode causar desconforto, dilemas e ansiedade, j\u00e1 que mescla realidade, s\u00edmbolos e sentimentos do subconsciente, sendo muitas vezes reflexo de preocupa\u00e7\u00f5es ou desejos reprimidos vivenciados no cotidiano. O [&hellip;]<\/p>\n","protected":false},"author":9,"featured_media":146006,"comment_status":"open","ping_status":"open","sticky":false,"template":"","format":"standard","meta":{"_yoast_wpseo_focuskw":"ser observado em sonhos","_yoast_wpseo_title":"","_yoast_wpseo_metadesc":"Sensa\u00e7\u00e3o de ser observado em sonhos pode revelar inseguran\u00e7as, ansiedade e desejo de aprova\u00e7\u00e3o em situa\u00e7\u00f5es do dia a dia.","jnews-multi-image_gallery":[],"jnews_single_post":{"format":"standard"},"jnews_primary_category":[],"jnews_social_meta":[],"jnews_override_counter":[],"footnotes":""},"categories":[112],"post_tag":[3907,12006,4474],"class_list":["post-145485","post","type-post","status-publish","format-standard","has-post-thumbnail","hentry","category-curiosidades","tag-sonhar","tag-sonhar-sendo-observado","tag-sonhos"],"yoast_head":"<!-- This site is optimized with the Yoast SEO plugin v24.6 - https:\/\/yoast.com\/wordpress\/plugins\/seo\/ -->\n<title>O que significa sonhar que est\u00e1 sendo observado? - Correio Braziliense - Radar<\/title>\n<meta name=\"description\" content=\"Sensa\u00e7\u00e3o de ser observado em sonhos pode revelar inseguran\u00e7as, ansiedade e desejo de aprova\u00e7\u00e3o em situa\u00e7\u00f5es do dia a dia.\" \/>\n<meta name=\"robots\" content=\"index, follow, max-snippet:-1, max-image-preview:large, max-video-preview:-1\" \/>\n<link rel=\"canonical\" href=\"https:\/\/www.correiobraziliense.com.br\/cbradar\/o-que-significa-sonhar-que-esta-sendo-observado\/\" \/>\n<meta property=\"og:locale\" content=\"pt_BR\" \/>\n<meta property=\"og:type\" content=\"article\" \/>\n<meta property=\"og:title\" content=\"O que significa sonhar que est\u00e1 sendo observado? - Correio Braziliense - Radar\" \/>\n<meta property=\"og:description\" content=\"Sensa\u00e7\u00e3o de ser observado em sonhos pode revelar inseguran\u00e7as, ansiedade e desejo de aprova\u00e7\u00e3o em situa\u00e7\u00f5es do dia a dia.\" \/>\n<meta property=\"og:url\" content=\"https:\/\/www.correiobraziliense.com.br\/cbradar\/o-que-significa-sonhar-que-esta-sendo-observado\/\" \/>\n<meta property=\"og:site_name\" content=\"Correio Braziliense - Radar\" \/>\n<meta property=\"article:published_time\" content=\"2025-11-28T17:55:39+00:00\" \/>\n<meta property=\"og:image\" content=\"https:\/\/www.correiobraziliense.com.br\/cbradar\/wp-content\/uploads\/2025\/11\/freepik__cena-simblica-mostrando-a-sensao-de-ser-observado-__7674.jpeg\" \/>\n\t<meta property=\"og:image:width\" content=\"1280\" \/>\n\t<meta property=\"og:image:height\" content=\"720\" \/>\n\t<meta property=\"og:image:type\" content=\"image\/jpeg\" \/>\n<meta name=\"author\" content=\"Daniely Cardoso\" \/>\n<meta name=\"twitter:card\" content=\"summary_large_image\" \/>\n<meta name=\"twitter:label1\" content=\"Escrito por\" \/>\n\t<meta name=\"twitter:data1\" content=\"Daniely Cardoso\" \/>\n\t<meta name=\"twitter:label2\" content=\"Est. tempo de leitura\" \/>\n\t<meta name=\"twitter:data2\" content=\"4 minutos\" \/>\n<!-- \/ Yoast SEO plugin. -->","yoast_head_json":{"title":"O que significa sonhar que est\u00e1 sendo observado? - Correio Braziliense - Radar","description":"Sensa\u00e7\u00e3o de ser observado em sonhos pode revelar inseguran\u00e7as, ansiedade e desejo de aprova\u00e7\u00e3o em situa\u00e7\u00f5es do dia a dia.","robots":{"index":"index","follow":"follow","max-snippet":"max-snippet:-1","max-image-preview":"max-image-preview:large","max-video-preview":"max-video-preview:-1"},"canonical":"https:\/\/www.correiobraziliense.com.br\/cbradar\/o-que-significa-sonhar-que-esta-sendo-observado\/","og_locale":"pt_BR","og_type":"article","og_title":"O que significa sonhar que est\u00e1 sendo observado? - Correio Braziliense - Radar","og_description":"Sensa\u00e7\u00e3o de ser observado em sonhos pode revelar inseguran\u00e7as, ansiedade e desejo de aprova\u00e7\u00e3o em situa\u00e7\u00f5es do dia a dia.","og_url":"https:\/\/www.correiobraziliense.com.br\/cbradar\/o-que-significa-sonhar-que-esta-sendo-observado\/","og_site_name":"Correio Braziliense - Radar","article_published_time":"2025-11-28T17:55:39+00:00","og_image":[{"width":1280,"height":720,"url":"https:\/\/www.correiobraziliense.com.br\/cbradar\/wp-content\/uploads\/2025\/11\/freepik__cena-simblica-mostrando-a-sensao-de-ser-observado-__7674.jpeg","type":"image\/jpeg"}],"author":"Daniely Cardoso","twitter_card":"summary_large_image","twitter_misc":{"Escrito por":"Daniely Cardoso","Est. tempo de leitura":"4 minutos"},"schema":{"@context":"https:\/\/schema.org","@graph":[{"@type":"WebPage","@id":"https:\/\/www.correiobraziliense.com.br\/cbradar\/o-que-significa-sonhar-que-esta-sendo-observado\/","url":"https:\/\/www.correiobraziliense.com.br\/cbradar\/o-que-significa-sonhar-que-esta-sendo-observado\/","name":"O que significa sonhar que est\u00e1 sendo observado? - Correio Braziliense - Radar","isPartOf":{"@id":"https:\/\/www.correiobraziliense.com.br\/cbradar\/#website"},"primaryImageOfPage":{"@id":"https:\/\/www.correiobraziliense.com.br\/cbradar\/o-que-significa-sonhar-que-esta-sendo-observado\/#primaryimage"},"image":{"@id":"https:\/\/www.correiobraziliense.com.br\/cbradar\/o-que-significa-sonhar-que-esta-sendo-observado\/#primaryimage"},"thumbnailUrl":"https:\/\/www.correiobraziliense.com.br\/cbradar\/wp-content\/uploads\/2025\/11\/freepik__cena-simblica-mostrando-a-sensao-de-ser-observado-__7674.jpeg","datePublished":"2025-11-28T17:55:39+00:00","author":{"@id":"https:\/\/www.correiobraziliense.com.br\/cbradar\/#\/schema\/person\/7356666e12ec0ee53f348ee5db227032"},"description":"Sensa\u00e7\u00e3o de ser observado em sonhos pode revelar inseguran\u00e7as, ansiedade e desejo de aprova\u00e7\u00e3o em situa\u00e7\u00f5es do dia a dia.","breadcrumb":{"@id":"https:\/\/www.correiobraziliense.com.br\/cbradar\/o-que-significa-sonhar-que-esta-sendo-observado\/#breadcrumb"},"inLanguage":"pt-BR","potentialAction":[{"@type":"ReadAction","target":["https:\/\/www.correiobraziliense.com.br\/cbradar\/o-que-significa-sonhar-que-esta-sendo-observado\/"]}]},{"@type":"ImageObject","inLanguage":"pt-BR","@id":"https:\/\/www.correiobraziliense.com.br\/cbradar\/o-que-significa-sonhar-que-esta-sendo-observado\/#primaryimage","url":"https:\/\/www.correiobraziliense.com.br\/cbradar\/wp-content\/uploads\/2025\/11\/freepik__cena-simblica-mostrando-a-sensao-de-ser-observado-__7674.jpeg","contentUrl":"https:\/\/www.correiobraziliense.com.br\/cbradar\/wp-content\/uploads\/2025\/11\/freepik__cena-simblica-mostrando-a-sensao-de-ser-observado-__7674.jpeg","width":1280,"height":720,"caption":"Sensa\u00e7\u00e3o de estar sendo observado nos sonhos pode refletir inseguran\u00e7as ou medo de julgamento"},{"@type":"BreadcrumbList","@id":"https:\/\/www.correiobraziliense.com.br\/cbradar\/o-que-significa-sonhar-que-esta-sendo-observado\/#breadcrumb","itemListElement":[{"@type":"ListItem","position":1,"name":"In\u00edcio","item":"https:\/\/www.correiobraziliense.com.br\/cbradar\/"},{"@type":"ListItem","position":2,"name":"O que significa sonhar que est\u00e1 sendo observado?"}]},{"@type":"WebSite","@id":"https:\/\/www.correiobraziliense.com.br\/cbradar\/#website","url":"https:\/\/www.correiobraziliense.com.br\/cbradar\/","name":"Correio Braziliense - Radar","description":"Acompanhe as \u00faltimas not\u00edcias e fique bem informado sobre tudo o que acontece no Brasil e no mundo.","potentialAction":[{"@type":"SearchAction","target":{"@type":"EntryPoint","urlTemplate":"https:\/\/www.correiobraziliense.com.br\/cbradar\/?s={search_term_string}"},"query-input":{"@type":"PropertyValueSpecification","valueRequired":true,"valueName":"search_term_string"}}],"inLanguage":"pt-BR"},{"@type":"Person","@id":"https:\/\/www.correiobraziliense.com.br\/cbradar\/#\/schema\/person\/7356666e12ec0ee53f348ee5db227032","name":"Daniely Cardoso","image":{"@type":"ImageObject","inLanguage":"pt-BR","@id":"https:\/\/www.correiobraziliense.com.br\/cbradar\/#\/schema\/person\/image\/","url":"https:\/\/secure.gravatar.com\/avatar\/4b80ddbd124d1f071b626d52d62e5dff?s=96&d=mm&r=g","contentUrl":"https:\/\/secure.gravatar.com\/avatar\/4b80ddbd124d1f071b626d52d62e5dff?s=96&d=mm&r=g","caption":"Daniely Cardoso"},"description":"Redatora nos portais CB Radar e EM Foco, formada pela Universidade Federal de Goi\u00e1s, em Goi\u00e2nia. Apaixonada por comunica\u00e7\u00e3o, arte, decora\u00e7\u00e3o e tend\u00eancias, atuo na produ\u00e7\u00e3o de conte\u00fados envolventes sobre curiosidades, moda, beleza e paisagismo, sempre com um olhar atento \u00e0s novidades do momento.","sameAs":["https:\/\/www.correiobraziliense.com.br\/cbradar"],"url":"https:\/\/www.correiobraziliense.com.br\/cbradar\/author\/danielymyth\/"}]}},"_links":{"self":[{"href":"https:\/\/www.correiobraziliense.com.br\/cbradar\/wp-json\/wp\/v2\/posts\/145485","targetHints":{"allow":["GET"]}}],"collection":[{"href":"https:\/\/www.correiobraziliense.com.br\/cbradar\/wp-json\/wp\/v2\/posts"}],"about":[{"href":"https:\/\/www.correiobraziliense.com.br\/cbradar\/wp-json\/wp\/v2\/types\/post"}],"author":[{"embeddable":true,"href":"https:\/\/www.correiobraziliense.com.br\/cbradar\/wp-json\/wp\/v2\/users\/9"}],"replies":[{"embeddable":true,"href":"https:\/\/www.correiobraziliense.com.br\/cbradar\/wp-json\/wp\/v2\/comments?post=145485"}],"version-history":[{"count":2,"href":"https:\/\/www.correiobraziliense.com.br\/cbradar\/wp-json\/wp\/v2\/posts\/145485\/revisions"}],"predecessor-version":[{"id":145580,"href":"https:\/\/www.correiobraziliense.com.br\/cbradar\/wp-json\/wp\/v2\/posts\/145485\/revisions\/145580"}],"wp:featuredmedia":[{"embeddable":true,"href":"https:\/\/www.correiobraziliense.com.br\/cbradar\/wp-json\/wp\/v2\/media\/146006"}],"wp:attachment":[{"href":"https:\/\/www.correiobraziliense.com.br\/cbradar\/wp-json\/wp\/v2\/media?parent=145485"}],"wp:term":[{"taxonomy":"category","embeddable":true,"href":"https:\/\/www.correiobraziliense.com.br\/cbradar\/wp-json\/wp\/v2\/categories?post=145485"},{"taxonomy":"post_tag","embeddable":true,"href":"https:\/\/www.correiobraziliense.com.br\/cbradar\/wp-json\/wp\/v2\/post_tag?post=145485"}],"curies":[{"name":"wp","href":"https:\/\/api.w.org\/{rel}","templated":true}]}}