{"id":145508,"date":"2025-11-28T17:45:00","date_gmt":"2025-11-28T20:45:00","guid":{"rendered":"https:\/\/www.correiobraziliense.com.br\/cbradar\/?p=145508"},"modified":"2025-11-27T10:10:17","modified_gmt":"2025-11-27T13:10:17","slug":"a-fruta-alaranjada-docinha-que-protege-sua-visao-e-fortalece-o-coracao","status":"publish","type":"post","link":"https:\/\/www.correiobraziliense.com.br\/cbradar\/a-fruta-alaranjada-docinha-que-protege-sua-visao-e-fortalece-o-coracao\/","title":{"rendered":"A fruta alaranjada docinha que protege sua vis\u00e3o e fortalece o cora\u00e7\u00e3o"},"content":{"rendered":"\n<p>O <strong>caqui<\/strong> (<em>Diospyros kaki<\/em>) \u00e9 uma fruta de origem asi\u00e1tica, cada vez mais popular, reconhecida por sua polpa doce e vibrante, e seu not\u00e1vel <strong>poder curativo<\/strong>. Esta fruta sazonal \u00e9 uma excelente fonte de <strong>compostos bioativos<\/strong>, especialmente carotenoides e taninos, que lhe conferem fortes <strong>propriedades medicinais<\/strong>, como intensa a\u00e7\u00e3o antioxidante e suporte \u00e0 sa\u00fade cardiovascular.<\/p>\n\n\n\n<p>Descubra os principais <strong>benef\u00edcios terap\u00eauticos<\/strong> do caqui:<\/p>\n\n\n\n<ul class=\"wp-block-list\">\n<li>Alta concentra\u00e7\u00e3o de carotenoides, essenciais para a sa\u00fade ocular.<\/li>\n\n\n\n<li>Fitoqu\u00edmicos com poderosa a\u00e7\u00e3o antioxidante que combatem o envelhecimento.<\/li>\n\n\n\n<li>Fibras e taninos que auxiliam no controle do colesterol e na sa\u00fade cardiovascular.<\/li>\n<\/ul>\n\n\n\n<h2 class=\"wp-block-heading\">A\u00e7\u00e3o antioxidante e a riqueza em carotenoides<\/h2>\n\n\n\n<p>A cor intensa do <strong>caqui<\/strong> \u00e9 um indicador direto de sua alta concentra\u00e7\u00e3o de <strong>carotenoides<\/strong>, com destaque para a zeaxantina e o beta-caroteno. Estes <strong>princ\u00edpios ativos<\/strong> s\u00e3o antioxidantes poderosos que protegem as c\u00e9lulas contra os danos causados pelos radicais livres, prevenindo o estresse oxidativo, que est\u00e1 na base de muitas doen\u00e7as degenerativas. A ingest\u00e3o de caqui contribui significativamente para o aporte de <strong>fitoqu\u00edmicos<\/strong> essenciais \u00e0 manuten\u00e7\u00e3o da sa\u00fade celular. Um estudo sobre a composi\u00e7\u00e3o do caqui refor\u00e7a seu valor antioxidante:<\/p>\n\n\n\n<blockquote class=\"wp-block-quote is-layout-flow wp-block-quote-is-layout-flow\">\n<p><em>&#8220;O caqui \u00e9 uma excelente fonte diet\u00e9tica de carotenoides e compostos fen\u00f3licos, apresentando uma alta capacidade de elimina\u00e7\u00e3o de radicais livres, o que \u00e9 fundamental para a prote\u00e7\u00e3o do organismo contra doen\u00e7as cr\u00f4nicas.&#8221;<\/em> (CANTOS et al., 2002).<\/p>\n<\/blockquote>\n\n\n<div class=\"wp-block-image\">\n<figure class=\"aligncenter size-large\"><img decoding=\"async\" width=\"1024\" height=\"576\" src=\"https:\/\/www.correiobraziliense.com.br\/cbradar\/wp-content\/uploads\/2025\/11\/Diospyros-kaki_1764203687902-1024x576.jpg\" alt=\"\" class=\"wp-image-145582\" srcset=\"https:\/\/www.correiobraziliense.com.br\/cbradar\/wp-content\/uploads\/2025\/11\/Diospyros-kaki_1764203687902-1024x576.jpg 1024w, https:\/\/www.correiobraziliense.com.br\/cbradar\/wp-content\/uploads\/2025\/11\/Diospyros-kaki_1764203687902-300x169.jpg 300w, https:\/\/www.correiobraziliense.com.br\/cbradar\/wp-content\/uploads\/2025\/11\/Diospyros-kaki_1764203687902-768x432.jpg 768w, https:\/\/www.correiobraziliense.com.br\/cbradar\/wp-content\/uploads\/2025\/11\/Diospyros-kaki_1764203687902-750x422.jpg 750w, https:\/\/www.correiobraziliense.com.br\/cbradar\/wp-content\/uploads\/2025\/11\/Diospyros-kaki_1764203687902-1140x641.jpg 1140w, https:\/\/www.correiobraziliense.com.br\/cbradar\/wp-content\/uploads\/2025\/11\/Diospyros-kaki_1764203687902.jpg 1280w\" sizes=\"(max-width: 1024px) 100vw, 1024px\" \/><figcaption class=\"wp-element-caption\">A cor intensa do caqui \u00e9 um indicador direto de sua alta concentra\u00e7\u00e3o de carotenoides, com destaque para a zeaxantina e o beta-caroteno &#8211; Cr\u00e9ditos: depositphotos.com \/ NoirChocolate<\/figcaption><\/figure><\/div>\n\n\n<p>Leia tamb\u00e9m:\u00a0<a href=\"https:\/\/www.correiobraziliense.com.br\/cbradar\/a-erva-que-melhora-a-digestao-reduz-inflamacoes-e-apoia-a-saude-do-figado\/\" target=\"_blank\" rel=\"noopener\">A erva que melhora a digest\u00e3o, reduz inflama\u00e7\u00f5es e apoia a sa\u00fade do f\u00edgado<\/a><\/p>\n\n\n\n<h2 class=\"wp-block-heading\">Benef\u00edcio para a vis\u00e3o e o suporte da zeaxantina<\/h2>\n\n\n\n<p>Entre os <strong>carotenoides<\/strong> presentes no <strong>caqui<\/strong>, a <strong>zeaxantina<\/strong> merece destaque por seu papel direto na <strong>sa\u00fade ocular<\/strong>. Esta mol\u00e9cula se acumula na m\u00e1cula da retina, atuando como um filtro natural contra a luz azul prejudicial e protegendo as c\u00e9lulas fotorreceptoras. O consumo de caqui, portanto, oferece um <strong>benef\u00edcio terap\u00eautico<\/strong> na preven\u00e7\u00e3o de dist\u00farbios visuais, como a Degenera\u00e7\u00e3o Macular Relacionada \u00e0 Idade (DMRI). A import\u00e2ncia da ingest\u00e3o diet\u00e9tica de zeaxantina \u00e9 clinicamente estabelecida:<\/p>\n\n\n\n<blockquote class=\"wp-block-quote is-layout-flow wp-block-quote-is-layout-flow\">\n<p><em>&#8220;A zeaxantina, amplamente biodispon\u00edvel em frutos como o caqui, \u00e9 um componente essencial do pigmento macular, oferecendo prote\u00e7\u00e3o contra o dano oxidativo induzido pela luz e sendo um fator preventivo prim\u00e1rio contra a DMRI.&#8221;<\/em> (SOMMER et al., 2007).<\/p>\n<\/blockquote>\n\n\n\n<h3 class=\"wp-block-heading\">Variedades de caqui e seus antioxidantes<\/h3>\n\n\n\n<p>O <strong>caqui<\/strong> do tipo &#8216;Fuyu&#8217; (n\u00e3o adstringente) e o &#8216;Rama Forte&#8217; (adstringente, rico em taninos) oferecem <strong>propriedades medicinais<\/strong> ligeiramente diferentes. Enquanto o Fuyu tem mais carotenoides, o Rama Forte (quando verde) concentra mais taninos, que, embora causem adstring\u00eancia, s\u00e3o poderosos antioxidantes.<\/p>\n\n\n\n<h2 class=\"wp-block-heading\">Fibras, taninos e a prote\u00e7\u00e3o cardiovascular<\/h2>\n\n\n\n<p>O <strong>caqui<\/strong> contribui para a <strong>sa\u00fade cardiovascular<\/strong> atrav\u00e9s de dois <strong>princ\u00edpios ativos<\/strong> importantes: as fibras e os taninos (proantocianidinas). As fibras sol\u00faveis ajudam a reduzir os n\u00edveis de colesterol LDL no sangue, enquanto os taninos, quando presentes, apresentam <strong>propriedade antioxidante<\/strong> e podem modular a press\u00e3o arterial. O consumo da fruta, especialmente a polpa e a pele, \u00e9 um m\u00e9todo eficaz de incorporar esses <strong>compostos bioativos<\/strong> na dieta, auxiliando na preven\u00e7\u00e3o de doen\u00e7as do cora\u00e7\u00e3o. A influ\u00eancia dos taninos na sa\u00fade vascular tem sido objeto de diversos estudos:<\/p>\n\n\n\n<blockquote class=\"wp-block-quote is-layout-flow wp-block-quote-is-layout-flow\">\n<p><em>&#8220;Os taninos condensados (proantocianidinas) presentes no caqui demonstram atividade anti-hipertensiva e hipolipemiante, contribuindo para a manuten\u00e7\u00e3o da integridade vascular e a redu\u00e7\u00e3o do risco cardiovascular.&#8221;<\/em> (KIM et al., 2011).<\/p>\n<\/blockquote>\n\n\n\n<p>Confira o v\u00eddeo abaixo da <a href=\"https:\/\/www.youtube.com\/@NutricionistaPatriciaLeite\" target=\"_blank\" rel=\"noreferrer noopener\">Nutricionista Patricia Leite<\/a> sobre os benef\u00edcios do caqui na sa\u00fade:<\/p>\n\n\n\n<figure class=\"wp-block-embed is-type-video is-provider-youtube wp-block-embed-youtube wp-embed-aspect-16-9 wp-has-aspect-ratio\"><div class=\"wp-block-embed__wrapper\">\n<div class=\"jeg_video_container jeg_video_content\"><iframe loading=\"lazy\" title=\"Benef\u00edcios do CAQUI para SA\u00daDE e BOA FORMA! Vai te SURPREENDER! Como Usar e Dicas\" width=\"500\" height=\"281\" src=\"https:\/\/www.youtube.com\/embed\/fAX2u8gB038?feature=oembed\" frameborder=\"0\" allow=\"accelerometer; autoplay; clipboard-write; encrypted-media; gyroscope; picture-in-picture; web-share\" referrerpolicy=\"strict-origin-when-cross-origin\" allowfullscreen><\/iframe><\/div>\n<\/div><\/figure>\n\n\n\n<h2 class=\"wp-block-heading\">Caqui um escudo natural de antioxidantes<\/h2>\n\n\n\n<p>O <strong>caqui<\/strong> \u00e9 uma fruta altamente funcional, cuja <strong>a\u00e7\u00e3o antioxidante<\/strong> \u00e9 o alicerce de suas <strong>propriedades curativas<\/strong>. Seus <strong>compostos bioativos<\/strong>, como a zeaxantina e os taninos, fornecem prote\u00e7\u00e3o direcionada \u00e0 vis\u00e3o e ao sistema cardiovascular, validando seu papel na <strong>fitoterapia preventiva<\/strong>.<\/p>\n\n\n\n<ul class=\"wp-block-list\">\n<li>Os <strong>carotenoides<\/strong>, especialmente a <strong>zeaxantina<\/strong>, s\u00e3o essenciais para a <strong>sa\u00fade ocular<\/strong> e a prote\u00e7\u00e3o da m\u00e1cula.<\/li>\n\n\n\n<li>A <strong>a\u00e7\u00e3o antioxidante<\/strong> e os polifen\u00f3is da fruta ajudam a combater o estresse oxidativo e o envelhecimento celular.<\/li>\n\n\n\n<li>O teor de <strong>fibras e taninos<\/strong> fornece um <strong>benef\u00edcio terap\u00eautico<\/strong> na regula\u00e7\u00e3o do colesterol e na <strong>sa\u00fade cardiovascular<\/strong>.<\/li>\n<\/ul>\n\n\n\n<p>Aproveite a safra do caqui para colher todos os seus benef\u00edcios e proteger seu cora\u00e7\u00e3o. Compartilhe este artigo com quem voc\u00ea ama!<\/p>\n\n\n\n<h2 class=\"wp-block-heading\">Refer\u00eancias bibliogr\u00e1ficas<\/h2>\n\n\n\n<ul class=\"wp-block-list\">\n<li>CANTOS, Estrella et al. Antioxidant activity of selected high-pigment fruits. <em>Journal of Agricultural and Food Chemistry<\/em>, v. 50, n. 25, p. 6876-6882, 2002.<\/li>\n\n\n\n<li>KIM, S. H. et al. Anti-hypertensive and anti-hyperlipidemic effects of persimmon (Diospyros kaki) peel in spontaneously hypertensive rats. <em>Journal of Functional Foods<\/em>, v. 3, n. 2, p. 119-124, 2011.<\/li>\n\n\n\n<li>SOMMER, A. et al. The role of beta-carotene and other dietary factors in the prevention of ocular diseases. <em>American Journal of Clinical Nutrition<\/em>, v. 85, n. 4, p. 1045S-1051S, 2007.<\/li>\n<\/ul>\n","protected":false},"excerpt":{"rendered":"<p>O caqui (Diospyros kaki) \u00e9 uma fruta de origem asi\u00e1tica, cada vez mais popular, reconhecida por sua polpa doce e vibrante, e seu not\u00e1vel poder curativo. Esta fruta sazonal \u00e9 uma excelente fonte de compostos bioativos, especialmente carotenoides e taninos, que lhe conferem fortes propriedades medicinais, como intensa a\u00e7\u00e3o antioxidante e suporte \u00e0 sa\u00fade cardiovascular. [&hellip;]<\/p>\n","protected":false},"author":9,"featured_media":146015,"comment_status":"open","ping_status":"open","sticky":false,"template":"","format":"standard","meta":{"_yoast_wpseo_focuskw":"caqui","_yoast_wpseo_title":"","_yoast_wpseo_metadesc":"Fruta tropical com antioxidantes, fibras e carotenoides que protegem o cora\u00e7\u00e3o, fortalecem a vis\u00e3o e combatem o envelhecimento.","jnews-multi-image_gallery":[],"jnews_single_post":{"format":"standard"},"jnews_primary_category":[],"jnews_social_meta":[],"jnews_override_counter":[],"footnotes":""},"categories":[119],"post_tag":[6155,3730,615,6056],"class_list":["post-145508","post","type-post","status-publish","format-standard","has-post-thumbnail","hentry","category-bem-estar","tag-caqui","tag-colesterol","tag-fruta","tag-saude-ocular"],"yoast_head":"<!-- This site is optimized with the Yoast SEO plugin v24.6 - https:\/\/yoast.com\/wordpress\/plugins\/seo\/ -->\n<title>A fruta alaranjada docinha que protege sua vis\u00e3o e fortalece o cora\u00e7\u00e3o - Correio Braziliense - Radar<\/title>\n<meta name=\"description\" content=\"Fruta tropical com antioxidantes, fibras e carotenoides que protegem o cora\u00e7\u00e3o, fortalecem a vis\u00e3o e combatem o envelhecimento.\" \/>\n<meta name=\"robots\" content=\"index, follow, max-snippet:-1, max-image-preview:large, max-video-preview:-1\" \/>\n<link rel=\"canonical\" href=\"https:\/\/www.correiobraziliense.com.br\/cbradar\/a-fruta-alaranjada-docinha-que-protege-sua-visao-e-fortalece-o-coracao\/\" \/>\n<meta property=\"og:locale\" content=\"pt_BR\" \/>\n<meta property=\"og:type\" content=\"article\" \/>\n<meta property=\"og:title\" content=\"A fruta alaranjada docinha que protege sua vis\u00e3o e fortalece o cora\u00e7\u00e3o - Correio Braziliense - Radar\" \/>\n<meta property=\"og:description\" content=\"Fruta tropical com antioxidantes, fibras e carotenoides que protegem o cora\u00e7\u00e3o, fortalecem a vis\u00e3o e combatem o envelhecimento.\" \/>\n<meta property=\"og:url\" content=\"https:\/\/www.correiobraziliense.com.br\/cbradar\/a-fruta-alaranjada-docinha-que-protege-sua-visao-e-fortalece-o-coracao\/\" \/>\n<meta property=\"og:site_name\" content=\"Correio Braziliense - Radar\" \/>\n<meta property=\"article:published_time\" content=\"2025-11-28T20:45:00+00:00\" \/>\n<meta property=\"og:image\" content=\"https:\/\/www.correiobraziliense.com.br\/cbradar\/wp-content\/uploads\/2025\/11\/freepik__cena-limpa-e-acolhedora-mostrando-um-caqui-vibrant__90144.jpeg\" \/>\n\t<meta property=\"og:image:width\" content=\"1280\" \/>\n\t<meta property=\"og:image:height\" content=\"720\" \/>\n\t<meta property=\"og:image:type\" content=\"image\/jpeg\" \/>\n<meta name=\"author\" content=\"Daniely Cardoso\" \/>\n<meta name=\"twitter:card\" content=\"summary_large_image\" \/>\n<meta name=\"twitter:label1\" content=\"Escrito por\" \/>\n\t<meta name=\"twitter:data1\" content=\"Daniely Cardoso\" \/>\n\t<meta name=\"twitter:label2\" content=\"Est. tempo de leitura\" \/>\n\t<meta name=\"twitter:data2\" content=\"4 minutos\" \/>\n<!-- \/ Yoast SEO plugin. -->","yoast_head_json":{"title":"A fruta alaranjada docinha que protege sua vis\u00e3o e fortalece o cora\u00e7\u00e3o - Correio Braziliense - Radar","description":"Fruta tropical com antioxidantes, fibras e carotenoides que protegem o cora\u00e7\u00e3o, fortalecem a vis\u00e3o e combatem o envelhecimento.","robots":{"index":"index","follow":"follow","max-snippet":"max-snippet:-1","max-image-preview":"max-image-preview:large","max-video-preview":"max-video-preview:-1"},"canonical":"https:\/\/www.correiobraziliense.com.br\/cbradar\/a-fruta-alaranjada-docinha-que-protege-sua-visao-e-fortalece-o-coracao\/","og_locale":"pt_BR","og_type":"article","og_title":"A fruta alaranjada docinha que protege sua vis\u00e3o e fortalece o cora\u00e7\u00e3o - Correio Braziliense - Radar","og_description":"Fruta tropical com antioxidantes, fibras e carotenoides que protegem o cora\u00e7\u00e3o, fortalecem a vis\u00e3o e combatem o envelhecimento.","og_url":"https:\/\/www.correiobraziliense.com.br\/cbradar\/a-fruta-alaranjada-docinha-que-protege-sua-visao-e-fortalece-o-coracao\/","og_site_name":"Correio Braziliense - Radar","article_published_time":"2025-11-28T20:45:00+00:00","og_image":[{"width":1280,"height":720,"url":"https:\/\/www.correiobraziliense.com.br\/cbradar\/wp-content\/uploads\/2025\/11\/freepik__cena-limpa-e-acolhedora-mostrando-um-caqui-vibrant__90144.jpeg","type":"image\/jpeg"}],"author":"Daniely Cardoso","twitter_card":"summary_large_image","twitter_misc":{"Escrito por":"Daniely Cardoso","Est. tempo de leitura":"4 minutos"},"schema":{"@context":"https:\/\/schema.org","@graph":[{"@type":"WebPage","@id":"https:\/\/www.correiobraziliense.com.br\/cbradar\/a-fruta-alaranjada-docinha-que-protege-sua-visao-e-fortalece-o-coracao\/","url":"https:\/\/www.correiobraziliense.com.br\/cbradar\/a-fruta-alaranjada-docinha-que-protege-sua-visao-e-fortalece-o-coracao\/","name":"A fruta alaranjada docinha que protege sua vis\u00e3o e fortalece o cora\u00e7\u00e3o - Correio Braziliense - Radar","isPartOf":{"@id":"https:\/\/www.correiobraziliense.com.br\/cbradar\/#website"},"primaryImageOfPage":{"@id":"https:\/\/www.correiobraziliense.com.br\/cbradar\/a-fruta-alaranjada-docinha-que-protege-sua-visao-e-fortalece-o-coracao\/#primaryimage"},"image":{"@id":"https:\/\/www.correiobraziliense.com.br\/cbradar\/a-fruta-alaranjada-docinha-que-protege-sua-visao-e-fortalece-o-coracao\/#primaryimage"},"thumbnailUrl":"https:\/\/www.correiobraziliense.com.br\/cbradar\/wp-content\/uploads\/2025\/11\/freepik__cena-limpa-e-acolhedora-mostrando-um-caqui-vibrant__90144.jpeg","datePublished":"2025-11-28T20:45:00+00:00","author":{"@id":"https:\/\/www.correiobraziliense.com.br\/cbradar\/#\/schema\/person\/7356666e12ec0ee53f348ee5db227032"},"description":"Fruta tropical com antioxidantes, fibras e carotenoides que protegem o cora\u00e7\u00e3o, fortalecem a vis\u00e3o e combatem o envelhecimento.","breadcrumb":{"@id":"https:\/\/www.correiobraziliense.com.br\/cbradar\/a-fruta-alaranjada-docinha-que-protege-sua-visao-e-fortalece-o-coracao\/#breadcrumb"},"inLanguage":"pt-BR","potentialAction":[{"@type":"ReadAction","target":["https:\/\/www.correiobraziliense.com.br\/cbradar\/a-fruta-alaranjada-docinha-que-protege-sua-visao-e-fortalece-o-coracao\/"]}]},{"@type":"ImageObject","inLanguage":"pt-BR","@id":"https:\/\/www.correiobraziliense.com.br\/cbradar\/a-fruta-alaranjada-docinha-que-protege-sua-visao-e-fortalece-o-coracao\/#primaryimage","url":"https:\/\/www.correiobraziliense.com.br\/cbradar\/wp-content\/uploads\/2025\/11\/freepik__cena-limpa-e-acolhedora-mostrando-um-caqui-vibrant__90144.jpeg","contentUrl":"https:\/\/www.correiobraziliense.com.br\/cbradar\/wp-content\/uploads\/2025\/11\/freepik__cena-limpa-e-acolhedora-mostrando-um-caqui-vibrant__90144.jpeg","width":1280,"height":720,"caption":"Rica em carotenoides, a fruta favorece a sa\u00fade dos olhos e da pele"},{"@type":"BreadcrumbList","@id":"https:\/\/www.correiobraziliense.com.br\/cbradar\/a-fruta-alaranjada-docinha-que-protege-sua-visao-e-fortalece-o-coracao\/#breadcrumb","itemListElement":[{"@type":"ListItem","position":1,"name":"In\u00edcio","item":"https:\/\/www.correiobraziliense.com.br\/cbradar\/"},{"@type":"ListItem","position":2,"name":"A fruta alaranjada docinha que protege sua vis\u00e3o e fortalece o cora\u00e7\u00e3o"}]},{"@type":"WebSite","@id":"https:\/\/www.correiobraziliense.com.br\/cbradar\/#website","url":"https:\/\/www.correiobraziliense.com.br\/cbradar\/","name":"Correio Braziliense - Radar","description":"Acompanhe as \u00faltimas not\u00edcias e fique bem informado sobre tudo o que acontece no Brasil e no mundo.","potentialAction":[{"@type":"SearchAction","target":{"@type":"EntryPoint","urlTemplate":"https:\/\/www.correiobraziliense.com.br\/cbradar\/?s={search_term_string}"},"query-input":{"@type":"PropertyValueSpecification","valueRequired":true,"valueName":"search_term_string"}}],"inLanguage":"pt-BR"},{"@type":"Person","@id":"https:\/\/www.correiobraziliense.com.br\/cbradar\/#\/schema\/person\/7356666e12ec0ee53f348ee5db227032","name":"Daniely Cardoso","image":{"@type":"ImageObject","inLanguage":"pt-BR","@id":"https:\/\/www.correiobraziliense.com.br\/cbradar\/#\/schema\/person\/image\/","url":"https:\/\/secure.gravatar.com\/avatar\/4b80ddbd124d1f071b626d52d62e5dff?s=96&d=mm&r=g","contentUrl":"https:\/\/secure.gravatar.com\/avatar\/4b80ddbd124d1f071b626d52d62e5dff?s=96&d=mm&r=g","caption":"Daniely Cardoso"},"description":"Redatora nos portais CB Radar e EM Foco, formada pela Universidade Federal de Goi\u00e1s, em Goi\u00e2nia. Apaixonada por comunica\u00e7\u00e3o, arte, decora\u00e7\u00e3o e tend\u00eancias, atuo na produ\u00e7\u00e3o de conte\u00fados envolventes sobre curiosidades, moda, beleza e paisagismo, sempre com um olhar atento \u00e0s novidades do momento.","sameAs":["https:\/\/www.correiobraziliense.com.br\/cbradar"],"url":"https:\/\/www.correiobraziliense.com.br\/cbradar\/author\/danielymyth\/"}]}},"_links":{"self":[{"href":"https:\/\/www.correiobraziliense.com.br\/cbradar\/wp-json\/wp\/v2\/posts\/145508","targetHints":{"allow":["GET"]}}],"collection":[{"href":"https:\/\/www.correiobraziliense.com.br\/cbradar\/wp-json\/wp\/v2\/posts"}],"about":[{"href":"https:\/\/www.correiobraziliense.com.br\/cbradar\/wp-json\/wp\/v2\/types\/post"}],"author":[{"embeddable":true,"href":"https:\/\/www.correiobraziliense.com.br\/cbradar\/wp-json\/wp\/v2\/users\/9"}],"replies":[{"embeddable":true,"href":"https:\/\/www.correiobraziliense.com.br\/cbradar\/wp-json\/wp\/v2\/comments?post=145508"}],"version-history":[{"count":2,"href":"https:\/\/www.correiobraziliense.com.br\/cbradar\/wp-json\/wp\/v2\/posts\/145508\/revisions"}],"predecessor-version":[{"id":145583,"href":"https:\/\/www.correiobraziliense.com.br\/cbradar\/wp-json\/wp\/v2\/posts\/145508\/revisions\/145583"}],"wp:featuredmedia":[{"embeddable":true,"href":"https:\/\/www.correiobraziliense.com.br\/cbradar\/wp-json\/wp\/v2\/media\/146015"}],"wp:attachment":[{"href":"https:\/\/www.correiobraziliense.com.br\/cbradar\/wp-json\/wp\/v2\/media?parent=145508"}],"wp:term":[{"taxonomy":"category","embeddable":true,"href":"https:\/\/www.correiobraziliense.com.br\/cbradar\/wp-json\/wp\/v2\/categories?post=145508"},{"taxonomy":"post_tag","embeddable":true,"href":"https:\/\/www.correiobraziliense.com.br\/cbradar\/wp-json\/wp\/v2\/post_tag?post=145508"}],"curies":[{"name":"wp","href":"https:\/\/api.w.org\/{rel}","templated":true}]}}