{"id":145514,"date":"2025-11-27T07:45:00","date_gmt":"2025-11-27T10:45:00","guid":{"rendered":"https:\/\/www.correiobraziliense.com.br\/cbradar\/?p=145514"},"modified":"2025-11-26T16:58:35","modified_gmt":"2025-11-26T19:58:35","slug":"remover-cuticulas-faz-mal-entenda-os-riscos","status":"publish","type":"post","link":"https:\/\/www.correiobraziliense.com.br\/cbradar\/remover-cuticulas-faz-mal-entenda-os-riscos\/","title":{"rendered":"Remover cut\u00edculas faz mal? Entenda os riscos"},"content":{"rendered":"\n<p>As <strong>Cut\u00edculas<\/strong>, embora muitas vezes vistas apenas como um detalhe est\u00e9tico, desempenham um papel crucial na prote\u00e7\u00e3o das unhas. Elas formam uma barreira eficaz entre o ambiente externo e a matriz ungueal, regi\u00e3o respons\u00e1vel pelo crescimento saud\u00e1vel das unhas. Manter a integridade dessa prote\u00e7\u00e3o \u00e9 fundamental para evitar problemas como infec\u00e7\u00f5es e deforma\u00e7\u00f5es.<\/p>\n\n\n\n<p>No Brasil, a pr\u00e1tica de remover as Cut\u00edculas \u00e9 bastante comum, mas essa a\u00e7\u00e3o pode trazer riscos significativos \u00e0 <a href=\"https:\/\/www.correiobraziliense.com.br\/cbradar\/como-a-black-friday-engana-seu-cerebro-sem-voce-notar\/\" target=\"_blank\" rel=\"noreferrer noopener\">sa\u00fade <\/a>das unhas. Remover repetidamente essa camada protetora pode abrir portas para a entrada de bact\u00e9rias e fungos, facilitando o surgimento de inflama\u00e7\u00f5es dolorosas ao redor das unhas, conhecidas como paron\u00edquias, al\u00e9m de micoses persistentes.<\/p>\n\n\n\n<h2 class=\"wp-block-heading\">Por que evitar a remo\u00e7\u00e3o das Cut\u00edculas?<\/h2>\n\n\n\n<p>As Cut\u00edculas s\u00e3o compostas por c\u00e9lulas mortas, mas logo abaixo delas encontra-se a dobra proximal ungueal, uma pele viva e sens\u00edvel. Ao remover essa camada superficial, n\u00e3o apenas a prote\u00e7\u00e3o natural \u00e9 comprometida, como tamb\u00e9m aumenta-se o risco de infec\u00e7\u00f5es. Al\u00e9m disso, a retirada cont\u00ednua das Cut\u00edculas pode levar a deforma\u00e7\u00f5es nas unhas, tornando suas superf\u00edcies fr\u00e1geis e propensas a ondula\u00e7\u00f5es e lascamentos.<\/p>\n\n\n<div class=\"wp-block-image\">\n<figure class=\"aligncenter size-large\"><img decoding=\"async\" width=\"1024\" height=\"576\" src=\"https:\/\/www.correiobraziliense.com.br\/cbradar\/wp-content\/uploads\/2025\/11\/Cuticulas_1764186046030-1024x576.jpg\" alt=\"\" class=\"wp-image-145516\" srcset=\"https:\/\/www.correiobraziliense.com.br\/cbradar\/wp-content\/uploads\/2025\/11\/Cuticulas_1764186046030-1024x576.jpg 1024w, https:\/\/www.correiobraziliense.com.br\/cbradar\/wp-content\/uploads\/2025\/11\/Cuticulas_1764186046030-300x169.jpg 300w, https:\/\/www.correiobraziliense.com.br\/cbradar\/wp-content\/uploads\/2025\/11\/Cuticulas_1764186046030-768x432.jpg 768w, https:\/\/www.correiobraziliense.com.br\/cbradar\/wp-content\/uploads\/2025\/11\/Cuticulas_1764186046030-750x422.jpg 750w, https:\/\/www.correiobraziliense.com.br\/cbradar\/wp-content\/uploads\/2025\/11\/Cuticulas_1764186046030-1140x641.jpg 1140w, https:\/\/www.correiobraziliense.com.br\/cbradar\/wp-content\/uploads\/2025\/11\/Cuticulas_1764186046030.jpg 1280w\" sizes=\"(max-width: 1024px) 100vw, 1024px\" \/><figcaption class=\"wp-element-caption\">Cut\u00edculas &#8211; Cr\u00e9ditos: depositphotos.com \/ microgen<\/figcaption><\/figure><\/div>\n\n\n<h2 class=\"wp-block-heading\">Como cuidar das Cut\u00edculas de forma segura?<\/h2>\n\n\n\n<p>Cuidar das Cut\u00edculas de maneira segura envolve a ado\u00e7\u00e3o de pr\u00e1ticas alternativas \u00e0 sua remo\u00e7\u00e3o. Em vez de cort\u00e1-las, uma abordagem recomendada \u00e9 amolec\u00ea-las com \u00e1gua morna ou produtos espec\u00edficos e, ent\u00e3o, empurrar suavemente o excesso aparente. Tal m\u00e9todo minimiza o risco de les\u00f5es e mant\u00e9m a fun\u00e7\u00e3o de barreira essencial para a sa\u00fade das unhas.<\/p>\n\n\n\n<h2 class=\"wp-block-heading\">\u00c9 poss\u00edvel manter unhas saud\u00e1veis sem remover as Cut\u00edculas?<\/h2>\n\n\n\n<p>Sim, \u00e9 perfeitamente poss\u00edvel manter unhas saud\u00e1veis e esteticamente agrad\u00e1veis sem a remo\u00e7\u00e3o das Cut\u00edculas. A hidrata\u00e7\u00e3o regular com \u00f3leos ou cremes nutritivos para cut\u00edculas ajuda a manter a pele flex\u00edvel, prevenindo rachaduras e preservando a sua fun\u00e7\u00e3o protetora. Al\u00e9m disso, garantir que os instrumentos de manicure sejam devidamente esterilizados \u00e9 fundamental para prevenir a contamina\u00e7\u00e3o cruzada e o desenvolvimento de infec\u00e7\u00f5es.<\/p>\n\n\n\n<ul class=\"wp-block-list\">\n<li>Mantenha as Cut\u00edculas hidratadas para preservar sua integridade.<\/li>\n\n\n\n<li>Evite roer ou puxar as Cut\u00edculas com os dentes para n\u00e3o criar fissuras que possam resultar em infec\u00e7\u00f5es.<\/li>\n\n\n\n<li>Pessoas com condi\u00e7\u00f5es m\u00e9dicas espec\u00edficas, como diabetes, devem ter cuidado extra com as Cut\u00edculas, pois pequenos ferimentos podem ter consequ\u00eancias mais graves.<\/li>\n<\/ul>\n\n\n\n<p>Portanto, as Cut\u00edculas n\u00e3o s\u00e3o meros detalhes no cuidado com as unhas; s\u00e3o componentes essenciais para sua sa\u00fade e prote\u00e7\u00e3o. Adotar pr\u00e1ticas que respeitem essa fun\u00e7\u00e3o \u00e9 crucial para manter m\u00e3os bonitas e saud\u00e1veis, evitando o comprometimento que a remo\u00e7\u00e3o pode causar.<\/p>\n\n\n<a href=\"https:\/\/www.instagram.com\/dra.annaluisabf\/\" target=\"_blank\" rel=\"noopener\" style=\"text-decoration: none; color: inherit;\">\n    <span style=\"display: inline-block; border: 1px solid #ccc; border-radius: 10px; padding: 15px; max-width: 550px; font-family: sans-serif; box-shadow: 0 2px 5px rgba(0,0,0,0.1); width: 100%;\">\n\n      <!-- T\u00edtulo -->\n      <span style=\"display: block; margin: 0 0 15px 0; font-weight: bold; color: #2c3e50; text-align: center;\">\n        Entre em contato:\n      <\/span>\n\n      <!-- Linha do perfil -->\n      <span style=\"display: flex; align-items: center; gap: 15px;\">\n        <img decoding=\"async\"\n          src=\"https:\/\/www.correiobraziliense.com.br\/cbradar\/wp-content\/uploads\/2025\/08\/dra_anna_luisa.jpeg\"\n          alt=\"Foto da Dra. Anna Lu\u00edsa\"\n          style=\"border-radius: 50%; width: 80px; height: 80px; object-fit: cover;\"\n        \/>\n        <span style=\"display: flex; flex-direction: column;\">\n          <span style=\"font-size: 18px; font-weight: 700; color: #2c3e50;\">Dra. Anna Lu\u00edsa Barbosa Fernandes<\/span>\n          <span style=\"color: #555;\">CRM-GO 33.271<\/span>\n        <\/span>\n      <\/span>\n\n      <!-- Redes -->\n      <span style=\"display: flex; align-items: center; gap: 10px; margin-top: 12px;\">\n        <img decoding=\"async\" src=\"https:\/\/cdn-icons-png.flaticon.com\/24\/1384\/1384063.png\" alt=\"Instagram\" width=\"24\" height=\"24\" \/>\n        <span style=\"text-decoration: underline; color: #2c3e50;\">@dra.annaluisabf<\/span>\n      <\/span>\n\n    <\/span>\n  <\/a>","protected":false},"excerpt":{"rendered":"<p>As Cut\u00edculas, embora muitas vezes vistas apenas como um detalhe est\u00e9tico, desempenham um papel crucial na prote\u00e7\u00e3o das unhas. Elas formam uma barreira eficaz entre o ambiente externo e a matriz ungueal, regi\u00e3o respons\u00e1vel pelo crescimento saud\u00e1vel das unhas. Manter a integridade dessa prote\u00e7\u00e3o \u00e9 fundamental para evitar problemas como infec\u00e7\u00f5es e deforma\u00e7\u00f5es. No Brasil, [&hellip;]<\/p>\n","protected":false},"author":14,"featured_media":145515,"comment_status":"open","ping_status":"open","sticky":false,"template":"","format":"standard","meta":{"_yoast_wpseo_focuskw":"Cut\u00edculas","_yoast_wpseo_title":"","_yoast_wpseo_metadesc":"Remover cut\u00edculas pode causar infec\u00e7\u00f5es e enfraquecer as unhas. Descubra como cuidar corretamente.","jnews-multi-image_gallery":[],"jnews_single_post":{"format":"standard"},"jnews_primary_category":[],"jnews_social_meta":[],"jnews_override_counter":[],"footnotes":""},"categories":[4404],"post_tag":[120,12009,1318],"class_list":["post-145514","post","type-post","status-publish","format-standard","has-post-thumbnail","hentry","category-saude","tag-bem-estar","tag-cuticulas","tag-saude-2"],"yoast_head":"<!-- This site is optimized with the Yoast SEO plugin v24.6 - https:\/\/yoast.com\/wordpress\/plugins\/seo\/ -->\n<title>Remover cut\u00edculas faz mal? Entenda os riscos - Correio Braziliense - Radar<\/title>\n<meta name=\"description\" content=\"Remover cut\u00edculas pode causar infec\u00e7\u00f5es e enfraquecer as unhas. Descubra como cuidar corretamente.\" \/>\n<meta name=\"robots\" content=\"index, follow, max-snippet:-1, max-image-preview:large, max-video-preview:-1\" \/>\n<link rel=\"canonical\" href=\"https:\/\/www.correiobraziliense.com.br\/cbradar\/remover-cuticulas-faz-mal-entenda-os-riscos\/\" \/>\n<meta property=\"og:locale\" content=\"pt_BR\" \/>\n<meta property=\"og:type\" content=\"article\" \/>\n<meta property=\"og:title\" content=\"Remover cut\u00edculas faz mal? Entenda os riscos - Correio Braziliense - Radar\" \/>\n<meta property=\"og:description\" content=\"Remover cut\u00edculas pode causar infec\u00e7\u00f5es e enfraquecer as unhas. Descubra como cuidar corretamente.\" \/>\n<meta property=\"og:url\" content=\"https:\/\/www.correiobraziliense.com.br\/cbradar\/remover-cuticulas-faz-mal-entenda-os-riscos\/\" \/>\n<meta property=\"og:site_name\" content=\"Correio Braziliense - Radar\" \/>\n<meta property=\"article:published_time\" content=\"2025-11-27T10:45:00+00:00\" \/>\n<meta property=\"og:image\" content=\"https:\/\/www.correiobraziliense.com.br\/cbradar\/wp-content\/uploads\/2025\/11\/Cuticulas_1764185940932.jpg\" \/>\n\t<meta property=\"og:image:width\" content=\"1280\" \/>\n\t<meta property=\"og:image:height\" content=\"720\" \/>\n\t<meta property=\"og:image:type\" content=\"image\/jpeg\" \/>\n<meta name=\"author\" content=\"guilherme_saude\" \/>\n<meta name=\"twitter:card\" content=\"summary_large_image\" \/>\n<meta name=\"twitter:label1\" content=\"Escrito por\" \/>\n\t<meta name=\"twitter:data1\" content=\"guilherme_saude\" \/>\n\t<meta name=\"twitter:label2\" content=\"Est. tempo de leitura\" \/>\n\t<meta name=\"twitter:data2\" content=\"4 minutos\" \/>\n<!-- \/ Yoast SEO plugin. -->","yoast_head_json":{"title":"Remover cut\u00edculas faz mal? Entenda os riscos - Correio Braziliense - Radar","description":"Remover cut\u00edculas pode causar infec\u00e7\u00f5es e enfraquecer as unhas. Descubra como cuidar corretamente.","robots":{"index":"index","follow":"follow","max-snippet":"max-snippet:-1","max-image-preview":"max-image-preview:large","max-video-preview":"max-video-preview:-1"},"canonical":"https:\/\/www.correiobraziliense.com.br\/cbradar\/remover-cuticulas-faz-mal-entenda-os-riscos\/","og_locale":"pt_BR","og_type":"article","og_title":"Remover cut\u00edculas faz mal? Entenda os riscos - Correio Braziliense - Radar","og_description":"Remover cut\u00edculas pode causar infec\u00e7\u00f5es e enfraquecer as unhas. Descubra como cuidar corretamente.","og_url":"https:\/\/www.correiobraziliense.com.br\/cbradar\/remover-cuticulas-faz-mal-entenda-os-riscos\/","og_site_name":"Correio Braziliense - Radar","article_published_time":"2025-11-27T10:45:00+00:00","og_image":[{"width":1280,"height":720,"url":"https:\/\/www.correiobraziliense.com.br\/cbradar\/wp-content\/uploads\/2025\/11\/Cuticulas_1764185940932.jpg","type":"image\/jpeg"}],"author":"guilherme_saude","twitter_card":"summary_large_image","twitter_misc":{"Escrito por":"guilherme_saude","Est. tempo de leitura":"4 minutos"},"schema":{"@context":"https:\/\/schema.org","@graph":[{"@type":"WebPage","@id":"https:\/\/www.correiobraziliense.com.br\/cbradar\/remover-cuticulas-faz-mal-entenda-os-riscos\/","url":"https:\/\/www.correiobraziliense.com.br\/cbradar\/remover-cuticulas-faz-mal-entenda-os-riscos\/","name":"Remover cut\u00edculas faz mal? Entenda os riscos - Correio Braziliense - Radar","isPartOf":{"@id":"https:\/\/www.correiobraziliense.com.br\/cbradar\/#website"},"primaryImageOfPage":{"@id":"https:\/\/www.correiobraziliense.com.br\/cbradar\/remover-cuticulas-faz-mal-entenda-os-riscos\/#primaryimage"},"image":{"@id":"https:\/\/www.correiobraziliense.com.br\/cbradar\/remover-cuticulas-faz-mal-entenda-os-riscos\/#primaryimage"},"thumbnailUrl":"https:\/\/www.correiobraziliense.com.br\/cbradar\/wp-content\/uploads\/2025\/11\/Cuticulas_1764185940932.jpg","datePublished":"2025-11-27T10:45:00+00:00","author":{"@id":"https:\/\/www.correiobraziliense.com.br\/cbradar\/#\/schema\/person\/5aa4bf3c8fa699c267933611de12978b"},"description":"Remover cut\u00edculas pode causar infec\u00e7\u00f5es e enfraquecer as unhas. Descubra como cuidar corretamente.","breadcrumb":{"@id":"https:\/\/www.correiobraziliense.com.br\/cbradar\/remover-cuticulas-faz-mal-entenda-os-riscos\/#breadcrumb"},"inLanguage":"pt-BR","potentialAction":[{"@type":"ReadAction","target":["https:\/\/www.correiobraziliense.com.br\/cbradar\/remover-cuticulas-faz-mal-entenda-os-riscos\/"]}]},{"@type":"ImageObject","inLanguage":"pt-BR","@id":"https:\/\/www.correiobraziliense.com.br\/cbradar\/remover-cuticulas-faz-mal-entenda-os-riscos\/#primaryimage","url":"https:\/\/www.correiobraziliense.com.br\/cbradar\/wp-content\/uploads\/2025\/11\/Cuticulas_1764185940932.jpg","contentUrl":"https:\/\/www.correiobraziliense.com.br\/cbradar\/wp-content\/uploads\/2025\/11\/Cuticulas_1764185940932.jpg","width":1280,"height":720,"caption":"Cut\u00edculas - Cr\u00e9ditos: depositphotos.com \/ EdZbarzhyvetsky"},{"@type":"BreadcrumbList","@id":"https:\/\/www.correiobraziliense.com.br\/cbradar\/remover-cuticulas-faz-mal-entenda-os-riscos\/#breadcrumb","itemListElement":[{"@type":"ListItem","position":1,"name":"In\u00edcio","item":"https:\/\/www.correiobraziliense.com.br\/cbradar\/"},{"@type":"ListItem","position":2,"name":"Remover cut\u00edculas faz mal? Entenda os riscos"}]},{"@type":"WebSite","@id":"https:\/\/www.correiobraziliense.com.br\/cbradar\/#website","url":"https:\/\/www.correiobraziliense.com.br\/cbradar\/","name":"Correio Braziliense - Radar","description":"Acompanhe as \u00faltimas not\u00edcias e fique bem informado sobre tudo o que acontece no Brasil e no mundo.","potentialAction":[{"@type":"SearchAction","target":{"@type":"EntryPoint","urlTemplate":"https:\/\/www.correiobraziliense.com.br\/cbradar\/?s={search_term_string}"},"query-input":{"@type":"PropertyValueSpecification","valueRequired":true,"valueName":"search_term_string"}}],"inLanguage":"pt-BR"},{"@type":"Person","@id":"https:\/\/www.correiobraziliense.com.br\/cbradar\/#\/schema\/person\/5aa4bf3c8fa699c267933611de12978b","name":"guilherme_saude","image":{"@type":"ImageObject","inLanguage":"pt-BR","@id":"https:\/\/www.correiobraziliense.com.br\/cbradar\/#\/schema\/person\/image\/","url":"https:\/\/secure.gravatar.com\/avatar\/df9adfb835d344bc0af109d41756253f?s=96&d=mm&r=g","contentUrl":"https:\/\/secure.gravatar.com\/avatar\/df9adfb835d344bc0af109d41756253f?s=96&d=mm&r=g","caption":"guilherme_saude"},"url":"https:\/\/www.correiobraziliense.com.br\/cbradar\/author\/guilherme_saude\/"}]}},"_links":{"self":[{"href":"https:\/\/www.correiobraziliense.com.br\/cbradar\/wp-json\/wp\/v2\/posts\/145514","targetHints":{"allow":["GET"]}}],"collection":[{"href":"https:\/\/www.correiobraziliense.com.br\/cbradar\/wp-json\/wp\/v2\/posts"}],"about":[{"href":"https:\/\/www.correiobraziliense.com.br\/cbradar\/wp-json\/wp\/v2\/types\/post"}],"author":[{"embeddable":true,"href":"https:\/\/www.correiobraziliense.com.br\/cbradar\/wp-json\/wp\/v2\/users\/14"}],"replies":[{"embeddable":true,"href":"https:\/\/www.correiobraziliense.com.br\/cbradar\/wp-json\/wp\/v2\/comments?post=145514"}],"version-history":[{"count":1,"href":"https:\/\/www.correiobraziliense.com.br\/cbradar\/wp-json\/wp\/v2\/posts\/145514\/revisions"}],"predecessor-version":[{"id":145517,"href":"https:\/\/www.correiobraziliense.com.br\/cbradar\/wp-json\/wp\/v2\/posts\/145514\/revisions\/145517"}],"wp:featuredmedia":[{"embeddable":true,"href":"https:\/\/www.correiobraziliense.com.br\/cbradar\/wp-json\/wp\/v2\/media\/145515"}],"wp:attachment":[{"href":"https:\/\/www.correiobraziliense.com.br\/cbradar\/wp-json\/wp\/v2\/media?parent=145514"}],"wp:term":[{"taxonomy":"category","embeddable":true,"href":"https:\/\/www.correiobraziliense.com.br\/cbradar\/wp-json\/wp\/v2\/categories?post=145514"},{"taxonomy":"post_tag","embeddable":true,"href":"https:\/\/www.correiobraziliense.com.br\/cbradar\/wp-json\/wp\/v2\/post_tag?post=145514"}],"curies":[{"name":"wp","href":"https:\/\/api.w.org\/{rel}","templated":true}]}}