{"id":145527,"date":"2025-11-27T13:15:00","date_gmt":"2025-11-27T16:15:00","guid":{"rendered":"https:\/\/www.correiobraziliense.com.br\/cbradar\/?p=145527"},"modified":"2025-11-26T17:26:20","modified_gmt":"2025-11-26T20:26:20","slug":"bebe-deve-dormir-no-quarto-dos-pais-saiba-tudo","status":"publish","type":"post","link":"https:\/\/www.correiobraziliense.com.br\/cbradar\/bebe-deve-dormir-no-quarto-dos-pais-saiba-tudo\/","title":{"rendered":"Beb\u00ea deve dormir no quarto dos pais? Saiba tudo"},"content":{"rendered":"\n<p>Quando se trata da seguran\u00e7a e bem-estar dos <strong>Beb\u00eas <\/strong>durante o sono, as recomenda\u00e7\u00f5es de especialistas em pediatria convergem em um ponto comum: o compartilhamento do quarto entre pais e Beb\u00eas \u00e9 ben\u00e9fico para a sa\u00fade dos pequenos. Essa pr\u00e1tica, indicada por organiza\u00e7\u00f5es como a Academia Americana de Pediatria e a Sociedade Brasileira de Pediatria, \u00e9 sugerida pelo menos nos primeiros seis meses de vida do beb\u00ea, podendo se estender at\u00e9 os doze meses. A proximidade n\u00e3o s\u00f3 favorece uma supervis\u00e3o mais atenta, reduzindo riscos como o de asfixia e morte s\u00fabita do lactente, mas tamb\u00e9m pode contribuir para o fortalecimento do v\u00ednculo afetivo entre pais e filhos durante os primeiros momentos de adapta\u00e7\u00e3o.<\/p>\n\n\n\n<p>Por outro lado, \u00e9 importante destacar a diferen\u00e7a entre compartilhar o quarto e compartilhar a cama. Para garantir a seguran\u00e7a do beb\u00ea, recomenda-se evitar que ele durma na mesma cama dos pais, especialmente em seus primeiros meses. A pr\u00e1tica conhecida como &#8220;co-sleeping&#8221; aumenta a probabilidade de acidentes fatais devido a riscos como superaquecimento, asfixia ou compress\u00e3o acidental porque um adulto pode se mover inadvertidamente durante o sono. Al\u00e9m disso, ambientes onde h\u00e1 fuma\u00e7a de cigarro, excesso ou falta de ventila\u00e7\u00e3o e varia\u00e7\u00f5es extremas de temperatura n\u00e3o s\u00e3o apropriados para o compartilhamento de espa\u00e7o entre os cuidadores e o beb\u00ea.<\/p>\n\n\n\n<h2 class=\"wp-block-heading\">Como garantir seguran\u00e7a e proximidade?<\/h2>\n\n\n\n<p>A recomenda\u00e7\u00e3o \u00e9 clara: manter o beb\u00ea em um ber\u00e7o pr\u00f3prio, preferencialmente um ber\u00e7o acoplado \u00e0 cama dos pais, que possibilita supervis\u00e3o constante sem comprometer a seguran\u00e7a da crian\u00e7a. Superf\u00edcies n\u00e3o projetadas para o sono infantil, como poltronas e sof\u00e1s, devem ser evitadas devido aos riscos de queda e sufocamento. Tal disposi\u00e7\u00e3o permite que a crian\u00e7a esteja sempre pr\u00f3xima, contribuindo para uma vigil\u00e2ncia mais eficaz, mas sem os perigos associados ao compartilhamento de cama.<\/p>\n\n\n<div class=\"wp-block-image\">\n<figure class=\"aligncenter size-large\"><img decoding=\"async\" width=\"1024\" height=\"576\" src=\"https:\/\/www.correiobraziliense.com.br\/cbradar\/wp-content\/uploads\/2025\/11\/Bebes-_1764188757028-1024x576.jpg\" alt=\"\" class=\"wp-image-145529\" srcset=\"https:\/\/www.correiobraziliense.com.br\/cbradar\/wp-content\/uploads\/2025\/11\/Bebes-_1764188757028-1024x576.jpg 1024w, https:\/\/www.correiobraziliense.com.br\/cbradar\/wp-content\/uploads\/2025\/11\/Bebes-_1764188757028-300x169.jpg 300w, https:\/\/www.correiobraziliense.com.br\/cbradar\/wp-content\/uploads\/2025\/11\/Bebes-_1764188757028-768x432.jpg 768w, https:\/\/www.correiobraziliense.com.br\/cbradar\/wp-content\/uploads\/2025\/11\/Bebes-_1764188757028-750x422.jpg 750w, https:\/\/www.correiobraziliense.com.br\/cbradar\/wp-content\/uploads\/2025\/11\/Bebes-_1764188757028-1140x641.jpg 1140w, https:\/\/www.correiobraziliense.com.br\/cbradar\/wp-content\/uploads\/2025\/11\/Bebes-_1764188757028.jpg 1280w\" sizes=\"(max-width: 1024px) 100vw, 1024px\" \/><figcaption class=\"wp-element-caption\">Beb\u00eas &#8211; Cr\u00e9ditos: depositphotos.com \/ pitrs10<\/figcaption><\/figure><\/div>\n\n\n<h2 class=\"wp-block-heading\">Interfer\u00eancia no sono: como lidar?<\/h2>\n\n\n\n<p>O sono do beb\u00ea \u00e9 delicado e pode ser facilmente perturbado por sons e movimentos dos adultos no quarto, ao mesmo tempo que os despertares frequentes do beb\u00ea podem prejudicar o descanso dos pais. Isso \u00e9 particularmente preocupante em lares onde os cuidadores precisam acordar cedo para trabalhar, pois a priva\u00e7\u00e3o de sono pode afetar a concentra\u00e7\u00e3o e aumentar a propens\u00e3o a acidentes. Portanto, \u00e9 vital encontrar um equil\u00edbrio que assegure o descanso de todos enquanto se respeita a necessidade de proximidade do beb\u00ea.<\/p>\n\n\n\n<h2 class=\"wp-block-heading\">Quando \u00e9 o momento certo para transi\u00e7\u00e3o?<\/h2>\n\n\n\n<p>Assim que a fam\u00edlia se sente segura e a crian\u00e7a se aproxima dos doze meses de vida, \u00e9 aconselh\u00e1vel iniciar a transi\u00e7\u00e3o do beb\u00ea para o pr\u00f3prio quarto. Este processo deve ser gradual e respeitar o ritmo tanto da crian\u00e7a quanto dos pais. Ferramentas como bab\u00e1s eletr\u00f4nicas e c\u00e2meras podem ser extremamente \u00fateis para monitorar a crian\u00e7a \u00e0 dist\u00e2ncia, proporcionando tranquilidade aos cuidadores. Isso tamb\u00e9m preserva a intimidade do casal, um componente essencial da <a href=\"https:\/\/www.correiobraziliense.com.br\/cbradar\/como-a-black-friday-engana-seu-cerebro-sem-voce-notar\/\" target=\"_blank\" rel=\"noreferrer noopener\">sa\u00fade <\/a>familiar, que, se desconsiderado, pode levar ao distanciamento entre os c\u00f4njuges.<\/p>\n\n\n\n<h2 class=\"wp-block-heading\">Principais recomenda\u00e7\u00f5es para um sono seguro<\/h2>\n\n\n\n<ul class=\"wp-block-list\">\n<li>O beb\u00ea deve dormir de barriga para cima, preferencialmente em um ber\u00e7o firme e livre de objetos como travesseiros e brinquedos.<\/li>\n\n\n\n<li>Utilize roupas apropriadas para o ambiente, evitando tanto o superaquecimento quanto o resfriamento.<\/li>\n\n\n\n<li>Ao usar travesseiros, certifique-se de que sejam finos e perfurados para garantir seguran\u00e7a respirat\u00f3ria.<\/li>\n\n\n\n<li>Criar um ambiente seguro \u00e9 crucial, adaptando as recomenda\u00e7\u00f5es \u00e0s necessidades de cada fam\u00edlia.<\/li>\n<\/ul>\n\n\n\n<p>Essas medidas, quando adotadas, garantem um sono reparador e seguro para o beb\u00ea, contribuindo assim para o bem-estar f\u00edsico e emocional de toda a fam\u00edlia. A personaliza\u00e7\u00e3o das orienta\u00e7\u00f5es segundo o perfil de cada fam\u00edlia \u00e9 fundamental para atingir esse objetivo comum de seguran\u00e7a e conforto durante os primeiros meses de vida do beb\u00ea.<\/p>\n\n\n<a href=\"https:\/\/www.instagram.com\/dra.annaluisabf\/\" target=\"_blank\" rel=\"noopener\" style=\"text-decoration: none; color: inherit;\">\n    <span style=\"display: inline-block; border: 1px solid #ccc; border-radius: 10px; padding: 15px; max-width: 550px; font-family: sans-serif; box-shadow: 0 2px 5px rgba(0,0,0,0.1); width: 100%;\">\n\n      <!-- T\u00edtulo -->\n      <span style=\"display: block; margin: 0 0 15px 0; font-weight: bold; color: #2c3e50; text-align: center;\">\n        Entre em contato:\n      <\/span>\n\n      <!-- Linha do perfil -->\n      <span style=\"display: flex; align-items: center; gap: 15px;\">\n        <img decoding=\"async\"\n          src=\"https:\/\/www.correiobraziliense.com.br\/cbradar\/wp-content\/uploads\/2025\/08\/dra_anna_luisa.jpeg\"\n          alt=\"Foto da Dra. Anna Lu\u00edsa\"\n          style=\"border-radius: 50%; width: 80px; height: 80px; object-fit: cover;\"\n        \/>\n        <span style=\"display: flex; flex-direction: column;\">\n          <span style=\"font-size: 18px; font-weight: 700; color: #2c3e50;\">Dra. Anna Lu\u00edsa Barbosa Fernandes<\/span>\n          <span style=\"color: #555;\">CRM-GO 33.271<\/span>\n        <\/span>\n      <\/span>\n\n      <!-- Redes -->\n      <span style=\"display: flex; align-items: center; gap: 10px; margin-top: 12px;\">\n        <img decoding=\"async\" src=\"https:\/\/cdn-icons-png.flaticon.com\/24\/1384\/1384063.png\" alt=\"Instagram\" width=\"24\" height=\"24\" \/>\n        <span style=\"text-decoration: underline; color: #2c3e50;\">@dra.annaluisabf<\/span>\n      <\/span>\n\n    <\/span>\n  <\/a>","protected":false},"excerpt":{"rendered":"<p>Quando se trata da seguran\u00e7a e bem-estar dos Beb\u00eas durante o sono, as recomenda\u00e7\u00f5es de especialistas em pediatria convergem em um ponto comum: o compartilhamento do quarto entre pais e Beb\u00eas \u00e9 ben\u00e9fico para a sa\u00fade dos pequenos. Essa pr\u00e1tica, indicada por organiza\u00e7\u00f5es como a Academia Americana de Pediatria e a Sociedade Brasileira de Pediatria, [&hellip;]<\/p>\n","protected":false},"author":14,"featured_media":145528,"comment_status":"open","ping_status":"open","sticky":false,"template":"","format":"standard","meta":{"_yoast_wpseo_focuskw":"Beb\u00eas","_yoast_wpseo_title":"","_yoast_wpseo_metadesc":"Dormir com o beb\u00ea no quarto \u00e9 seguro, mas n\u00e3o na mesma cama. Veja recomenda\u00e7\u00f5es e o momento ideal para a transi\u00e7\u00e3o.","jnews-multi-image_gallery":[],"jnews_single_post":{"format":"standard"},"jnews_primary_category":[],"jnews_social_meta":[],"jnews_override_counter":[],"footnotes":""},"categories":[4404],"post_tag":[120,1318],"class_list":["post-145527","post","type-post","status-publish","format-standard","has-post-thumbnail","hentry","category-saude","tag-bem-estar","tag-saude-2"],"yoast_head":"<!-- This site is optimized with the Yoast SEO plugin v24.6 - https:\/\/yoast.com\/wordpress\/plugins\/seo\/ -->\n<title>Beb\u00ea deve dormir no quarto dos pais? Saiba tudo - Correio Braziliense - Radar<\/title>\n<meta name=\"description\" content=\"Dormir com o beb\u00ea no quarto \u00e9 seguro, mas n\u00e3o na mesma cama. Veja recomenda\u00e7\u00f5es e o momento ideal para a transi\u00e7\u00e3o.\" \/>\n<meta name=\"robots\" content=\"index, follow, max-snippet:-1, max-image-preview:large, max-video-preview:-1\" \/>\n<link rel=\"canonical\" href=\"https:\/\/www.correiobraziliense.com.br\/cbradar\/bebe-deve-dormir-no-quarto-dos-pais-saiba-tudo\/\" \/>\n<meta property=\"og:locale\" content=\"pt_BR\" \/>\n<meta property=\"og:type\" content=\"article\" \/>\n<meta property=\"og:title\" content=\"Beb\u00ea deve dormir no quarto dos pais? Saiba tudo - Correio Braziliense - Radar\" \/>\n<meta property=\"og:description\" content=\"Dormir com o beb\u00ea no quarto \u00e9 seguro, mas n\u00e3o na mesma cama. Veja recomenda\u00e7\u00f5es e o momento ideal para a transi\u00e7\u00e3o.\" \/>\n<meta property=\"og:url\" content=\"https:\/\/www.correiobraziliense.com.br\/cbradar\/bebe-deve-dormir-no-quarto-dos-pais-saiba-tudo\/\" \/>\n<meta property=\"og:site_name\" content=\"Correio Braziliense - Radar\" \/>\n<meta property=\"article:published_time\" content=\"2025-11-27T16:15:00+00:00\" \/>\n<meta property=\"og:image\" content=\"https:\/\/www.correiobraziliense.com.br\/cbradar\/wp-content\/uploads\/2025\/11\/Bebes-_1764188698370.jpg\" \/>\n\t<meta property=\"og:image:width\" content=\"1280\" \/>\n\t<meta property=\"og:image:height\" content=\"720\" \/>\n\t<meta property=\"og:image:type\" content=\"image\/jpeg\" \/>\n<meta name=\"author\" content=\"guilherme_saude\" \/>\n<meta name=\"twitter:card\" content=\"summary_large_image\" \/>\n<meta name=\"twitter:label1\" content=\"Escrito por\" \/>\n\t<meta name=\"twitter:data1\" content=\"guilherme_saude\" \/>\n\t<meta name=\"twitter:label2\" content=\"Est. tempo de leitura\" \/>\n\t<meta name=\"twitter:data2\" content=\"5 minutos\" \/>\n<!-- \/ Yoast SEO plugin. -->","yoast_head_json":{"title":"Beb\u00ea deve dormir no quarto dos pais? Saiba tudo - Correio Braziliense - Radar","description":"Dormir com o beb\u00ea no quarto \u00e9 seguro, mas n\u00e3o na mesma cama. Veja recomenda\u00e7\u00f5es e o momento ideal para a transi\u00e7\u00e3o.","robots":{"index":"index","follow":"follow","max-snippet":"max-snippet:-1","max-image-preview":"max-image-preview:large","max-video-preview":"max-video-preview:-1"},"canonical":"https:\/\/www.correiobraziliense.com.br\/cbradar\/bebe-deve-dormir-no-quarto-dos-pais-saiba-tudo\/","og_locale":"pt_BR","og_type":"article","og_title":"Beb\u00ea deve dormir no quarto dos pais? Saiba tudo - Correio Braziliense - Radar","og_description":"Dormir com o beb\u00ea no quarto \u00e9 seguro, mas n\u00e3o na mesma cama. Veja recomenda\u00e7\u00f5es e o momento ideal para a transi\u00e7\u00e3o.","og_url":"https:\/\/www.correiobraziliense.com.br\/cbradar\/bebe-deve-dormir-no-quarto-dos-pais-saiba-tudo\/","og_site_name":"Correio Braziliense - Radar","article_published_time":"2025-11-27T16:15:00+00:00","og_image":[{"width":1280,"height":720,"url":"https:\/\/www.correiobraziliense.com.br\/cbradar\/wp-content\/uploads\/2025\/11\/Bebes-_1764188698370.jpg","type":"image\/jpeg"}],"author":"guilherme_saude","twitter_card":"summary_large_image","twitter_misc":{"Escrito por":"guilherme_saude","Est. tempo de leitura":"5 minutos"},"schema":{"@context":"https:\/\/schema.org","@graph":[{"@type":"WebPage","@id":"https:\/\/www.correiobraziliense.com.br\/cbradar\/bebe-deve-dormir-no-quarto-dos-pais-saiba-tudo\/","url":"https:\/\/www.correiobraziliense.com.br\/cbradar\/bebe-deve-dormir-no-quarto-dos-pais-saiba-tudo\/","name":"Beb\u00ea deve dormir no quarto dos pais? Saiba tudo - Correio Braziliense - Radar","isPartOf":{"@id":"https:\/\/www.correiobraziliense.com.br\/cbradar\/#website"},"primaryImageOfPage":{"@id":"https:\/\/www.correiobraziliense.com.br\/cbradar\/bebe-deve-dormir-no-quarto-dos-pais-saiba-tudo\/#primaryimage"},"image":{"@id":"https:\/\/www.correiobraziliense.com.br\/cbradar\/bebe-deve-dormir-no-quarto-dos-pais-saiba-tudo\/#primaryimage"},"thumbnailUrl":"https:\/\/www.correiobraziliense.com.br\/cbradar\/wp-content\/uploads\/2025\/11\/Bebes-_1764188698370.jpg","datePublished":"2025-11-27T16:15:00+00:00","author":{"@id":"https:\/\/www.correiobraziliense.com.br\/cbradar\/#\/schema\/person\/5aa4bf3c8fa699c267933611de12978b"},"description":"Dormir com o beb\u00ea no quarto \u00e9 seguro, mas n\u00e3o na mesma cama. Veja recomenda\u00e7\u00f5es e o momento ideal para a transi\u00e7\u00e3o.","breadcrumb":{"@id":"https:\/\/www.correiobraziliense.com.br\/cbradar\/bebe-deve-dormir-no-quarto-dos-pais-saiba-tudo\/#breadcrumb"},"inLanguage":"pt-BR","potentialAction":[{"@type":"ReadAction","target":["https:\/\/www.correiobraziliense.com.br\/cbradar\/bebe-deve-dormir-no-quarto-dos-pais-saiba-tudo\/"]}]},{"@type":"ImageObject","inLanguage":"pt-BR","@id":"https:\/\/www.correiobraziliense.com.br\/cbradar\/bebe-deve-dormir-no-quarto-dos-pais-saiba-tudo\/#primaryimage","url":"https:\/\/www.correiobraziliense.com.br\/cbradar\/wp-content\/uploads\/2025\/11\/Bebes-_1764188698370.jpg","contentUrl":"https:\/\/www.correiobraziliense.com.br\/cbradar\/wp-content\/uploads\/2025\/11\/Bebes-_1764188698370.jpg","width":1280,"height":720,"caption":"Beb\u00eas - Cr\u00e9ditos: depositphotos.com \/ IuliiaVerstaBO"},{"@type":"BreadcrumbList","@id":"https:\/\/www.correiobraziliense.com.br\/cbradar\/bebe-deve-dormir-no-quarto-dos-pais-saiba-tudo\/#breadcrumb","itemListElement":[{"@type":"ListItem","position":1,"name":"In\u00edcio","item":"https:\/\/www.correiobraziliense.com.br\/cbradar\/"},{"@type":"ListItem","position":2,"name":"Beb\u00ea deve dormir no quarto dos pais? Saiba tudo"}]},{"@type":"WebSite","@id":"https:\/\/www.correiobraziliense.com.br\/cbradar\/#website","url":"https:\/\/www.correiobraziliense.com.br\/cbradar\/","name":"Correio Braziliense - Radar","description":"Acompanhe as \u00faltimas not\u00edcias e fique bem informado sobre tudo o que acontece no Brasil e no mundo.","potentialAction":[{"@type":"SearchAction","target":{"@type":"EntryPoint","urlTemplate":"https:\/\/www.correiobraziliense.com.br\/cbradar\/?s={search_term_string}"},"query-input":{"@type":"PropertyValueSpecification","valueRequired":true,"valueName":"search_term_string"}}],"inLanguage":"pt-BR"},{"@type":"Person","@id":"https:\/\/www.correiobraziliense.com.br\/cbradar\/#\/schema\/person\/5aa4bf3c8fa699c267933611de12978b","name":"guilherme_saude","image":{"@type":"ImageObject","inLanguage":"pt-BR","@id":"https:\/\/www.correiobraziliense.com.br\/cbradar\/#\/schema\/person\/image\/","url":"https:\/\/secure.gravatar.com\/avatar\/df9adfb835d344bc0af109d41756253f?s=96&d=mm&r=g","contentUrl":"https:\/\/secure.gravatar.com\/avatar\/df9adfb835d344bc0af109d41756253f?s=96&d=mm&r=g","caption":"guilherme_saude"},"url":"https:\/\/www.correiobraziliense.com.br\/cbradar\/author\/guilherme_saude\/"}]}},"_links":{"self":[{"href":"https:\/\/www.correiobraziliense.com.br\/cbradar\/wp-json\/wp\/v2\/posts\/145527","targetHints":{"allow":["GET"]}}],"collection":[{"href":"https:\/\/www.correiobraziliense.com.br\/cbradar\/wp-json\/wp\/v2\/posts"}],"about":[{"href":"https:\/\/www.correiobraziliense.com.br\/cbradar\/wp-json\/wp\/v2\/types\/post"}],"author":[{"embeddable":true,"href":"https:\/\/www.correiobraziliense.com.br\/cbradar\/wp-json\/wp\/v2\/users\/14"}],"replies":[{"embeddable":true,"href":"https:\/\/www.correiobraziliense.com.br\/cbradar\/wp-json\/wp\/v2\/comments?post=145527"}],"version-history":[{"count":1,"href":"https:\/\/www.correiobraziliense.com.br\/cbradar\/wp-json\/wp\/v2\/posts\/145527\/revisions"}],"predecessor-version":[{"id":145530,"href":"https:\/\/www.correiobraziliense.com.br\/cbradar\/wp-json\/wp\/v2\/posts\/145527\/revisions\/145530"}],"wp:featuredmedia":[{"embeddable":true,"href":"https:\/\/www.correiobraziliense.com.br\/cbradar\/wp-json\/wp\/v2\/media\/145528"}],"wp:attachment":[{"href":"https:\/\/www.correiobraziliense.com.br\/cbradar\/wp-json\/wp\/v2\/media?parent=145527"}],"wp:term":[{"taxonomy":"category","embeddable":true,"href":"https:\/\/www.correiobraziliense.com.br\/cbradar\/wp-json\/wp\/v2\/categories?post=145527"},{"taxonomy":"post_tag","embeddable":true,"href":"https:\/\/www.correiobraziliense.com.br\/cbradar\/wp-json\/wp\/v2\/post_tag?post=145527"}],"curies":[{"name":"wp","href":"https:\/\/api.w.org\/{rel}","templated":true}]}}