{"id":145531,"date":"2025-11-27T17:15:00","date_gmt":"2025-11-27T20:15:00","guid":{"rendered":"https:\/\/www.correiobraziliense.com.br\/cbradar\/?p=145531"},"modified":"2025-11-26T17:28:43","modified_gmt":"2025-11-26T20:28:43","slug":"como-melhorar-a-qualidade-do-sono-naturalmente","status":"publish","type":"post","link":"https:\/\/www.correiobraziliense.com.br\/cbradar\/como-melhorar-a-qualidade-do-sono-naturalmente\/","title":{"rendered":"Como melhorar a qualidade do sono naturalmente"},"content":{"rendered":"\n<p>No desenrolar de um cotidiano regido por agendas apertadas e demandas incessantes, o repouso noturno adequado tornou-se um luxo ao alcance de poucos. A valoriza\u00e7\u00e3o exacerbada da produtividade pessoal, muitas vezes em detrimento do <strong>Sono<\/strong>, reflete uma sociedade que considera o descanso noturno como um desperd\u00edcio. No entanto, tal vis\u00e3o pode acarretar consequ\u00eancias profundas para a sa\u00fade humana. Estudos demonstram que a priva\u00e7\u00e3o de Sono cr\u00f4nica impacta diretamente o equil\u00edbrio hormonal, aumenta a irritabilidade, causa lapsos de mem\u00f3ria e est\u00e1 associada ao ganho de peso e \u00e0 baixa imunidade. Segundo dados da Organiza\u00e7\u00e3o Mundial da Sa\u00fade, cerca de 40% dos adultos apresentam algum n\u00edvel de ins\u00f4nia, enquanto aproximadamente 15% sofrem de ins\u00f4nia cr\u00f4nica.<\/p>\n\n\n\n<p>O sono, ao contr\u00e1rio do que muitos imaginam, \u00e9 um processo ativo e complexo, essencial para o bem-estar f\u00edsico e mental. Durante suas fases mais profundas, ocorrem a reorganiza\u00e7\u00e3o das mem\u00f3rias, a regula\u00e7\u00e3o hormonal e a repara\u00e7\u00e3o dos tecidos corporais. Quando esse ciclo natural \u00e9 interrompido por noites mal dormidas, o corpo n\u00e3o se restaura adequadamente, perpetuando um estado de fadiga persistente. Muitos indiv\u00edduos relatam sensa\u00e7\u00e3o de cansa\u00e7o cont\u00ednuo, mesmo ap\u00f3s longas horas na cama, uma vez que a mente permanece em estado de vig\u00edlia e inquieta\u00e7\u00e3o.<\/p>\n\n\n\n<h2 class=\"wp-block-heading\">Quais s\u00e3o as consequ\u00eancias do uso de medicamentos para o Sono?<\/h2>\n\n\n\n<p>Nos \u00faltimos anos, tornou-se comum recorrer a medicamentos para induzir o Sono e a estimulantes, como cafe\u00edna, para combater a fadiga diurna. Tal pr\u00e1tica representa um risco significativo \u00e0 sa\u00fade, uma vez que os ciclos de Sono induzidos artificialmente frequentemente n\u00e3o alcan\u00e7am as fases reparadoras profundas. Medicamentos tais como hipn\u00f3ticos podem comprometer a qualidade do sono e, em \u00faltima inst\u00e2ncia, criar depend\u00eancia. Por outro lado, estimulantes diurnos sobrecarregam o sistema nervoso, preservando um estado de alerta constante e potencializando o cansa\u00e7o.<\/p>\n\n\n<div class=\"wp-block-image\">\n<figure class=\"aligncenter size-large\"><img decoding=\"async\" width=\"1024\" height=\"576\" src=\"https:\/\/www.correiobraziliense.com.br\/cbradar\/wp-content\/uploads\/2025\/08\/sonolencia_1754668764470-1024x576.jpg\" alt=\"\" class=\"wp-image-83024\" srcset=\"https:\/\/www.correiobraziliense.com.br\/cbradar\/wp-content\/uploads\/2025\/08\/sonolencia_1754668764470-1024x576.jpg 1024w, https:\/\/www.correiobraziliense.com.br\/cbradar\/wp-content\/uploads\/2025\/08\/sonolencia_1754668764470-300x169.jpg 300w, https:\/\/www.correiobraziliense.com.br\/cbradar\/wp-content\/uploads\/2025\/08\/sonolencia_1754668764470-768x432.jpg 768w, https:\/\/www.correiobraziliense.com.br\/cbradar\/wp-content\/uploads\/2025\/08\/sonolencia_1754668764470-750x422.jpg 750w, https:\/\/www.correiobraziliense.com.br\/cbradar\/wp-content\/uploads\/2025\/08\/sonolencia_1754668764470-1140x641.jpg 1140w, https:\/\/www.correiobraziliense.com.br\/cbradar\/wp-content\/uploads\/2025\/08\/sonolencia_1754668764470.jpg 1280w\" sizes=\"(max-width: 1024px) 100vw, 1024px\" \/><figcaption class=\"wp-element-caption\">Sonol\u00eancia &#8211; Cr\u00e9ditos: depositphotos.com \/ PavelKriuchkov<\/figcaption><\/figure><\/div>\n\n\n<h2 class=\"wp-block-heading\">Como a medicina biofot\u00f4nica pode ajudar a regular o Sono?<\/h2>\n\n\n\n<p>A medicina biofot\u00f4nica surge como uma aliada promissora no combate \u00e0 ins\u00f4nia, utilizando a luz para promover a regenera\u00e7\u00e3o celular e melhorar a qualidade do sono. A laserterapia, por exemplo, atua sobre receptores neurofisiol\u00f3gicos que controlam o sistema nervoso aut\u00f4nomo, favorecendo o relaxamento e o descanso natural sem o uso de f\u00e1rmacos. Esse m\u00e9todo respeita o ritmo biol\u00f3gico individual de cada paciente e tem se mostrado eficaz na promo\u00e7\u00e3o de um Sono reparador e seguro.<\/p>\n\n\n\n<h2 class=\"wp-block-heading\">Quais pr\u00e1ticas podem auxiliar na melhoria da qualidade do Sono?<\/h2>\n\n\n\n<p>Para reestabelecer um padr\u00e3o de Sono saud\u00e1vel, \u00e9 imprescind\u00edvel considerar modifica\u00e7\u00f5es nos h\u00e1bitos di\u00e1rios e no ambiente. Aspectos como a regulagem do hor\u00e1rio para dormir, a diminui\u00e7\u00e3o do uso de dispositivos eletr\u00f4nicos \u00e0 noite e a redu\u00e7\u00e3o do consumo de subst\u00e2ncias estimulantes s\u00e3o passos fundamentais. Al\u00e9m disso, adotar t\u00e9cnicas de relaxamento, como a medita\u00e7\u00e3o, e respeitar o ritmo circadiano, singular a cada indiv\u00edduo, s\u00e3o medidas eficazes para promover o descanso. A escolha de travesseiros que favore\u00e7am a regula\u00e7\u00e3o t\u00e9rmica tamb\u00e9m merece aten\u00e7\u00e3o, pois contribui para um sono mais profundo.<\/p>\n\n\n\n<p>A recupera\u00e7\u00e3o de um padr\u00e3o de Sono restaurador vai al\u00e9m de simplesmente aumentar o tempo na cama. Dormir bem \u00e9 essencial para renovar as energias, manter a clareza mental e garantir a estabilidade emocional. Dessa forma, a abordagem deve focar na qualidade do Sono, respeitando as necessidades naturais do corpo. O avan\u00e7o da ci\u00eancia oferece maneiras seguras e naturais de restaurar essa conex\u00e3o vital entre corpo, mente e repouso, destacando a import\u00e2ncia do Sono como um componente essencial do bem-estar e da sa\u00fade geral.<\/p>\n\n\n<a href=\"https:\/\/www.instagram.com\/dra.annaluisabf\/\" target=\"_blank\" rel=\"noopener\" style=\"text-decoration: none; color: inherit;\">\n    <span style=\"display: inline-block; border: 1px solid #ccc; border-radius: 10px; padding: 15px; max-width: 550px; font-family: sans-serif; box-shadow: 0 2px 5px rgba(0,0,0,0.1); width: 100%;\">\n\n      <!-- T\u00edtulo -->\n      <span style=\"display: block; margin: 0 0 15px 0; font-weight: bold; color: #2c3e50; text-align: center;\">\n        Entre em contato:\n      <\/span>\n\n      <!-- Linha do perfil -->\n      <span style=\"display: flex; align-items: center; gap: 15px;\">\n        <img decoding=\"async\"\n          src=\"https:\/\/www.correiobraziliense.com.br\/cbradar\/wp-content\/uploads\/2025\/08\/dra_anna_luisa.jpeg\"\n          alt=\"Foto da Dra. Anna Lu\u00edsa\"\n          style=\"border-radius: 50%; width: 80px; height: 80px; object-fit: cover;\"\n        \/>\n        <span style=\"display: flex; flex-direction: column;\">\n          <span style=\"font-size: 18px; font-weight: 700; color: #2c3e50;\">Dra. Anna Lu\u00edsa Barbosa Fernandes<\/span>\n          <span style=\"color: #555;\">CRM-GO 33.271<\/span>\n        <\/span>\n      <\/span>\n\n      <!-- Redes -->\n      <span style=\"display: flex; align-items: center; gap: 10px; margin-top: 12px;\">\n        <img decoding=\"async\" src=\"https:\/\/cdn-icons-png.flaticon.com\/24\/1384\/1384063.png\" alt=\"Instagram\" width=\"24\" height=\"24\" \/>\n        <span style=\"text-decoration: underline; color: #2c3e50;\">@dra.annaluisabf<\/span>\n      <\/span>\n\n    <\/span>\n  <\/a>","protected":false},"excerpt":{"rendered":"<p>No desenrolar de um cotidiano regido por agendas apertadas e demandas incessantes, o repouso noturno adequado tornou-se um luxo ao alcance de poucos. A valoriza\u00e7\u00e3o exacerbada da produtividade pessoal, muitas vezes em detrimento do Sono, reflete uma sociedade que considera o descanso noturno como um desperd\u00edcio. No entanto, tal vis\u00e3o pode acarretar consequ\u00eancias profundas para [&hellip;]<\/p>\n","protected":false},"author":14,"featured_media":83023,"comment_status":"open","ping_status":"open","sticky":false,"template":"","format":"standard","meta":{"_yoast_wpseo_focuskw":"Sono","_yoast_wpseo_title":"","_yoast_wpseo_metadesc":"Ins\u00f4nia cr\u00f4nica atinge 15% dos adultos. Descubra solu\u00e7\u00f5es naturais e seguras para melhorar a qualidade do sono.","jnews-multi-image_gallery":[],"jnews_single_post":{"format":"standard"},"jnews_primary_category":[],"jnews_social_meta":[],"jnews_override_counter":[],"footnotes":""},"categories":[4404],"post_tag":[120,1318,1313],"class_list":["post-145531","post","type-post","status-publish","format-standard","has-post-thumbnail","hentry","category-saude","tag-bem-estar","tag-saude-2","tag-sono"],"yoast_head":"<!-- This site is optimized with the Yoast SEO plugin v24.6 - https:\/\/yoast.com\/wordpress\/plugins\/seo\/ -->\n<title>Como melhorar a qualidade do sono naturalmente - Correio Braziliense - Radar<\/title>\n<meta name=\"description\" content=\"Ins\u00f4nia cr\u00f4nica atinge 15% dos adultos. Descubra solu\u00e7\u00f5es naturais e seguras para melhorar a qualidade do sono.\" \/>\n<meta name=\"robots\" content=\"index, follow, max-snippet:-1, max-image-preview:large, max-video-preview:-1\" \/>\n<link rel=\"canonical\" href=\"https:\/\/www.correiobraziliense.com.br\/cbradar\/como-melhorar-a-qualidade-do-sono-naturalmente\/\" \/>\n<meta property=\"og:locale\" content=\"pt_BR\" \/>\n<meta property=\"og:type\" content=\"article\" \/>\n<meta property=\"og:title\" content=\"Como melhorar a qualidade do sono naturalmente - Correio Braziliense - Radar\" \/>\n<meta property=\"og:description\" content=\"Ins\u00f4nia cr\u00f4nica atinge 15% dos adultos. Descubra solu\u00e7\u00f5es naturais e seguras para melhorar a qualidade do sono.\" \/>\n<meta property=\"og:url\" content=\"https:\/\/www.correiobraziliense.com.br\/cbradar\/como-melhorar-a-qualidade-do-sono-naturalmente\/\" \/>\n<meta property=\"og:site_name\" content=\"Correio Braziliense - Radar\" \/>\n<meta property=\"article:published_time\" content=\"2025-11-27T20:15:00+00:00\" \/>\n<meta property=\"og:image\" content=\"https:\/\/www.correiobraziliense.com.br\/cbradar\/wp-content\/uploads\/2025\/08\/sonolencia_1754668726249.jpg\" \/>\n\t<meta property=\"og:image:width\" content=\"1280\" \/>\n\t<meta property=\"og:image:height\" content=\"720\" \/>\n\t<meta property=\"og:image:type\" content=\"image\/jpeg\" \/>\n<meta name=\"author\" content=\"guilherme_saude\" \/>\n<meta name=\"twitter:card\" content=\"summary_large_image\" \/>\n<meta name=\"twitter:label1\" content=\"Escrito por\" \/>\n\t<meta name=\"twitter:data1\" content=\"guilherme_saude\" \/>\n\t<meta name=\"twitter:label2\" content=\"Est. tempo de leitura\" \/>\n\t<meta name=\"twitter:data2\" content=\"4 minutos\" \/>\n<!-- \/ Yoast SEO plugin. -->","yoast_head_json":{"title":"Como melhorar a qualidade do sono naturalmente - Correio Braziliense - Radar","description":"Ins\u00f4nia cr\u00f4nica atinge 15% dos adultos. Descubra solu\u00e7\u00f5es naturais e seguras para melhorar a qualidade do sono.","robots":{"index":"index","follow":"follow","max-snippet":"max-snippet:-1","max-image-preview":"max-image-preview:large","max-video-preview":"max-video-preview:-1"},"canonical":"https:\/\/www.correiobraziliense.com.br\/cbradar\/como-melhorar-a-qualidade-do-sono-naturalmente\/","og_locale":"pt_BR","og_type":"article","og_title":"Como melhorar a qualidade do sono naturalmente - Correio Braziliense - Radar","og_description":"Ins\u00f4nia cr\u00f4nica atinge 15% dos adultos. Descubra solu\u00e7\u00f5es naturais e seguras para melhorar a qualidade do sono.","og_url":"https:\/\/www.correiobraziliense.com.br\/cbradar\/como-melhorar-a-qualidade-do-sono-naturalmente\/","og_site_name":"Correio Braziliense - Radar","article_published_time":"2025-11-27T20:15:00+00:00","og_image":[{"width":1280,"height":720,"url":"https:\/\/www.correiobraziliense.com.br\/cbradar\/wp-content\/uploads\/2025\/08\/sonolencia_1754668726249.jpg","type":"image\/jpeg"}],"author":"guilherme_saude","twitter_card":"summary_large_image","twitter_misc":{"Escrito por":"guilherme_saude","Est. tempo de leitura":"4 minutos"},"schema":{"@context":"https:\/\/schema.org","@graph":[{"@type":"WebPage","@id":"https:\/\/www.correiobraziliense.com.br\/cbradar\/como-melhorar-a-qualidade-do-sono-naturalmente\/","url":"https:\/\/www.correiobraziliense.com.br\/cbradar\/como-melhorar-a-qualidade-do-sono-naturalmente\/","name":"Como melhorar a qualidade do sono naturalmente - Correio Braziliense - Radar","isPartOf":{"@id":"https:\/\/www.correiobraziliense.com.br\/cbradar\/#website"},"primaryImageOfPage":{"@id":"https:\/\/www.correiobraziliense.com.br\/cbradar\/como-melhorar-a-qualidade-do-sono-naturalmente\/#primaryimage"},"image":{"@id":"https:\/\/www.correiobraziliense.com.br\/cbradar\/como-melhorar-a-qualidade-do-sono-naturalmente\/#primaryimage"},"thumbnailUrl":"https:\/\/www.correiobraziliense.com.br\/cbradar\/wp-content\/uploads\/2025\/08\/sonolencia_1754668726249.jpg","datePublished":"2025-11-27T20:15:00+00:00","author":{"@id":"https:\/\/www.correiobraziliense.com.br\/cbradar\/#\/schema\/person\/5aa4bf3c8fa699c267933611de12978b"},"description":"Ins\u00f4nia cr\u00f4nica atinge 15% dos adultos. Descubra solu\u00e7\u00f5es naturais e seguras para melhorar a qualidade do sono.","breadcrumb":{"@id":"https:\/\/www.correiobraziliense.com.br\/cbradar\/como-melhorar-a-qualidade-do-sono-naturalmente\/#breadcrumb"},"inLanguage":"pt-BR","potentialAction":[{"@type":"ReadAction","target":["https:\/\/www.correiobraziliense.com.br\/cbradar\/como-melhorar-a-qualidade-do-sono-naturalmente\/"]}]},{"@type":"ImageObject","inLanguage":"pt-BR","@id":"https:\/\/www.correiobraziliense.com.br\/cbradar\/como-melhorar-a-qualidade-do-sono-naturalmente\/#primaryimage","url":"https:\/\/www.correiobraziliense.com.br\/cbradar\/wp-content\/uploads\/2025\/08\/sonolencia_1754668726249.jpg","contentUrl":"https:\/\/www.correiobraziliense.com.br\/cbradar\/wp-content\/uploads\/2025\/08\/sonolencia_1754668726249.jpg","width":1280,"height":720,"caption":"A estrat\u00e9gia mais eficaz para acalmar a mente e dormir melhor - Cr\u00e9ditos: depositphotos.com \/ kolapatha@outlook.co.th"},{"@type":"BreadcrumbList","@id":"https:\/\/www.correiobraziliense.com.br\/cbradar\/como-melhorar-a-qualidade-do-sono-naturalmente\/#breadcrumb","itemListElement":[{"@type":"ListItem","position":1,"name":"In\u00edcio","item":"https:\/\/www.correiobraziliense.com.br\/cbradar\/"},{"@type":"ListItem","position":2,"name":"Como melhorar a qualidade do sono naturalmente"}]},{"@type":"WebSite","@id":"https:\/\/www.correiobraziliense.com.br\/cbradar\/#website","url":"https:\/\/www.correiobraziliense.com.br\/cbradar\/","name":"Correio Braziliense - Radar","description":"Acompanhe as \u00faltimas not\u00edcias e fique bem informado sobre tudo o que acontece no Brasil e no mundo.","potentialAction":[{"@type":"SearchAction","target":{"@type":"EntryPoint","urlTemplate":"https:\/\/www.correiobraziliense.com.br\/cbradar\/?s={search_term_string}"},"query-input":{"@type":"PropertyValueSpecification","valueRequired":true,"valueName":"search_term_string"}}],"inLanguage":"pt-BR"},{"@type":"Person","@id":"https:\/\/www.correiobraziliense.com.br\/cbradar\/#\/schema\/person\/5aa4bf3c8fa699c267933611de12978b","name":"guilherme_saude","image":{"@type":"ImageObject","inLanguage":"pt-BR","@id":"https:\/\/www.correiobraziliense.com.br\/cbradar\/#\/schema\/person\/image\/","url":"https:\/\/secure.gravatar.com\/avatar\/df9adfb835d344bc0af109d41756253f?s=96&d=mm&r=g","contentUrl":"https:\/\/secure.gravatar.com\/avatar\/df9adfb835d344bc0af109d41756253f?s=96&d=mm&r=g","caption":"guilherme_saude"},"url":"https:\/\/www.correiobraziliense.com.br\/cbradar\/author\/guilherme_saude\/"}]}},"_links":{"self":[{"href":"https:\/\/www.correiobraziliense.com.br\/cbradar\/wp-json\/wp\/v2\/posts\/145531","targetHints":{"allow":["GET"]}}],"collection":[{"href":"https:\/\/www.correiobraziliense.com.br\/cbradar\/wp-json\/wp\/v2\/posts"}],"about":[{"href":"https:\/\/www.correiobraziliense.com.br\/cbradar\/wp-json\/wp\/v2\/types\/post"}],"author":[{"embeddable":true,"href":"https:\/\/www.correiobraziliense.com.br\/cbradar\/wp-json\/wp\/v2\/users\/14"}],"replies":[{"embeddable":true,"href":"https:\/\/www.correiobraziliense.com.br\/cbradar\/wp-json\/wp\/v2\/comments?post=145531"}],"version-history":[{"count":1,"href":"https:\/\/www.correiobraziliense.com.br\/cbradar\/wp-json\/wp\/v2\/posts\/145531\/revisions"}],"predecessor-version":[{"id":145532,"href":"https:\/\/www.correiobraziliense.com.br\/cbradar\/wp-json\/wp\/v2\/posts\/145531\/revisions\/145532"}],"wp:featuredmedia":[{"embeddable":true,"href":"https:\/\/www.correiobraziliense.com.br\/cbradar\/wp-json\/wp\/v2\/media\/83023"}],"wp:attachment":[{"href":"https:\/\/www.correiobraziliense.com.br\/cbradar\/wp-json\/wp\/v2\/media?parent=145531"}],"wp:term":[{"taxonomy":"category","embeddable":true,"href":"https:\/\/www.correiobraziliense.com.br\/cbradar\/wp-json\/wp\/v2\/categories?post=145531"},{"taxonomy":"post_tag","embeddable":true,"href":"https:\/\/www.correiobraziliense.com.br\/cbradar\/wp-json\/wp\/v2\/post_tag?post=145531"}],"curies":[{"name":"wp","href":"https:\/\/api.w.org\/{rel}","templated":true}]}}