{"id":145595,"date":"2025-11-28T08:25:00","date_gmt":"2025-11-28T11:25:00","guid":{"rendered":"https:\/\/www.correiobraziliense.com.br\/cbradar\/?p=145595"},"modified":"2025-11-27T08:52:52","modified_gmt":"2025-11-27T11:52:52","slug":"a-cidade-catarinense-que-conquista-familias-com-vida-tranquila-e-cheia-de-oportunidades","status":"publish","type":"post","link":"https:\/\/www.correiobraziliense.com.br\/cbradar\/a-cidade-catarinense-que-conquista-familias-com-vida-tranquila-e-cheia-de-oportunidades\/","title":{"rendered":"A cidade catarinense que conquista fam\u00edlias com vida tranquila e cheia de oportunidades"},"content":{"rendered":"\n<p><strong>Itaja\u00ed<\/strong>, no litoral norte de <strong>Santa Catarina<\/strong>, \u00e9 conhecida como a &#8220;Capital Nacional da Constru\u00e7\u00e3o Naval&#8221; e abriga o maior porto pesqueiro do Brasil. Localizada a cerca de 90 km de <strong>Florian\u00f3polis<\/strong>, a capital catarinense, e pr\u00f3xima a munic\u00edpios como <strong>Balne\u00e1rio Cambori\u00fa<\/strong>, <strong>Navegantes<\/strong> e <strong>Penha<\/strong>, <strong>Itaja\u00ed<\/strong> combina voca\u00e7\u00e3o industrial com praias encantadoras e rica vida cultural. Venha conhecer esta cidade din\u00e2mica e descubra por que morar em <strong>Itaja\u00ed<\/strong> \u00e9 sin\u00f4nimo de oportunidades e qualidade de vida.<\/p>\n\n\n\n<h2 class=\"wp-block-heading\">Por que morar em Itaja\u00ed?<\/h2>\n\n\n\n<p><strong>Itaja\u00ed<\/strong> t\u00eam aproximadamente 230 mil habitantes e <strong>oferece uma qualidade de vida considerada excepcional<\/strong>, com o IDH de 0,795, <strong><a href=\"https:\/\/www.ibge.gov.br\/cidades-e-estados\/sc\/itajai.html\" target=\"_blank\" rel=\"noreferrer noopener\">segundo o IBGE<\/a><\/strong>, destacando-se como importante polo econ\u00f4mico catarinense. A economia diversificada inclui o <strong>Porto de Itaja\u00ed<\/strong>, um dos mais movimentados do pa\u00eds, ind\u00fastrias naval, pesqueira, t\u00eaxtil e tecnol\u00f3gica, al\u00e9m de forte setor de com\u00e9rcio e servi\u00e7os. A cidade atrai profissionais de diversas \u00e1reas, oferecendo oportunidades de emprego e crescimento em ambiente empreendedor e inovador.<\/p>\n\n\n\n<p>A infraestrutura urbana \u00e9 completa, com hospitais de refer\u00eancia, escolas p\u00fablicas e particulares de qualidade, e universidades renomadas como a <strong>Univali (Universidade do Vale do Itaja\u00ed)<\/strong>. As praias como <strong>Praia Brava<\/strong>, <strong>Atalaia<\/strong> e <strong>Cabe\u00e7udas<\/strong> proporcionam lazer e esportes n\u00e1uticos aos moradores, enquanto parques e centros culturais oferecem op\u00e7\u00f5es de entretenimento para toda a fam\u00edlia.<\/p>\n\n\n<div class=\"wp-block-image\">\n<figure class=\"aligncenter size-large\"><img decoding=\"async\" width=\"1024\" height=\"576\" src=\"https:\/\/www.correiobraziliense.com.br\/cbradar\/wp-content\/uploads\/2025\/11\/Design-sem-nome-60-1-1024x576.png\" alt=\"A cidade catarinense que conquista fam\u00edlias com vida tranquila e cheia de oportunidades\" class=\"wp-image-142445\" srcset=\"https:\/\/www.correiobraziliense.com.br\/cbradar\/wp-content\/uploads\/2025\/11\/Design-sem-nome-60-1-1024x576.png 1024w, https:\/\/www.correiobraziliense.com.br\/cbradar\/wp-content\/uploads\/2025\/11\/Design-sem-nome-60-1-300x169.png 300w, https:\/\/www.correiobraziliense.com.br\/cbradar\/wp-content\/uploads\/2025\/11\/Design-sem-nome-60-1-768x432.png 768w, https:\/\/www.correiobraziliense.com.br\/cbradar\/wp-content\/uploads\/2025\/11\/Design-sem-nome-60-1-750x422.png 750w, https:\/\/www.correiobraziliense.com.br\/cbradar\/wp-content\/uploads\/2025\/11\/Design-sem-nome-60-1-1140x641.png 1140w, https:\/\/www.correiobraziliense.com.br\/cbradar\/wp-content\/uploads\/2025\/11\/Design-sem-nome-60-1.png 1280w\" sizes=\"(max-width: 1024px) 100vw, 1024px\" \/><figcaption class=\"wp-element-caption\">Explore Itaja\u00ed, cidade vibrante e cheia de atra\u00e7\u00f5es naturais e culturais no sul do Brasil. \/\/ Cr\u00e9ditos: YouTube @rolefamilia<\/figcaption><\/figure><\/div>\n\n\n<h2 class=\"wp-block-heading\">Quais s\u00e3o os melhores bairros para morar em Itaja\u00ed?<\/h2>\n\n\n\n<p>Veja abaixo os bairros mais procurados e suas caracter\u00edsticas:<\/p>\n\n\n\n<ul class=\"wp-block-list\">\n<li><strong>Centro<\/strong>: Regi\u00e3o comercial e hist\u00f3rica, com edif\u00edcios residenciais modernos, acesso facilitado a servi\u00e7os e proximidade ao porto. Ideal para profissionais que valorizam praticidade e vida urbana intensa.<\/li>\n\n\n\n<li><strong>Fazenda<\/strong>: Bairro nobre e arborizado, com resid\u00eancias espa\u00e7osas, condom\u00ednios de alto padr\u00e3o, escolas particulares e ambiente familiar. Perfeito para quem busca seguran\u00e7a e qualidade de vida tranquila.<\/li>\n\n\n\n<li><strong>Praia Brava<\/strong>: Regi\u00e3o litor\u00e2nea com condom\u00ednios frente ao mar, infraestrutura de lazer completa e proximidade \u00e0 natureza. Atrai surfistas, esportistas e fam\u00edlias que apreciam estilo de vida praiano.<\/li>\n\n\n\n<li><strong>S\u00e3o Jo\u00e3o<\/strong>: Bairro tradicional e bem localizado, com com\u00e9rcio diversificado, f\u00e1cil acesso \u00e0s principais vias e op\u00e7\u00f5es residenciais variadas. Indicado para quem busca equil\u00edbrio entre conveni\u00eancia e tranquilidade.<\/li>\n\n\n\n<li><strong>Cordeiros<\/strong>: \u00c1rea em crescimento, com op\u00e7\u00f5es residenciais acess\u00edveis, proximidade a supermercados e escolas, e boa infraestrutura. Ideal para jovens casais e primeiros compradores.<\/li>\n<\/ul>\n\n\n\n<p>Confira o v\u00eddeo abaixo do canal <strong>Rol\u00ea de Fam\u00edlia<\/strong> no YouTube, recomendando 10 principais atra\u00e7\u00f5es para conhecer em Itaja\u00ed e aproveitar ao m\u00e1ximo esta linda cidade.<\/p>\n\n\n\n<figure class=\"wp-block-embed is-type-video is-provider-youtube wp-block-embed-youtube wp-embed-aspect-16-9 wp-has-aspect-ratio\"><div class=\"wp-block-embed__wrapper\">\n<div class=\"jeg_video_container jeg_video_content\"><iframe loading=\"lazy\" title=\"10 atra\u00e7\u00f5es para conhecer em ITAJA\u00cd, Santa Catarina\" width=\"500\" height=\"281\" src=\"https:\/\/www.youtube.com\/embed\/GtDGfLhlLFg?feature=oembed\" frameborder=\"0\" allow=\"accelerometer; autoplay; clipboard-write; encrypted-media; gyroscope; picture-in-picture; web-share\" referrerpolicy=\"strict-origin-when-cross-origin\" allowfullscreen><\/iframe><\/div>\n<\/div><\/figure>\n\n\n\n<h2 class=\"wp-block-heading\">Por que Itaja\u00ed \u00e9 refer\u00eancia em economia portu\u00e1ria?<\/h2>\n\n\n\n<p><strong>Itaja\u00ed abriga um dos portos mais estrat\u00e9gicos do Sul do Brasil<\/strong>, respons\u00e1vel pela movimenta\u00e7\u00e3o de cont\u00eaineres, cargas refrigeradas e opera\u00e7\u00f5es de exporta\u00e7\u00e3o e importa\u00e7\u00e3o. Essa infraestrutura conecta <strong>Santa Catarina <\/strong>ao mercado internacional, impulsiona a economia regional e gera milhares de empregos. A localiza\u00e7\u00e3o privilegiada e os investimentos em moderniza\u00e7\u00e3o garantem efici\u00eancia e competitividade.<\/p>\n\n\n\n<p>A cidade tamb\u00e9m possui o maior terminal pesqueiro do pa\u00eds, reunindo empresas de pesca industrial e processamento de pescados que abastecem o mercado interno e externo. A tradi\u00e7\u00e3o pesqueira, herdada dos colonizadores a\u00e7orianos e portugueses, permanece viva e movimenta grande parte da economia local. Al\u00e9m disso, a ind\u00fastria naval se destaca com estaleiros especializados na constru\u00e7\u00e3o e manuten\u00e7\u00e3o de embarca\u00e7\u00f5es, consolidando Itaja\u00ed como refer\u00eancia em tecnologia n\u00e1utica.<\/p>\n\n\n<div class=\"wp-block-image\">\n<figure class=\"aligncenter size-large\"><img decoding=\"async\" width=\"1024\" height=\"576\" src=\"https:\/\/www.correiobraziliense.com.br\/cbradar\/wp-content\/uploads\/2025\/06\/Edicoes-32-1024x576.png\" alt=\"A cidade catarinense que conquista fam\u00edlias com vida tranquila e cheia de oportunidades\" class=\"wp-image-49106\" srcset=\"https:\/\/www.correiobraziliense.com.br\/cbradar\/wp-content\/uploads\/2025\/06\/Edicoes-32-1024x576.png 1024w, https:\/\/www.correiobraziliense.com.br\/cbradar\/wp-content\/uploads\/2025\/06\/Edicoes-32-300x169.png 300w, https:\/\/www.correiobraziliense.com.br\/cbradar\/wp-content\/uploads\/2025\/06\/Edicoes-32-768x432.png 768w, https:\/\/www.correiobraziliense.com.br\/cbradar\/wp-content\/uploads\/2025\/06\/Edicoes-32-750x422.png 750w, https:\/\/www.correiobraziliense.com.br\/cbradar\/wp-content\/uploads\/2025\/06\/Edicoes-32-1140x641.png 1140w, https:\/\/www.correiobraziliense.com.br\/cbradar\/wp-content\/uploads\/2025\/06\/Edicoes-32.png 1280w\" sizes=\"(max-width: 1024px) 100vw, 1024px\" \/><figcaption class=\"wp-element-caption\">Itaja\u00ed, SC se destaca pela economia forte, infraestrutura moderna e estilo de vida tranquilo. \/\/ Reprodu\u00e7\u00e3o: Wikip\u00e9dia<\/figcaption><\/figure><\/div>\n\n\n<h2 class=\"wp-block-heading\">Como \u00e9 a vida cultural em Itaja\u00ed?<\/h2>\n\n\n\n<p><strong>A vida cultural de Itaja\u00ed \u00e9 marcada pela influ\u00eancia de imigrantes europeus e por eventos tradicionais que movimentam a cidade.<\/strong> Espa\u00e7os como o <strong>Teatro Municipal Paschoal Thomeu <\/strong>e o <strong>Centro Cultural Schubert<\/strong> recebem apresenta\u00e7\u00f5es de teatro, dan\u00e7a e m\u00fasica ao longo do ano. A <strong>Marejada<\/strong>, maior festa de frutos-do-mar da Am\u00e9rica Latina, \u00e9 o destaque do calend\u00e1rio cultural e atrai milhares de visitantes com gastronomia e shows.<\/p>\n\n\n\n<p>A gastronomia baseada em frutos-do-mar \u00e9 um ponto forte, com pratos feitos com ingredientes frescos do terminal pesqueiro. Eventos como o <strong>Festival Brasileiro <\/strong>de <strong>Cinema Universit\u00e1rio <\/strong>e a <strong>Festa das Etnias <\/strong>celebram a diversidade, enquanto museus como o<strong> Hist\u00f3rico de Itaja\u00ed<\/strong> preservam a mem\u00f3ria da cidade desde o s\u00e9culo <strong>XIX<\/strong>.<\/p>\n\n\n\n<h2 class=\"wp-block-heading\">A Marejada: celebra\u00e7\u00e3o dos frutos do mar<\/h2>\n\n\n\n<p><strong>A Marejada \u00e9 o evento mais famoso de Itaja\u00ed e considerada a maior festa de frutos-do-mar da Am\u00e9rica Latina.<\/strong> Realizada em outubro no <strong>Centreventos<\/strong>, re\u00fane estandes gastron\u00f4micos, shows nacionais, artesanato e atividades para todas as idades. A culin\u00e1ria \u00e0 base de peixes, camar\u00f5es, ostras e pratos regionais atrai visitantes de todo o pa\u00eds.<\/p>\n\n\n\n<p>Al\u00e9m da comida, a festa exalta a cultura cai\u00e7ara e a tradi\u00e7\u00e3o pesqueira com apresenta\u00e7\u00f5es folcl\u00f3ricas, exposi\u00e7\u00f5es e homenagens aos pescadores. O evento movimenta hot\u00e9is, restaurantes e com\u00e9rcio local, refor\u00e7ando o t\u00edtulo de Itaja\u00ed como capital da pesca e promovendo a\u00e7\u00f5es de sustentabilidade voltadas \u00e0 preserva\u00e7\u00e3o dos recursos marinhos.<\/p>\n\n\n<div class=\"wp-block-image\">\n<figure class=\"aligncenter size-large\"><img decoding=\"async\" width=\"1024\" height=\"576\" src=\"https:\/\/www.correiobraziliense.com.br\/cbradar\/wp-content\/uploads\/2025\/06\/itajai_1750913805777-1024x576.jpg\" alt=\"Essa cidade catarinense est\u00e1 entre as queridinhas para viver com tranquilidade e prosperidade\" class=\"wp-image-59714\" srcset=\"https:\/\/www.correiobraziliense.com.br\/cbradar\/wp-content\/uploads\/2025\/06\/itajai_1750913805777-1024x576.jpg 1024w, https:\/\/www.correiobraziliense.com.br\/cbradar\/wp-content\/uploads\/2025\/06\/itajai_1750913805777-300x169.jpg 300w, https:\/\/www.correiobraziliense.com.br\/cbradar\/wp-content\/uploads\/2025\/06\/itajai_1750913805777-768x432.jpg 768w, https:\/\/www.correiobraziliense.com.br\/cbradar\/wp-content\/uploads\/2025\/06\/itajai_1750913805777-750x422.jpg 750w, https:\/\/www.correiobraziliense.com.br\/cbradar\/wp-content\/uploads\/2025\/06\/itajai_1750913805777-1140x642.jpg 1140w, https:\/\/www.correiobraziliense.com.br\/cbradar\/wp-content\/uploads\/2025\/06\/itajai_1750913805777.jpg 1279w\" sizes=\"(max-width: 1024px) 100vw, 1024px\" \/><figcaption class=\"wp-element-caption\">Itaja\u00ed, SC ganhou o t\u00edtulo de \u201cCapital Brasileira dos Cruzeiros Mar\u00edtimos\u201d por sediar o \u00fanico terminal exclusivo para transatl\u00e2nticos do Brasil.  \/\/ Cr\u00e9ditos: depositphotos.com \/ ruramos<\/figcaption><\/figure><\/div>\n\n\n<h2 class=\"wp-block-heading\">Melhor \u00e9poca para visitar Itaja\u00ed?<\/h2>\n\n\n\n<p>A melhor \u00e9poca para visitar <strong>Itaja\u00ed<\/strong> \u00e9 durante o ver\u00e3o (dezembro a mar\u00e7o), quando as praias est\u00e3o movimentadas e o clima \u00e9 ideal para atividades ao ar livre, e em outubro, para participar da tradicional <strong>Marejada<\/strong>. <a href=\"https:\/\/www.climatempo.com.br\/previsao-do-tempo\/cidade\/1434\/itajai-sc\" target=\"_blank\" rel=\"noreferrer noopener\"><strong>Segundo o<\/strong> <strong>Climatempo<\/strong><\/a>, a temperatura m\u00e9dia anual \u00e9 de aproximadamente 21\u202f\u00b0C, com clima subtropical \u00famido que proporciona esta\u00e7\u00f5es bem definidas e chuvas distribu\u00eddas ao longo do ano.<\/p>\n\n\n\n<p>Veja abaixo o resumo das esta\u00e7\u00f5es e atividades recomendadas:<\/p>\n\n\n\n<figure class=\"wp-block-table\"><table class=\"has-fixed-layout\"><thead><tr><th><strong>Per\u00edodo (meses)<\/strong><\/th><th><strong>Temperatura m\u00e9dia<\/strong><\/th><th><strong>Clima<\/strong><\/th><th><strong>Atividades recomendadas<\/strong><\/th><\/tr><\/thead><tbody><tr><td>Dezembro a mar\u00e7o<\/td><td>26\u00b0C<\/td><td>Quente e \u00famido<\/td><td>Praias, surf na <strong>Praia Brava<\/strong>, esportes n\u00e1uticos<\/td><\/tr><tr><td>Abril a junho<\/td><td>20\u00b0C<\/td><td>Ameno com chuvas<\/td><td>Gastronomia, museus, <strong>Teatro Municipal<\/strong><\/td><\/tr><tr><td>Julho a setembro<\/td><td>17\u00b0C<\/td><td>Frio e \u00famido<\/td><td>Turismo cultural, eventos gastron\u00f4micos, compras<\/td><\/tr><tr><td>Outubro a novembro<\/td><td>21\u00b0C<\/td><td>Primaveril<\/td><td><strong>Marejada<\/strong>, passeios no porto, cicloturismo<\/td><\/tr><\/tbody><\/table><\/figure>\n\n\n\n<p><strong>Leia tamb\u00e9m: <a href=\"https:\/\/www.correiobraziliense.com.br\/cbradar\/a-capital-brasileira-da-cerveja-esta-surpreendendo-pela-sua-tranquilidade-e-conforto-para-viver-bem\/\" target=\"_blank\" rel=\"noreferrer noopener\">A capital brasileira da cerveja est\u00e1 surpreendendo pela sua tranquilidade e conforto para viver bem.<\/a><\/strong><\/p>\n\n\n\n<h2 class=\"wp-block-heading\">Vivencie Itaja\u00ed<\/h2>\n\n\n\n<p><strong>Itaja\u00ed<\/strong> \u00e9 o destino ideal para quem busca oportunidades profissionais em ambiente din\u00e2mico, sem renunciar a qualidade de vida e lazer. A combina\u00e7\u00e3o de economia forte, infraestrutura completa e praias encantadoras torna a cidade atrativa para moradores e investidores. A tradi\u00e7\u00e3o pesqueira e a voca\u00e7\u00e3o portu\u00e1ria conferem identidade \u00fanica e projetam <strong>Itaja\u00ed<\/strong> como protagonista no cen\u00e1rio econ\u00f4mico catarinense.<\/p>\n\n\n\n<p>Para visitantes, <strong>Itaja\u00ed<\/strong> oferece experi\u00eancias que unem gastronomia de frutos-do-mar, cultura diversificada e contato com o mar. Participe da <strong>Marejada<\/strong>, explore as praias e descubra a hospitalidade que faz desta cidade um lugar especial. Venha viver ou conhecer <strong>Itaja\u00ed<\/strong> e entenda por que a &#8220;Capital Nacional da Constru\u00e7\u00e3o Naval&#8221; \u00e9 refer\u00eancia em desenvolvimento e qualidade de vida no litoral catarinense.<\/p>\n\n\n\n<p><strong>Principais destaques:<\/strong><\/p>\n\n\n\n<ul class=\"wp-block-list\">\n<li><strong>Economia portu\u00e1ria<\/strong>: <strong>Porto de Itaja\u00ed<\/strong>, ind\u00fastria naval e maior terminal pesqueiro do Brasil.<\/li>\n\n\n\n<li><strong>Qualidade de vida<\/strong>: praias, infraestrutura completa, educa\u00e7\u00e3o de excel\u00eancia e oportunidades de emprego.<\/li>\n\n\n\n<li><strong>Cultura e gastronomia<\/strong>: <strong>Marejada<\/strong>, culin\u00e1ria de frutos-do-mar e eventos que celebram a diversidade cultural.<\/li>\n<\/ul>\n","protected":false},"excerpt":{"rendered":"<p>Itaja\u00ed, no litoral norte de Santa Catarina, \u00e9 conhecida como a &#8220;Capital Nacional da Constru\u00e7\u00e3o Naval&#8221; e abriga o maior porto pesqueiro do Brasil. Localizada a cerca de 90 km de Florian\u00f3polis, a capital catarinense, e pr\u00f3xima a munic\u00edpios como Balne\u00e1rio Cambori\u00fa, Navegantes e Penha, Itaja\u00ed combina voca\u00e7\u00e3o industrial com praias encantadoras e rica vida [&hellip;]<\/p>\n","protected":false},"author":8,"featured_media":145928,"comment_status":"open","ping_status":"open","sticky":false,"template":"","format":"standard","meta":{"_yoast_wpseo_focuskw":"Itaja\u00ed","_yoast_wpseo_title":"","_yoast_wpseo_metadesc":"Essa cidade catarinense est\u00e1 entre as queridinhas para viver com tranquilidade e prosperidade, atraindo cada vez mais fam\u00edlias.","jnews-multi-image_gallery":[],"jnews_single_post":{"format":"standard"},"jnews_primary_category":[],"jnews_social_meta":[],"jnews_override_counter":[],"footnotes":""},"categories":[108,111],"post_tag":[6032,247,851],"class_list":["post-145595","post","type-post","status-publish","format-standard","has-post-thumbnail","hentry","category-cidades","category-turismo","tag-itajai","tag-qualidade-de-vida","tag-santa-catarina"],"yoast_head":"<!-- This site is optimized with the Yoast SEO plugin v24.6 - https:\/\/yoast.com\/wordpress\/plugins\/seo\/ -->\n<title>A cidade catarinense que conquista fam\u00edlias com vida tranquila e cheia de oportunidades - Correio Braziliense - Radar<\/title>\n<meta name=\"description\" content=\"Essa cidade catarinense est\u00e1 entre as queridinhas para viver com tranquilidade e prosperidade, atraindo cada vez mais fam\u00edlias.\" \/>\n<meta name=\"robots\" content=\"index, follow, max-snippet:-1, max-image-preview:large, max-video-preview:-1\" \/>\n<link rel=\"canonical\" href=\"https:\/\/www.correiobraziliense.com.br\/cbradar\/a-cidade-catarinense-que-conquista-familias-com-vida-tranquila-e-cheia-de-oportunidades\/\" \/>\n<meta property=\"og:locale\" content=\"pt_BR\" \/>\n<meta property=\"og:type\" content=\"article\" \/>\n<meta property=\"og:title\" content=\"A cidade catarinense que conquista fam\u00edlias com vida tranquila e cheia de oportunidades - Correio Braziliense - Radar\" \/>\n<meta property=\"og:description\" content=\"Essa cidade catarinense est\u00e1 entre as queridinhas para viver com tranquilidade e prosperidade, atraindo cada vez mais fam\u00edlias.\" \/>\n<meta property=\"og:url\" content=\"https:\/\/www.correiobraziliense.com.br\/cbradar\/a-cidade-catarinense-que-conquista-familias-com-vida-tranquila-e-cheia-de-oportunidades\/\" \/>\n<meta property=\"og:site_name\" content=\"Correio Braziliense - Radar\" \/>\n<meta property=\"article:published_time\" content=\"2025-11-28T11:25:00+00:00\" \/>\n<meta property=\"og:image\" content=\"https:\/\/www.correiobraziliense.com.br\/cbradar\/wp-content\/uploads\/2025\/11\/itajai_1764243916234.jpg\" \/>\n\t<meta property=\"og:image:width\" content=\"1280\" \/>\n\t<meta property=\"og:image:height\" content=\"720\" \/>\n\t<meta property=\"og:image:type\" content=\"image\/jpeg\" \/>\n<meta name=\"author\" content=\"Maura Pereira\" \/>\n<meta name=\"twitter:card\" content=\"summary_large_image\" \/>\n<meta name=\"twitter:label1\" content=\"Escrito por\" \/>\n\t<meta name=\"twitter:data1\" content=\"Maura Pereira\" \/>\n\t<meta name=\"twitter:label2\" content=\"Est. tempo de leitura\" \/>\n\t<meta name=\"twitter:data2\" content=\"7 minutos\" \/>\n<!-- \/ Yoast SEO plugin. -->","yoast_head_json":{"title":"A cidade catarinense que conquista fam\u00edlias com vida tranquila e cheia de oportunidades - Correio Braziliense - Radar","description":"Essa cidade catarinense est\u00e1 entre as queridinhas para viver com tranquilidade e prosperidade, atraindo cada vez mais fam\u00edlias.","robots":{"index":"index","follow":"follow","max-snippet":"max-snippet:-1","max-image-preview":"max-image-preview:large","max-video-preview":"max-video-preview:-1"},"canonical":"https:\/\/www.correiobraziliense.com.br\/cbradar\/a-cidade-catarinense-que-conquista-familias-com-vida-tranquila-e-cheia-de-oportunidades\/","og_locale":"pt_BR","og_type":"article","og_title":"A cidade catarinense que conquista fam\u00edlias com vida tranquila e cheia de oportunidades - Correio Braziliense - Radar","og_description":"Essa cidade catarinense est\u00e1 entre as queridinhas para viver com tranquilidade e prosperidade, atraindo cada vez mais fam\u00edlias.","og_url":"https:\/\/www.correiobraziliense.com.br\/cbradar\/a-cidade-catarinense-que-conquista-familias-com-vida-tranquila-e-cheia-de-oportunidades\/","og_site_name":"Correio Braziliense - Radar","article_published_time":"2025-11-28T11:25:00+00:00","og_image":[{"width":1280,"height":720,"url":"https:\/\/www.correiobraziliense.com.br\/cbradar\/wp-content\/uploads\/2025\/11\/itajai_1764243916234.jpg","type":"image\/jpeg"}],"author":"Maura Pereira","twitter_card":"summary_large_image","twitter_misc":{"Escrito por":"Maura Pereira","Est. tempo de leitura":"7 minutos"},"schema":{"@context":"https:\/\/schema.org","@graph":[{"@type":"WebPage","@id":"https:\/\/www.correiobraziliense.com.br\/cbradar\/a-cidade-catarinense-que-conquista-familias-com-vida-tranquila-e-cheia-de-oportunidades\/","url":"https:\/\/www.correiobraziliense.com.br\/cbradar\/a-cidade-catarinense-que-conquista-familias-com-vida-tranquila-e-cheia-de-oportunidades\/","name":"A cidade catarinense que conquista fam\u00edlias com vida tranquila e cheia de oportunidades - Correio Braziliense - Radar","isPartOf":{"@id":"https:\/\/www.correiobraziliense.com.br\/cbradar\/#website"},"primaryImageOfPage":{"@id":"https:\/\/www.correiobraziliense.com.br\/cbradar\/a-cidade-catarinense-que-conquista-familias-com-vida-tranquila-e-cheia-de-oportunidades\/#primaryimage"},"image":{"@id":"https:\/\/www.correiobraziliense.com.br\/cbradar\/a-cidade-catarinense-que-conquista-familias-com-vida-tranquila-e-cheia-de-oportunidades\/#primaryimage"},"thumbnailUrl":"https:\/\/www.correiobraziliense.com.br\/cbradar\/wp-content\/uploads\/2025\/11\/itajai_1764243916234.jpg","datePublished":"2025-11-28T11:25:00+00:00","author":{"@id":"https:\/\/www.correiobraziliense.com.br\/cbradar\/#\/schema\/person\/4053c651a9bfc785afc6f4cbc9032fd3"},"description":"Essa cidade catarinense est\u00e1 entre as queridinhas para viver com tranquilidade e prosperidade, atraindo cada vez mais fam\u00edlias.","breadcrumb":{"@id":"https:\/\/www.correiobraziliense.com.br\/cbradar\/a-cidade-catarinense-que-conquista-familias-com-vida-tranquila-e-cheia-de-oportunidades\/#breadcrumb"},"inLanguage":"pt-BR","potentialAction":[{"@type":"ReadAction","target":["https:\/\/www.correiobraziliense.com.br\/cbradar\/a-cidade-catarinense-que-conquista-familias-com-vida-tranquila-e-cheia-de-oportunidades\/"]}]},{"@type":"ImageObject","inLanguage":"pt-BR","@id":"https:\/\/www.correiobraziliense.com.br\/cbradar\/a-cidade-catarinense-que-conquista-familias-com-vida-tranquila-e-cheia-de-oportunidades\/#primaryimage","url":"https:\/\/www.correiobraziliense.com.br\/cbradar\/wp-content\/uploads\/2025\/11\/itajai_1764243916234.jpg","contentUrl":"https:\/\/www.correiobraziliense.com.br\/cbradar\/wp-content\/uploads\/2025\/11\/itajai_1764243916234.jpg","width":1280,"height":720,"caption":"Cidade litor\u00e2nea com forte voca\u00e7\u00e3o industrial e portu\u00e1ria - Cr\u00e9ditos: depositphotos.com \/ ruramos"},{"@type":"BreadcrumbList","@id":"https:\/\/www.correiobraziliense.com.br\/cbradar\/a-cidade-catarinense-que-conquista-familias-com-vida-tranquila-e-cheia-de-oportunidades\/#breadcrumb","itemListElement":[{"@type":"ListItem","position":1,"name":"In\u00edcio","item":"https:\/\/www.correiobraziliense.com.br\/cbradar\/"},{"@type":"ListItem","position":2,"name":"A cidade catarinense que conquista fam\u00edlias com vida tranquila e cheia de oportunidades"}]},{"@type":"WebSite","@id":"https:\/\/www.correiobraziliense.com.br\/cbradar\/#website","url":"https:\/\/www.correiobraziliense.com.br\/cbradar\/","name":"Correio Braziliense - Radar","description":"Acompanhe as \u00faltimas not\u00edcias e fique bem informado sobre tudo o que acontece no Brasil e no mundo.","potentialAction":[{"@type":"SearchAction","target":{"@type":"EntryPoint","urlTemplate":"https:\/\/www.correiobraziliense.com.br\/cbradar\/?s={search_term_string}"},"query-input":{"@type":"PropertyValueSpecification","valueRequired":true,"valueName":"search_term_string"}}],"inLanguage":"pt-BR"},{"@type":"Person","@id":"https:\/\/www.correiobraziliense.com.br\/cbradar\/#\/schema\/person\/4053c651a9bfc785afc6f4cbc9032fd3","name":"Maura Pereira","image":{"@type":"ImageObject","inLanguage":"pt-BR","@id":"https:\/\/www.correiobraziliense.com.br\/cbradar\/#\/schema\/person\/image\/","url":"https:\/\/secure.gravatar.com\/avatar\/3effd6bdadfa447f15089c7f7144eaa6?s=96&d=mm&r=g","contentUrl":"https:\/\/secure.gravatar.com\/avatar\/3effd6bdadfa447f15089c7f7144eaa6?s=96&d=mm&r=g","caption":"Maura Pereira"},"sameAs":["https:\/\/www.correiobraziliense.com.br\/"],"url":"https:\/\/www.correiobraziliense.com.br\/cbradar\/author\/mauramyth\/"}]}},"_links":{"self":[{"href":"https:\/\/www.correiobraziliense.com.br\/cbradar\/wp-json\/wp\/v2\/posts\/145595","targetHints":{"allow":["GET"]}}],"collection":[{"href":"https:\/\/www.correiobraziliense.com.br\/cbradar\/wp-json\/wp\/v2\/posts"}],"about":[{"href":"https:\/\/www.correiobraziliense.com.br\/cbradar\/wp-json\/wp\/v2\/types\/post"}],"author":[{"embeddable":true,"href":"https:\/\/www.correiobraziliense.com.br\/cbradar\/wp-json\/wp\/v2\/users\/8"}],"replies":[{"embeddable":true,"href":"https:\/\/www.correiobraziliense.com.br\/cbradar\/wp-json\/wp\/v2\/comments?post=145595"}],"version-history":[{"count":16,"href":"https:\/\/www.correiobraziliense.com.br\/cbradar\/wp-json\/wp\/v2\/posts\/145595\/revisions"}],"predecessor-version":[{"id":145715,"href":"https:\/\/www.correiobraziliense.com.br\/cbradar\/wp-json\/wp\/v2\/posts\/145595\/revisions\/145715"}],"wp:featuredmedia":[{"embeddable":true,"href":"https:\/\/www.correiobraziliense.com.br\/cbradar\/wp-json\/wp\/v2\/media\/145928"}],"wp:attachment":[{"href":"https:\/\/www.correiobraziliense.com.br\/cbradar\/wp-json\/wp\/v2\/media?parent=145595"}],"wp:term":[{"taxonomy":"category","embeddable":true,"href":"https:\/\/www.correiobraziliense.com.br\/cbradar\/wp-json\/wp\/v2\/categories?post=145595"},{"taxonomy":"post_tag","embeddable":true,"href":"https:\/\/www.correiobraziliense.com.br\/cbradar\/wp-json\/wp\/v2\/post_tag?post=145595"}],"curies":[{"name":"wp","href":"https:\/\/api.w.org\/{rel}","templated":true}]}}