{"id":145597,"date":"2025-11-29T07:55:00","date_gmt":"2025-11-29T10:55:00","guid":{"rendered":"https:\/\/www.correiobraziliense.com.br\/cbradar\/?p=145597"},"modified":"2025-11-28T08:46:14","modified_gmt":"2025-11-28T11:46:14","slug":"a-cidade-perto-de-florianopolis-perfeita-para-viver-com-tranquilidade-e-gastar-pouco","status":"publish","type":"post","link":"https:\/\/www.correiobraziliense.com.br\/cbradar\/a-cidade-perto-de-florianopolis-perfeita-para-viver-com-tranquilidade-e-gastar-pouco\/","title":{"rendered":"A cidade perto de Florian\u00f3polis perfeita para viver com tranquilidade e gastar pouco"},"content":{"rendered":"\n<p><strong>Palho\u00e7a<\/strong>, na regi\u00e3o metropolitana de <strong>Florian\u00f3polis<\/strong>, \u00e9 conhecida por sua proximidade com a capital catarinense e pela combina\u00e7\u00e3o de \u00e1reas urbanas com belezas naturais preservadas. Localizada a cerca de 15 km do centro de <strong>Florian\u00f3polis<\/strong>, pr\u00f3xima a munic\u00edpios como <strong>S\u00e3o Jos\u00e9<\/strong>, <strong>Santo Amaro da Imperatriz<\/strong> e <strong>Paulo Lopes<\/strong>, <strong>Palho\u00e7a<\/strong> oferece praias, morros e infraestrutura em constante desenvolvimento. Venha conhecer esta cidade em expans\u00e3o e descubra por que morar em <strong>Palho\u00e7a<\/strong> \u00e9 sin\u00f4nimo de oportunidades e qualidade de vida acess\u00edvel.<\/p>\n\n\n\n<h2 class=\"wp-block-heading\">Por que morar em Palho\u00e7a?<\/h2>\n\n\n\n<p><strong>Palho\u00e7a<\/strong> tem uma popula\u00e7\u00e3o de aproximadamente 180 mil habitantes, <strong>oferecendo um excelente custo-benef\u00edcio para quem busca qualidade de vida na regi\u00e3o da Grande<\/strong> <strong>Florian\u00f3polis<\/strong>, com seu IDH de 0,757 <strong><a href=\"https:\/\/www.ibge.gov.br\/cidades-e-estados\/sc\/palhoca.html\" target=\"_blank\" rel=\"noreferrer noopener\">segundo o IBGE<\/a>.<\/strong> A cidade cresce rapidamente, atraindo moradores que trabalham na capital, mas preferem residir em local com im\u00f3veis mais acess\u00edveis e ambiente menos agitado. A economia diversificada inclui com\u00e9rcio, servi\u00e7os, ind\u00fastria t\u00eaxtil e constru\u00e7\u00e3o civil, gerando empregos e movimentando o mercado local.<\/p>\n\n\n\n<p>A infraestrutura urbana est\u00e1 em constante evolu\u00e7\u00e3o, com investimentos em sa\u00fade, educa\u00e7\u00e3o, mobilidade e saneamento b\u00e1sico que melhoram a qualidade de vida dos habitantes. Praias como <strong>Praia de Fora<\/strong>, <strong>Pinheira<\/strong> e <strong>Guarda do Emba\u00fa<\/strong> atraem moradores e turistas, oferecendo op\u00e7\u00f5es de lazer e contato com a natureza. A proximidade com <strong>Florian\u00f3polis<\/strong> garante acesso facilitado a universidades, hospitais de refer\u00eancia e vida cultural intensa.<\/p>\n\n\n<div class=\"wp-block-image\">\n<figure class=\"aligncenter size-large\"><img decoding=\"async\" width=\"1024\" height=\"576\" src=\"https:\/\/www.correiobraziliense.com.br\/cbradar\/wp-content\/uploads\/2025\/07\/Edicoes-2025-07-29T202454.856-1024x576.png\" alt=\"Cidade com baixo custo de vida e boa educa\u00e7\u00e3o \u00e9 ideal para criar filhos\" class=\"wp-image-77614\" srcset=\"https:\/\/www.correiobraziliense.com.br\/cbradar\/wp-content\/uploads\/2025\/07\/Edicoes-2025-07-29T202454.856-1024x576.png 1024w, https:\/\/www.correiobraziliense.com.br\/cbradar\/wp-content\/uploads\/2025\/07\/Edicoes-2025-07-29T202454.856-300x169.png 300w, https:\/\/www.correiobraziliense.com.br\/cbradar\/wp-content\/uploads\/2025\/07\/Edicoes-2025-07-29T202454.856-768x432.png 768w, https:\/\/www.correiobraziliense.com.br\/cbradar\/wp-content\/uploads\/2025\/07\/Edicoes-2025-07-29T202454.856-750x422.png 750w, https:\/\/www.correiobraziliense.com.br\/cbradar\/wp-content\/uploads\/2025\/07\/Edicoes-2025-07-29T202454.856-1140x641.png 1140w, https:\/\/www.correiobraziliense.com.br\/cbradar\/wp-content\/uploads\/2025\/07\/Edicoes-2025-07-29T202454.856.png 1280w\" sizes=\"(max-width: 1024px) 100vw, 1024px\" \/><figcaption class=\"wp-element-caption\">Palho\u00e7a se destaca como um dos principais destinos tur\u00edsticos em Santa Catarina. \/\/ Cr\u00e9ditos: YouTube @GuilhermeSpengler<\/figcaption><\/figure><\/div>\n\n\n<h2 class=\"wp-block-heading\">Quais s\u00e3o os melhores bairros para morar em Palho\u00e7a?<\/h2>\n\n\n\n<p>Veja abaixo os bairros mais procurados e suas caracter\u00edsticas:<\/p>\n\n\n\n<ul class=\"wp-block-list\">\n<li><strong>Pedra Branca<\/strong>: Bairro planejado e moderno, com infraestrutura completa, condom\u00ednios residenciais, parques e proximidade ao <strong>Cidade Universit\u00e1ria Pedra Branca<\/strong>. Ideal para fam\u00edlias e profissionais que valorizam planejamento urbano e qualidade de vida.<\/li>\n\n\n\n<li><strong>Pagani<\/strong>: Regi\u00e3o central e comercial, com f\u00e1cil acesso a servi\u00e7os, transporte p\u00fablico e proximidade \u00e0 BR-101. Indicado para quem busca praticidade e localiza\u00e7\u00e3o estrat\u00e9gica.<\/li>\n\n\n\n<li><strong>Ponte do Imaruim<\/strong>: Bairro consolidado com com\u00e9rcio diversificado, escolas e acesso r\u00e1pido a <strong>Florian\u00f3polis<\/strong>. Perfeito para fam\u00edlias que buscam infraestrutura tradicional e vizinhan\u00e7a estabelecida.<\/li>\n\n\n\n<li><strong>Passa Vinte<\/strong>: \u00c1rea residencial em crescimento, com op\u00e7\u00f5es de im\u00f3veis acess\u00edveis, proximidade a supermercados e ambiente familiar. Ideal para jovens casais e primeiros compradores.<\/li>\n\n\n\n<li><strong>Praia de Fora<\/strong>: Bairro litor\u00e2neo com praias tranquilas, condom\u00ednios frente ao mar e perfil residencial. Atrai quem busca estilo de vida praiano sem abrir m\u00e3o da proximidade com centros urbanos.<\/li>\n<\/ul>\n\n\n\n<p>Confira o v\u00eddeo abaixo do canal <strong>Coisas do Mundo<\/strong> no YouTube, trazendo as principais atra\u00e7\u00f5es e caracter\u00edsticas desta bela cidade catarinense.<\/p>\n\n\n\n<figure class=\"wp-block-embed is-type-video is-provider-youtube wp-block-embed-youtube wp-embed-aspect-16-9 wp-has-aspect-ratio\"><div class=\"wp-block-embed__wrapper\">\n<div class=\"jeg_video_container jeg_video_content\"><iframe loading=\"lazy\" title=\"PALHO\u00c7A (SC). A Nova Queridinha pra Viver em Santa Catarina.\" width=\"500\" height=\"281\" src=\"https:\/\/www.youtube.com\/embed\/T6A0dYoq5lA?feature=oembed\" frameborder=\"0\" allow=\"accelerometer; autoplay; clipboard-write; encrypted-media; gyroscope; picture-in-picture; web-share\" referrerpolicy=\"strict-origin-when-cross-origin\" allowfullscreen><\/iframe><\/div>\n<\/div><\/figure>\n\n\n\n<h2 class=\"wp-block-heading\">Por que Palho\u00e7a \u00e9 refer\u00eancia em crescimento urbano planejado?<\/h2>\n\n\n\n<p><strong>Palho\u00e7a<\/strong> destaca-se pelo desenvolvimento do bairro <strong>Pedra Branca<\/strong>, um dos maiores projetos de urbanismo planejado do Brasil. Com mais de 5 milh\u00f5es de m\u00b2 de \u00e1rea, o bairro foi concebido seguindo princ\u00edpios de sustentabilidade, mobilidade inteligente e qualidade de vida, integrando resid\u00eancias, com\u00e9rcio, servi\u00e7os, parques e institui\u00e7\u00f5es de ensino. O <strong>Cidade Universit\u00e1ria Pedra Branca<\/strong> abriga campi da <strong>Unisul<\/strong>, <strong>Univali<\/strong> e outras institui\u00e7\u00f5es, atraindo estudantes e profissionais da educa\u00e7\u00e3o para a regi\u00e3o.<\/p>\n\n\n\n<p>O planejamento urbano de <strong>Pedra Branca<\/strong> inclui ciclovias, transporte p\u00fablico integrado, \u00e1reas verdes preservadas e infraestrutura moderna que serve de modelo para outras cidades brasileiras. O investimento privado e p\u00fablico no bairro impulsiona a economia local, gera empregos e valoriza os im\u00f3veis, tornando <strong>Palho\u00e7a<\/strong> destino atrativo para investidores e moradores. Segundo dados da Prefeitura Municipal, o crescimento ordenado evita problemas comuns de expans\u00e3o desordenada e garante sustentabilidade ambiental e social para as futuras gera\u00e7\u00f5es.<\/p>\n\n\n<div class=\"wp-block-image\">\n<figure class=\"aligncenter size-large\"><img decoding=\"async\" width=\"1024\" height=\"576\" src=\"https:\/\/www.correiobraziliense.com.br\/cbradar\/wp-content\/uploads\/2025\/05\/Edicoes-15-1-1024x576.png\" alt=\"Cidade com baixo custo de vida e boa educa\u00e7\u00e3o \u00e9 ideal para criar filhos\" class=\"wp-image-40509\" srcset=\"https:\/\/www.correiobraziliense.com.br\/cbradar\/wp-content\/uploads\/2025\/05\/Edicoes-15-1-1024x576.png 1024w, https:\/\/www.correiobraziliense.com.br\/cbradar\/wp-content\/uploads\/2025\/05\/Edicoes-15-1-300x169.png 300w, https:\/\/www.correiobraziliense.com.br\/cbradar\/wp-content\/uploads\/2025\/05\/Edicoes-15-1-768x432.png 768w, https:\/\/www.correiobraziliense.com.br\/cbradar\/wp-content\/uploads\/2025\/05\/Edicoes-15-1-750x422.png 750w, https:\/\/www.correiobraziliense.com.br\/cbradar\/wp-content\/uploads\/2025\/05\/Edicoes-15-1-1140x641.png 1140w, https:\/\/www.correiobraziliense.com.br\/cbradar\/wp-content\/uploads\/2025\/05\/Edicoes-15-1.png 1280w\" sizes=\"(max-width: 1024px) 100vw, 1024px\" \/><figcaption class=\"wp-element-caption\"> Palho\u00e7a oferece \u00f3timas op\u00e7\u00f5es de lazer e facilidades para moradores e visitantes. \/\/ Reprodu\u00e7\u00e3o: Wikimedia Commons<\/figcaption><\/figure><\/div>\n\n\n<h2 class=\"wp-block-heading\">Como \u00e9 a vida cultural em Palho\u00e7a?<\/h2>\n\n\n\n<p>A vida cultural de <strong>Palho\u00e7a<\/strong> est\u00e1 em desenvolvimento, com investimentos em espa\u00e7os culturais e eventos que valorizam a identidade local e a diversidade art\u00edstica. O <strong>Centro Cultural de Palho\u00e7a<\/strong> e bibliotecas p\u00fablicas promovem oficinas, exposi\u00e7\u00f5es, apresenta\u00e7\u00f5es teatrais e atividades educativas para crian\u00e7as e adultos. Festas tradicionais como a <strong>Festa de S\u00e3o Sebasti\u00e3o<\/strong> e eventos comunit\u00e1rios fortalecem os la\u00e7os entre os moradores e celebram as tradi\u00e7\u00f5es a\u00e7orianas herdadas dos colonizadores.<\/p>\n\n\n\n<p>A gastronomia reflete a heran\u00e7a litor\u00e2nea, com restaurantes que servem frutos-do-mar frescos, tainha assada, camar\u00e3o e pratos t\u00edpicos da culin\u00e1ria catarinense. Bares e lanchonetes oferecem op\u00e7\u00f5es variadas, atendendo diferentes p\u00fablicos e criando pontos de encontro social. A proximidade com <strong>Florian\u00f3polis<\/strong> permite que os moradores de <strong>Palho\u00e7a<\/strong> acessem facilmente teatros, museus, cinemas e shows na capital, combinando tranquilidade residencial com vida cultural intensa. Feiras de artesanato e produtos org\u00e2nicos valorizam a produ\u00e7\u00e3o local e incentivam o com\u00e9rcio solid\u00e1rio.<\/p>\n\n\n<div class=\"wp-block-image\">\n<figure class=\"aligncenter size-large\"><img decoding=\"async\" width=\"1024\" height=\"576\" src=\"https:\/\/www.correiobraziliense.com.br\/cbradar\/wp-content\/uploads\/2025\/07\/Edicoes-2025-07-29T203405.102-1-1024x576.png\" alt=\"A cidade de Santa Catarina com \u00f3timas praias e qualidade de vida elevada\" class=\"wp-image-77635\" srcset=\"https:\/\/www.correiobraziliense.com.br\/cbradar\/wp-content\/uploads\/2025\/07\/Edicoes-2025-07-29T203405.102-1-1024x576.png 1024w, https:\/\/www.correiobraziliense.com.br\/cbradar\/wp-content\/uploads\/2025\/07\/Edicoes-2025-07-29T203405.102-1-300x169.png 300w, https:\/\/www.correiobraziliense.com.br\/cbradar\/wp-content\/uploads\/2025\/07\/Edicoes-2025-07-29T203405.102-1-768x432.png 768w, https:\/\/www.correiobraziliense.com.br\/cbradar\/wp-content\/uploads\/2025\/07\/Edicoes-2025-07-29T203405.102-1-750x422.png 750w, https:\/\/www.correiobraziliense.com.br\/cbradar\/wp-content\/uploads\/2025\/07\/Edicoes-2025-07-29T203405.102-1-1140x641.png 1140w, https:\/\/www.correiobraziliense.com.br\/cbradar\/wp-content\/uploads\/2025\/07\/Edicoes-2025-07-29T203405.102-1.png 1280w\" sizes=\"(max-width: 1024px) 100vw, 1024px\" \/><figcaption class=\"wp-element-caption\">Palho\u00e7a, em Santa Catarina, \u00e9 conhecida por suas belas praias e cultura vibrante. \/\/ Cr\u00e9ditos: YouTube @GuilhermeSpengler<\/figcaption><\/figure><\/div>\n\n\n<h2 class=\"wp-block-heading\">A Guarda do Emba\u00fa: para\u00edso dos surfistas<\/h2>\n\n\n\n<p>A <strong>Praia da Guarda do Emba\u00fa<\/strong>, localizada no sul de <strong>Palho\u00e7a<\/strong>, \u00e9 considerada uma das praias mais bonitas de <strong>Santa Catarina<\/strong> e destino preferido de surfistas do Brasil e do mundo. Com ondas perfeitas, areia branca e rio que desemboca no mar criando cen\u00e1rio \u00fanico, a praia mant\u00e9m perfil r\u00fastico e preservado, com acesso controlado que limita constru\u00e7\u00f5es e protege o ecossistema. A travessia de canoa pelo <strong>Rio da Madre<\/strong> at\u00e9 a praia \u00e9 experi\u00eancia tradicional que encanta visitantes.<\/p>\n\n\n\n<p>Al\u00e9m do surf, a <strong>Guarda do Emba\u00fa<\/strong> oferece trilhas ecol\u00f3gicas, mirantes naturais com vista panor\u00e2mica do litoral e ambiente tranquilo ideal para relaxamento e contato com a natureza. A comunidade local valoriza o turismo sustent\u00e1vel, promovendo a\u00e7\u00f5es de preserva\u00e7\u00e3o ambiental e conscientiza\u00e7\u00e3o dos visitantes sobre a import\u00e2ncia de manter a praia limpa e conservada. Restaurantes e pousadas simples oferecem hospedagem e gastronomia caseira, preservando a autenticidade e o charme que fazem da <strong>Guarda do Emba\u00fa<\/strong> ref\u00fagio especial no litoral catarinense.<\/p>\n\n\n<div class=\"wp-block-image\">\n<figure class=\"aligncenter size-large\"><img decoding=\"async\" width=\"1024\" height=\"576\" src=\"https:\/\/www.correiobraziliense.com.br\/cbradar\/wp-content\/uploads\/2025\/05\/Edicoes-16-1-1024x576.png\" alt=\"Cidade com baixo custo de vida e boa educa\u00e7\u00e3o \u00e9 ideal para criar filhos\" class=\"wp-image-40508\" srcset=\"https:\/\/www.correiobraziliense.com.br\/cbradar\/wp-content\/uploads\/2025\/05\/Edicoes-16-1-1024x576.png 1024w, https:\/\/www.correiobraziliense.com.br\/cbradar\/wp-content\/uploads\/2025\/05\/Edicoes-16-1-300x169.png 300w, https:\/\/www.correiobraziliense.com.br\/cbradar\/wp-content\/uploads\/2025\/05\/Edicoes-16-1-768x432.png 768w, https:\/\/www.correiobraziliense.com.br\/cbradar\/wp-content\/uploads\/2025\/05\/Edicoes-16-1-750x422.png 750w, https:\/\/www.correiobraziliense.com.br\/cbradar\/wp-content\/uploads\/2025\/05\/Edicoes-16-1-1140x641.png 1140w, https:\/\/www.correiobraziliense.com.br\/cbradar\/wp-content\/uploads\/2025\/05\/Edicoes-16-1.png 1280w\" sizes=\"(max-width: 1024px) 100vw, 1024px\" \/><figcaption class=\"wp-element-caption\">Palho\u00e7a, Santa Catarina \/\/ Reprodu\u00e7\u00e3o: Wikimedia Commons<\/figcaption><\/figure><\/div>\n\n\n<h2 class=\"wp-block-heading\">Melhor \u00e9poca para visitar Palho\u00e7a?<\/h2>\n\n\n\n<p>A melhor \u00e9poca para visitar <strong>Palho\u00e7a<\/strong> \u00e9 durante o ver\u00e3o (dezembro a mar\u00e7o), quando as praias est\u00e3o movimentadas e o clima \u00e9 ideal para atividades ao ar livre e surf na <strong>Guarda do Emba\u00fa<\/strong>. <a href=\"https:\/\/www.climatempo.com.br\/previsao-do-tempo\/cidade\/1439\/palhoca-sc\" target=\"_blank\" rel=\"noreferrer noopener\"><strong>Segundo o<\/strong> <strong>Climatempo<\/strong><\/a>, a temperatura m\u00e9dia anual \u00e9 de aproximadamente 20\u202f\u00b0C, com clima subtropical \u00famido que proporciona ver\u00f5es quentes e invernos amenos.<\/p>\n\n\n\n<p>Veja abaixo o resumo das esta\u00e7\u00f5es e atividades recomendadas:<\/p>\n\n\n\n<figure class=\"wp-block-table\"><table class=\"has-fixed-layout\"><thead><tr><th><strong>Per\u00edodo (meses)<\/strong><\/th><th><strong>Temperatura m\u00e9dia<\/strong><\/th><th><strong>Clima<\/strong><\/th><th><strong>Atividades recomendadas<\/strong><\/th><\/tr><\/thead><tbody><tr><td>Dezembro a mar\u00e7o<\/td><td>25\u00b0C<\/td><td>Quente e \u00famido<\/td><td>Praias, surf na <strong>Guarda do Emba\u00fa<\/strong>, esportes n\u00e1uticos<\/td><\/tr><tr><td>Abril a junho<\/td><td>19\u00b0C<\/td><td>Ameno com chuvas<\/td><td>Trilhas ecol\u00f3gicas, gastronomia, visitas culturais<\/td><\/tr><tr><td>Julho a setembro<\/td><td>16\u00b0C<\/td><td>Frio e \u00famido<\/td><td>Turismo em <strong>Florian\u00f3polis<\/strong>, eventos culturais, compras<\/td><\/tr><tr><td>Outubro a novembro<\/td><td>21\u00b0C<\/td><td>Primaveril<\/td><td>Passeios em parques, cicloturismo, festivais comunit\u00e1rios<\/td><\/tr><\/tbody><\/table><\/figure>\n\n\n\n<p><strong>Leia tamb\u00e9m: <a href=\"https:\/\/www.correiobraziliense.com.br\/cbradar\/a-capital-brasileira-da-cerveja-esta-surpreendendo-pela-sua-tranquilidade-e-conforto-para-viver-bem\/\" target=\"_blank\" rel=\"noreferrer noopener\">A capital brasileira da cerveja est\u00e1 surpreendendo pela sua tranquilidade e conforto para viver bem.<\/a><\/strong><\/p>\n\n\n<div class=\"wp-block-image\">\n<figure class=\"aligncenter size-large\"><img decoding=\"async\" width=\"1024\" height=\"576\" src=\"https:\/\/www.correiobraziliense.com.br\/cbradar\/wp-content\/uploads\/2025\/05\/Edicoes-14-1-1024x576.png\" alt=\"A cidade de Santa Catarina com \u00f3timas praias e qualidade de vida elevada\" class=\"wp-image-40510\" srcset=\"https:\/\/www.correiobraziliense.com.br\/cbradar\/wp-content\/uploads\/2025\/05\/Edicoes-14-1-1024x576.png 1024w, https:\/\/www.correiobraziliense.com.br\/cbradar\/wp-content\/uploads\/2025\/05\/Edicoes-14-1-300x169.png 300w, https:\/\/www.correiobraziliense.com.br\/cbradar\/wp-content\/uploads\/2025\/05\/Edicoes-14-1-768x432.png 768w, https:\/\/www.correiobraziliense.com.br\/cbradar\/wp-content\/uploads\/2025\/05\/Edicoes-14-1-750x422.png 750w, https:\/\/www.correiobraziliense.com.br\/cbradar\/wp-content\/uploads\/2025\/05\/Edicoes-14-1-1140x641.png 1140w, https:\/\/www.correiobraziliense.com.br\/cbradar\/wp-content\/uploads\/2025\/05\/Edicoes-14-1.png 1280w\" sizes=\"(max-width: 1024px) 100vw, 1024px\" \/><figcaption class=\"wp-element-caption\">Palho\u00e7a oferece \u00f3timas op\u00e7\u00f5es de lazer e facilidades para moradores e visitantes. \/\/ Reprodu\u00e7\u00e3o: Wikip\u00e9dia<\/figcaption><\/figure><\/div>\n\n\n<h2 class=\"wp-block-heading\">Vivencie Palho\u00e7a<\/h2>\n\n\n\n<p><strong>Palho\u00e7a<\/strong> \u00e9 o destino ideal para quem busca qualidade de vida na Grande <strong>Florian\u00f3polis<\/strong> com custo mais acess\u00edvel e ambiente em desenvolvimento. A combina\u00e7\u00e3o de crescimento urbano planejado, praias preservadas e proximidade com a capital torna a cidade atrativa para moradores, investidores e visitantes. O bairro <strong>Pedra Branca<\/strong> exemplifica o potencial de urbanismo sustent\u00e1vel e inovador.<\/p>\n\n\n\n<p>Para visitantes, <strong>Palho\u00e7a<\/strong> oferece experi\u00eancias que unem praias paradis\u00edacas como a <strong>Guarda do Emba\u00fa<\/strong>, natureza preservada e f\u00e1cil acesso \u00e0s atra\u00e7\u00f5es de <strong>Florian\u00f3polis<\/strong>. Explore as belezas naturais, conhe\u00e7a o planejamento urbano moderno e descubra a hospitalidade que faz desta cidade um lugar especial. Venha viver ou conhecer <strong>Palho\u00e7a<\/strong> e entenda por que esta cidade \u00e9 uma das mais promissoras do litoral catarinense.<\/p>\n\n\n\n<p><strong>Principais destaques:<\/strong><\/p>\n\n\n\n<ul class=\"wp-block-list\">\n<li><strong>Crescimento planejado<\/strong>: bairro <strong>Pedra Branca<\/strong>, urbanismo sustent\u00e1vel e infraestrutura moderna.<\/li>\n\n\n\n<li><strong>Belezas naturais<\/strong>: <strong>Guarda do Emba\u00fa<\/strong>, praias preservadas e trilhas ecol\u00f3gicas.<\/li>\n\n\n\n<li><strong>Localiza\u00e7\u00e3o estrat\u00e9gica<\/strong>: proximidade com <strong>Florian\u00f3polis<\/strong> e custo de vida acess\u00edvel na regi\u00e3o metropolitana.<\/li>\n<\/ul>\n","protected":false},"excerpt":{"rendered":"<p>Palho\u00e7a, na regi\u00e3o metropolitana de Florian\u00f3polis, \u00e9 conhecida por sua proximidade com a capital catarinense e pela combina\u00e7\u00e3o de \u00e1reas urbanas com belezas naturais preservadas. Localizada a cerca de 15 km do centro de Florian\u00f3polis, pr\u00f3xima a munic\u00edpios como S\u00e3o Jos\u00e9, Santo Amaro da Imperatriz e Paulo Lopes, Palho\u00e7a oferece praias, morros e infraestrutura em [&hellip;]<\/p>\n","protected":false},"author":8,"featured_media":146319,"comment_status":"open","ping_status":"open","sticky":false,"template":"","format":"standard","meta":{"_yoast_wpseo_focuskw":"Palho\u00e7a","_yoast_wpseo_title":"","_yoast_wpseo_metadesc":"Cidade perto de Florian\u00f3polis perfeita para viver com tranquilidade e gastar pouco, atraindo cada vez mais moradores.","jnews-multi-image_gallery":[],"jnews_single_post":{"format":"standard"},"jnews_primary_category":[],"jnews_social_meta":[],"jnews_override_counter":[],"footnotes":""},"categories":[108,111],"post_tag":[8365,5104,851],"class_list":["post-145597","post","type-post","status-publish","format-standard","has-post-thumbnail","hentry","category-cidades","category-turismo","tag-florianopolis-2","tag-palhoca","tag-santa-catarina"],"yoast_head":"<!-- This site is optimized with the Yoast SEO plugin v24.6 - https:\/\/yoast.com\/wordpress\/plugins\/seo\/ -->\n<title>A cidade perto de Florian\u00f3polis perfeita para viver com tranquilidade e gastar pouco - Correio Braziliense - Radar<\/title>\n<meta name=\"description\" content=\"Cidade perto de Florian\u00f3polis perfeita para viver com tranquilidade e gastar pouco, atraindo cada vez mais moradores.\" \/>\n<meta name=\"robots\" content=\"index, follow, max-snippet:-1, max-image-preview:large, max-video-preview:-1\" \/>\n<link rel=\"canonical\" href=\"https:\/\/www.correiobraziliense.com.br\/cbradar\/a-cidade-perto-de-florianopolis-perfeita-para-viver-com-tranquilidade-e-gastar-pouco\/\" \/>\n<meta property=\"og:locale\" content=\"pt_BR\" \/>\n<meta property=\"og:type\" content=\"article\" \/>\n<meta property=\"og:title\" content=\"A cidade perto de Florian\u00f3polis perfeita para viver com tranquilidade e gastar pouco - Correio Braziliense - Radar\" \/>\n<meta property=\"og:description\" content=\"Cidade perto de Florian\u00f3polis perfeita para viver com tranquilidade e gastar pouco, atraindo cada vez mais moradores.\" \/>\n<meta property=\"og:url\" content=\"https:\/\/www.correiobraziliense.com.br\/cbradar\/a-cidade-perto-de-florianopolis-perfeita-para-viver-com-tranquilidade-e-gastar-pouco\/\" \/>\n<meta property=\"og:site_name\" content=\"Correio Braziliense - Radar\" \/>\n<meta property=\"article:published_time\" content=\"2025-11-29T10:55:00+00:00\" \/>\n<meta property=\"og:image\" content=\"https:\/\/www.correiobraziliense.com.br\/cbradar\/wp-content\/uploads\/2025\/11\/Palhoca-SC.png\" \/>\n\t<meta property=\"og:image:width\" content=\"1280\" \/>\n\t<meta property=\"og:image:height\" content=\"720\" \/>\n\t<meta property=\"og:image:type\" content=\"image\/png\" \/>\n<meta name=\"author\" content=\"Maura Pereira\" \/>\n<meta name=\"twitter:card\" content=\"summary_large_image\" \/>\n<meta name=\"twitter:label1\" content=\"Escrito por\" \/>\n\t<meta name=\"twitter:data1\" content=\"Maura Pereira\" \/>\n\t<meta name=\"twitter:label2\" content=\"Est. tempo de leitura\" \/>\n\t<meta name=\"twitter:data2\" content=\"9 minutos\" \/>\n<!-- \/ Yoast SEO plugin. -->","yoast_head_json":{"title":"A cidade perto de Florian\u00f3polis perfeita para viver com tranquilidade e gastar pouco - Correio Braziliense - Radar","description":"Cidade perto de Florian\u00f3polis perfeita para viver com tranquilidade e gastar pouco, atraindo cada vez mais moradores.","robots":{"index":"index","follow":"follow","max-snippet":"max-snippet:-1","max-image-preview":"max-image-preview:large","max-video-preview":"max-video-preview:-1"},"canonical":"https:\/\/www.correiobraziliense.com.br\/cbradar\/a-cidade-perto-de-florianopolis-perfeita-para-viver-com-tranquilidade-e-gastar-pouco\/","og_locale":"pt_BR","og_type":"article","og_title":"A cidade perto de Florian\u00f3polis perfeita para viver com tranquilidade e gastar pouco - Correio Braziliense - Radar","og_description":"Cidade perto de Florian\u00f3polis perfeita para viver com tranquilidade e gastar pouco, atraindo cada vez mais moradores.","og_url":"https:\/\/www.correiobraziliense.com.br\/cbradar\/a-cidade-perto-de-florianopolis-perfeita-para-viver-com-tranquilidade-e-gastar-pouco\/","og_site_name":"Correio Braziliense - Radar","article_published_time":"2025-11-29T10:55:00+00:00","og_image":[{"width":1280,"height":720,"url":"https:\/\/www.correiobraziliense.com.br\/cbradar\/wp-content\/uploads\/2025\/11\/Palhoca-SC.png","type":"image\/png"}],"author":"Maura Pereira","twitter_card":"summary_large_image","twitter_misc":{"Escrito por":"Maura Pereira","Est. tempo de leitura":"9 minutos"},"schema":{"@context":"https:\/\/schema.org","@graph":[{"@type":"WebPage","@id":"https:\/\/www.correiobraziliense.com.br\/cbradar\/a-cidade-perto-de-florianopolis-perfeita-para-viver-com-tranquilidade-e-gastar-pouco\/","url":"https:\/\/www.correiobraziliense.com.br\/cbradar\/a-cidade-perto-de-florianopolis-perfeita-para-viver-com-tranquilidade-e-gastar-pouco\/","name":"A cidade perto de Florian\u00f3polis perfeita para viver com tranquilidade e gastar pouco - Correio Braziliense - Radar","isPartOf":{"@id":"https:\/\/www.correiobraziliense.com.br\/cbradar\/#website"},"primaryImageOfPage":{"@id":"https:\/\/www.correiobraziliense.com.br\/cbradar\/a-cidade-perto-de-florianopolis-perfeita-para-viver-com-tranquilidade-e-gastar-pouco\/#primaryimage"},"image":{"@id":"https:\/\/www.correiobraziliense.com.br\/cbradar\/a-cidade-perto-de-florianopolis-perfeita-para-viver-com-tranquilidade-e-gastar-pouco\/#primaryimage"},"thumbnailUrl":"https:\/\/www.correiobraziliense.com.br\/cbradar\/wp-content\/uploads\/2025\/11\/Palhoca-SC.png","datePublished":"2025-11-29T10:55:00+00:00","author":{"@id":"https:\/\/www.correiobraziliense.com.br\/cbradar\/#\/schema\/person\/4053c651a9bfc785afc6f4cbc9032fd3"},"description":"Cidade perto de Florian\u00f3polis perfeita para viver com tranquilidade e gastar pouco, atraindo cada vez mais moradores.","breadcrumb":{"@id":"https:\/\/www.correiobraziliense.com.br\/cbradar\/a-cidade-perto-de-florianopolis-perfeita-para-viver-com-tranquilidade-e-gastar-pouco\/#breadcrumb"},"inLanguage":"pt-BR","potentialAction":[{"@type":"ReadAction","target":["https:\/\/www.correiobraziliense.com.br\/cbradar\/a-cidade-perto-de-florianopolis-perfeita-para-viver-com-tranquilidade-e-gastar-pouco\/"]}]},{"@type":"ImageObject","inLanguage":"pt-BR","@id":"https:\/\/www.correiobraziliense.com.br\/cbradar\/a-cidade-perto-de-florianopolis-perfeita-para-viver-com-tranquilidade-e-gastar-pouco\/#primaryimage","url":"https:\/\/www.correiobraziliense.com.br\/cbradar\/wp-content\/uploads\/2025\/11\/Palhoca-SC.png","contentUrl":"https:\/\/www.correiobraziliense.com.br\/cbradar\/wp-content\/uploads\/2025\/11\/Palhoca-SC.png","width":1280,"height":720,"caption":"A cidade est\u00e1 localizada a cerca de 15 km do centro da capital catarinense - Cr\u00e9ditos: Divulga\u00e7\u00e3o \/ Wikimedia Commons \/ Rodrigo Soldon"},{"@type":"BreadcrumbList","@id":"https:\/\/www.correiobraziliense.com.br\/cbradar\/a-cidade-perto-de-florianopolis-perfeita-para-viver-com-tranquilidade-e-gastar-pouco\/#breadcrumb","itemListElement":[{"@type":"ListItem","position":1,"name":"In\u00edcio","item":"https:\/\/www.correiobraziliense.com.br\/cbradar\/"},{"@type":"ListItem","position":2,"name":"A cidade perto de Florian\u00f3polis perfeita para viver com tranquilidade e gastar pouco"}]},{"@type":"WebSite","@id":"https:\/\/www.correiobraziliense.com.br\/cbradar\/#website","url":"https:\/\/www.correiobraziliense.com.br\/cbradar\/","name":"Correio Braziliense - Radar","description":"Acompanhe as \u00faltimas not\u00edcias e fique bem informado sobre tudo o que acontece no Brasil e no mundo.","potentialAction":[{"@type":"SearchAction","target":{"@type":"EntryPoint","urlTemplate":"https:\/\/www.correiobraziliense.com.br\/cbradar\/?s={search_term_string}"},"query-input":{"@type":"PropertyValueSpecification","valueRequired":true,"valueName":"search_term_string"}}],"inLanguage":"pt-BR"},{"@type":"Person","@id":"https:\/\/www.correiobraziliense.com.br\/cbradar\/#\/schema\/person\/4053c651a9bfc785afc6f4cbc9032fd3","name":"Maura Pereira","image":{"@type":"ImageObject","inLanguage":"pt-BR","@id":"https:\/\/www.correiobraziliense.com.br\/cbradar\/#\/schema\/person\/image\/","url":"https:\/\/secure.gravatar.com\/avatar\/3effd6bdadfa447f15089c7f7144eaa6?s=96&d=mm&r=g","contentUrl":"https:\/\/secure.gravatar.com\/avatar\/3effd6bdadfa447f15089c7f7144eaa6?s=96&d=mm&r=g","caption":"Maura Pereira"},"sameAs":["https:\/\/www.correiobraziliense.com.br\/"],"url":"https:\/\/www.correiobraziliense.com.br\/cbradar\/author\/mauramyth\/"}]}},"_links":{"self":[{"href":"https:\/\/www.correiobraziliense.com.br\/cbradar\/wp-json\/wp\/v2\/posts\/145597","targetHints":{"allow":["GET"]}}],"collection":[{"href":"https:\/\/www.correiobraziliense.com.br\/cbradar\/wp-json\/wp\/v2\/posts"}],"about":[{"href":"https:\/\/www.correiobraziliense.com.br\/cbradar\/wp-json\/wp\/v2\/types\/post"}],"author":[{"embeddable":true,"href":"https:\/\/www.correiobraziliense.com.br\/cbradar\/wp-json\/wp\/v2\/users\/8"}],"replies":[{"embeddable":true,"href":"https:\/\/www.correiobraziliense.com.br\/cbradar\/wp-json\/wp\/v2\/comments?post=145597"}],"version-history":[{"count":17,"href":"https:\/\/www.correiobraziliense.com.br\/cbradar\/wp-json\/wp\/v2\/posts\/145597\/revisions"}],"predecessor-version":[{"id":146447,"href":"https:\/\/www.correiobraziliense.com.br\/cbradar\/wp-json\/wp\/v2\/posts\/145597\/revisions\/146447"}],"wp:featuredmedia":[{"embeddable":true,"href":"https:\/\/www.correiobraziliense.com.br\/cbradar\/wp-json\/wp\/v2\/media\/146319"}],"wp:attachment":[{"href":"https:\/\/www.correiobraziliense.com.br\/cbradar\/wp-json\/wp\/v2\/media?parent=145597"}],"wp:term":[{"taxonomy":"category","embeddable":true,"href":"https:\/\/www.correiobraziliense.com.br\/cbradar\/wp-json\/wp\/v2\/categories?post=145597"},{"taxonomy":"post_tag","embeddable":true,"href":"https:\/\/www.correiobraziliense.com.br\/cbradar\/wp-json\/wp\/v2\/post_tag?post=145597"}],"curies":[{"name":"wp","href":"https:\/\/api.w.org\/{rel}","templated":true}]}}