{"id":145600,"date":"2025-11-28T21:05:00","date_gmt":"2025-11-29T00:05:00","guid":{"rendered":"https:\/\/www.correiobraziliense.com.br\/cbradar\/?p=145600"},"modified":"2025-11-27T09:11:40","modified_gmt":"2025-11-27T12:11:40","slug":"o-paraiso-carioca-que-esta-encantando-viajantes-com-suas-aguas-e-natureza-intacta","status":"publish","type":"post","link":"https:\/\/www.correiobraziliense.com.br\/cbradar\/o-paraiso-carioca-que-esta-encantando-viajantes-com-suas-aguas-e-natureza-intacta\/","title":{"rendered":"O para\u00edso carioca que est\u00e1 encantando viajantes com suas \u00e1guas e natureza intacta"},"content":{"rendered":"\n<p><strong>Cabo Frio<\/strong>, na <strong>Regi\u00e3o dos Lagos<\/strong> do estado do <strong>Rio de Janeiro<\/strong>, \u00e9 conhecida por suas praias de \u00e1guas cristalinas, dunas brancas e clima ensolarado durante quase todo o ano. Localizada a cerca de 150 km da capital <strong>Rio de Janeiro<\/strong>, pr\u00f3xima a munic\u00edpios como <strong>Arraial do Cabo<\/strong>, <strong>B\u00fazios<\/strong> e <strong>Iguaba Grande<\/strong>, <strong>Cabo Frio<\/strong> combina belezas naturais com hist\u00f3ria colonial e infraestrutura tur\u00edstica consolidada. Venha vivenciar um dos destinos mais charmosos do litoral fluminense e descubra por que o turismo em <strong>Cabo Frio<\/strong> \u00e9 sin\u00f4nimo de sol, praia e cultura.<\/p>\n\n\n\n<h2 class=\"wp-block-heading\">Por que Cabo Frio \u00e9 um destino tur\u00edstico atrativo?<\/h2>\n\n\n\n<p><strong>Cabo Frio<\/strong> consolidou-se como um dos principais destinos de ver\u00e3o do estado do <strong>Rio de Janeiro<\/strong>, atraindo turistas que buscam praias de beleza incompar\u00e1vel, \u00e1guas transparentes e clima privilegiado. A <strong>Praia do Forte<\/strong>, com o hist\u00f3rico <strong>Forte S\u00e3o Mateus<\/strong> ao fundo, \u00e9 cart\u00e3o-postal que une patrim\u00f4nio hist\u00f3rico e paisagem natural deslumbrante. O <strong>Pontal do Atalaia<\/strong> oferece mirante com vista panor\u00e2mica do oceano, enquanto o <strong>Bairro da Passagem<\/strong> encanta com suas \u00e1guas calmas e verde-esmeralda ideais para banhos tranquilos.<\/p>\n\n\n\n<p>Al\u00e9m das praias, <strong>Cabo Frio<\/strong> oferece infraestrutura tur\u00edstica completa com hot\u00e9is, pousadas, restaurantes especializados em frutos-do-mar e vida noturna animada que atrai p\u00fablico jovem e fam\u00edlias. O <strong>Boulevard Canal<\/strong>, \u00e1rea comercial revitalizada \u00e0s margens do canal, concentra lojas, bares e restaurantes em ambiente agrad\u00e1vel para passeios diurnos e noturnos. A proximidade com <strong>Arraial do Cabo<\/strong> e <strong>B\u00fazios<\/strong> permite que visitantes explorem m\u00faltiplos destinos em uma \u00fanica viagem, aproveitando o melhor que a <strong>Regi\u00e3o dos Lagos<\/strong> oferece.<\/p>\n\n\n<div class=\"wp-block-image\">\n<figure class=\"aligncenter size-large\"><img decoding=\"async\" width=\"1024\" height=\"576\" src=\"https:\/\/www.correiobraziliense.com.br\/cbradar\/wp-content\/uploads\/2025\/02\/Cabo-Frio_1740203492395-1024x576.jpg\" alt=\"Cidade carioca oferece bem-estar, tranquilidade e paisagens \u00fanicas\" class=\"wp-image-4990\" srcset=\"https:\/\/www.correiobraziliense.com.br\/cbradar\/wp-content\/uploads\/2025\/02\/Cabo-Frio_1740203492395-1024x576.jpg 1024w, https:\/\/www.correiobraziliense.com.br\/cbradar\/wp-content\/uploads\/2025\/02\/Cabo-Frio_1740203492395-300x169.jpg 300w, https:\/\/www.correiobraziliense.com.br\/cbradar\/wp-content\/uploads\/2025\/02\/Cabo-Frio_1740203492395-768x432.jpg 768w, https:\/\/www.correiobraziliense.com.br\/cbradar\/wp-content\/uploads\/2025\/02\/Cabo-Frio_1740203492395-750x422.jpg 750w, https:\/\/www.correiobraziliense.com.br\/cbradar\/wp-content\/uploads\/2025\/02\/Cabo-Frio_1740203492395-1140x641.jpg 1140w, https:\/\/www.correiobraziliense.com.br\/cbradar\/wp-content\/uploads\/2025\/02\/Cabo-Frio_1740203492395.jpg 1280w\" sizes=\"(max-width: 1024px) 100vw, 1024px\" \/><figcaption class=\"wp-element-caption\">Cabo Frio \u00e9 uma cidade tur\u00edstica no Rio de Janeiro, famosa pelas praias de areia branca e mar cristalino. \/\/ Cr\u00e9ditos: depositphotos.com \/ Cristian_Lourenco<\/figcaption><\/figure><\/div>\n\n\n<h2 class=\"wp-block-heading\">Quais s\u00e3o as principais atra\u00e7\u00f5es tur\u00edsticas de Cabo Frio?<\/h2>\n\n\n\n<p>Confira a seguir as atra\u00e7\u00f5es imperd\u00edveis de <strong>Cabo Frio<\/strong>:<\/p>\n\n\n\n<ul class=\"wp-block-list\">\n<li><strong>Praia do Forte<\/strong>: Praia urbana com \u00e1guas cristalinas, areia branca e o hist\u00f3rico <strong>Forte S\u00e3o Mateus<\/strong> (1616) que guarda rel\u00edquias do per\u00edodo colonial. Perfeita para banhos e contempla\u00e7\u00e3o hist\u00f3rica.<\/li>\n\n\n\n<li><strong>Dunas de Cabo Frio<\/strong>: Forma\u00e7\u00f5es de areia branca que contrastam com a vegeta\u00e7\u00e3o de restinga, criando paisagem \u00fanica ideal para caminhadas, fotos e contempla\u00e7\u00e3o da natureza.<\/li>\n\n\n\n<li><strong>Pontal do Atalaia<\/strong>: Mirante natural com vista privilegiada do oceano e da <strong>Ilha do Japon\u00eas<\/strong>, acess\u00edvel por trilha leve que recompensa com cen\u00e1rio espetacular ao p\u00f4r do sol.<\/li>\n\n\n\n<li><strong>Praia do Per\u00f3<\/strong>: Extensa faixa de areia frequentada por surfistas e esportistas, com ondas constantes e infraestrutura de quiosques. Ideal para quem busca praia menos movimentada e contato com a natureza.<\/li>\n\n\n\n<li><strong>Boulevard Canal<\/strong>: \u00c1rea de lazer e gastronomia \u00e0s margens do canal, com restaurantes, bares, lojas e passeios de barco que exploram o entorno da cidade.<\/li>\n<\/ul>\n\n\n\n<p>Confira o v\u00eddeo abaixo do canal no YouTube <strong>Viagens Cine<\/strong>, apresentando as melhores praias e um roteiro especial de 3 dias para aproveitar ao m\u00e1ximo.<\/p>\n\n\n\n<figure class=\"wp-block-embed is-type-video is-provider-youtube wp-block-embed-youtube wp-embed-aspect-16-9 wp-has-aspect-ratio\"><div class=\"wp-block-embed__wrapper\">\n<div class=\"jeg_video_container jeg_video_content\"><iframe loading=\"lazy\" title=\"O que fazer em CABO FRIO RJ: Melhores Praias e Roteiro de 1 a 3 Dias\" width=\"500\" height=\"281\" src=\"https:\/\/www.youtube.com\/embed\/Rky7TIZka1A?feature=oembed\" frameborder=\"0\" allow=\"accelerometer; autoplay; clipboard-write; encrypted-media; gyroscope; picture-in-picture; web-share\" referrerpolicy=\"strict-origin-when-cross-origin\" allowfullscreen><\/iframe><\/div>\n<\/div><\/figure>\n\n\n\n<h2 class=\"wp-block-heading\">Como \u00e9 a vida cultural em Cabo Frio?<\/h2>\n\n\n\n<p>A vida cultural de <strong>Cabo Frio<\/strong> \u00e9 marcada pela heran\u00e7a hist\u00f3rica colonial e pelas tradi\u00e7\u00f5es cai\u00e7aras que resistem ao tempo. O <strong>Forte S\u00e3o Mateus<\/strong>, constru\u00eddo em 1616 para defender a regi\u00e3o de invas\u00f5es estrangeiras, abriga museu com canh\u00f5es, artefatos militares e exposi\u00e7\u00f5es que contam a hist\u00f3ria da coloniza\u00e7\u00e3o portuguesa. O centro hist\u00f3rico preserva casar\u00f5es coloridos, igrejas centen\u00e1rias e ruas de paralelep\u00edpedos que transportam visitantes ao passado colonial brasileiro.<\/p>\n\n\n\n<p>A gastronomia destaca frutos do mar frescos: restaurantes servem moqueca capixaba, caldeirada de peixe, camar\u00e3o ao alho e \u00f3leo, lagosta grelhada e pratos que valorizam a pesca artesanal local. O <strong>Mercado de Peixe<\/strong> \u00e9 ponto de encontro de pescadores e turistas, oferecendo produtos do mar rec\u00e9m-capturados e atmosfera aut\u00eantica. Festivais como o <strong>Cabo Frio Jazz &amp; Blues Festival<\/strong> e eventos de ver\u00e3o animam a cidade com m\u00fasica ao vivo, apresenta\u00e7\u00f5es culturais e atividades que celebram a diversidade art\u00edstica. O artesanato local inclui pe\u00e7as em cer\u00e2mica, renda e conchas, vendidas em feiras e lojas que preservam t\u00e9cnicas tradicionais.<\/p>\n\n\n<div class=\"wp-block-image\">\n<figure class=\"aligncenter size-large\"><img decoding=\"async\" width=\"1024\" height=\"576\" src=\"https:\/\/www.correiobraziliense.com.br\/cbradar\/wp-content\/uploads\/2025\/08\/Edicoes-2025-08-09T175928.457-1024x576.png\" alt=\"O mais belo ref\u00fagio escondido do Rio de Janeiro que voc\u00ea precisa visitar\" class=\"wp-image-83792\" srcset=\"https:\/\/www.correiobraziliense.com.br\/cbradar\/wp-content\/uploads\/2025\/08\/Edicoes-2025-08-09T175928.457-1024x576.png 1024w, https:\/\/www.correiobraziliense.com.br\/cbradar\/wp-content\/uploads\/2025\/08\/Edicoes-2025-08-09T175928.457-300x169.png 300w, https:\/\/www.correiobraziliense.com.br\/cbradar\/wp-content\/uploads\/2025\/08\/Edicoes-2025-08-09T175928.457-768x432.png 768w, https:\/\/www.correiobraziliense.com.br\/cbradar\/wp-content\/uploads\/2025\/08\/Edicoes-2025-08-09T175928.457-750x422.png 750w, https:\/\/www.correiobraziliense.com.br\/cbradar\/wp-content\/uploads\/2025\/08\/Edicoes-2025-08-09T175928.457-1140x641.png 1140w, https:\/\/www.correiobraziliense.com.br\/cbradar\/wp-content\/uploads\/2025\/08\/Edicoes-2025-08-09T175928.457.png 1280w\" sizes=\"(max-width: 1024px) 100vw, 1024px\" \/><figcaption class=\"wp-element-caption\">: Desfrute do sol forte e das praias paradis\u00edacas de Cabo Frio, um destino que encanta com sua beleza natural. \/ Cr\u00e9dito: YouTube @Polychronisdrone<\/figcaption><\/figure><\/div>\n\n\n<h2 class=\"wp-block-heading\">Por que Cabo Frio \u00e9 refer\u00eancia em patrim\u00f4nio hist\u00f3rico litor\u00e2neo?<\/h2>\n\n\n\n<p><strong>Cabo Frio<\/strong> possui um dos patrim\u00f4nios hist\u00f3ricos coloniais mais bem preservados do litoral fluminense, resultado da import\u00e2ncia estrat\u00e9gica que a regi\u00e3o teve durante o per\u00edodo colonial brasileiro. O <strong>Forte S\u00e3o Mateus<\/strong>, tombado pelo IPHAN, \u00e9 testemunho da defesa portuguesa contra invas\u00f5es francesas e holandesas que disputavam o controle do com\u00e9rcio de pau-brasil. As muralhas, guaritas e canh\u00f5es originais permanecem intactos, oferecendo vis\u00e3o aut\u00eantica da arquitetura militar do s\u00e9culo XVII.<\/p>\n\n\n\n<p>O centro hist\u00f3rico preserva constru\u00e7\u00f5es coloniais como a <strong>Igreja de Nossa Senhora da Assun\u00e7\u00e3o<\/strong> (1615), uma das mais antigas do estado, e o <strong>Convento de Nossa Senhora dos Anjos<\/strong> (1686), que abriga acervo religioso e art\u00edstico de grande valor. Ruas como a <strong>Rua dos Biqu\u00ednis<\/strong>, famosa pelo com\u00e9rcio de moda praia, mant\u00eam casario colorido e charmoso que contrasta com a modernidade dos bairros novos. Segundo o IPHAN, <strong>Cabo Frio<\/strong> integra circuito de cidades hist\u00f3ricas fluminenses que preservam mem\u00f3ria nacional e atraem turismo cultural interessado em conhecer as ra\u00edzes da coloniza\u00e7\u00e3o brasileira.<\/p>\n\n\n\n<h2 class=\"wp-block-heading\">As \u00e1guas cristalinas: fen\u00f4meno da ressurg\u00eancia<\/h2>\n\n\n\n<p>As \u00e1guas cristalinas e geladas de <strong>Cabo Frio<\/strong> e regi\u00e3o s\u00e3o resultado de fen\u00f4meno natural chamado ressurg\u00eancia, que ocorre quando ventos constantes empurram \u00e1guas superficiais quentes para o mar aberto, permitindo que \u00e1guas profundas, frias e ricas em nutrientes subam \u00e0 superf\u00edcie. Esse processo cria ambiente marinho excepcionalmente claro e favorece biodiversidade abundante, tornando a <strong>Regi\u00e3o dos Lagos<\/strong> destino privilegiado para mergulho, snorkeling e observa\u00e7\u00e3o da vida marinha.<\/p>\n\n\n\n<p>A ressurg\u00eancia tamb\u00e9m influencia o clima local, tornando <strong>Cabo Frio<\/strong> uma das regi\u00f5es mais ensolaradas do estado do <strong>Rio de Janeiro<\/strong>, com chuvas escassas e temperaturas agrad\u00e1veis durante a maior parte do ano. As \u00e1guas frias, especialmente em <strong>Arraial do Cabo<\/strong>, atraem mergulhadores profissionais e amadores que exploram cardumes coloridos, tartarugas marinhas e forma\u00e7\u00f5es rochosas submersas. A claridade das \u00e1guas permite visibilidade de at\u00e9 30 metros em alguns pontos, criando experi\u00eancias subaqu\u00e1ticas memor\u00e1veis que justificam o reconhecimento internacional da regi\u00e3o como para\u00edso do mergulho no Brasil.<\/p>\n\n\n<div class=\"wp-block-image\">\n<figure class=\"aligncenter size-large\"><img decoding=\"async\" width=\"1024\" height=\"576\" src=\"https:\/\/www.correiobraziliense.com.br\/cbradar\/wp-content\/uploads\/2025\/08\/Edicoes-2025-08-09T180045.187-1-1024x576.png\" alt=\"Cidade carioca oferece bem-estar, tranquilidade e paisagens \u00fanicas\" class=\"wp-image-83794\" srcset=\"https:\/\/www.correiobraziliense.com.br\/cbradar\/wp-content\/uploads\/2025\/08\/Edicoes-2025-08-09T180045.187-1-1024x576.png 1024w, https:\/\/www.correiobraziliense.com.br\/cbradar\/wp-content\/uploads\/2025\/08\/Edicoes-2025-08-09T180045.187-1-300x169.png 300w, https:\/\/www.correiobraziliense.com.br\/cbradar\/wp-content\/uploads\/2025\/08\/Edicoes-2025-08-09T180045.187-1-768x432.png 768w, https:\/\/www.correiobraziliense.com.br\/cbradar\/wp-content\/uploads\/2025\/08\/Edicoes-2025-08-09T180045.187-1-750x422.png 750w, https:\/\/www.correiobraziliense.com.br\/cbradar\/wp-content\/uploads\/2025\/08\/Edicoes-2025-08-09T180045.187-1-1140x641.png 1140w, https:\/\/www.correiobraziliense.com.br\/cbradar\/wp-content\/uploads\/2025\/08\/Edicoes-2025-08-09T180045.187-1.png 1280w\" sizes=\"(max-width: 1024px) 100vw, 1024px\" \/><figcaption class=\"wp-element-caption\">Cabo Frio \u00e9 uma cidade tur\u00edstica no Rio de Janeiro, famosa pelas praias de areia branca e mar cristalino. \/ Cr\u00e9dito: YouTube @Polychronisdrone<\/figcaption><\/figure><\/div>\n\n\n<h2 class=\"wp-block-heading\">Melhor \u00e9poca para visitar Cabo Frio?<\/h2>\n\n\n\n<p>A melhor \u00e9poca para visitar <strong>Cabo Frio<\/strong> \u00e9 durante o ver\u00e3o (dezembro a mar\u00e7o), quando a cidade est\u00e1 animada, as praias movimentadas e a temperatura do mar mais agrad\u00e1vel, e tamb\u00e9m na primavera (setembro a novembro), com clima ensolarado e menor movimento tur\u00edstico<a href=\"https:\/\/www.climatempo.com.br\/previsao-do-tempo\/cidade\/292\/cabofrio-rj\" target=\"_blank\" rel=\"noreferrer noopener\">. <strong>Segundo o<\/strong> <strong>Climatempo<\/strong><\/a>, a temperatura m\u00e9dia anual \u00e9 de aproximadamente 24\u00b0C, com clima tropical semi\u00e1rido que garante sol durante quase todo o ano.<\/p>\n\n\n\n<p>Veja abaixo o resumo das esta\u00e7\u00f5es e atividades recomendadas:<\/p>\n\n\n\n<figure class=\"wp-block-table\"><table class=\"has-fixed-layout\"><thead><tr><th><strong>Per\u00edodo (meses)<\/strong><\/th><th><strong>Temperatura m\u00e9dia<\/strong><\/th><th><strong>Clima<\/strong><\/th><th><strong>Atividades recomendadas<\/strong><\/th><\/tr><\/thead><tbody><tr><td>Dezembro a mar\u00e7o<\/td><td>28\u00b0C<\/td><td>Quente e ensolarado<\/td><td>Praias, <strong>Boulevard Canal<\/strong>, mergulho, vida noturna<\/td><\/tr><tr><td>Abril a junho<\/td><td>23\u00b0C<\/td><td>Ameno e agrad\u00e1vel<\/td><td>Turismo hist\u00f3rico, <strong>Forte S\u00e3o Mateus<\/strong>, gastronomia<\/td><\/tr><tr><td>Julho a setembro<\/td><td>21\u00b0C<\/td><td>Ameno com \u00e1guas frias<\/td><td>Compras na <strong>Rua dos Biqu\u00ednis<\/strong>, eventos culturais<\/td><\/tr><tr><td>Outubro a novembro<\/td><td>25\u00b0C<\/td><td>Primaveril e ensolarado<\/td><td><strong>Dunas<\/strong>, <strong>Pontal do Atalaia<\/strong>, passeios de barco<\/td><\/tr><\/tbody><\/table><\/figure>\n\n\n\n<p><strong>Leia tamb\u00e9m: <a href=\"https:\/\/www.correiobraziliense.com.br\/cbradar\/a-capital-brasileira-da-cerveja-esta-surpreendendo-pela-sua-tranquilidade-e-conforto-para-viver-bem\/\" target=\"_blank\" rel=\"noreferrer noopener\">A capital brasileira da cerveja est\u00e1 surpreendendo pela sua tranquilidade e conforto para viver bem.<\/a><\/strong><\/p>\n\n\n<div class=\"wp-block-image\">\n<figure class=\"aligncenter size-large\"><img decoding=\"async\" width=\"1024\" height=\"576\" src=\"https:\/\/www.correiobraziliense.com.br\/cbradar\/wp-content\/uploads\/2025\/02\/Cabo-Frio_1740203505623-1024x576.jpg\" alt=\"Destino que \u00e9 um para\u00edso com \u00e1guas em tons de azul-turquesa\" class=\"wp-image-4989\" srcset=\"https:\/\/www.correiobraziliense.com.br\/cbradar\/wp-content\/uploads\/2025\/02\/Cabo-Frio_1740203505623-1024x576.jpg 1024w, https:\/\/www.correiobraziliense.com.br\/cbradar\/wp-content\/uploads\/2025\/02\/Cabo-Frio_1740203505623-300x169.jpg 300w, https:\/\/www.correiobraziliense.com.br\/cbradar\/wp-content\/uploads\/2025\/02\/Cabo-Frio_1740203505623-768x432.jpg 768w, https:\/\/www.correiobraziliense.com.br\/cbradar\/wp-content\/uploads\/2025\/02\/Cabo-Frio_1740203505623-750x422.jpg 750w, https:\/\/www.correiobraziliense.com.br\/cbradar\/wp-content\/uploads\/2025\/02\/Cabo-Frio_1740203505623-1140x641.jpg 1140w, https:\/\/www.correiobraziliense.com.br\/cbradar\/wp-content\/uploads\/2025\/02\/Cabo-Frio_1740203505623.jpg 1280w\" sizes=\"(max-width: 1024px) 100vw, 1024px\" \/><figcaption class=\"wp-element-caption\">Em Cabo Frio, encontre praias para relaxar, \u00f3timos restaurantes, passeios de barco e divers\u00e3o para toda a fam\u00edlia. \/\/ Cr\u00e9ditos: depositphotos.com \/ Cristian_Lourenco<\/figcaption><\/figure><\/div>\n\n\n<h2 class=\"wp-block-heading\">Vivencie Cabo Frio<\/h2>\n\n\n\n<p><strong>Cabo Frio<\/strong> \u00e9 o destino perfeito para quem busca praias paradis\u00edacas, hist\u00f3ria colonial e clima ensolarado em um dos litorais mais bonitos do Brasil. As \u00e1guas cristalinas resultantes da ressurg\u00eancia, as dunas brancas e o patrim\u00f4nio hist\u00f3rico preservado criam combina\u00e7\u00e3o \u00fanica que encanta moradores e visitantes. A infraestrutura tur\u00edstica consolidada garante conforto e variedade de op\u00e7\u00f5es para todos os perfis e or\u00e7amentos.<\/p>\n\n\n\n<p>Para os amantes de hist\u00f3ria e natureza, <strong>Cabo Frio<\/strong> oferece experi\u00eancias que v\u00e3o desde mergulhos em \u00e1guas transparentes at\u00e9 visitas a fortalezas coloniais centen\u00e1rias. Explore as praias, saboreie frutos-do-mar frescos e participe da vida cultural intensa que faz desta cidade um dos destinos mais completos da <strong>Regi\u00e3o dos Lagos<\/strong>. Venha conhecer <strong>Cabo Frio<\/strong> e entenda por que esta cidade \u00e9 refer\u00eancia em turismo de sol e praia no estado do <strong>Rio de Janeiro<\/strong>.<\/p>\n\n\n\n<p><strong>Principais destaques:<\/strong><\/p>\n\n\n\n<ul class=\"wp-block-list\">\n<li><strong>Praias paradis\u00edacas<\/strong>: \u00e1guas cristalinas pela ressurg\u00eancia, <strong>Praia do Forte<\/strong>, <strong>Dunas<\/strong> e <strong>Pontal do Atalaia<\/strong>.<\/li>\n\n\n\n<li><strong>Patrim\u00f4nio hist\u00f3rico<\/strong>: <strong>Forte S\u00e3o Mateus<\/strong>, centro colonial preservado e igrejas centen\u00e1rias.<\/li>\n\n\n\n<li><strong>Clima privilegiado<\/strong>: sol durante quase todo o ano e uma das regi\u00f5es mais ensolaradas do Rio de Janeiro.<\/li>\n<\/ul>\n","protected":false},"excerpt":{"rendered":"<p>Cabo Frio, na Regi\u00e3o dos Lagos do estado do Rio de Janeiro, \u00e9 conhecida por suas praias de \u00e1guas cristalinas, dunas brancas e clima ensolarado durante quase todo o ano. Localizada a cerca de 150 km da capital Rio de Janeiro, pr\u00f3xima a munic\u00edpios como Arraial do Cabo, B\u00fazios e Iguaba Grande, Cabo Frio combina [&hellip;]<\/p>\n","protected":false},"author":8,"featured_media":145955,"comment_status":"open","ping_status":"open","sticky":false,"template":"","format":"standard","meta":{"_yoast_wpseo_focuskw":"Cabo Frio","_yoast_wpseo_title":"","_yoast_wpseo_metadesc":"Essa cidade carioca \u00e9 um para\u00edso brasileiro com natureza exuberante e \u00e1guas de tirar o f\u00f4lego que encantam qualquer visitante.","jnews-multi-image_gallery":[],"jnews_single_post":{"format":"standard"},"jnews_primary_category":[],"jnews_social_meta":[],"jnews_override_counter":[],"footnotes":""},"categories":[108,111],"post_tag":[7392,954,304],"class_list":["post-145600","post","type-post","status-publish","format-standard","has-post-thumbnail","hentry","category-cidades","category-turismo","tag-aguas-cristalinas","tag-cabo-frio","tag-rio-de-janeiro"],"yoast_head":"<!-- This site is optimized with the Yoast SEO plugin v24.6 - https:\/\/yoast.com\/wordpress\/plugins\/seo\/ -->\n<title>O para\u00edso carioca que est\u00e1 encantando viajantes com suas \u00e1guas e natureza intacta - Correio Braziliense - Radar<\/title>\n<meta name=\"description\" content=\"Essa cidade carioca \u00e9 um para\u00edso brasileiro com natureza exuberante e \u00e1guas de tirar o f\u00f4lego que encantam qualquer visitante.\" \/>\n<meta name=\"robots\" content=\"index, follow, max-snippet:-1, max-image-preview:large, max-video-preview:-1\" \/>\n<link rel=\"canonical\" href=\"https:\/\/www.correiobraziliense.com.br\/cbradar\/o-paraiso-carioca-que-esta-encantando-viajantes-com-suas-aguas-e-natureza-intacta\/\" \/>\n<meta property=\"og:locale\" content=\"pt_BR\" \/>\n<meta property=\"og:type\" content=\"article\" \/>\n<meta property=\"og:title\" content=\"O para\u00edso carioca que est\u00e1 encantando viajantes com suas \u00e1guas e natureza intacta - Correio Braziliense - Radar\" \/>\n<meta property=\"og:description\" content=\"Essa cidade carioca \u00e9 um para\u00edso brasileiro com natureza exuberante e \u00e1guas de tirar o f\u00f4lego que encantam qualquer visitante.\" \/>\n<meta property=\"og:url\" content=\"https:\/\/www.correiobraziliense.com.br\/cbradar\/o-paraiso-carioca-que-esta-encantando-viajantes-com-suas-aguas-e-natureza-intacta\/\" \/>\n<meta property=\"og:site_name\" content=\"Correio Braziliense - Radar\" \/>\n<meta property=\"article:published_time\" content=\"2025-11-29T00:05:00+00:00\" \/>\n<meta property=\"og:image\" content=\"https:\/\/www.correiobraziliense.com.br\/cbradar\/wp-content\/uploads\/2025\/11\/cabo-frio_1764245460385.jpg\" \/>\n\t<meta property=\"og:image:width\" content=\"1280\" \/>\n\t<meta property=\"og:image:height\" content=\"720\" \/>\n\t<meta property=\"og:image:type\" content=\"image\/jpeg\" \/>\n<meta name=\"author\" content=\"Maura Pereira\" \/>\n<meta name=\"twitter:card\" content=\"summary_large_image\" \/>\n<meta name=\"twitter:label1\" content=\"Escrito por\" \/>\n\t<meta name=\"twitter:data1\" content=\"Maura Pereira\" \/>\n\t<meta name=\"twitter:label2\" content=\"Est. tempo de leitura\" \/>\n\t<meta name=\"twitter:data2\" content=\"9 minutos\" \/>\n<!-- \/ Yoast SEO plugin. -->","yoast_head_json":{"title":"O para\u00edso carioca que est\u00e1 encantando viajantes com suas \u00e1guas e natureza intacta - Correio Braziliense - Radar","description":"Essa cidade carioca \u00e9 um para\u00edso brasileiro com natureza exuberante e \u00e1guas de tirar o f\u00f4lego que encantam qualquer visitante.","robots":{"index":"index","follow":"follow","max-snippet":"max-snippet:-1","max-image-preview":"max-image-preview:large","max-video-preview":"max-video-preview:-1"},"canonical":"https:\/\/www.correiobraziliense.com.br\/cbradar\/o-paraiso-carioca-que-esta-encantando-viajantes-com-suas-aguas-e-natureza-intacta\/","og_locale":"pt_BR","og_type":"article","og_title":"O para\u00edso carioca que est\u00e1 encantando viajantes com suas \u00e1guas e natureza intacta - Correio Braziliense - Radar","og_description":"Essa cidade carioca \u00e9 um para\u00edso brasileiro com natureza exuberante e \u00e1guas de tirar o f\u00f4lego que encantam qualquer visitante.","og_url":"https:\/\/www.correiobraziliense.com.br\/cbradar\/o-paraiso-carioca-que-esta-encantando-viajantes-com-suas-aguas-e-natureza-intacta\/","og_site_name":"Correio Braziliense - Radar","article_published_time":"2025-11-29T00:05:00+00:00","og_image":[{"width":1280,"height":720,"url":"https:\/\/www.correiobraziliense.com.br\/cbradar\/wp-content\/uploads\/2025\/11\/cabo-frio_1764245460385.jpg","type":"image\/jpeg"}],"author":"Maura Pereira","twitter_card":"summary_large_image","twitter_misc":{"Escrito por":"Maura Pereira","Est. tempo de leitura":"9 minutos"},"schema":{"@context":"https:\/\/schema.org","@graph":[{"@type":"WebPage","@id":"https:\/\/www.correiobraziliense.com.br\/cbradar\/o-paraiso-carioca-que-esta-encantando-viajantes-com-suas-aguas-e-natureza-intacta\/","url":"https:\/\/www.correiobraziliense.com.br\/cbradar\/o-paraiso-carioca-que-esta-encantando-viajantes-com-suas-aguas-e-natureza-intacta\/","name":"O para\u00edso carioca que est\u00e1 encantando viajantes com suas \u00e1guas e natureza intacta - Correio Braziliense - Radar","isPartOf":{"@id":"https:\/\/www.correiobraziliense.com.br\/cbradar\/#website"},"primaryImageOfPage":{"@id":"https:\/\/www.correiobraziliense.com.br\/cbradar\/o-paraiso-carioca-que-esta-encantando-viajantes-com-suas-aguas-e-natureza-intacta\/#primaryimage"},"image":{"@id":"https:\/\/www.correiobraziliense.com.br\/cbradar\/o-paraiso-carioca-que-esta-encantando-viajantes-com-suas-aguas-e-natureza-intacta\/#primaryimage"},"thumbnailUrl":"https:\/\/www.correiobraziliense.com.br\/cbradar\/wp-content\/uploads\/2025\/11\/cabo-frio_1764245460385.jpg","datePublished":"2025-11-29T00:05:00+00:00","author":{"@id":"https:\/\/www.correiobraziliense.com.br\/cbradar\/#\/schema\/person\/4053c651a9bfc785afc6f4cbc9032fd3"},"description":"Essa cidade carioca \u00e9 um para\u00edso brasileiro com natureza exuberante e \u00e1guas de tirar o f\u00f4lego que encantam qualquer visitante.","breadcrumb":{"@id":"https:\/\/www.correiobraziliense.com.br\/cbradar\/o-paraiso-carioca-que-esta-encantando-viajantes-com-suas-aguas-e-natureza-intacta\/#breadcrumb"},"inLanguage":"pt-BR","potentialAction":[{"@type":"ReadAction","target":["https:\/\/www.correiobraziliense.com.br\/cbradar\/o-paraiso-carioca-que-esta-encantando-viajantes-com-suas-aguas-e-natureza-intacta\/"]}]},{"@type":"ImageObject","inLanguage":"pt-BR","@id":"https:\/\/www.correiobraziliense.com.br\/cbradar\/o-paraiso-carioca-que-esta-encantando-viajantes-com-suas-aguas-e-natureza-intacta\/#primaryimage","url":"https:\/\/www.correiobraziliense.com.br\/cbradar\/wp-content\/uploads\/2025\/11\/cabo-frio_1764245460385.jpg","contentUrl":"https:\/\/www.correiobraziliense.com.br\/cbradar\/wp-content\/uploads\/2025\/11\/cabo-frio_1764245460385.jpg","width":1280,"height":720,"caption":"Faz divisa com destinos tur\u00edsticos como Arraial do Cabo e B\u00fazios - Cr\u00e9ditos: depositphotos.com \/ Cristian_Lourenco"},{"@type":"BreadcrumbList","@id":"https:\/\/www.correiobraziliense.com.br\/cbradar\/o-paraiso-carioca-que-esta-encantando-viajantes-com-suas-aguas-e-natureza-intacta\/#breadcrumb","itemListElement":[{"@type":"ListItem","position":1,"name":"In\u00edcio","item":"https:\/\/www.correiobraziliense.com.br\/cbradar\/"},{"@type":"ListItem","position":2,"name":"O para\u00edso carioca que est\u00e1 encantando viajantes com suas \u00e1guas e natureza intacta"}]},{"@type":"WebSite","@id":"https:\/\/www.correiobraziliense.com.br\/cbradar\/#website","url":"https:\/\/www.correiobraziliense.com.br\/cbradar\/","name":"Correio Braziliense - Radar","description":"Acompanhe as \u00faltimas not\u00edcias e fique bem informado sobre tudo o que acontece no Brasil e no mundo.","potentialAction":[{"@type":"SearchAction","target":{"@type":"EntryPoint","urlTemplate":"https:\/\/www.correiobraziliense.com.br\/cbradar\/?s={search_term_string}"},"query-input":{"@type":"PropertyValueSpecification","valueRequired":true,"valueName":"search_term_string"}}],"inLanguage":"pt-BR"},{"@type":"Person","@id":"https:\/\/www.correiobraziliense.com.br\/cbradar\/#\/schema\/person\/4053c651a9bfc785afc6f4cbc9032fd3","name":"Maura Pereira","image":{"@type":"ImageObject","inLanguage":"pt-BR","@id":"https:\/\/www.correiobraziliense.com.br\/cbradar\/#\/schema\/person\/image\/","url":"https:\/\/secure.gravatar.com\/avatar\/3effd6bdadfa447f15089c7f7144eaa6?s=96&d=mm&r=g","contentUrl":"https:\/\/secure.gravatar.com\/avatar\/3effd6bdadfa447f15089c7f7144eaa6?s=96&d=mm&r=g","caption":"Maura Pereira"},"sameAs":["https:\/\/www.correiobraziliense.com.br\/"],"url":"https:\/\/www.correiobraziliense.com.br\/cbradar\/author\/mauramyth\/"}]}},"_links":{"self":[{"href":"https:\/\/www.correiobraziliense.com.br\/cbradar\/wp-json\/wp\/v2\/posts\/145600","targetHints":{"allow":["GET"]}}],"collection":[{"href":"https:\/\/www.correiobraziliense.com.br\/cbradar\/wp-json\/wp\/v2\/posts"}],"about":[{"href":"https:\/\/www.correiobraziliense.com.br\/cbradar\/wp-json\/wp\/v2\/types\/post"}],"author":[{"embeddable":true,"href":"https:\/\/www.correiobraziliense.com.br\/cbradar\/wp-json\/wp\/v2\/users\/8"}],"replies":[{"embeddable":true,"href":"https:\/\/www.correiobraziliense.com.br\/cbradar\/wp-json\/wp\/v2\/comments?post=145600"}],"version-history":[{"count":9,"href":"https:\/\/www.correiobraziliense.com.br\/cbradar\/wp-json\/wp\/v2\/posts\/145600\/revisions"}],"predecessor-version":[{"id":145816,"href":"https:\/\/www.correiobraziliense.com.br\/cbradar\/wp-json\/wp\/v2\/posts\/145600\/revisions\/145816"}],"wp:featuredmedia":[{"embeddable":true,"href":"https:\/\/www.correiobraziliense.com.br\/cbradar\/wp-json\/wp\/v2\/media\/145955"}],"wp:attachment":[{"href":"https:\/\/www.correiobraziliense.com.br\/cbradar\/wp-json\/wp\/v2\/media?parent=145600"}],"wp:term":[{"taxonomy":"category","embeddable":true,"href":"https:\/\/www.correiobraziliense.com.br\/cbradar\/wp-json\/wp\/v2\/categories?post=145600"},{"taxonomy":"post_tag","embeddable":true,"href":"https:\/\/www.correiobraziliense.com.br\/cbradar\/wp-json\/wp\/v2\/post_tag?post=145600"}],"curies":[{"name":"wp","href":"https:\/\/api.w.org\/{rel}","templated":true}]}}