{"id":14585,"date":"2025-03-22T10:30:00","date_gmt":"2025-03-22T13:30:00","guid":{"rendered":"https:\/\/www.correiobraziliense.com.br\/cbradar\/?p=14585"},"modified":"2025-03-21T22:26:49","modified_gmt":"2025-03-22T01:26:49","slug":"nova-serie-live-action-de-power-rangers-e-negociada-pela-disney","status":"publish","type":"post","link":"https:\/\/www.correiobraziliense.com.br\/cbradar\/nova-serie-live-action-de-power-rangers-e-negociada-pela-disney\/","title":{"rendered":"Nova s\u00e9rie live-action de Power Rangers \u00e9 negociada pela Disney"},"content":{"rendered":"\n<p>A franquia &#8220;<strong>Power Rangers<\/strong>&#8221; est\u00e1 prestes a entrar em uma nova fase com o desenvolvimento de uma s\u00e9rie live-action pela <strong>Disney<\/strong>. Este projeto, liderado por <strong>Jonathan E. Steinberg e Dan Shotz<\/strong>, visa trazer uma perspectiva renovada para a s\u00e9rie, mantendo sua ess\u00eancia que cativou f\u00e3s por d\u00e9cadas. Desde sua estreia em 1993, &#8220;Power Rangers&#8221; se estabeleceu como um \u00edcone da cultura pop, apresentando jovens her\u00f3is que lutam contra for\u00e7as do mal.<\/p>\n\n\n\n<p>Originalmente adaptada da s\u00e9rie japonesa &#8220;Super Sentai&#8221;, &#8220;Power Rangers&#8221; conquistou uma legi\u00e3o de f\u00e3s ao longo dos anos. A narrativa de adolescentes que se transformam em her\u00f3is coloridos para enfrentar vil\u00f5es ressoou com o p\u00fablico global, resultando em diversas temporadas e adapta\u00e7\u00f5es cinematogr\u00e1ficas. A s\u00e9rie continua a ser uma refer\u00eancia para muitas gera\u00e7\u00f5es, gra\u00e7as \u00e0 sua combina\u00e7\u00e3o de a\u00e7\u00e3o, aventura e valores de amizade e coragem.<\/p>\n\n\n\n<h2 class=\"wp-block-heading\"><strong>Como a Hasbro planeja revitalizar os Power Rangers?<\/strong><\/h2>\n\n\n\n<p>Em 2018, a Hasbro adquiriu os direitos da franquia &#8220;Power Rangers&#8221;, sinalizando uma nova era para a s\u00e9rie. A empresa est\u00e1 empenhada em revitalizar a marca, introduzindo elementos modernos que possam atrair tanto novos espectadores quanto os f\u00e3s de longa data. A nova s\u00e9rie live-action \u00e9 parte dessa estrat\u00e9gia, prometendo uma abordagem que equilibra inova\u00e7\u00e3o e nostalgia.<\/p>\n\n\n\n<p>Al\u00e9m dos &#8220;Power Rangers&#8221;, a Hasbro est\u00e1 expandindo seu portf\u00f3lio de entretenimento com projetos como a adapta\u00e7\u00e3o do jogo &#8220;<strong>Detetive<\/strong>&#8221; e uma s\u00e9rie de &#8220;<strong>Dungeons &amp; Dragons<\/strong>&#8220;. Esses empreendimentos refletem a inten\u00e7\u00e3o da empresa de diversificar suas ofertas e capturar a aten\u00e7\u00e3o de diferentes p\u00fablicos ao redor do mundo.<\/p>\n\n\n\n<figure class=\"wp-block-image size-large\"><img decoding=\"async\" width=\"1024\" height=\"576\" src=\"https:\/\/www.correiobraziliense.com.br\/cbradar\/wp-content\/uploads\/2025\/03\/Power-Rangers_1742562132855-1024x576.jpg\" alt=\"Nova s\u00e9rie live-action de Power Rangers \u00e9 negociada pela Disney\" class=\"wp-image-14591\" srcset=\"https:\/\/www.correiobraziliense.com.br\/cbradar\/wp-content\/uploads\/2025\/03\/Power-Rangers_1742562132855-1024x576.jpg 1024w, https:\/\/www.correiobraziliense.com.br\/cbradar\/wp-content\/uploads\/2025\/03\/Power-Rangers_1742562132855-300x169.jpg 300w, https:\/\/www.correiobraziliense.com.br\/cbradar\/wp-content\/uploads\/2025\/03\/Power-Rangers_1742562132855-768x432.jpg 768w, https:\/\/www.correiobraziliense.com.br\/cbradar\/wp-content\/uploads\/2025\/03\/Power-Rangers_1742562132855-750x422.jpg 750w, https:\/\/www.correiobraziliense.com.br\/cbradar\/wp-content\/uploads\/2025\/03\/Power-Rangers_1742562132855-1140x641.jpg 1140w, https:\/\/www.correiobraziliense.com.br\/cbradar\/wp-content\/uploads\/2025\/03\/Power-Rangers_1742562132855.jpg 1280w\" sizes=\"(max-width: 1024px) 100vw, 1024px\" \/><figcaption class=\"wp-element-caption\">Power Rangers. Cr\u00e9ditos: depositphotos.com \/ lozt<\/figcaption><\/figure>\n\n\n\n<h2 class=\"wp-block-heading\"><strong>Quem s\u00e3o os criadores por tr\u00e1s da nova s\u00e9rie?<\/strong><\/h2>\n\n\n\n<p>Jonathan E. Steinberg e Dan Shotz foram escolhidos para liderar a nova s\u00e9rie de &#8220;Power Rangers&#8221;. Conhecidos por seu trabalho em &#8220;Percy Jackson e os Olimpianos&#8221;, a dupla traz uma vasta experi\u00eancia em criar narrativas envolventes e complexas. Steinberg e Shotz t\u00eam um hist\u00f3rico de sucesso em produ\u00e7\u00f5es que combinam elementos de fantasia e aventura, o que os torna uma escolha ideal para reimaginar os &#8220;Power Rangers&#8221;.<\/p>\n\n\n\n<p>Com a nova s\u00e9rie, espera-se que eles introduzam uma vis\u00e3o fresca que respeite o legado da franquia enquanto incorpora inova\u00e7\u00f5es criativas. A expectativa \u00e9 que a s\u00e9rie ofere\u00e7a hist\u00f3rias cativantes e personagens memor\u00e1veis, capazes de atrair uma nova gera\u00e7\u00e3o de f\u00e3s.<\/p>\n\n\n\n<h2 class=\"wp-block-heading\"><strong>O que o futuro reserva para os Power Rangers?<\/strong><\/h2>\n\n\n\n<p>O futuro dos &#8220;Power Rangers&#8221; parece promissor, com a Disney e a Hasbro unindo for\u00e7as para produzir uma s\u00e9rie que promete ser um marco na hist\u00f3ria da franquia. \u00c0 medida que a produ\u00e7\u00e3o avan\u00e7a, os f\u00e3s aguardam ansiosamente por mais detalhes sobre a trama e os personagens que ser\u00e3o apresentados. Com uma abordagem renovada, a s\u00e9rie tem o potencial de reengajar antigos f\u00e3s e conquistar novos admiradores, garantindo que os &#8220;Power Rangers&#8221; continuem a ser uma presen\u00e7a influente na cultura pop.<\/p>\n","protected":false},"excerpt":{"rendered":"<p>A franquia Power Rangers gaining uma nova s\u00e9rie live-action produzida pela Disney em colabora\u00e7\u00e3o com a Hasbro.<\/p>\n","protected":false},"author":3,"featured_media":14590,"comment_status":"open","ping_status":"open","sticky":false,"template":"","format":"standard","meta":{"_yoast_wpseo_focuskw":"live-action Power Rangers","_yoast_wpseo_title":"","_yoast_wpseo_metadesc":"A franquia Power Rangers gaining uma nova s\u00e9rie live-action produzida pela Disney em colabora\u00e7\u00e3o com a Hasbro.","jnews-multi-image_gallery":[],"jnews_single_post":{"format":"standard"},"jnews_primary_category":[],"jnews_social_meta":[],"jnews_override_counter":[],"footnotes":""},"categories":[140],"post_tag":[977,568],"class_list":["post-14585","post","type-post","status-publish","format-standard","has-post-thumbnail","hentry","category-entretenimento","tag-disney","tag-series-e-filmes"],"yoast_head":"<!-- This site is optimized with the Yoast SEO plugin v24.6 - https:\/\/yoast.com\/wordpress\/plugins\/seo\/ -->\n<title>Nova s\u00e9rie live-action de Power Rangers \u00e9 negociada pela Disney - Correio Braziliense - Radar<\/title>\n<meta name=\"description\" content=\"A franquia Power Rangers gaining uma nova s\u00e9rie live-action produzida pela Disney em colabora\u00e7\u00e3o com a Hasbro.\" \/>\n<meta name=\"robots\" content=\"index, follow, max-snippet:-1, max-image-preview:large, max-video-preview:-1\" \/>\n<link rel=\"canonical\" href=\"https:\/\/www.correiobraziliense.com.br\/cbradar\/nova-serie-live-action-de-power-rangers-e-negociada-pela-disney\/\" \/>\n<meta property=\"og:locale\" content=\"pt_BR\" \/>\n<meta property=\"og:type\" content=\"article\" \/>\n<meta property=\"og:title\" content=\"Nova s\u00e9rie live-action de Power Rangers \u00e9 negociada pela Disney - Correio Braziliense - Radar\" \/>\n<meta property=\"og:description\" content=\"A franquia Power Rangers gaining uma nova s\u00e9rie live-action produzida pela Disney em colabora\u00e7\u00e3o com a Hasbro.\" \/>\n<meta property=\"og:url\" content=\"https:\/\/www.correiobraziliense.com.br\/cbradar\/nova-serie-live-action-de-power-rangers-e-negociada-pela-disney\/\" \/>\n<meta property=\"og:site_name\" content=\"Correio Braziliense - Radar\" \/>\n<meta property=\"article:published_time\" content=\"2025-03-22T13:30:00+00:00\" \/>\n<meta property=\"og:image\" content=\"https:\/\/www.correiobraziliense.com.br\/cbradar\/wp-content\/uploads\/2025\/03\/Power-Rangers_1742562100134.jpg\" \/>\n\t<meta property=\"og:image:width\" content=\"1280\" \/>\n\t<meta property=\"og:image:height\" content=\"720\" \/>\n\t<meta property=\"og:image:type\" content=\"image\/jpeg\" \/>\n<meta name=\"author\" content=\"Larissa Carvalho\" \/>\n<meta name=\"twitter:card\" content=\"summary_large_image\" \/>\n<meta name=\"twitter:label1\" content=\"Escrito por\" \/>\n\t<meta name=\"twitter:data1\" content=\"Larissa Carvalho\" \/>\n\t<meta name=\"twitter:label2\" content=\"Est. tempo de leitura\" \/>\n\t<meta name=\"twitter:data2\" content=\"3 minutos\" \/>\n<!-- \/ Yoast SEO plugin. -->","yoast_head_json":{"title":"Nova s\u00e9rie live-action de Power Rangers \u00e9 negociada pela Disney - Correio Braziliense - Radar","description":"A franquia Power Rangers gaining uma nova s\u00e9rie live-action produzida pela Disney em colabora\u00e7\u00e3o com a Hasbro.","robots":{"index":"index","follow":"follow","max-snippet":"max-snippet:-1","max-image-preview":"max-image-preview:large","max-video-preview":"max-video-preview:-1"},"canonical":"https:\/\/www.correiobraziliense.com.br\/cbradar\/nova-serie-live-action-de-power-rangers-e-negociada-pela-disney\/","og_locale":"pt_BR","og_type":"article","og_title":"Nova s\u00e9rie live-action de Power Rangers \u00e9 negociada pela Disney - Correio Braziliense - Radar","og_description":"A franquia Power Rangers gaining uma nova s\u00e9rie live-action produzida pela Disney em colabora\u00e7\u00e3o com a Hasbro.","og_url":"https:\/\/www.correiobraziliense.com.br\/cbradar\/nova-serie-live-action-de-power-rangers-e-negociada-pela-disney\/","og_site_name":"Correio Braziliense - Radar","article_published_time":"2025-03-22T13:30:00+00:00","og_image":[{"width":1280,"height":720,"url":"https:\/\/www.correiobraziliense.com.br\/cbradar\/wp-content\/uploads\/2025\/03\/Power-Rangers_1742562100134.jpg","type":"image\/jpeg"}],"author":"Larissa Carvalho","twitter_card":"summary_large_image","twitter_misc":{"Escrito por":"Larissa Carvalho","Est. tempo de leitura":"3 minutos"},"schema":{"@context":"https:\/\/schema.org","@graph":[{"@type":"WebPage","@id":"https:\/\/www.correiobraziliense.com.br\/cbradar\/nova-serie-live-action-de-power-rangers-e-negociada-pela-disney\/","url":"https:\/\/www.correiobraziliense.com.br\/cbradar\/nova-serie-live-action-de-power-rangers-e-negociada-pela-disney\/","name":"Nova s\u00e9rie live-action de Power Rangers \u00e9 negociada pela Disney - Correio Braziliense - Radar","isPartOf":{"@id":"https:\/\/www.correiobraziliense.com.br\/cbradar\/#website"},"primaryImageOfPage":{"@id":"https:\/\/www.correiobraziliense.com.br\/cbradar\/nova-serie-live-action-de-power-rangers-e-negociada-pela-disney\/#primaryimage"},"image":{"@id":"https:\/\/www.correiobraziliense.com.br\/cbradar\/nova-serie-live-action-de-power-rangers-e-negociada-pela-disney\/#primaryimage"},"thumbnailUrl":"https:\/\/www.correiobraziliense.com.br\/cbradar\/wp-content\/uploads\/2025\/03\/Power-Rangers_1742562100134.jpg","datePublished":"2025-03-22T13:30:00+00:00","author":{"@id":"https:\/\/www.correiobraziliense.com.br\/cbradar\/#\/schema\/person\/58422787644df994b53a19d3e56c1513"},"description":"A franquia Power Rangers gaining uma nova s\u00e9rie live-action produzida pela Disney em colabora\u00e7\u00e3o com a Hasbro.","breadcrumb":{"@id":"https:\/\/www.correiobraziliense.com.br\/cbradar\/nova-serie-live-action-de-power-rangers-e-negociada-pela-disney\/#breadcrumb"},"inLanguage":"pt-BR","potentialAction":[{"@type":"ReadAction","target":["https:\/\/www.correiobraziliense.com.br\/cbradar\/nova-serie-live-action-de-power-rangers-e-negociada-pela-disney\/"]}]},{"@type":"ImageObject","inLanguage":"pt-BR","@id":"https:\/\/www.correiobraziliense.com.br\/cbradar\/nova-serie-live-action-de-power-rangers-e-negociada-pela-disney\/#primaryimage","url":"https:\/\/www.correiobraziliense.com.br\/cbradar\/wp-content\/uploads\/2025\/03\/Power-Rangers_1742562100134.jpg","contentUrl":"https:\/\/www.correiobraziliense.com.br\/cbradar\/wp-content\/uploads\/2025\/03\/Power-Rangers_1742562100134.jpg","width":1280,"height":720,"caption":"Power Rangers. Cr\u00e9ditos: depositphotos.com \/ kobbydagan"},{"@type":"BreadcrumbList","@id":"https:\/\/www.correiobraziliense.com.br\/cbradar\/nova-serie-live-action-de-power-rangers-e-negociada-pela-disney\/#breadcrumb","itemListElement":[{"@type":"ListItem","position":1,"name":"In\u00edcio","item":"https:\/\/www.correiobraziliense.com.br\/cbradar\/"},{"@type":"ListItem","position":2,"name":"Nova s\u00e9rie live-action de Power Rangers \u00e9 negociada pela Disney"}]},{"@type":"WebSite","@id":"https:\/\/www.correiobraziliense.com.br\/cbradar\/#website","url":"https:\/\/www.correiobraziliense.com.br\/cbradar\/","name":"Correio Braziliense - Radar","description":"Acompanhe as \u00faltimas not\u00edcias e fique bem informado sobre tudo o que acontece no Brasil e no mundo.","potentialAction":[{"@type":"SearchAction","target":{"@type":"EntryPoint","urlTemplate":"https:\/\/www.correiobraziliense.com.br\/cbradar\/?s={search_term_string}"},"query-input":{"@type":"PropertyValueSpecification","valueRequired":true,"valueName":"search_term_string"}}],"inLanguage":"pt-BR"},{"@type":"Person","@id":"https:\/\/www.correiobraziliense.com.br\/cbradar\/#\/schema\/person\/58422787644df994b53a19d3e56c1513","name":"Larissa Carvalho","image":{"@type":"ImageObject","inLanguage":"pt-BR","@id":"https:\/\/www.correiobraziliense.com.br\/cbradar\/#\/schema\/person\/image\/","url":"https:\/\/secure.gravatar.com\/avatar\/fe4f91a0de32b52a838d0d612abdc1aa?s=96&d=mm&r=g","contentUrl":"https:\/\/secure.gravatar.com\/avatar\/fe4f91a0de32b52a838d0d612abdc1aa?s=96&d=mm&r=g","caption":"Larissa Carvalho"},"url":"https:\/\/www.correiobraziliense.com.br\/cbradar\/author\/larissamyth\/"}]}},"_links":{"self":[{"href":"https:\/\/www.correiobraziliense.com.br\/cbradar\/wp-json\/wp\/v2\/posts\/14585","targetHints":{"allow":["GET"]}}],"collection":[{"href":"https:\/\/www.correiobraziliense.com.br\/cbradar\/wp-json\/wp\/v2\/posts"}],"about":[{"href":"https:\/\/www.correiobraziliense.com.br\/cbradar\/wp-json\/wp\/v2\/types\/post"}],"author":[{"embeddable":true,"href":"https:\/\/www.correiobraziliense.com.br\/cbradar\/wp-json\/wp\/v2\/users\/3"}],"replies":[{"embeddable":true,"href":"https:\/\/www.correiobraziliense.com.br\/cbradar\/wp-json\/wp\/v2\/comments?post=14585"}],"version-history":[{"count":1,"href":"https:\/\/www.correiobraziliense.com.br\/cbradar\/wp-json\/wp\/v2\/posts\/14585\/revisions"}],"predecessor-version":[{"id":14592,"href":"https:\/\/www.correiobraziliense.com.br\/cbradar\/wp-json\/wp\/v2\/posts\/14585\/revisions\/14592"}],"wp:featuredmedia":[{"embeddable":true,"href":"https:\/\/www.correiobraziliense.com.br\/cbradar\/wp-json\/wp\/v2\/media\/14590"}],"wp:attachment":[{"href":"https:\/\/www.correiobraziliense.com.br\/cbradar\/wp-json\/wp\/v2\/media?parent=14585"}],"wp:term":[{"taxonomy":"category","embeddable":true,"href":"https:\/\/www.correiobraziliense.com.br\/cbradar\/wp-json\/wp\/v2\/categories?post=14585"},{"taxonomy":"post_tag","embeddable":true,"href":"https:\/\/www.correiobraziliense.com.br\/cbradar\/wp-json\/wp\/v2\/post_tag?post=14585"}],"curies":[{"name":"wp","href":"https:\/\/api.w.org\/{rel}","templated":true}]}}