{"id":145889,"date":"2025-11-28T08:05:02","date_gmt":"2025-11-28T11:05:02","guid":{"rendered":"https:\/\/www.correiobraziliense.com.br\/cbradar\/?p=145889"},"modified":"2025-11-27T09:31:07","modified_gmt":"2025-11-27T12:31:07","slug":"a-erva-roxa-que-protege-suas-celulas-e-ainda-deixa-sua-horta-mais-bonita","status":"publish","type":"post","link":"https:\/\/www.correiobraziliense.com.br\/cbradar\/a-erva-roxa-que-protege-suas-celulas-e-ainda-deixa-sua-horta-mais-bonita\/","title":{"rendered":"A erva roxa que protege suas c\u00e9lulas e ainda deixa sua horta mais bonita"},"content":{"rendered":"\n<p>O <strong>manjeric\u00e3o roxo<\/strong> \u00e9 uma varia\u00e7\u00e3o do manjeric\u00e3o tradicional que chama aten\u00e7\u00e3o pela sua cor vibrante e tamb\u00e9m pelos importantes <strong>benef\u00edcios \u00e0 sa\u00fade<\/strong>, gra\u00e7as ao seu alto teor de antioxidantes e seu sabor marcante, que conquistam tanto na culin\u00e1ria quanto em pr\u00e1ticas terap\u00eauticas naturais.<\/p>\n\n\n\n<h2 class=\"wp-block-heading\">Descubra o que diferencia o manjeric\u00e3o roxo do tradicional<\/h2>\n\n\n\n<p>Esse tipo de manjeric\u00e3o se destaca pela tonalidade intensa, resultante de pigmentos presentes tamb\u00e9m nas <strong>beterrabas<\/strong> e <strong>uvas<\/strong>, que garantem efeitos antioxidantes potentes. Al\u00e9m da cor, ele entrega um aroma e sabor mais acentuados que o manjeric\u00e3o <strong>verde<\/strong>, trazendo uma experi\u00eancia sensorial \u00fanica.<\/p>\n\n\n\n<p>O cultivo do <strong>manjeric\u00e3o roxo<\/strong> tamb\u00e9m \u00e9 atrativo, pois sua colora\u00e7\u00e3o torna as hortas e jardins mais belos. Muitas pessoas escolhem essa variedade, inclusive, apenas pelo valor ornamental da planta.<\/p>\n\n\n<div class=\"wp-block-image\">\n<figure class=\"aligncenter size-large\"><img decoding=\"async\" width=\"1024\" height=\"576\" src=\"https:\/\/www.correiobraziliense.com.br\/cbradar\/wp-content\/uploads\/2025\/11\/manjericao-roxo_1764241021164-1024x576.jpg\" alt=\"\" class=\"wp-image-145899\" srcset=\"https:\/\/www.correiobraziliense.com.br\/cbradar\/wp-content\/uploads\/2025\/11\/manjericao-roxo_1764241021164-1024x576.jpg 1024w, https:\/\/www.correiobraziliense.com.br\/cbradar\/wp-content\/uploads\/2025\/11\/manjericao-roxo_1764241021164-300x169.jpg 300w, https:\/\/www.correiobraziliense.com.br\/cbradar\/wp-content\/uploads\/2025\/11\/manjericao-roxo_1764241021164-768x432.jpg 768w, https:\/\/www.correiobraziliense.com.br\/cbradar\/wp-content\/uploads\/2025\/11\/manjericao-roxo_1764241021164-750x422.jpg 750w, https:\/\/www.correiobraziliense.com.br\/cbradar\/wp-content\/uploads\/2025\/11\/manjericao-roxo_1764241021164-1140x641.jpg 1140w, https:\/\/www.correiobraziliense.com.br\/cbradar\/wp-content\/uploads\/2025\/11\/manjericao-roxo_1764241021164.jpg 1280w\" sizes=\"(max-width: 1024px) 100vw, 1024px\" \/><figcaption class=\"wp-element-caption\">Al\u00e9m da cor, ele entrega um aroma e sabor mais acentuados que o manjeric\u00e3o verde, trazendo uma experi\u00eancia sensorial \u00fanica &#8211; Cr\u00e9ditos: depositphotos.com \/ Tinatin1<\/figcaption><\/figure><\/div>\n\n\n<p>Leia tamb\u00e9m:&nbsp;<a href=\"https:\/\/www.correiobraziliense.com.br\/cbradar\/fruta-desconhecida-que-ajuda-na-saude-do-figado-de-forma-natural\/\" target=\"_blank\" rel=\"noopener\">Fruta desconhecida que ajuda na sa\u00fade do f\u00edgado de forma natural<\/a><\/p>\n\n\n\n<h2 class=\"wp-block-heading\">Saiba como os antioxidantes do manjeric\u00e3o roxo contribuem para a sa\u00fade<\/h2>\n\n\n\n<p>Os <strong>antioxidantes<\/strong> do manjeric\u00e3o roxo agem diretamente na prote\u00e7\u00e3o das c\u00e9lulas, defendendo o organismo contra os danos causados pelos <strong>radicais livres<\/strong> e prevenindo doen\u00e7as diversas. Entre os compostos ativos, os flavonoides t\u00eam destaque por beneficiarem tanto o c\u00e9rebro quanto o funcionamento card\u00edaco.<\/p>\n\n\n\n<p>Pesquisas recentes mostram que o uso regular dessa erva pode auxiliar na sa\u00fade da <strong>pele<\/strong>, controlar inflama\u00e7\u00f5es e retardar o envelhecimento celular. Por isso, o manjeric\u00e3o roxo \u00e9 cada vez mais valorizado em <strong>dietas saud\u00e1veis<\/strong>.<\/p>\n\n\n\n<h2 class=\"wp-block-heading\">Veja como plantar manjeric\u00e3o roxo facilmente em casa<\/h2>\n\n\n\n<p>O processo de cultivar o <strong>manjeric\u00e3o roxo<\/strong> \u00e9 simples e acess\u00edvel, mesmo para quem est\u00e1 come\u00e7ando na jardinagem. Basta escolher um <strong>local bem iluminado<\/strong> e dedicar alguns cuidados b\u00e1sicos ao cultivo.<\/p>\n\n\n\n<p>Confira os passos essenciais para iniciar seu plantio:<\/p>\n\n\n\n<figure class=\"wp-block-table has-medium-font-size\"><table class=\"has-black-color has-text-color has-link-color has-fixed-layout\"><thead><tr><th>Etapa<\/th><th>O que fazer<\/th><th>Dica Extra<\/th><\/tr><\/thead><tbody><tr><td><strong>Escolha um vaso apropriado<\/strong><\/td><td>Utilize um recipiente com boa drenagem.<\/td><td>Prefira <strong>vasos de barro<\/strong> para absorver o excesso de umidade.<\/td><\/tr><tr><td><strong>Prepare o solo<\/strong><\/td><td>Misture terra com adubo para garantir nutrientes.<\/td><td>Use h\u00famus de minhoca para ajudar no desenvolvimento das ra\u00edzes.<\/td><\/tr><tr><td><strong>Plante sementes ou mudas<\/strong><\/td><td>Cubra levemente e regue com parcim\u00f4nia.<\/td><td>Evite cobrir completamente as sementes para favorecer a germina\u00e7\u00e3o.<\/td><\/tr><tr><td><strong>Fa\u00e7a a manuten\u00e7\u00e3o<\/strong><\/td><td>Mantenha o solo \u00famido sem encharcar e adicione fertilizante periodicamente.<\/td><td>Regue pela manh\u00e3 para evitar fungos e problemas de umidade \u00e0 noite.<\/td><\/tr><\/tbody><\/table><\/figure>\n\n\n\n<ol class=\"wp-block-list\">\n<li><strong>Escolha um vaso apropriado:<\/strong> Utilize um recipiente com boa drenagem.<\/li>\n\n\n\n<li><strong>Prepare o solo:<\/strong> Misture terra com adubo para garantir <strong>nutrientes<\/strong>.<\/li>\n\n\n\n<li><strong>Plante sementes ou mudas:<\/strong> Cubra levemente e regue com parcim\u00f4nia.<\/li>\n\n\n\n<li><strong>Fa\u00e7a a manuten\u00e7\u00e3o:<\/strong> Mantenha o solo \u00famido sem encharcar e adicione fertilizante periodicamente.<\/li>\n<\/ol>\n\n\n\n<h2 class=\"wp-block-heading\">Confira dicas para manter o manjeric\u00e3o roxo saud\u00e1vel<\/h2>\n\n\n\n<p>Quem deseja ter <strong>manjeric\u00e3o roxo<\/strong> sempre vi\u00e7oso deve observar atentamente a frequ\u00eancia de rega e a quantidade de <strong>luz solar<\/strong> recebida. Evitar o ac\u00famulo excessivo de \u00e1gua \u00e9 fundamental para prevenir o apodrecimento das ra\u00edzes.<\/p>\n\n\n\n<p>\u00c9 importante tamb\u00e9m monitorar o aparecimento de <strong>pragas<\/strong> e realizar podas peri\u00f3dicas nas folhas. Assim, a planta cresce forte, renovando seu vigor e beleza ao longo das esta\u00e7\u00f5es. No v\u00eddeo abaixo, o canal <a href=\"https:\/\/www.youtube.com\/@hortamineira1234\" target=\"_blank\" rel=\"noreferrer noopener\">Horta Mineira<\/a> ensina a como plantar manjeric\u00e3o roxo em casa:<\/p>\n\n\n\n<figure class=\"wp-block-embed is-type-video is-provider-youtube wp-block-embed-youtube wp-embed-aspect-16-9 wp-has-aspect-ratio\"><div class=\"wp-block-embed__wrapper\">\n<div class=\"jeg_video_container jeg_video_content\"><iframe loading=\"lazy\" title=\"COMO PLANTAR MANJERIC\u00c3O ROXO E SEUS BENEF\u00cdCIOS\" width=\"500\" height=\"281\" src=\"https:\/\/www.youtube.com\/embed\/eTMKvqgEZTw?feature=oembed\" frameborder=\"0\" allow=\"accelerometer; autoplay; clipboard-write; encrypted-media; gyroscope; picture-in-picture; web-share\" referrerpolicy=\"strict-origin-when-cross-origin\" allowfullscreen><\/iframe><\/div>\n<\/div><\/figure>\n\n\n\n<h2 class=\"wp-block-heading\">Descubra maneiras de usar o manjeric\u00e3o roxo na culin\u00e1ria<\/h2>\n\n\n\n<p>O <strong>manjeric\u00e3o roxo<\/strong> pode substituir o manjeric\u00e3o verde em receitas cl\u00e1ssicas, desde <strong>molhos<\/strong> at\u00e9 saladas e massas, agregando cor e sabor especial. Sua presen\u00e7a nos pratos eleva a apresenta\u00e7\u00e3o, tornando-os mais sofisticados e arom\u00e1ticos.<\/p>\n\n\n\n<p>Para versatilizar o uso do manjeric\u00e3o roxo na <strong>cozinha<\/strong>, vale experimentar:<\/p>\n\n\n\n<ul class=\"wp-block-list\">\n<li>Adicionar folhas frescas em <strong>saladas<\/strong> e bruschettas<\/li>\n\n\n\n<li>Preparar pestos e <strong>molhos arom\u00e1ticos<\/strong><\/li>\n\n\n\n<li>Usar como <strong>decora\u00e7\u00e3o<\/strong> em massas e sopas<\/li>\n<\/ul>\n\n\n\n<p>No geral, o <strong>manjeric\u00e3o roxo<\/strong> \u00e9 uma escolha vantajosa por reunir beleza, sabor e propriedades funcionais, sendo ideal tanto para hortas dom\u00e9sticas quanto para uso culin\u00e1rio e terap\u00eautico.<\/p>\n","protected":false},"excerpt":{"rendered":"<p>O manjeric\u00e3o roxo \u00e9 uma varia\u00e7\u00e3o do manjeric\u00e3o tradicional que chama aten\u00e7\u00e3o pela sua cor vibrante e tamb\u00e9m pelos importantes benef\u00edcios \u00e0 sa\u00fade, gra\u00e7as ao seu alto teor de antioxidantes e seu sabor marcante, que conquistam tanto na culin\u00e1ria quanto em pr\u00e1ticas terap\u00eauticas naturais. Descubra o que diferencia o manjeric\u00e3o roxo do tradicional Esse tipo [&hellip;]<\/p>\n","protected":false},"author":9,"featured_media":145978,"comment_status":"open","ping_status":"open","sticky":false,"template":"","format":"standard","meta":{"_yoast_wpseo_focuskw":"manjeric\u00e3o roxo","_yoast_wpseo_title":"","_yoast_wpseo_metadesc":"Erva roxa rica em antioxidantes que real\u00e7a receitas, protege a sa\u00fade e \u00e9 simples de cultivar em casa com poucos cuidados.","jnews-multi-image_gallery":[],"jnews_single_post":{"format":"standard"},"jnews_primary_category":[],"jnews_social_meta":[],"jnews_override_counter":[],"footnotes":""},"categories":[119,136],"post_tag":[194,137,12014],"class_list":["post-145889","post","type-post","status-publish","format-standard","has-post-thumbnail","hentry","category-bem-estar","category-jardinagem","tag-beneficios","tag-como-plantar","tag-manjericao-roxo"],"yoast_head":"<!-- This site is optimized with the Yoast SEO plugin v24.6 - https:\/\/yoast.com\/wordpress\/plugins\/seo\/ -->\n<title>A erva roxa que protege suas c\u00e9lulas e ainda deixa sua horta mais bonita - Correio Braziliense - Radar<\/title>\n<meta name=\"description\" content=\"Erva roxa rica em antioxidantes que real\u00e7a receitas, protege a sa\u00fade e \u00e9 simples de cultivar em casa com poucos cuidados.\" \/>\n<meta name=\"robots\" content=\"index, follow, max-snippet:-1, max-image-preview:large, max-video-preview:-1\" \/>\n<link rel=\"canonical\" href=\"https:\/\/www.correiobraziliense.com.br\/cbradar\/a-erva-roxa-que-protege-suas-celulas-e-ainda-deixa-sua-horta-mais-bonita\/\" \/>\n<meta property=\"og:locale\" content=\"pt_BR\" \/>\n<meta property=\"og:type\" content=\"article\" \/>\n<meta property=\"og:title\" content=\"A erva roxa que protege suas c\u00e9lulas e ainda deixa sua horta mais bonita - Correio Braziliense - Radar\" \/>\n<meta property=\"og:description\" content=\"Erva roxa rica em antioxidantes que real\u00e7a receitas, protege a sa\u00fade e \u00e9 simples de cultivar em casa com poucos cuidados.\" \/>\n<meta property=\"og:url\" content=\"https:\/\/www.correiobraziliense.com.br\/cbradar\/a-erva-roxa-que-protege-suas-celulas-e-ainda-deixa-sua-horta-mais-bonita\/\" \/>\n<meta property=\"og:site_name\" content=\"Correio Braziliense - Radar\" \/>\n<meta property=\"article:published_time\" content=\"2025-11-28T11:05:02+00:00\" \/>\n<meta property=\"og:image\" content=\"https:\/\/www.correiobraziliense.com.br\/cbradar\/wp-content\/uploads\/2025\/11\/freepik__manjerico-roxo-destacado-em-um-cenrio-natural-folh__7672.jpeg\" \/>\n\t<meta property=\"og:image:width\" content=\"1280\" \/>\n\t<meta property=\"og:image:height\" content=\"720\" \/>\n\t<meta property=\"og:image:type\" content=\"image\/jpeg\" \/>\n<meta name=\"author\" content=\"Daniely Cardoso\" \/>\n<meta name=\"twitter:card\" content=\"summary_large_image\" \/>\n<meta name=\"twitter:label1\" content=\"Escrito por\" \/>\n\t<meta name=\"twitter:data1\" content=\"Daniely Cardoso\" \/>\n\t<meta name=\"twitter:label2\" content=\"Est. tempo de leitura\" \/>\n\t<meta name=\"twitter:data2\" content=\"4 minutos\" \/>\n<!-- \/ Yoast SEO plugin. -->","yoast_head_json":{"title":"A erva roxa que protege suas c\u00e9lulas e ainda deixa sua horta mais bonita - Correio Braziliense - Radar","description":"Erva roxa rica em antioxidantes que real\u00e7a receitas, protege a sa\u00fade e \u00e9 simples de cultivar em casa com poucos cuidados.","robots":{"index":"index","follow":"follow","max-snippet":"max-snippet:-1","max-image-preview":"max-image-preview:large","max-video-preview":"max-video-preview:-1"},"canonical":"https:\/\/www.correiobraziliense.com.br\/cbradar\/a-erva-roxa-que-protege-suas-celulas-e-ainda-deixa-sua-horta-mais-bonita\/","og_locale":"pt_BR","og_type":"article","og_title":"A erva roxa que protege suas c\u00e9lulas e ainda deixa sua horta mais bonita - Correio Braziliense - Radar","og_description":"Erva roxa rica em antioxidantes que real\u00e7a receitas, protege a sa\u00fade e \u00e9 simples de cultivar em casa com poucos cuidados.","og_url":"https:\/\/www.correiobraziliense.com.br\/cbradar\/a-erva-roxa-que-protege-suas-celulas-e-ainda-deixa-sua-horta-mais-bonita\/","og_site_name":"Correio Braziliense - Radar","article_published_time":"2025-11-28T11:05:02+00:00","og_image":[{"width":1280,"height":720,"url":"https:\/\/www.correiobraziliense.com.br\/cbradar\/wp-content\/uploads\/2025\/11\/freepik__manjerico-roxo-destacado-em-um-cenrio-natural-folh__7672.jpeg","type":"image\/jpeg"}],"author":"Daniely Cardoso","twitter_card":"summary_large_image","twitter_misc":{"Escrito por":"Daniely Cardoso","Est. tempo de leitura":"4 minutos"},"schema":{"@context":"https:\/\/schema.org","@graph":[{"@type":"WebPage","@id":"https:\/\/www.correiobraziliense.com.br\/cbradar\/a-erva-roxa-que-protege-suas-celulas-e-ainda-deixa-sua-horta-mais-bonita\/","url":"https:\/\/www.correiobraziliense.com.br\/cbradar\/a-erva-roxa-que-protege-suas-celulas-e-ainda-deixa-sua-horta-mais-bonita\/","name":"A erva roxa que protege suas c\u00e9lulas e ainda deixa sua horta mais bonita - Correio Braziliense - Radar","isPartOf":{"@id":"https:\/\/www.correiobraziliense.com.br\/cbradar\/#website"},"primaryImageOfPage":{"@id":"https:\/\/www.correiobraziliense.com.br\/cbradar\/a-erva-roxa-que-protege-suas-celulas-e-ainda-deixa-sua-horta-mais-bonita\/#primaryimage"},"image":{"@id":"https:\/\/www.correiobraziliense.com.br\/cbradar\/a-erva-roxa-que-protege-suas-celulas-e-ainda-deixa-sua-horta-mais-bonita\/#primaryimage"},"thumbnailUrl":"https:\/\/www.correiobraziliense.com.br\/cbradar\/wp-content\/uploads\/2025\/11\/freepik__manjerico-roxo-destacado-em-um-cenrio-natural-folh__7672.jpeg","datePublished":"2025-11-28T11:05:02+00:00","author":{"@id":"https:\/\/www.correiobraziliense.com.br\/cbradar\/#\/schema\/person\/7356666e12ec0ee53f348ee5db227032"},"description":"Erva roxa rica em antioxidantes que real\u00e7a receitas, protege a sa\u00fade e \u00e9 simples de cultivar em casa com poucos cuidados.","breadcrumb":{"@id":"https:\/\/www.correiobraziliense.com.br\/cbradar\/a-erva-roxa-que-protege-suas-celulas-e-ainda-deixa-sua-horta-mais-bonita\/#breadcrumb"},"inLanguage":"pt-BR","potentialAction":[{"@type":"ReadAction","target":["https:\/\/www.correiobraziliense.com.br\/cbradar\/a-erva-roxa-que-protege-suas-celulas-e-ainda-deixa-sua-horta-mais-bonita\/"]}]},{"@type":"ImageObject","inLanguage":"pt-BR","@id":"https:\/\/www.correiobraziliense.com.br\/cbradar\/a-erva-roxa-que-protege-suas-celulas-e-ainda-deixa-sua-horta-mais-bonita\/#primaryimage","url":"https:\/\/www.correiobraziliense.com.br\/cbradar\/wp-content\/uploads\/2025\/11\/freepik__manjerico-roxo-destacado-em-um-cenrio-natural-folh__7672.jpeg","contentUrl":"https:\/\/www.correiobraziliense.com.br\/cbradar\/wp-content\/uploads\/2025\/11\/freepik__manjerico-roxo-destacado-em-um-cenrio-natural-folh__7672.jpeg","width":1280,"height":720,"caption":"Possui alto teor de antioxidantes que ajudam a combater os radicais livres"},{"@type":"BreadcrumbList","@id":"https:\/\/www.correiobraziliense.com.br\/cbradar\/a-erva-roxa-que-protege-suas-celulas-e-ainda-deixa-sua-horta-mais-bonita\/#breadcrumb","itemListElement":[{"@type":"ListItem","position":1,"name":"In\u00edcio","item":"https:\/\/www.correiobraziliense.com.br\/cbradar\/"},{"@type":"ListItem","position":2,"name":"A erva roxa que protege suas c\u00e9lulas e ainda deixa sua horta mais bonita"}]},{"@type":"WebSite","@id":"https:\/\/www.correiobraziliense.com.br\/cbradar\/#website","url":"https:\/\/www.correiobraziliense.com.br\/cbradar\/","name":"Correio Braziliense - Radar","description":"Acompanhe as \u00faltimas not\u00edcias e fique bem informado sobre tudo o que acontece no Brasil e no mundo.","potentialAction":[{"@type":"SearchAction","target":{"@type":"EntryPoint","urlTemplate":"https:\/\/www.correiobraziliense.com.br\/cbradar\/?s={search_term_string}"},"query-input":{"@type":"PropertyValueSpecification","valueRequired":true,"valueName":"search_term_string"}}],"inLanguage":"pt-BR"},{"@type":"Person","@id":"https:\/\/www.correiobraziliense.com.br\/cbradar\/#\/schema\/person\/7356666e12ec0ee53f348ee5db227032","name":"Daniely Cardoso","image":{"@type":"ImageObject","inLanguage":"pt-BR","@id":"https:\/\/www.correiobraziliense.com.br\/cbradar\/#\/schema\/person\/image\/","url":"https:\/\/secure.gravatar.com\/avatar\/4b80ddbd124d1f071b626d52d62e5dff?s=96&d=mm&r=g","contentUrl":"https:\/\/secure.gravatar.com\/avatar\/4b80ddbd124d1f071b626d52d62e5dff?s=96&d=mm&r=g","caption":"Daniely Cardoso"},"description":"Redatora nos portais CB Radar e EM Foco, formada pela Universidade Federal de Goi\u00e1s, em Goi\u00e2nia. Apaixonada por comunica\u00e7\u00e3o, arte, decora\u00e7\u00e3o e tend\u00eancias, atuo na produ\u00e7\u00e3o de conte\u00fados envolventes sobre curiosidades, moda, beleza e paisagismo, sempre com um olhar atento \u00e0s novidades do momento.","sameAs":["https:\/\/www.correiobraziliense.com.br\/cbradar"],"url":"https:\/\/www.correiobraziliense.com.br\/cbradar\/author\/danielymyth\/"}]}},"_links":{"self":[{"href":"https:\/\/www.correiobraziliense.com.br\/cbradar\/wp-json\/wp\/v2\/posts\/145889","targetHints":{"allow":["GET"]}}],"collection":[{"href":"https:\/\/www.correiobraziliense.com.br\/cbradar\/wp-json\/wp\/v2\/posts"}],"about":[{"href":"https:\/\/www.correiobraziliense.com.br\/cbradar\/wp-json\/wp\/v2\/types\/post"}],"author":[{"embeddable":true,"href":"https:\/\/www.correiobraziliense.com.br\/cbradar\/wp-json\/wp\/v2\/users\/9"}],"replies":[{"embeddable":true,"href":"https:\/\/www.correiobraziliense.com.br\/cbradar\/wp-json\/wp\/v2\/comments?post=145889"}],"version-history":[{"count":3,"href":"https:\/\/www.correiobraziliense.com.br\/cbradar\/wp-json\/wp\/v2\/posts\/145889\/revisions"}],"predecessor-version":[{"id":145901,"href":"https:\/\/www.correiobraziliense.com.br\/cbradar\/wp-json\/wp\/v2\/posts\/145889\/revisions\/145901"}],"wp:featuredmedia":[{"embeddable":true,"href":"https:\/\/www.correiobraziliense.com.br\/cbradar\/wp-json\/wp\/v2\/media\/145978"}],"wp:attachment":[{"href":"https:\/\/www.correiobraziliense.com.br\/cbradar\/wp-json\/wp\/v2\/media?parent=145889"}],"wp:term":[{"taxonomy":"category","embeddable":true,"href":"https:\/\/www.correiobraziliense.com.br\/cbradar\/wp-json\/wp\/v2\/categories?post=145889"},{"taxonomy":"post_tag","embeddable":true,"href":"https:\/\/www.correiobraziliense.com.br\/cbradar\/wp-json\/wp\/v2\/post_tag?post=145889"}],"curies":[{"name":"wp","href":"https:\/\/api.w.org\/{rel}","templated":true}]}}