{"id":145890,"date":"2025-11-28T10:05:07","date_gmt":"2025-11-28T13:05:07","guid":{"rendered":"https:\/\/www.correiobraziliense.com.br\/cbradar\/?p=145890"},"modified":"2025-11-27T09:45:11","modified_gmt":"2025-11-27T12:45:11","slug":"a-erva-que-acalma-melhora-o-sono-e-e-facil-de-plantar-em-vasos-pequenos","status":"publish","type":"post","link":"https:\/\/www.correiobraziliense.com.br\/cbradar\/a-erva-que-acalma-melhora-o-sono-e-e-facil-de-plantar-em-vasos-pequenos\/","title":{"rendered":"A erva que acalma, melhora o sono e \u00e9 f\u00e1cil de plantar em vasos pequenos"},"content":{"rendered":"\n<p>A <strong>camomila<\/strong> \u00e9 uma erva reconhecida mundialmente por seu efeito calmante e relaxante, tendo conquistado espa\u00e7o em lares de diversas culturas devido \u00e0 sua capacidade de amenizar o <strong>estresse<\/strong>, auxiliar no sono e promover o bem-estar f\u00edsico e emocional.<\/p>\n\n\n\n<h2 class=\"wp-block-heading\">Quais s\u00e3o os principais benef\u00edcios da camomila para a sa\u00fade?<\/h2>\n\n\n\n<p>Consumir <strong>camomila<\/strong> regularmente pode trazer benef\u00edcios relevantes \u00e0 sa\u00fade. Al\u00e9m de ser uma alternativa natural para relaxar a mente e combater a <strong>ins\u00f4nia<\/strong> leve, seu uso estende-se ao aux\u00edlio da digest\u00e3o e \u00e0 redu\u00e7\u00e3o de desconfortos abdominais.<\/p>\n\n\n<div class=\"wp-block-image\">\n<figure class=\"aligncenter size-large\"><img decoding=\"async\" width=\"1024\" height=\"576\" src=\"https:\/\/www.correiobraziliense.com.br\/cbradar\/wp-content\/uploads\/2025\/09\/camomila_1757611408978-1024x576.jpg\" alt=\"\" class=\"wp-image-102224\" srcset=\"https:\/\/www.correiobraziliense.com.br\/cbradar\/wp-content\/uploads\/2025\/09\/camomila_1757611408978-1024x576.jpg 1024w, https:\/\/www.correiobraziliense.com.br\/cbradar\/wp-content\/uploads\/2025\/09\/camomila_1757611408978-300x169.jpg 300w, https:\/\/www.correiobraziliense.com.br\/cbradar\/wp-content\/uploads\/2025\/09\/camomila_1757611408978-768x432.jpg 768w, https:\/\/www.correiobraziliense.com.br\/cbradar\/wp-content\/uploads\/2025\/09\/camomila_1757611408978-750x422.jpg 750w, https:\/\/www.correiobraziliense.com.br\/cbradar\/wp-content\/uploads\/2025\/09\/camomila_1757611408978-1140x642.jpg 1140w, https:\/\/www.correiobraziliense.com.br\/cbradar\/wp-content\/uploads\/2025\/09\/camomila_1757611408978.jpg 1279w\" sizes=\"(max-width: 1024px) 100vw, 1024px\" \/><figcaption class=\"wp-element-caption\">Embora a camomila seja considerada segura para a maioria das pessoas, nem todos podem utiliz\u00e1-la sem risco &#8211; Cr\u00e9ditos: depositphotos.com \/ starush<\/figcaption><\/figure><\/div>\n\n\n<p>A <strong>camomila<\/strong> tamb\u00e9m pode ser utilizada de diferentes formas para melhorar o bem-estar. Confira exemplos dos principais <strong>benef\u00edcios<\/strong> dessa planta:<\/p>\n\n\n\n<ul class=\"wp-block-list\">\n<li><strong>Redu\u00e7\u00e3o<\/strong> do estresse e melhora na qualidade do sono<\/li>\n\n\n\n<li>A\u00e7\u00e3o <strong>anti-inflamat\u00f3ria<\/strong> e al\u00edvio de c\u00f3licas intestinais<\/li>\n\n\n\n<li>Al\u00edvio de irrita\u00e7\u00f5es <strong>cut\u00e2neas<\/strong> quando aplicada topicamente<\/li>\n\n\n\n<li>Facilita\u00e7\u00e3o do processo <strong>digestivo<\/strong> ap\u00f3s as refei\u00e7\u00f5es<\/li>\n<\/ul>\n\n\n\n<p>Leia tamb\u00e9m:&nbsp;<a href=\"https:\/\/www.correiobraziliense.com.br\/cbradar\/fruta-desconhecida-que-ajuda-na-saude-do-figado-de-forma-natural\/\" target=\"_blank\" rel=\"noopener\">Fruta desconhecida que ajuda na sa\u00fade do f\u00edgado de forma natural<\/a><\/p>\n\n\n\n<h2 class=\"wp-block-heading\">Como cultivar camomila em casa de forma simples<\/h2>\n\n\n\n<p>Plantar <strong>camomila<\/strong> em casa \u00e9 acess\u00edvel mesmo para iniciantes na <strong>jardinagem<\/strong>, sendo uma \u00f3tima maneira de garantir flores frescas sempre que precisar. O cultivo adequado potencializa o aproveitamento dos benef\u00edcios naturais dessa erva.<\/p>\n\n\n\n<ol class=\"wp-block-list\">\n<li><strong>Escolha<\/strong> do local: Prefere sol pleno ou sombra parcial, com pelo menos 4 horas di\u00e1rias de luz solar.<\/li>\n\n\n\n<li><strong>Sele\u00e7\u00e3o<\/strong> do solo: Solo leve, bem drenado e enriquecido com mat\u00e9ria org\u00e2nica, como h\u00famus de minhoca.<\/li>\n\n\n\n<li><strong>Plantio<\/strong> das sementes: Semeie diretamente no solo ou em vasos, cubra levemente com terra e mantenha \u00famido at\u00e9 germinar.<\/li>\n\n\n\n<li><strong>Cuidados<\/strong> e manuten\u00e7\u00e3o: Regue regularmente, evitando encharcamento. Camomila \u00e9 resistente, mas n\u00e3o tolera excesso de \u00e1gua nas ra\u00edzes.<\/li>\n\n\n\n<li><strong>Colheita<\/strong> das flores: Colha quando estiverem abertas. Seque \u00e0 sombra para preservar as propriedades e armazene adequadamente.<\/li>\n<\/ol>\n\n\n\n<p>No v\u00eddeo a seguir, o canal <a href=\"https:\/\/www.youtube.com\/@hortamineira1234\" target=\"_blank\" rel=\"noreferrer noopener\">Horta Mineira<\/a> ensina a como plantar camomila em vaso:<\/p>\n\n\n\n<figure class=\"wp-block-embed is-type-video is-provider-youtube wp-block-embed-youtube wp-embed-aspect-16-9 wp-has-aspect-ratio\"><div class=\"wp-block-embed__wrapper\">\n<div class=\"jeg_video_container jeg_video_content\"><iframe loading=\"lazy\" title=\"COMO PLANTAR CAMOMILA EM VASO\" width=\"500\" height=\"281\" src=\"https:\/\/www.youtube.com\/embed\/llzfWVNyEsc?feature=oembed\" frameborder=\"0\" allow=\"accelerometer; autoplay; clipboard-write; encrypted-media; gyroscope; picture-in-picture; web-share\" referrerpolicy=\"strict-origin-when-cross-origin\" allowfullscreen><\/iframe><\/div>\n<\/div><\/figure>\n\n\n\n<h2 class=\"wp-block-heading\">Por que a camomila \u00e9 t\u00e3o usada em infus\u00f5es e ch\u00e1s?<\/h2>\n\n\n\n<p>A popularidade da <strong>camomila<\/strong> em infus\u00f5es se deve ao seu sabor suave, aroma agrad\u00e1vel e efeito calmante proporcionado quase de imediato. Essa erva suaviza a tens\u00e3o interna, promovendo sensa\u00e7\u00e3o de paz mental e <strong>relaxamento<\/strong>.<\/p>\n\n\n\n<p>Al\u00e9m de ser aliada contra a <strong>ansiedade<\/strong>, a camomila facilita a digest\u00e3o, sendo frequentemente preferida ap\u00f3s refei\u00e7\u00f5es pesadas. Incorporar o ch\u00e1 \u00e0 rotina contribui para o equil\u00edbrio entre corpo e mente, refor\u00e7ando o v\u00ednculo com pr\u00e1ticas naturais e <strong>saud\u00e1veis<\/strong>.<\/p>\n","protected":false},"excerpt":{"rendered":"<p>A camomila \u00e9 uma erva reconhecida mundialmente por seu efeito calmante e relaxante, tendo conquistado espa\u00e7o em lares de diversas culturas devido \u00e0 sua capacidade de amenizar o estresse, auxiliar no sono e promover o bem-estar f\u00edsico e emocional. Quais s\u00e3o os principais benef\u00edcios da camomila para a sa\u00fade? Consumir camomila regularmente pode trazer benef\u00edcios [&hellip;]<\/p>\n","protected":false},"author":9,"featured_media":145988,"comment_status":"open","ping_status":"open","sticky":false,"template":"","format":"standard","meta":{"_yoast_wpseo_focuskw":"camomila","_yoast_wpseo_title":"","_yoast_wpseo_metadesc":"Ela oferece calma, melhora o sono, ajuda na digest\u00e3o e cuida da pele. Veja como usar e cultivar essa erva t\u00e3o poderosa no dia a dia.","jnews-multi-image_gallery":[],"jnews_single_post":{"format":"standard"},"jnews_primary_category":[],"jnews_social_meta":[],"jnews_override_counter":[],"footnotes":""},"categories":[119,136],"tags":[194,1360,11397],"class_list":["post-145890","post","type-post","status-publish","format-standard","has-post-thumbnail","hentry","category-bem-estar","category-jardinagem","tag-beneficios","tag-camomila","tag-plantar-camomila"],"yoast_head":"<!-- This site is optimized with the Yoast SEO plugin v24.6 - https:\/\/yoast.com\/wordpress\/plugins\/seo\/ -->\n<title>A erva que acalma, melhora o sono e \u00e9 f\u00e1cil de plantar em vasos pequenos - Correio Braziliense - Radar<\/title>\n<meta name=\"description\" content=\"Ela oferece calma, melhora o sono, ajuda na digest\u00e3o e cuida da pele. Veja como usar e cultivar essa erva t\u00e3o poderosa no dia a dia.\" \/>\n<meta name=\"robots\" content=\"index, follow, max-snippet:-1, max-image-preview:large, max-video-preview:-1\" \/>\n<link rel=\"canonical\" href=\"https:\/\/www.correiobraziliense.com.br\/cbradar\/a-erva-que-acalma-melhora-o-sono-e-e-facil-de-plantar-em-vasos-pequenos\/\" \/>\n<meta property=\"og:locale\" content=\"pt_BR\" \/>\n<meta property=\"og:type\" content=\"article\" \/>\n<meta property=\"og:title\" content=\"A erva que acalma, melhora o sono e \u00e9 f\u00e1cil de plantar em vasos pequenos - Correio Braziliense - Radar\" \/>\n<meta property=\"og:description\" content=\"Ela oferece calma, melhora o sono, ajuda na digest\u00e3o e cuida da pele. Veja como usar e cultivar essa erva t\u00e3o poderosa no dia a dia.\" \/>\n<meta property=\"og:url\" content=\"https:\/\/www.correiobraziliense.com.br\/cbradar\/a-erva-que-acalma-melhora-o-sono-e-e-facil-de-plantar-em-vasos-pequenos\/\" \/>\n<meta property=\"og:site_name\" content=\"Correio Braziliense - Radar\" \/>\n<meta property=\"article:published_time\" content=\"2025-11-28T13:05:07+00:00\" \/>\n<meta property=\"og:image\" content=\"https:\/\/www.correiobraziliense.com.br\/cbradar\/wp-content\/uploads\/2025\/11\/freepik__cena-suave-com-xcara-de-ch-de-camomila-quente-em-d__90142.jpeg\" \/>\n\t<meta property=\"og:image:width\" content=\"1280\" \/>\n\t<meta property=\"og:image:height\" content=\"720\" \/>\n\t<meta property=\"og:image:type\" content=\"image\/jpeg\" \/>\n<meta name=\"author\" content=\"Daniely Cardoso\" \/>\n<meta name=\"twitter:card\" content=\"summary_large_image\" \/>\n<meta name=\"twitter:label1\" content=\"Escrito por\" \/>\n\t<meta name=\"twitter:data1\" content=\"Daniely Cardoso\" \/>\n\t<meta name=\"twitter:label2\" content=\"Est. tempo de leitura\" \/>\n\t<meta name=\"twitter:data2\" content=\"3 minutos\" \/>\n<!-- \/ Yoast SEO plugin. -->","yoast_head_json":{"title":"A erva que acalma, melhora o sono e \u00e9 f\u00e1cil de plantar em vasos pequenos - Correio Braziliense - Radar","description":"Ela oferece calma, melhora o sono, ajuda na digest\u00e3o e cuida da pele. Veja como usar e cultivar essa erva t\u00e3o poderosa no dia a dia.","robots":{"index":"index","follow":"follow","max-snippet":"max-snippet:-1","max-image-preview":"max-image-preview:large","max-video-preview":"max-video-preview:-1"},"canonical":"https:\/\/www.correiobraziliense.com.br\/cbradar\/a-erva-que-acalma-melhora-o-sono-e-e-facil-de-plantar-em-vasos-pequenos\/","og_locale":"pt_BR","og_type":"article","og_title":"A erva que acalma, melhora o sono e \u00e9 f\u00e1cil de plantar em vasos pequenos - Correio Braziliense - Radar","og_description":"Ela oferece calma, melhora o sono, ajuda na digest\u00e3o e cuida da pele. Veja como usar e cultivar essa erva t\u00e3o poderosa no dia a dia.","og_url":"https:\/\/www.correiobraziliense.com.br\/cbradar\/a-erva-que-acalma-melhora-o-sono-e-e-facil-de-plantar-em-vasos-pequenos\/","og_site_name":"Correio Braziliense - Radar","article_published_time":"2025-11-28T13:05:07+00:00","og_image":[{"width":1280,"height":720,"url":"https:\/\/www.correiobraziliense.com.br\/cbradar\/wp-content\/uploads\/2025\/11\/freepik__cena-suave-com-xcara-de-ch-de-camomila-quente-em-d__90142.jpeg","type":"image\/jpeg"}],"author":"Daniely Cardoso","twitter_card":"summary_large_image","twitter_misc":{"Escrito por":"Daniely Cardoso","Est. tempo de leitura":"3 minutos"},"schema":{"@context":"https:\/\/schema.org","@graph":[{"@type":"WebPage","@id":"https:\/\/www.correiobraziliense.com.br\/cbradar\/a-erva-que-acalma-melhora-o-sono-e-e-facil-de-plantar-em-vasos-pequenos\/","url":"https:\/\/www.correiobraziliense.com.br\/cbradar\/a-erva-que-acalma-melhora-o-sono-e-e-facil-de-plantar-em-vasos-pequenos\/","name":"A erva que acalma, melhora o sono e \u00e9 f\u00e1cil de plantar em vasos pequenos - Correio Braziliense - Radar","isPartOf":{"@id":"https:\/\/www.correiobraziliense.com.br\/cbradar\/#website"},"primaryImageOfPage":{"@id":"https:\/\/www.correiobraziliense.com.br\/cbradar\/a-erva-que-acalma-melhora-o-sono-e-e-facil-de-plantar-em-vasos-pequenos\/#primaryimage"},"image":{"@id":"https:\/\/www.correiobraziliense.com.br\/cbradar\/a-erva-que-acalma-melhora-o-sono-e-e-facil-de-plantar-em-vasos-pequenos\/#primaryimage"},"thumbnailUrl":"https:\/\/www.correiobraziliense.com.br\/cbradar\/wp-content\/uploads\/2025\/11\/freepik__cena-suave-com-xcara-de-ch-de-camomila-quente-em-d__90142.jpeg","datePublished":"2025-11-28T13:05:07+00:00","author":{"@id":"https:\/\/www.correiobraziliense.com.br\/cbradar\/#\/schema\/person\/7356666e12ec0ee53f348ee5db227032"},"description":"Ela oferece calma, melhora o sono, ajuda na digest\u00e3o e cuida da pele. Veja como usar e cultivar essa erva t\u00e3o poderosa no dia a dia.","breadcrumb":{"@id":"https:\/\/www.correiobraziliense.com.br\/cbradar\/a-erva-que-acalma-melhora-o-sono-e-e-facil-de-plantar-em-vasos-pequenos\/#breadcrumb"},"inLanguage":"pt-BR","potentialAction":[{"@type":"ReadAction","target":["https:\/\/www.correiobraziliense.com.br\/cbradar\/a-erva-que-acalma-melhora-o-sono-e-e-facil-de-plantar-em-vasos-pequenos\/"]}]},{"@type":"ImageObject","inLanguage":"pt-BR","@id":"https:\/\/www.correiobraziliense.com.br\/cbradar\/a-erva-que-acalma-melhora-o-sono-e-e-facil-de-plantar-em-vasos-pequenos\/#primaryimage","url":"https:\/\/www.correiobraziliense.com.br\/cbradar\/wp-content\/uploads\/2025\/11\/freepik__cena-suave-com-xcara-de-ch-de-camomila-quente-em-d__90142.jpeg","contentUrl":"https:\/\/www.correiobraziliense.com.br\/cbradar\/wp-content\/uploads\/2025\/11\/freepik__cena-suave-com-xcara-de-ch-de-camomila-quente-em-d__90142.jpeg","width":1280,"height":720,"caption":"Calmante natural amplamente utilizado para aliviar o estresse"},{"@type":"BreadcrumbList","@id":"https:\/\/www.correiobraziliense.com.br\/cbradar\/a-erva-que-acalma-melhora-o-sono-e-e-facil-de-plantar-em-vasos-pequenos\/#breadcrumb","itemListElement":[{"@type":"ListItem","position":1,"name":"In\u00edcio","item":"https:\/\/www.correiobraziliense.com.br\/cbradar\/"},{"@type":"ListItem","position":2,"name":"A erva que acalma, melhora o sono e \u00e9 f\u00e1cil de plantar em vasos pequenos"}]},{"@type":"WebSite","@id":"https:\/\/www.correiobraziliense.com.br\/cbradar\/#website","url":"https:\/\/www.correiobraziliense.com.br\/cbradar\/","name":"Correio Braziliense - Radar","description":"Acompanhe as \u00faltimas not\u00edcias e fique bem informado sobre tudo o que acontece no Brasil e no mundo.","potentialAction":[{"@type":"SearchAction","target":{"@type":"EntryPoint","urlTemplate":"https:\/\/www.correiobraziliense.com.br\/cbradar\/?s={search_term_string}"},"query-input":{"@type":"PropertyValueSpecification","valueRequired":true,"valueName":"search_term_string"}}],"inLanguage":"pt-BR"},{"@type":"Person","@id":"https:\/\/www.correiobraziliense.com.br\/cbradar\/#\/schema\/person\/7356666e12ec0ee53f348ee5db227032","name":"Daniely Cardoso","image":{"@type":"ImageObject","inLanguage":"pt-BR","@id":"https:\/\/www.correiobraziliense.com.br\/cbradar\/#\/schema\/person\/image\/","url":"https:\/\/secure.gravatar.com\/avatar\/4b80ddbd124d1f071b626d52d62e5dff?s=96&d=mm&r=g","contentUrl":"https:\/\/secure.gravatar.com\/avatar\/4b80ddbd124d1f071b626d52d62e5dff?s=96&d=mm&r=g","caption":"Daniely Cardoso"},"description":"Redatora nos portais CB Radar e EM Foco, formada pela Universidade Federal de Goi\u00e1s, em Goi\u00e2nia. Apaixonada por comunica\u00e7\u00e3o, arte, decora\u00e7\u00e3o e tend\u00eancias, atuo na produ\u00e7\u00e3o de conte\u00fados envolventes sobre curiosidades, moda, beleza e paisagismo, sempre com um olhar atento \u00e0s novidades do momento.","sameAs":["https:\/\/www.correiobraziliense.com.br\/cbradar"],"url":"https:\/\/www.correiobraziliense.com.br\/cbradar\/author\/danielymyth\/"}]}},"_links":{"self":[{"href":"https:\/\/www.correiobraziliense.com.br\/cbradar\/wp-json\/wp\/v2\/posts\/145890","targetHints":{"allow":["GET"]}}],"collection":[{"href":"https:\/\/www.correiobraziliense.com.br\/cbradar\/wp-json\/wp\/v2\/posts"}],"about":[{"href":"https:\/\/www.correiobraziliense.com.br\/cbradar\/wp-json\/wp\/v2\/types\/post"}],"author":[{"embeddable":true,"href":"https:\/\/www.correiobraziliense.com.br\/cbradar\/wp-json\/wp\/v2\/users\/9"}],"replies":[{"embeddable":true,"href":"https:\/\/www.correiobraziliense.com.br\/cbradar\/wp-json\/wp\/v2\/comments?post=145890"}],"version-history":[{"count":2,"href":"https:\/\/www.correiobraziliense.com.br\/cbradar\/wp-json\/wp\/v2\/posts\/145890\/revisions"}],"predecessor-version":[{"id":145904,"href":"https:\/\/www.correiobraziliense.com.br\/cbradar\/wp-json\/wp\/v2\/posts\/145890\/revisions\/145904"}],"wp:featuredmedia":[{"embeddable":true,"href":"https:\/\/www.correiobraziliense.com.br\/cbradar\/wp-json\/wp\/v2\/media\/145988"}],"wp:attachment":[{"href":"https:\/\/www.correiobraziliense.com.br\/cbradar\/wp-json\/wp\/v2\/media?parent=145890"}],"wp:term":[{"taxonomy":"category","embeddable":true,"href":"https:\/\/www.correiobraziliense.com.br\/cbradar\/wp-json\/wp\/v2\/categories?post=145890"},{"taxonomy":"post_tag","embeddable":true,"href":"https:\/\/www.correiobraziliense.com.br\/cbradar\/wp-json\/wp\/v2\/tags?post=145890"}],"curies":[{"name":"wp","href":"https:\/\/api.w.org\/{rel}","templated":true}]}}