{"id":145913,"date":"2025-11-29T12:25:00","date_gmt":"2025-11-29T15:25:00","guid":{"rendered":"https:\/\/www.correiobraziliense.com.br\/cbradar\/?p=145913"},"modified":"2025-11-28T10:07:38","modified_gmt":"2025-11-28T13:07:38","slug":"melancia-e-um-bom-alimento-para-quem-esta-buscando-emagrecer","status":"publish","type":"post","link":"https:\/\/www.correiobraziliense.com.br\/cbradar\/melancia-e-um-bom-alimento-para-quem-esta-buscando-emagrecer\/","title":{"rendered":"Melancia \u00e9 um bom alimento para quem est\u00e1 buscando emagrecer?"},"content":{"rendered":"\n<p>A melancia \u00e9 uma excelente aliada no emagrecimento, pois permite comer uma grande quantidade de alimento com pouqu\u00edssimas calorias, gra\u00e7as ao seu alt\u00edssimo teor de \u00e1gua e volume.<\/p>\n\n\n\n<h2 class=\"wp-block-heading\">Por que a baixa densidade cal\u00f3rica \u00e9 vital para a saciedade?<\/h2>\n\n\n\n<p>A melancia \u00e9 composta por cerca de 92% de \u00e1gua, o que significa que ela tem uma densidade cal\u00f3rica extremamente baixa (apenas 30 calorias por 100g). Isso permite que voc\u00ea coma uma por\u00e7\u00e3o visualmente grande e satisfat\u00f3ria sem comprometer o d\u00e9ficit cal\u00f3rico di\u00e1rio.<\/p>\n\n\n\n<p>Esse volume f\u00edsico ocupa espa\u00e7o no est\u00f4mago, ativando receptores mec\u00e2nicos que sinalizam saciedade ao c\u00e9rebro. \u00c9 uma estrat\u00e9gia de &#8220;volumetria&#8221; que ajuda a controlar a fome com comida real, em vez de passar vontade.<\/p>\n\n\n\n<p>No v\u00eddeo a seguir, o<strong><em> Nutri Jo\u00e3o Muzzy<\/em><\/strong> fala um pouco do consumo da melancia:<\/p>\n\n\n\n<blockquote class=\"tiktok-embed\" cite=\"https:\/\/www.tiktok.com\/@nutrijoao\/video\/7274627668694273286\" data-video-id=\"7274627668694273286\" style=\"max-width: 605px;min-width: 325px;\" > <section> <a target=\"_blank\" title=\"@nutrijoao\" href=\"https:\/\/www.tiktok.com\/@nutrijoao?refer=embed\">@nutrijoao<\/a> <a title=\"emagrecimento\" target=\"_blank\" href=\"https:\/\/www.tiktok.com\/tag\/emagrecimento?refer=embed\">#emagrecimento<\/a> <a title=\"nutricionista\" target=\"_blank\" href=\"https:\/\/www.tiktok.com\/tag\/nutricionista?refer=embed\">#nutricionista<\/a> <a title=\"joaomuzzy\" target=\"_blank\" href=\"https:\/\/www.tiktok.com\/tag\/joaomuzzy?refer=embed\">#joaomuzzy<\/a> <a title=\"dieta\" target=\"_blank\" href=\"https:\/\/www.tiktok.com\/tag\/dieta?refer=embed\">#dieta<\/a> <a target=\"_blank\" title=\"\u266c som original - Nutri Jo\u00e3o Muzzy\" href=\"https:\/\/www.tiktok.com\/music\/som-original-7274627677871508229?refer=embed\">\u266c som original &#8211; Nutri Jo\u00e3o Muzzy<\/a> <\/section> <\/blockquote> <script async src=\"https:\/\/www.tiktok.com\/embed.js\"><\/script>\n\n\n\n<h2 class=\"wp-block-heading\">O a\u00e7\u00facar da melancia causa ganho de peso?<\/h2>\n\n\n\n<p>Muitos temem a melancia por seu alto \u00cdndice Glic\u00eamico (IG), mas isso \u00e9 um equ\u00edvoco, pois sua <strong>Carga Glic\u00eamica<\/strong> \u00e9 muito baixa. A quantidade real de a\u00e7\u00facar (frutose) em uma fatia \u00e9 pequena, pois a maior parte \u00e9 \u00e1gua.<\/p>\n\n\n\n<p>A <a href=\"https:\/\/www.mayoclinic.org\/healthy-lifestyle\/weight-loss\/in-depth\/weight-loss\/art-20044318\" target=\"_blank\" rel=\"noreferrer noopener\"><strong>Mayo Clinic <\/strong>confirma<\/a> que o consumo de frutas inteiras, mesmo as doces, est\u00e1 ligado \u00e0 perda de peso, e n\u00e3o ao ganho, devido \u00e0 presen\u00e7a de fibras e \u00e1gua que modulam a absor\u00e7\u00e3o.<\/p>\n\n\n\n<p>Leia tamb\u00e9m: <a href=\"https:\/\/www.correiobraziliense.com.br\/cbradar\/sinais-que-mostram-que-seu-metabolismo-esta-mais-lento-que-o-normal\" target=\"_blank\" rel=\"noreferrer noopener\">Sinais que mostram que seu metabolismo est\u00e1 mais lento que o normal<\/a><\/p>\n\n\n\n<h2 class=\"wp-block-heading\">A hidrata\u00e7\u00e3o da fruta ajuda a reduzir o incha\u00e7o?<\/h2>\n\n\n\n<p>A melancia \u00e9 um diur\u00e9tico natural suave. Seu alto teor de \u00e1gua e pot\u00e1ssio ajuda os rins a filtrar e eliminar o excesso de s\u00f3dio e fluidos retidos no corpo, combatendo o incha\u00e7o abdominal.<\/p>\n\n\n\n<p>Muitas vezes, o c\u00e9rebro confunde sede com fome. Ao manter o corpo hidratado com alimentos ricos em \u00e1gua, voc\u00ea previne a falsa fome e melhora o funcionamento metab\u00f3lico geral.<\/p>\n\n\n\n<figure class=\"wp-block-image aligncenter size-large\"><img decoding=\"async\" width=\"1024\" height=\"576\" src=\"https:\/\/www.correiobraziliense.com.br\/cbradar\/wp-content\/uploads\/2025\/11\/imagem_2025-11-27_082448690-1024x576.png\" alt=\"Melancia \u00e9 um bom alimento para quem est\u00e1 buscando emagrecer?\" class=\"wp-image-145916\" srcset=\"https:\/\/www.correiobraziliense.com.br\/cbradar\/wp-content\/uploads\/2025\/11\/imagem_2025-11-27_082448690-1024x576.png 1024w, https:\/\/www.correiobraziliense.com.br\/cbradar\/wp-content\/uploads\/2025\/11\/imagem_2025-11-27_082448690-300x169.png 300w, https:\/\/www.correiobraziliense.com.br\/cbradar\/wp-content\/uploads\/2025\/11\/imagem_2025-11-27_082448690-768x432.png 768w, https:\/\/www.correiobraziliense.com.br\/cbradar\/wp-content\/uploads\/2025\/11\/imagem_2025-11-27_082448690-750x422.png 750w, https:\/\/www.correiobraziliense.com.br\/cbradar\/wp-content\/uploads\/2025\/11\/imagem_2025-11-27_082448690-1140x641.png 1140w, https:\/\/www.correiobraziliense.com.br\/cbradar\/wp-content\/uploads\/2025\/11\/imagem_2025-11-27_082448690.png 1280w\" sizes=\"(max-width: 1024px) 100vw, 1024px\" \/><figcaption class=\"wp-element-caption\">Rela\u00e7\u00e3o entre o consumo de melancia e seu papel em dietas voltadas ao emagrecimento \n<\/figcaption><\/figure>\n\n\n\n<h2 class=\"wp-block-heading\">Como a citrulina pode apoiar os exerc\u00edcios f\u00edsicos?<\/h2>\n\n\n\n<p>A melancia \u00e9 a fonte mais rica de <strong>citrulina<\/strong>, um amino\u00e1cido que o corpo converte em arginina. Isso aumenta a produ\u00e7\u00e3o de \u00f3xido n\u00edtrico, melhorando o fluxo sangu\u00edneo e a oxigena\u00e7\u00e3o muscular.<\/p>\n\n\n\n<p><a href=\"https:\/\/pubmed.ncbi.nlm.nih.gov\/23862566\/\" target=\"_blank\" rel=\"noreferrer noopener\">Estudos (<strong>NIH<\/strong>) sugerem<\/a> que a citrulina pode reduzir a dor muscular p\u00f3s-treino e melhorar a recupera\u00e7\u00e3o. Um corpo que se recupera melhor consegue manter a const\u00e2ncia nos exerc\u00edcios, o que \u00e9 crucial para emagrecer.<\/p>\n\n\n\n<p>Leia tamb\u00e9m: <a href=\"https:\/\/www.correiobraziliense.com.br\/cbradar\/o-alimento-que-melhora-a-saude-da-pele-e-reduz-inflamacoes-internas\" target=\"_blank\" rel=\"noreferrer noopener\">O alimento que melhora a sa\u00fade da pele e reduz inflama\u00e7\u00f5es internas<\/a><\/p>\n\n\n\n<h2 class=\"wp-block-heading\">Quais estrat\u00e9gias tornam o consumo mais eficiente?<\/h2>\n\n\n\n<p>Para maximizar a perda de peso, a forma de consumo importa. Transformar a melancia em suco remove as fibras e concentra o a\u00e7\u00facar, o que pode causar picos de insulina indesejados e menor saciedade.<\/p>\n\n\n\n<p>Para integrar a melancia na dieta de forma estrat\u00e9gica e aumentar a saciedade, siga estas dicas de consumo:<\/p>\n\n\n\n<ul class=\"wp-block-list\">\n<li><strong>Coma a fruta inteira:<\/strong> Mastigar envia sinais de saciedade que o suco n\u00e3o envia.<\/li>\n\n\n\n<li><strong>Combine com prote\u00ednas:<\/strong> Coma com queijo cottage ou ovos para reduzir ainda mais a carga glic\u00eamica.<\/li>\n\n\n\n<li><strong>Aproveite a parte branca:<\/strong> A parte branca perto da casca \u00e9 onde se concentra a maior parte da citrulina.<\/li>\n\n\n\n<li><strong>Use como sobremesa:<\/strong> Substitua doces cal\u00f3ricos por uma fatia gelada para matar a vontade de a\u00e7\u00facar.<\/li>\n<\/ul>\n","protected":false},"excerpt":{"rendered":"<p>A melancia \u00e9 uma excelente aliada no emagrecimento, pois permite comer uma grande quantidade de alimento com pouqu\u00edssimas calorias, gra\u00e7as ao seu alt\u00edssimo teor de \u00e1gua e volume. Por que a baixa densidade cal\u00f3rica \u00e9 vital para a saciedade? A melancia \u00e9 composta por cerca de 92% de \u00e1gua, o que significa que ela tem [&hellip;]<\/p>\n","protected":false},"author":11,"featured_media":146387,"comment_status":"open","ping_status":"open","sticky":false,"template":"","format":"standard","meta":{"_yoast_wpseo_focuskw":"melancia emagrecimento","_yoast_wpseo_title":"","_yoast_wpseo_metadesc":"Melancia pode ser uma aliada leve no processo de emagrecimento oferecendo hidrata\u00e7\u00e3o abundante e sensa\u00e7\u00e3o de saciedade natural no dia a dia","jnews-multi-image_gallery":[],"jnews_single_post":{"format":"standard"},"jnews_primary_category":[],"jnews_social_meta":[],"jnews_override_counter":[],"footnotes":""},"categories":[119],"post_tag":[367,637,1318],"class_list":["post-145913","post","type-post","status-publish","format-standard","has-post-thumbnail","hentry","category-bem-estar","tag-emagrecimento","tag-melancia","tag-saude-2"],"yoast_head":"<!-- This site is optimized with the Yoast SEO plugin v24.6 - https:\/\/yoast.com\/wordpress\/plugins\/seo\/ -->\n<title>Melancia \u00e9 um bom alimento para quem est\u00e1 buscando emagrecer? - Correio Braziliense - Radar<\/title>\n<meta name=\"description\" content=\"Melancia pode ser uma aliada leve no processo de emagrecimento oferecendo hidrata\u00e7\u00e3o abundante e sensa\u00e7\u00e3o de saciedade natural no dia a dia\" \/>\n<meta name=\"robots\" content=\"index, follow, max-snippet:-1, max-image-preview:large, max-video-preview:-1\" \/>\n<link rel=\"canonical\" href=\"https:\/\/www.correiobraziliense.com.br\/cbradar\/melancia-e-um-bom-alimento-para-quem-esta-buscando-emagrecer\/\" \/>\n<meta property=\"og:locale\" content=\"pt_BR\" \/>\n<meta property=\"og:type\" content=\"article\" \/>\n<meta property=\"og:title\" content=\"Melancia \u00e9 um bom alimento para quem est\u00e1 buscando emagrecer? - Correio Braziliense - Radar\" \/>\n<meta property=\"og:description\" content=\"Melancia pode ser uma aliada leve no processo de emagrecimento oferecendo hidrata\u00e7\u00e3o abundante e sensa\u00e7\u00e3o de saciedade natural no dia a dia\" \/>\n<meta property=\"og:url\" content=\"https:\/\/www.correiobraziliense.com.br\/cbradar\/melancia-e-um-bom-alimento-para-quem-esta-buscando-emagrecer\/\" \/>\n<meta property=\"og:site_name\" content=\"Correio Braziliense - Radar\" \/>\n<meta property=\"article:published_time\" content=\"2025-11-29T15:25:00+00:00\" \/>\n<meta property=\"og:image\" content=\"https:\/\/www.correiobraziliense.com.br\/cbradar\/wp-content\/uploads\/2025\/11\/freepik__faa-uma-imagem-realista-de-uma-melancia-cortada-em__52492.jpeg\" \/>\n\t<meta property=\"og:image:width\" content=\"1280\" \/>\n\t<meta property=\"og:image:height\" content=\"720\" \/>\n\t<meta property=\"og:image:type\" content=\"image\/jpeg\" \/>\n<meta name=\"author\" content=\"Paulo Custodio\" \/>\n<meta name=\"twitter:card\" content=\"summary_large_image\" \/>\n<meta name=\"twitter:label1\" content=\"Escrito por\" \/>\n\t<meta name=\"twitter:data1\" content=\"Paulo Custodio\" \/>\n\t<meta name=\"twitter:label2\" content=\"Est. tempo de leitura\" \/>\n\t<meta name=\"twitter:data2\" content=\"4 minutos\" \/>\n<!-- \/ Yoast SEO plugin. -->","yoast_head_json":{"title":"Melancia \u00e9 um bom alimento para quem est\u00e1 buscando emagrecer? - Correio Braziliense - Radar","description":"Melancia pode ser uma aliada leve no processo de emagrecimento oferecendo hidrata\u00e7\u00e3o abundante e sensa\u00e7\u00e3o de saciedade natural no dia a dia","robots":{"index":"index","follow":"follow","max-snippet":"max-snippet:-1","max-image-preview":"max-image-preview:large","max-video-preview":"max-video-preview:-1"},"canonical":"https:\/\/www.correiobraziliense.com.br\/cbradar\/melancia-e-um-bom-alimento-para-quem-esta-buscando-emagrecer\/","og_locale":"pt_BR","og_type":"article","og_title":"Melancia \u00e9 um bom alimento para quem est\u00e1 buscando emagrecer? - Correio Braziliense - Radar","og_description":"Melancia pode ser uma aliada leve no processo de emagrecimento oferecendo hidrata\u00e7\u00e3o abundante e sensa\u00e7\u00e3o de saciedade natural no dia a dia","og_url":"https:\/\/www.correiobraziliense.com.br\/cbradar\/melancia-e-um-bom-alimento-para-quem-esta-buscando-emagrecer\/","og_site_name":"Correio Braziliense - Radar","article_published_time":"2025-11-29T15:25:00+00:00","og_image":[{"width":1280,"height":720,"url":"https:\/\/www.correiobraziliense.com.br\/cbradar\/wp-content\/uploads\/2025\/11\/freepik__faa-uma-imagem-realista-de-uma-melancia-cortada-em__52492.jpeg","type":"image\/jpeg"}],"author":"Paulo Custodio","twitter_card":"summary_large_image","twitter_misc":{"Escrito por":"Paulo Custodio","Est. tempo de leitura":"4 minutos"},"schema":{"@context":"https:\/\/schema.org","@graph":[{"@type":"WebPage","@id":"https:\/\/www.correiobraziliense.com.br\/cbradar\/melancia-e-um-bom-alimento-para-quem-esta-buscando-emagrecer\/","url":"https:\/\/www.correiobraziliense.com.br\/cbradar\/melancia-e-um-bom-alimento-para-quem-esta-buscando-emagrecer\/","name":"Melancia \u00e9 um bom alimento para quem est\u00e1 buscando emagrecer? - Correio Braziliense - Radar","isPartOf":{"@id":"https:\/\/www.correiobraziliense.com.br\/cbradar\/#website"},"primaryImageOfPage":{"@id":"https:\/\/www.correiobraziliense.com.br\/cbradar\/melancia-e-um-bom-alimento-para-quem-esta-buscando-emagrecer\/#primaryimage"},"image":{"@id":"https:\/\/www.correiobraziliense.com.br\/cbradar\/melancia-e-um-bom-alimento-para-quem-esta-buscando-emagrecer\/#primaryimage"},"thumbnailUrl":"https:\/\/www.correiobraziliense.com.br\/cbradar\/wp-content\/uploads\/2025\/11\/freepik__faa-uma-imagem-realista-de-uma-melancia-cortada-em__52492.jpeg","datePublished":"2025-11-29T15:25:00+00:00","author":{"@id":"https:\/\/www.correiobraziliense.com.br\/cbradar\/#\/schema\/person\/4cec7857301a9a1a2ef249893cd908d3"},"description":"Melancia pode ser uma aliada leve no processo de emagrecimento oferecendo hidrata\u00e7\u00e3o abundante e sensa\u00e7\u00e3o de saciedade natural no dia a dia","breadcrumb":{"@id":"https:\/\/www.correiobraziliense.com.br\/cbradar\/melancia-e-um-bom-alimento-para-quem-esta-buscando-emagrecer\/#breadcrumb"},"inLanguage":"pt-BR","potentialAction":[{"@type":"ReadAction","target":["https:\/\/www.correiobraziliense.com.br\/cbradar\/melancia-e-um-bom-alimento-para-quem-esta-buscando-emagrecer\/"]}]},{"@type":"ImageObject","inLanguage":"pt-BR","@id":"https:\/\/www.correiobraziliense.com.br\/cbradar\/melancia-e-um-bom-alimento-para-quem-esta-buscando-emagrecer\/#primaryimage","url":"https:\/\/www.correiobraziliense.com.br\/cbradar\/wp-content\/uploads\/2025\/11\/freepik__faa-uma-imagem-realista-de-uma-melancia-cortada-em__52492.jpeg","contentUrl":"https:\/\/www.correiobraziliense.com.br\/cbradar\/wp-content\/uploads\/2025\/11\/freepik__faa-uma-imagem-realista-de-uma-melancia-cortada-em__52492.jpeg","width":1280,"height":720,"caption":"Alto teor de \u00e1gua que promove hidrata\u00e7\u00e3o e saciedade"},{"@type":"BreadcrumbList","@id":"https:\/\/www.correiobraziliense.com.br\/cbradar\/melancia-e-um-bom-alimento-para-quem-esta-buscando-emagrecer\/#breadcrumb","itemListElement":[{"@type":"ListItem","position":1,"name":"In\u00edcio","item":"https:\/\/www.correiobraziliense.com.br\/cbradar\/"},{"@type":"ListItem","position":2,"name":"Melancia \u00e9 um bom alimento para quem est\u00e1 buscando emagrecer?"}]},{"@type":"WebSite","@id":"https:\/\/www.correiobraziliense.com.br\/cbradar\/#website","url":"https:\/\/www.correiobraziliense.com.br\/cbradar\/","name":"Correio Braziliense - Radar","description":"Acompanhe as \u00faltimas not\u00edcias e fique bem informado sobre tudo o que acontece no Brasil e no mundo.","potentialAction":[{"@type":"SearchAction","target":{"@type":"EntryPoint","urlTemplate":"https:\/\/www.correiobraziliense.com.br\/cbradar\/?s={search_term_string}"},"query-input":{"@type":"PropertyValueSpecification","valueRequired":true,"valueName":"search_term_string"}}],"inLanguage":"pt-BR"},{"@type":"Person","@id":"https:\/\/www.correiobraziliense.com.br\/cbradar\/#\/schema\/person\/4cec7857301a9a1a2ef249893cd908d3","name":"Paulo Custodio","image":{"@type":"ImageObject","inLanguage":"pt-BR","@id":"https:\/\/www.correiobraziliense.com.br\/cbradar\/#\/schema\/person\/image\/","url":"https:\/\/secure.gravatar.com\/avatar\/bcd67168d1534e8fcf4f45c726a87cea?s=96&d=mm&r=g","contentUrl":"https:\/\/secure.gravatar.com\/avatar\/bcd67168d1534e8fcf4f45c726a87cea?s=96&d=mm&r=g","caption":"Paulo Custodio"},"sameAs":["https:\/\/www.correiobraziliense.com.br\/cbradar"],"url":"https:\/\/www.correiobraziliense.com.br\/cbradar\/author\/paulomyth\/"}]}},"_links":{"self":[{"href":"https:\/\/www.correiobraziliense.com.br\/cbradar\/wp-json\/wp\/v2\/posts\/145913","targetHints":{"allow":["GET"]}}],"collection":[{"href":"https:\/\/www.correiobraziliense.com.br\/cbradar\/wp-json\/wp\/v2\/posts"}],"about":[{"href":"https:\/\/www.correiobraziliense.com.br\/cbradar\/wp-json\/wp\/v2\/types\/post"}],"author":[{"embeddable":true,"href":"https:\/\/www.correiobraziliense.com.br\/cbradar\/wp-json\/wp\/v2\/users\/11"}],"replies":[{"embeddable":true,"href":"https:\/\/www.correiobraziliense.com.br\/cbradar\/wp-json\/wp\/v2\/comments?post=145913"}],"version-history":[{"count":1,"href":"https:\/\/www.correiobraziliense.com.br\/cbradar\/wp-json\/wp\/v2\/posts\/145913\/revisions"}],"predecessor-version":[{"id":145917,"href":"https:\/\/www.correiobraziliense.com.br\/cbradar\/wp-json\/wp\/v2\/posts\/145913\/revisions\/145917"}],"wp:featuredmedia":[{"embeddable":true,"href":"https:\/\/www.correiobraziliense.com.br\/cbradar\/wp-json\/wp\/v2\/media\/146387"}],"wp:attachment":[{"href":"https:\/\/www.correiobraziliense.com.br\/cbradar\/wp-json\/wp\/v2\/media?parent=145913"}],"wp:term":[{"taxonomy":"category","embeddable":true,"href":"https:\/\/www.correiobraziliense.com.br\/cbradar\/wp-json\/wp\/v2\/categories?post=145913"},{"taxonomy":"post_tag","embeddable":true,"href":"https:\/\/www.correiobraziliense.com.br\/cbradar\/wp-json\/wp\/v2\/post_tag?post=145913"}],"curies":[{"name":"wp","href":"https:\/\/api.w.org\/{rel}","templated":true}]}}