{"id":145936,"date":"2025-11-29T14:55:05","date_gmt":"2025-11-29T17:55:05","guid":{"rendered":"https:\/\/www.correiobraziliense.com.br\/cbradar\/?p=145936"},"modified":"2025-11-28T09:33:10","modified_gmt":"2025-11-28T12:33:10","slug":"o-que-significa-quando-voce-sente-arrepios-apenas-ao-entrar-em-certos-lugares","status":"publish","type":"post","link":"https:\/\/www.correiobraziliense.com.br\/cbradar\/o-que-significa-quando-voce-sente-arrepios-apenas-ao-entrar-em-certos-lugares\/","title":{"rendered":"O que significa quando voc\u00ea sente arrepios apenas ao entrar em certos lugares?"},"content":{"rendered":"\n<p>O <b>corpo humano<\/b> reage instantaneamente aos est\u00edmulos ao seu redor, ativando uma s\u00e9rie de mecanismos fisiol\u00f3gicos e emocionais. Uma simples entrada em um ambiente diferente pode ser suficiente para desencadear rea\u00e7\u00f5es como <b>arrepios<\/b>, ligadas ao nosso sistema nervoso aut\u00f4nomo e influenciadas tanto por fatores ambientais quanto psicol\u00f3gicos.<\/p>\n\n\n\n<h2 class=\"wp-block-heading\">Fatores do ambiente f\u00edsico que provocam arrepios<\/h2>\n\n\n\n<p>Elementos do ambiente f\u00edsico, como <b>temperatura<\/b> ou ilumina\u00e7\u00e3o, impactam diretamente na maneira como o corpo responde. Mudan\u00e7as s\u00fabitas podem resultar em respostas autom\u00e1ticas, como o arrepio, funcionando como formas do corpo lidar e se adaptar ao novo contexto.<\/p>\n\n\n\n<p>Alguns exemplos dos principais fatores ambientais que costumam desencadear estas respostas incluem:<\/p>\n\n\n<div class=\"wp-block-image\">\n<figure class=\"aligncenter size-large\"><img decoding=\"async\" width=\"1024\" height=\"576\" src=\"https:\/\/www.correiobraziliense.com.br\/cbradar\/wp-content\/uploads\/2025\/11\/corpo-arrepiado-_1763584997589-1024x576.jpg\" alt=\"\" class=\"wp-image-140875\" srcset=\"https:\/\/www.correiobraziliense.com.br\/cbradar\/wp-content\/uploads\/2025\/11\/corpo-arrepiado-_1763584997589-1024x576.jpg 1024w, https:\/\/www.correiobraziliense.com.br\/cbradar\/wp-content\/uploads\/2025\/11\/corpo-arrepiado-_1763584997589-300x169.jpg 300w, https:\/\/www.correiobraziliense.com.br\/cbradar\/wp-content\/uploads\/2025\/11\/corpo-arrepiado-_1763584997589-768x432.jpg 768w, https:\/\/www.correiobraziliense.com.br\/cbradar\/wp-content\/uploads\/2025\/11\/corpo-arrepiado-_1763584997589-750x422.jpg 750w, https:\/\/www.correiobraziliense.com.br\/cbradar\/wp-content\/uploads\/2025\/11\/corpo-arrepiado-_1763584997589-1140x641.jpg 1140w, https:\/\/www.correiobraziliense.com.br\/cbradar\/wp-content\/uploads\/2025\/11\/corpo-arrepiado-_1763584997589.jpg 1280w\" sizes=\"(max-width: 1024px) 100vw, 1024px\" \/><figcaption class=\"wp-element-caption\">Elementos do ambiente f\u00edsico, como <strong>temperatura<\/strong> ou ilumina\u00e7\u00e3o, impactam diretamente na maneira como o corpo responde &#8211; Cr\u00e9ditos: depositphotos.com \/ Tunatura<\/figcaption><\/figure><\/div>\n\n\n<ul class=\"wp-block-list\">\n<li><b>Temperatura<\/b> repentinamente mais baixa ou vento frio<\/li>\n\n\n\n<li>Mudan\u00e7as abruptas na <b>luminosidade<\/b> do ambiente<\/li>\n\n\n\n<li>Presen\u00e7a de <b>aromas<\/b> intensos ou pouco familiares<\/li>\n\n\n\n<li>Sons inesperados ou <b>ru\u00eddos<\/b> altos<\/li>\n<\/ul>\n\n\n\n<p>Leia tamb\u00e9m:&nbsp;<a href=\"https:\/\/www.correiobraziliense.com.br\/cbradar\/poucos-sabem-o-que-significam-os-numeros-no-rotulo-da-calca-jeans\/\" target=\"_blank\" rel=\"noopener\">Poucos sabem o que significam os n\u00fameros no r\u00f3tulo da cal\u00e7a jeans<\/a><\/p>\n\n\n\n<h2 class=\"wp-block-heading\">Qual a influ\u00eancia das emo\u00e7\u00f5es e mem\u00f3rias sobre os arrepios<\/h2>\n\n\n\n<p>Al\u00e9m dos fatores f\u00edsicos, <b>emo\u00e7\u00f5es<\/b> e recorda\u00e7\u00f5es pessoais t\u00eam papel essencial na experi\u00eancia de arrepios. Lugares que evocam mem\u00f3rias significativas ativam regi\u00f5es cerebrais ligadas \u00e0s emo\u00e7\u00f5es, como a <b>am\u00edgdala<\/b>, e intensificam tais sensa\u00e7\u00f5es f\u00edsicas.<\/p>\n\n\n\n<p>Por vezes, cheiros, m\u00fasicas ou detalhes visuais acionam <b>lembran\u00e7as<\/b> profundas que levam o corpo a responder com arrepios \u2014 uma rea\u00e7\u00e3o emocional singular e marcante para cada indiv\u00edduo.<\/p>\n\n\n\n<h2 class=\"wp-block-heading\">Os arrepios significam perigo iminente<\/h2>\n\n\n\n<p>Sentir <b>arrepios<\/b> nem sempre indica perigo, sendo, na maior parte das vezes, uma resposta fisiol\u00f3gica normal a mudan\u00e7as ao redor ou emo\u00e7\u00f5es fortes. Esse mecanismo faz parte do instinto de <b>autodefesa<\/b>, preparado pelo sistema nervoso simp\u00e1tico.<\/p>\n\n\n\n<p>Geralmente, a <b>sensa\u00e7\u00e3o<\/b> surge apenas como um reflexo do estado emocional do momento, e n\u00e3o representa, necessariamente, o an\u00fancio de uma amea\u00e7a real ou imediata no ambiente.<\/p>\n\n\n<div class=\"wp-block-image\">\n<figure class=\"aligncenter size-large\"><img decoding=\"async\" width=\"1024\" height=\"576\" src=\"https:\/\/www.correiobraziliense.com.br\/cbradar\/wp-content\/uploads\/2025\/11\/Gemini_Generated_Image_83vrsi83vrsi83vr-1-1024x576.png\" alt=\"\" class=\"wp-image-146253\" srcset=\"https:\/\/www.correiobraziliense.com.br\/cbradar\/wp-content\/uploads\/2025\/11\/Gemini_Generated_Image_83vrsi83vrsi83vr-1-1024x576.png 1024w, https:\/\/www.correiobraziliense.com.br\/cbradar\/wp-content\/uploads\/2025\/11\/Gemini_Generated_Image_83vrsi83vrsi83vr-1-300x169.png 300w, https:\/\/www.correiobraziliense.com.br\/cbradar\/wp-content\/uploads\/2025\/11\/Gemini_Generated_Image_83vrsi83vrsi83vr-1-768x432.png 768w, https:\/\/www.correiobraziliense.com.br\/cbradar\/wp-content\/uploads\/2025\/11\/Gemini_Generated_Image_83vrsi83vrsi83vr-1-750x422.png 750w, https:\/\/www.correiobraziliense.com.br\/cbradar\/wp-content\/uploads\/2025\/11\/Gemini_Generated_Image_83vrsi83vrsi83vr-1-1140x641.png 1140w, https:\/\/www.correiobraziliense.com.br\/cbradar\/wp-content\/uploads\/2025\/11\/Gemini_Generated_Image_83vrsi83vrsi83vr-1.png 1280w\" sizes=\"(max-width: 1024px) 100vw, 1024px\" \/><figcaption class=\"wp-element-caption\">Al\u00e9m dos fatores f\u00edsicos, emo\u00e7\u00f5es e recorda\u00e7\u00f5es pessoais t\u00eam papel essencial na experi\u00eancia de arrepios<\/figcaption><\/figure><\/div>\n\n\n<h2 class=\"wp-block-heading\">Como a cultura e o contexto social influenciam os arrepios<\/h2>\n\n\n\n<p>As cren\u00e7as <b>culturais<\/b> e o contexto social alteram a interpreta\u00e7\u00e3o dos arrepios. Locais marcados por hist\u00f3rias ou misticismo popular podem gerar uma expectativa emocional que amplifica a resposta do corpo diante do desconhecido.<\/p>\n\n\n\n<p>A for\u00e7a das narrativas <b>culturais<\/b> faz com que certas pessoas apresentem respostas mais intensas ao visitar ambientes rotulados como misteriosos ou assombrados, mesmo sem perigo concreto presente.<\/p>\n\n\n\n<h2 class=\"wp-block-heading\">Como compreender racionalmente os arrepios e controlar sensa\u00e7\u00f5es<\/h2>\n\n\n\n<p>Apesar de parecerem <b>misteriosos<\/b>, arrepios t\u00eam explica\u00e7\u00f5es em bases cient\u00edficas e psicol\u00f3gicas. Entender o fen\u00f4meno facilita a gest\u00e3o das pr\u00f3prias <b>emo\u00e7\u00f5es<\/b> diante de experi\u00eancias intensas em novos ambientes.<\/p>\n\n\n\n<p>Reconhecer os fatores <b>ambientais<\/b>, emocionais e culturais envolvidos ajuda a desmistificar as rea\u00e7\u00f5es do corpo e permite que cada um lide melhor com as sensa\u00e7\u00f5es, tornando as situa\u00e7\u00f5es menos desconfort\u00e1veis.<\/p>\n","protected":false},"excerpt":{"rendered":"<p>O corpo humano reage instantaneamente aos est\u00edmulos ao seu redor, ativando uma s\u00e9rie de mecanismos fisiol\u00f3gicos e emocionais. Uma simples entrada em um ambiente diferente pode ser suficiente para desencadear rea\u00e7\u00f5es como arrepios, ligadas ao nosso sistema nervoso aut\u00f4nomo e influenciadas tanto por fatores ambientais quanto psicol\u00f3gicos. Fatores do ambiente f\u00edsico que provocam arrepios Elementos [&hellip;]<\/p>\n","protected":false},"author":9,"featured_media":146359,"comment_status":"open","ping_status":"open","sticky":false,"template":"","format":"standard","meta":{"_yoast_wpseo_focuskw":"arrepios","_yoast_wpseo_title":"","_yoast_wpseo_metadesc":"Os arrepios s\u00e3o respostas naturais do corpo a est\u00edmulos, emo\u00e7\u00f5es ou mem\u00f3rias, sem indicar necessariamente perigo real.","jnews-multi-image_gallery":[],"jnews_single_post":{"format":"standard"},"jnews_primary_category":[],"jnews_social_meta":[],"jnews_override_counter":[],"footnotes":""},"categories":[112],"tags":[8717,2339,9178],"class_list":["post-145936","post","type-post","status-publish","format-standard","has-post-thumbnail","hentry","category-curiosidades","tag-arrepios","tag-corpo","tag-corpo-arrepiar"],"yoast_head":"<!-- This site is optimized with the Yoast SEO plugin v24.6 - https:\/\/yoast.com\/wordpress\/plugins\/seo\/ -->\n<title>O que significa quando voc\u00ea sente arrepios apenas ao entrar em certos lugares? - Correio Braziliense - Radar<\/title>\n<meta name=\"description\" content=\"Os arrepios s\u00e3o respostas naturais do corpo a est\u00edmulos, emo\u00e7\u00f5es ou mem\u00f3rias, sem indicar necessariamente perigo real.\" \/>\n<meta name=\"robots\" content=\"index, follow, max-snippet:-1, max-image-preview:large, max-video-preview:-1\" \/>\n<link rel=\"canonical\" href=\"https:\/\/www.correiobraziliense.com.br\/cbradar\/o-que-significa-quando-voce-sente-arrepios-apenas-ao-entrar-em-certos-lugares\/\" \/>\n<meta property=\"og:locale\" content=\"pt_BR\" \/>\n<meta property=\"og:type\" content=\"article\" \/>\n<meta property=\"og:title\" content=\"O que significa quando voc\u00ea sente arrepios apenas ao entrar em certos lugares? - Correio Braziliense - Radar\" \/>\n<meta property=\"og:description\" content=\"Os arrepios s\u00e3o respostas naturais do corpo a est\u00edmulos, emo\u00e7\u00f5es ou mem\u00f3rias, sem indicar necessariamente perigo real.\" \/>\n<meta property=\"og:url\" content=\"https:\/\/www.correiobraziliense.com.br\/cbradar\/o-que-significa-quando-voce-sente-arrepios-apenas-ao-entrar-em-certos-lugares\/\" \/>\n<meta property=\"og:site_name\" content=\"Correio Braziliense - Radar\" \/>\n<meta property=\"article:published_time\" content=\"2025-11-29T17:55:05+00:00\" \/>\n<meta property=\"og:image\" content=\"https:\/\/www.correiobraziliense.com.br\/cbradar\/wp-content\/uploads\/2025\/11\/freepik__faa-uma-imagem-realista-de-um-brao-brasileiro-com-__2823.jpeg\" \/>\n\t<meta property=\"og:image:width\" content=\"1280\" \/>\n\t<meta property=\"og:image:height\" content=\"720\" \/>\n\t<meta property=\"og:image:type\" content=\"image\/jpeg\" \/>\n<meta name=\"author\" content=\"Daniely Cardoso\" \/>\n<meta name=\"twitter:card\" content=\"summary_large_image\" \/>\n<meta name=\"twitter:label1\" content=\"Escrito por\" \/>\n\t<meta name=\"twitter:data1\" content=\"Daniely Cardoso\" \/>\n\t<meta name=\"twitter:label2\" content=\"Est. tempo de leitura\" \/>\n\t<meta name=\"twitter:data2\" content=\"3 minutos\" \/>\n<!-- \/ Yoast SEO plugin. -->","yoast_head_json":{"title":"O que significa quando voc\u00ea sente arrepios apenas ao entrar em certos lugares? - Correio Braziliense - Radar","description":"Os arrepios s\u00e3o respostas naturais do corpo a est\u00edmulos, emo\u00e7\u00f5es ou mem\u00f3rias, sem indicar necessariamente perigo real.","robots":{"index":"index","follow":"follow","max-snippet":"max-snippet:-1","max-image-preview":"max-image-preview:large","max-video-preview":"max-video-preview:-1"},"canonical":"https:\/\/www.correiobraziliense.com.br\/cbradar\/o-que-significa-quando-voce-sente-arrepios-apenas-ao-entrar-em-certos-lugares\/","og_locale":"pt_BR","og_type":"article","og_title":"O que significa quando voc\u00ea sente arrepios apenas ao entrar em certos lugares? - Correio Braziliense - Radar","og_description":"Os arrepios s\u00e3o respostas naturais do corpo a est\u00edmulos, emo\u00e7\u00f5es ou mem\u00f3rias, sem indicar necessariamente perigo real.","og_url":"https:\/\/www.correiobraziliense.com.br\/cbradar\/o-que-significa-quando-voce-sente-arrepios-apenas-ao-entrar-em-certos-lugares\/","og_site_name":"Correio Braziliense - Radar","article_published_time":"2025-11-29T17:55:05+00:00","og_image":[{"width":1280,"height":720,"url":"https:\/\/www.correiobraziliense.com.br\/cbradar\/wp-content\/uploads\/2025\/11\/freepik__faa-uma-imagem-realista-de-um-brao-brasileiro-com-__2823.jpeg","type":"image\/jpeg"}],"author":"Daniely Cardoso","twitter_card":"summary_large_image","twitter_misc":{"Escrito por":"Daniely Cardoso","Est. tempo de leitura":"3 minutos"},"schema":{"@context":"https:\/\/schema.org","@graph":[{"@type":"WebPage","@id":"https:\/\/www.correiobraziliense.com.br\/cbradar\/o-que-significa-quando-voce-sente-arrepios-apenas-ao-entrar-em-certos-lugares\/","url":"https:\/\/www.correiobraziliense.com.br\/cbradar\/o-que-significa-quando-voce-sente-arrepios-apenas-ao-entrar-em-certos-lugares\/","name":"O que significa quando voc\u00ea sente arrepios apenas ao entrar em certos lugares? - Correio Braziliense - Radar","isPartOf":{"@id":"https:\/\/www.correiobraziliense.com.br\/cbradar\/#website"},"primaryImageOfPage":{"@id":"https:\/\/www.correiobraziliense.com.br\/cbradar\/o-que-significa-quando-voce-sente-arrepios-apenas-ao-entrar-em-certos-lugares\/#primaryimage"},"image":{"@id":"https:\/\/www.correiobraziliense.com.br\/cbradar\/o-que-significa-quando-voce-sente-arrepios-apenas-ao-entrar-em-certos-lugares\/#primaryimage"},"thumbnailUrl":"https:\/\/www.correiobraziliense.com.br\/cbradar\/wp-content\/uploads\/2025\/11\/freepik__faa-uma-imagem-realista-de-um-brao-brasileiro-com-__2823.jpeg","datePublished":"2025-11-29T17:55:05+00:00","author":{"@id":"https:\/\/www.correiobraziliense.com.br\/cbradar\/#\/schema\/person\/7356666e12ec0ee53f348ee5db227032"},"description":"Os arrepios s\u00e3o respostas naturais do corpo a est\u00edmulos, emo\u00e7\u00f5es ou mem\u00f3rias, sem indicar necessariamente perigo real.","breadcrumb":{"@id":"https:\/\/www.correiobraziliense.com.br\/cbradar\/o-que-significa-quando-voce-sente-arrepios-apenas-ao-entrar-em-certos-lugares\/#breadcrumb"},"inLanguage":"pt-BR","potentialAction":[{"@type":"ReadAction","target":["https:\/\/www.correiobraziliense.com.br\/cbradar\/o-que-significa-quando-voce-sente-arrepios-apenas-ao-entrar-em-certos-lugares\/"]}]},{"@type":"ImageObject","inLanguage":"pt-BR","@id":"https:\/\/www.correiobraziliense.com.br\/cbradar\/o-que-significa-quando-voce-sente-arrepios-apenas-ao-entrar-em-certos-lugares\/#primaryimage","url":"https:\/\/www.correiobraziliense.com.br\/cbradar\/wp-content\/uploads\/2025\/11\/freepik__faa-uma-imagem-realista-de-um-brao-brasileiro-com-__2823.jpeg","contentUrl":"https:\/\/www.correiobraziliense.com.br\/cbradar\/wp-content\/uploads\/2025\/11\/freepik__faa-uma-imagem-realista-de-um-brao-brasileiro-com-__2823.jpeg","width":1280,"height":720,"caption":"Os arrepios s\u00e3o respostas autom\u00e1ticas controladas pelo sistema nervoso aut\u00f4nomo"},{"@type":"BreadcrumbList","@id":"https:\/\/www.correiobraziliense.com.br\/cbradar\/o-que-significa-quando-voce-sente-arrepios-apenas-ao-entrar-em-certos-lugares\/#breadcrumb","itemListElement":[{"@type":"ListItem","position":1,"name":"In\u00edcio","item":"https:\/\/www.correiobraziliense.com.br\/cbradar\/"},{"@type":"ListItem","position":2,"name":"O que significa quando voc\u00ea sente arrepios apenas ao entrar em certos lugares?"}]},{"@type":"WebSite","@id":"https:\/\/www.correiobraziliense.com.br\/cbradar\/#website","url":"https:\/\/www.correiobraziliense.com.br\/cbradar\/","name":"Correio Braziliense - Radar","description":"Acompanhe as \u00faltimas not\u00edcias e fique bem informado sobre tudo o que acontece no Brasil e no mundo.","potentialAction":[{"@type":"SearchAction","target":{"@type":"EntryPoint","urlTemplate":"https:\/\/www.correiobraziliense.com.br\/cbradar\/?s={search_term_string}"},"query-input":{"@type":"PropertyValueSpecification","valueRequired":true,"valueName":"search_term_string"}}],"inLanguage":"pt-BR"},{"@type":"Person","@id":"https:\/\/www.correiobraziliense.com.br\/cbradar\/#\/schema\/person\/7356666e12ec0ee53f348ee5db227032","name":"Daniely Cardoso","image":{"@type":"ImageObject","inLanguage":"pt-BR","@id":"https:\/\/www.correiobraziliense.com.br\/cbradar\/#\/schema\/person\/image\/","url":"https:\/\/secure.gravatar.com\/avatar\/4b80ddbd124d1f071b626d52d62e5dff?s=96&d=mm&r=g","contentUrl":"https:\/\/secure.gravatar.com\/avatar\/4b80ddbd124d1f071b626d52d62e5dff?s=96&d=mm&r=g","caption":"Daniely Cardoso"},"description":"Redatora nos portais CB Radar e EM Foco, formada pela Universidade Federal de Goi\u00e1s, em Goi\u00e2nia. Apaixonada por comunica\u00e7\u00e3o, arte, decora\u00e7\u00e3o e tend\u00eancias, atuo na produ\u00e7\u00e3o de conte\u00fados envolventes sobre curiosidades, moda, beleza e paisagismo, sempre com um olhar atento \u00e0s novidades do momento.","sameAs":["https:\/\/www.correiobraziliense.com.br\/cbradar"],"url":"https:\/\/www.correiobraziliense.com.br\/cbradar\/author\/danielymyth\/"}]}},"_links":{"self":[{"href":"https:\/\/www.correiobraziliense.com.br\/cbradar\/wp-json\/wp\/v2\/posts\/145936","targetHints":{"allow":["GET"]}}],"collection":[{"href":"https:\/\/www.correiobraziliense.com.br\/cbradar\/wp-json\/wp\/v2\/posts"}],"about":[{"href":"https:\/\/www.correiobraziliense.com.br\/cbradar\/wp-json\/wp\/v2\/types\/post"}],"author":[{"embeddable":true,"href":"https:\/\/www.correiobraziliense.com.br\/cbradar\/wp-json\/wp\/v2\/users\/9"}],"replies":[{"embeddable":true,"href":"https:\/\/www.correiobraziliense.com.br\/cbradar\/wp-json\/wp\/v2\/comments?post=145936"}],"version-history":[{"count":3,"href":"https:\/\/www.correiobraziliense.com.br\/cbradar\/wp-json\/wp\/v2\/posts\/145936\/revisions"}],"predecessor-version":[{"id":146255,"href":"https:\/\/www.correiobraziliense.com.br\/cbradar\/wp-json\/wp\/v2\/posts\/145936\/revisions\/146255"}],"wp:featuredmedia":[{"embeddable":true,"href":"https:\/\/www.correiobraziliense.com.br\/cbradar\/wp-json\/wp\/v2\/media\/146359"}],"wp:attachment":[{"href":"https:\/\/www.correiobraziliense.com.br\/cbradar\/wp-json\/wp\/v2\/media?parent=145936"}],"wp:term":[{"taxonomy":"category","embeddable":true,"href":"https:\/\/www.correiobraziliense.com.br\/cbradar\/wp-json\/wp\/v2\/categories?post=145936"},{"taxonomy":"post_tag","embeddable":true,"href":"https:\/\/www.correiobraziliense.com.br\/cbradar\/wp-json\/wp\/v2\/tags?post=145936"}],"curies":[{"name":"wp","href":"https:\/\/api.w.org\/{rel}","templated":true}]}}