{"id":14595,"date":"2025-03-22T17:10:00","date_gmt":"2025-03-22T20:10:00","guid":{"rendered":"https:\/\/www.correiobraziliense.com.br\/cbradar\/?p=14595"},"modified":"2025-03-21T22:24:57","modified_gmt":"2025-03-22T01:24:57","slug":"2a-temporada-de-tracker-tera-astro-de-the-old-man","status":"publish","type":"post","link":"https:\/\/www.correiobraziliense.com.br\/cbradar\/2a-temporada-de-tracker-tera-astro-de-the-old-man\/","title":{"rendered":"2\u00aa temporada de Tracker ter\u00e1 astro de The Old Man"},"content":{"rendered":"\n<p>A s\u00e9rie de suspense &#8216;<strong>Tracker<\/strong>&#8216;, protagonizada por <strong>Justin Hartley<\/strong>, continua a cativar o p\u00fablico nos <strong>Estados Unidos <\/strong>com sua segunda temporada. Baseada no livro &#8216;<strong>The Never Game<\/strong>&#8216; de J<strong>effery Deaver<\/strong>, a trama acompanha <strong>Colter Shaw<\/strong>, um sobrevivente que se transforma em um ca\u00e7ador de recompensas, ajudando a resolver mist\u00e9rios complexos enquanto lida com seus pr\u00f3prios dilemas familiares. A s\u00e9rie tem se destacado por sua narrativa envolvente e pela habilidade de Hartley em trazer profundidade ao personagem principal.<\/p>\n\n\n\n<p>Recentemente, a s\u00e9rie ganhou novos ares com a adi\u00e7\u00e3o de <strong>Pej Vahdat<\/strong> ao elenco. Vahdat, conhecido por seu papel em <strong>&#8216;The Old Man<\/strong>&#8216;, interpreta <strong>Leonard Sharf<\/strong>, um cliente exigente que busca vantagem sobre um dos parceiros fundadores de sua empresa. Essa nova din\u00e2mica promete trazer ainda mais tens\u00e3o e intriga \u00e0 trama, enquanto Sharf se envolve em um jogo perigoso com &#8220;Reenie&#8221;, personagem de Fiona Rene.<\/p>\n\n\n\n<h2 class=\"wp-block-heading\"><strong>Quais s\u00e3o os elementos que tornam &#8216;Tracker&#8217; uma s\u00e9rie de sucesso?<\/strong><\/h2>\n\n\n\n<p>&#8216;Tracker&#8217; se destaca no cen\u00e1rio televisivo por diversos motivos. Primeiramente, a s\u00e9rie combina elementos de suspense e drama de forma eficaz, mantendo os espectadores na ponta de seus assentos. A habilidade de Colter Shaw em resolver mist\u00e9rios complexos, utilizando suas habilidades de rastreamento, adiciona uma camada de intriga que \u00e9 complementada por subtramas emocionais envolvendo sua fam\u00edlia fragmentada.<\/p>\n\n\n\n<p>Al\u00e9m disso, o elenco talentoso, que inclui nomes como Mary McDonnell e Robin Weigert, contribui significativamente para o sucesso da s\u00e9rie. A qu\u00edmica entre os personagens e a profundidade das performances ajudam a criar uma experi\u00eancia envolvente para o p\u00fablico. A produ\u00e7\u00e3o executiva de Justin Hartley, ao lado de Ken Olin e Ben H. Winters, tamb\u00e9m garante que a s\u00e9rie mantenha um alto padr\u00e3o de qualidade em termos de narrativa e produ\u00e7\u00e3o.<\/p>\n\n\n\n<iframe loading=\"lazy\" width=\"560\" height=\"315\" src=\"https:\/\/www.youtube.com\/embed\/kQg16PnPpF8?si=yhmU6w73g2_YYesI\" title=\"YouTube video player\" frameborder=\"0\" allow=\"accelerometer; autoplay; clipboard-write; encrypted-media; gyroscope; picture-in-picture; web-share\" referrerpolicy=\"strict-origin-when-cross-origin\" allowfullscreen><\/iframe>\n\n\n\n<h2 class=\"wp-block-heading\"><strong>Como a adi\u00e7\u00e3o de novos personagens impacta a narrativa de &#8216;Tracker&#8217;?<\/strong><\/h2>\n\n\n\n<p>A introdu\u00e7\u00e3o de novos personagens, como Leonard Sharf, desempenhado por Pej Vahdat, \u00e9 uma estrat\u00e9gia eficaz para manter a s\u00e9rie fresca e interessante. Sharf traz uma nova camada de complexidade \u00e0 trama, desafiando Colter Shaw de maneiras inesperadas. Essa din\u00e2mica n\u00e3o apenas intensifica o suspense, mas tamb\u00e9m permite que a s\u00e9rie explore novos temas e conflitos.<\/p>\n\n\n\n<p>Al\u00e9m disso, a intera\u00e7\u00e3o entre Sharf e &#8220;Reenie&#8221; adiciona uma dimens\u00e3o de intriga e perigo, j\u00e1 que ambos est\u00e3o envolvidos em atividades moralmente question\u00e1veis. Essa evolu\u00e7\u00e3o na narrativa n\u00e3o s\u00f3 mant\u00e9m os espectadores engajados, mas tamb\u00e9m oferece oportunidades para o desenvolvimento dos personagens principais, aprofundando suas hist\u00f3rias pessoais e motiva\u00e7\u00f5es.<\/p>\n\n\n\n<figure class=\"wp-block-image size-large\"><img decoding=\"async\" width=\"1024\" height=\"576\" src=\"https:\/\/www.correiobraziliense.com.br\/cbradar\/wp-content\/uploads\/2025\/03\/Pej-Vahdat-1024x576.png\" alt=\"2\u00aa temporada de Tracker ter\u00e1 astro de The Old Man\" class=\"wp-image-14600\" srcset=\"https:\/\/www.correiobraziliense.com.br\/cbradar\/wp-content\/uploads\/2025\/03\/Pej-Vahdat-1024x576.png 1024w, https:\/\/www.correiobraziliense.com.br\/cbradar\/wp-content\/uploads\/2025\/03\/Pej-Vahdat-300x169.png 300w, https:\/\/www.correiobraziliense.com.br\/cbradar\/wp-content\/uploads\/2025\/03\/Pej-Vahdat-768x432.png 768w, https:\/\/www.correiobraziliense.com.br\/cbradar\/wp-content\/uploads\/2025\/03\/Pej-Vahdat-750x422.png 750w, https:\/\/www.correiobraziliense.com.br\/cbradar\/wp-content\/uploads\/2025\/03\/Pej-Vahdat-1140x641.png 1140w, https:\/\/www.correiobraziliense.com.br\/cbradar\/wp-content\/uploads\/2025\/03\/Pej-Vahdat.png 1280w\" sizes=\"(max-width: 1024px) 100vw, 1024px\" \/><figcaption class=\"wp-element-caption\">Pej Vahdat. Fonte: divulga\u00e7\u00e3o \/ @pejvahdat<\/figcaption><\/figure>\n\n\n\n<h2 class=\"wp-block-heading\"><strong>O impacto cultural e a recep\u00e7\u00e3o de &#8216;Tracker&#8217; no cen\u00e1rio atual<\/strong><\/h2>\n\n\n\n<p>&#8216;Tracker&#8217; tem sido bem recebida tanto pela cr\u00edtica quanto pelo p\u00fablico, destacando-se como uma s\u00e9rie que consegue equilibrar a\u00e7\u00e3o, suspense e drama familiar. A s\u00e9rie reflete temas contempor\u00e2neos, como a busca por justi\u00e7a e a complexidade das rela\u00e7\u00f5es familiares, ressoando com uma audi\u00eancia ampla e diversificada.<\/p>\n\n\n\n<p>Al\u00e9m disso, a presen\u00e7a de Justin Hartley, um ator j\u00e1 querido pelo p\u00fablico devido ao seu trabalho em &#8216;This is Us&#8217;, ajuda a atrair uma base de f\u00e3s leal. A s\u00e9rie continua a evoluir, prometendo mais reviravoltas e desenvolvimentos emocionantes nas temporadas futuras, solidificando seu lugar como um dos destaques do g\u00eanero de suspense na televis\u00e3o atual.<\/p>\n","protected":false},"excerpt":{"rendered":"<p>Explore o mundo emocionante de Tracker, uma s\u00e9rie de TV cativante estrelada por Justin Hartley. Baseada em &#8216;The Never Game&#8217; de Jeffery Deaver.<\/p>\n","protected":false},"author":3,"featured_media":14598,"comment_status":"open","ping_status":"open","sticky":false,"template":"","format":"standard","meta":{"_yoast_wpseo_focuskw":"tracker the old man","_yoast_wpseo_title":"%%title%%","_yoast_wpseo_metadesc":"Explore o mundo emocionante de Tracker, uma s\u00e9rie de TV cativante estrelada por Justin Hartley. Baseada em 'The Never Game' de Jeffery Deaver.","jnews-multi-image_gallery":[],"jnews_single_post":{"format":"standard"},"jnews_primary_category":[],"jnews_social_meta":[],"jnews_override_counter":[],"footnotes":""},"categories":[140],"post_tag":[568],"class_list":["post-14595","post","type-post","status-publish","format-standard","has-post-thumbnail","hentry","category-entretenimento","tag-series-e-filmes"],"yoast_head":"<!-- This site is optimized with the Yoast SEO plugin v24.6 - https:\/\/yoast.com\/wordpress\/plugins\/seo\/ -->\n<title>2\u00aa temporada de Tracker ter\u00e1 astro de The Old Man<\/title>\n<meta name=\"description\" content=\"Explore o mundo emocionante de Tracker, uma s\u00e9rie de TV cativante estrelada por Justin Hartley. Baseada em &#039;The Never Game&#039; de Jeffery Deaver.\" \/>\n<meta name=\"robots\" content=\"index, follow, max-snippet:-1, max-image-preview:large, max-video-preview:-1\" \/>\n<link rel=\"canonical\" href=\"https:\/\/www.correiobraziliense.com.br\/cbradar\/2a-temporada-de-tracker-tera-astro-de-the-old-man\/\" \/>\n<meta property=\"og:locale\" content=\"pt_BR\" \/>\n<meta property=\"og:type\" content=\"article\" \/>\n<meta property=\"og:title\" content=\"2\u00aa temporada de Tracker ter\u00e1 astro de The Old Man\" \/>\n<meta property=\"og:description\" content=\"Explore o mundo emocionante de Tracker, uma s\u00e9rie de TV cativante estrelada por Justin Hartley. Baseada em &#039;The Never Game&#039; de Jeffery Deaver.\" \/>\n<meta property=\"og:url\" content=\"https:\/\/www.correiobraziliense.com.br\/cbradar\/2a-temporada-de-tracker-tera-astro-de-the-old-man\/\" \/>\n<meta property=\"og:site_name\" content=\"Correio Braziliense - Radar\" \/>\n<meta property=\"article:published_time\" content=\"2025-03-22T20:10:00+00:00\" \/>\n<meta property=\"og:image\" content=\"https:\/\/www.correiobraziliense.com.br\/cbradar\/wp-content\/uploads\/2025\/03\/Tracker.png\" \/>\n\t<meta property=\"og:image:width\" content=\"1280\" \/>\n\t<meta property=\"og:image:height\" content=\"720\" \/>\n\t<meta property=\"og:image:type\" content=\"image\/png\" \/>\n<meta name=\"author\" content=\"Larissa Carvalho\" \/>\n<meta name=\"twitter:card\" content=\"summary_large_image\" \/>\n<meta name=\"twitter:label1\" content=\"Escrito por\" \/>\n\t<meta name=\"twitter:data1\" content=\"Larissa Carvalho\" \/>\n\t<meta name=\"twitter:label2\" content=\"Est. tempo de leitura\" \/>\n\t<meta name=\"twitter:data2\" content=\"4 minutos\" \/>\n<!-- \/ Yoast SEO plugin. -->","yoast_head_json":{"title":"2\u00aa temporada de Tracker ter\u00e1 astro de The Old Man","description":"Explore o mundo emocionante de Tracker, uma s\u00e9rie de TV cativante estrelada por Justin Hartley. Baseada em 'The Never Game' de Jeffery Deaver.","robots":{"index":"index","follow":"follow","max-snippet":"max-snippet:-1","max-image-preview":"max-image-preview:large","max-video-preview":"max-video-preview:-1"},"canonical":"https:\/\/www.correiobraziliense.com.br\/cbradar\/2a-temporada-de-tracker-tera-astro-de-the-old-man\/","og_locale":"pt_BR","og_type":"article","og_title":"2\u00aa temporada de Tracker ter\u00e1 astro de The Old Man","og_description":"Explore o mundo emocionante de Tracker, uma s\u00e9rie de TV cativante estrelada por Justin Hartley. Baseada em 'The Never Game' de Jeffery Deaver.","og_url":"https:\/\/www.correiobraziliense.com.br\/cbradar\/2a-temporada-de-tracker-tera-astro-de-the-old-man\/","og_site_name":"Correio Braziliense - Radar","article_published_time":"2025-03-22T20:10:00+00:00","og_image":[{"width":1280,"height":720,"url":"https:\/\/www.correiobraziliense.com.br\/cbradar\/wp-content\/uploads\/2025\/03\/Tracker.png","type":"image\/png"}],"author":"Larissa Carvalho","twitter_card":"summary_large_image","twitter_misc":{"Escrito por":"Larissa Carvalho","Est. tempo de leitura":"4 minutos"},"schema":{"@context":"https:\/\/schema.org","@graph":[{"@type":"WebPage","@id":"https:\/\/www.correiobraziliense.com.br\/cbradar\/2a-temporada-de-tracker-tera-astro-de-the-old-man\/","url":"https:\/\/www.correiobraziliense.com.br\/cbradar\/2a-temporada-de-tracker-tera-astro-de-the-old-man\/","name":"2\u00aa temporada de Tracker ter\u00e1 astro de The Old Man","isPartOf":{"@id":"https:\/\/www.correiobraziliense.com.br\/cbradar\/#website"},"primaryImageOfPage":{"@id":"https:\/\/www.correiobraziliense.com.br\/cbradar\/2a-temporada-de-tracker-tera-astro-de-the-old-man\/#primaryimage"},"image":{"@id":"https:\/\/www.correiobraziliense.com.br\/cbradar\/2a-temporada-de-tracker-tera-astro-de-the-old-man\/#primaryimage"},"thumbnailUrl":"https:\/\/www.correiobraziliense.com.br\/cbradar\/wp-content\/uploads\/2025\/03\/Tracker.png","datePublished":"2025-03-22T20:10:00+00:00","author":{"@id":"https:\/\/www.correiobraziliense.com.br\/cbradar\/#\/schema\/person\/58422787644df994b53a19d3e56c1513"},"description":"Explore o mundo emocionante de Tracker, uma s\u00e9rie de TV cativante estrelada por Justin Hartley. Baseada em 'The Never Game' de Jeffery Deaver.","breadcrumb":{"@id":"https:\/\/www.correiobraziliense.com.br\/cbradar\/2a-temporada-de-tracker-tera-astro-de-the-old-man\/#breadcrumb"},"inLanguage":"pt-BR","potentialAction":[{"@type":"ReadAction","target":["https:\/\/www.correiobraziliense.com.br\/cbradar\/2a-temporada-de-tracker-tera-astro-de-the-old-man\/"]}]},{"@type":"ImageObject","inLanguage":"pt-BR","@id":"https:\/\/www.correiobraziliense.com.br\/cbradar\/2a-temporada-de-tracker-tera-astro-de-the-old-man\/#primaryimage","url":"https:\/\/www.correiobraziliense.com.br\/cbradar\/wp-content\/uploads\/2025\/03\/Tracker.png","contentUrl":"https:\/\/www.correiobraziliense.com.br\/cbradar\/wp-content\/uploads\/2025\/03\/Tracker.png","width":1280,"height":720,"caption":"Tracker. Fonte: divulga\u00e7\u00e3o \/ Prime Video"},{"@type":"BreadcrumbList","@id":"https:\/\/www.correiobraziliense.com.br\/cbradar\/2a-temporada-de-tracker-tera-astro-de-the-old-man\/#breadcrumb","itemListElement":[{"@type":"ListItem","position":1,"name":"In\u00edcio","item":"https:\/\/www.correiobraziliense.com.br\/cbradar\/"},{"@type":"ListItem","position":2,"name":"2\u00aa temporada de Tracker ter\u00e1 astro de The Old Man"}]},{"@type":"WebSite","@id":"https:\/\/www.correiobraziliense.com.br\/cbradar\/#website","url":"https:\/\/www.correiobraziliense.com.br\/cbradar\/","name":"Correio Braziliense - Radar","description":"Acompanhe as \u00faltimas not\u00edcias e fique bem informado sobre tudo o que acontece no Brasil e no mundo.","potentialAction":[{"@type":"SearchAction","target":{"@type":"EntryPoint","urlTemplate":"https:\/\/www.correiobraziliense.com.br\/cbradar\/?s={search_term_string}"},"query-input":{"@type":"PropertyValueSpecification","valueRequired":true,"valueName":"search_term_string"}}],"inLanguage":"pt-BR"},{"@type":"Person","@id":"https:\/\/www.correiobraziliense.com.br\/cbradar\/#\/schema\/person\/58422787644df994b53a19d3e56c1513","name":"Larissa Carvalho","image":{"@type":"ImageObject","inLanguage":"pt-BR","@id":"https:\/\/www.correiobraziliense.com.br\/cbradar\/#\/schema\/person\/image\/","url":"https:\/\/secure.gravatar.com\/avatar\/fe4f91a0de32b52a838d0d612abdc1aa?s=96&d=mm&r=g","contentUrl":"https:\/\/secure.gravatar.com\/avatar\/fe4f91a0de32b52a838d0d612abdc1aa?s=96&d=mm&r=g","caption":"Larissa Carvalho"},"url":"https:\/\/www.correiobraziliense.com.br\/cbradar\/author\/larissamyth\/"}]}},"_links":{"self":[{"href":"https:\/\/www.correiobraziliense.com.br\/cbradar\/wp-json\/wp\/v2\/posts\/14595","targetHints":{"allow":["GET"]}}],"collection":[{"href":"https:\/\/www.correiobraziliense.com.br\/cbradar\/wp-json\/wp\/v2\/posts"}],"about":[{"href":"https:\/\/www.correiobraziliense.com.br\/cbradar\/wp-json\/wp\/v2\/types\/post"}],"author":[{"embeddable":true,"href":"https:\/\/www.correiobraziliense.com.br\/cbradar\/wp-json\/wp\/v2\/users\/3"}],"replies":[{"embeddable":true,"href":"https:\/\/www.correiobraziliense.com.br\/cbradar\/wp-json\/wp\/v2\/comments?post=14595"}],"version-history":[{"count":1,"href":"https:\/\/www.correiobraziliense.com.br\/cbradar\/wp-json\/wp\/v2\/posts\/14595\/revisions"}],"predecessor-version":[{"id":14601,"href":"https:\/\/www.correiobraziliense.com.br\/cbradar\/wp-json\/wp\/v2\/posts\/14595\/revisions\/14601"}],"wp:featuredmedia":[{"embeddable":true,"href":"https:\/\/www.correiobraziliense.com.br\/cbradar\/wp-json\/wp\/v2\/media\/14598"}],"wp:attachment":[{"href":"https:\/\/www.correiobraziliense.com.br\/cbradar\/wp-json\/wp\/v2\/media?parent=14595"}],"wp:term":[{"taxonomy":"category","embeddable":true,"href":"https:\/\/www.correiobraziliense.com.br\/cbradar\/wp-json\/wp\/v2\/categories?post=14595"},{"taxonomy":"post_tag","embeddable":true,"href":"https:\/\/www.correiobraziliense.com.br\/cbradar\/wp-json\/wp\/v2\/post_tag?post=14595"}],"curies":[{"name":"wp","href":"https:\/\/api.w.org\/{rel}","templated":true}]}}