{"id":145958,"date":"2025-11-28T20:35:00","date_gmt":"2025-11-28T23:35:00","guid":{"rendered":"https:\/\/www.correiobraziliense.com.br\/cbradar\/?p=145958"},"modified":"2025-11-27T13:17:11","modified_gmt":"2025-11-27T16:17:11","slug":"cachorros-podem-comer-amendoim-e-isso-que-voce-precisa-saber","status":"publish","type":"post","link":"https:\/\/www.correiobraziliense.com.br\/cbradar\/cachorros-podem-comer-amendoim-e-isso-que-voce-precisa-saber\/","title":{"rendered":"Cachorros podem comer amendoim? \u00c9 isso que voc\u00ea precisa saber"},"content":{"rendered":"\n<p>Os c\u00e3es s\u00e3o frequentemente chamados de melhores amigos dos humanos e, por isso, \u00e9 comum inclu\u00ed-los em momentos importantes do dia a dia, como a alimenta\u00e7\u00e3o. Apesar do amendoim ser uma iguaria popular entre as pessoas, muitas d\u00favidas surgem sobre a sua oferta aos c\u00e3es e os cuidados necess\u00e1rios ao considerar esse alimento.<\/p>\n\n\n\n<h2 class=\"wp-block-heading\">O amendoim \u00e9 seguro para c\u00e3es em pequenas quantidades<\/h2>\n\n\n\n<p>O <strong>amendoim geralmente n\u00e3o cont\u00e9m subst\u00e2ncias t\u00f3xicas para c\u00e3es<\/strong> e pode ser oferecido esporadicamente, desde que sem excessos. O sistema digestivo dos c\u00e3es \u00e9 mais adaptado a prote\u00ednas animais, mas alimentos vegetais, como o amendoim, podem ser tolerados em pequenas quantidades.<\/p>\n\n\n\n<p>No entanto, \u00e9 fundamental que o amendoim n\u00e3o ultrapasse 10% da ingest\u00e3o cal\u00f3rica di\u00e1ria do animal. Isso porque alimentos com alto teor de gordura, al\u00e9m de serem mais dif\u00edceis de digerir, <strong>podem causar problemas como pancreatite<\/strong>. Am\u00eandoas, por exemplo, devem ser evitadas completamente por conta desses riscos.<\/p>\n\n\n\n<p>O perfil @singularpet explicou sobre quando \u00e9 poss\u00edvel dar amendoim para pets:<\/p>\n\n\n\n<blockquote class=\"tiktok-embed\" cite=\"https:\/\/www.tiktok.com\/@singularpet\/video\/7411104831638686982\" data-video-id=\"7411104831638686982\" style=\"max-width: 605px;min-width: 325px;\" > <section> <a target=\"_blank\" title=\"@singularpet\" href=\"https:\/\/www.tiktok.com\/@singularpet?refer=embed\">@singularpet<\/a> Cachorros podem comer Amendoim? <a title=\"cachorro\" target=\"_blank\" href=\"https:\/\/www.tiktok.com\/tag\/cachorro?refer=embed\">#Cachorro<\/a> <a title=\"pet\" target=\"_blank\" href=\"https:\/\/www.tiktok.com\/tag\/pet?refer=embed\">#pet<\/a> <a title=\"animal\" target=\"_blank\" href=\"https:\/\/www.tiktok.com\/tag\/animal?refer=embed\">#animal<\/a> <a title=\"c\u00e3o\" target=\"_blank\" href=\"https:\/\/www.tiktok.com\/tag\/c%C3%A3o?refer=embed\">#c\u00e3o<\/a> <a title=\"animaldeestima\u00e7\u00e3o\" target=\"_blank\" href=\"https:\/\/www.tiktok.com\/tag\/animaldeestima%C3%A7%C3%A3o?refer=embed\">#animaldeestima\u00e7\u00e3o<\/a> <a target=\"_blank\" title=\"\u266c som original - Singular Pet\" href=\"https:\/\/www.tiktok.com\/music\/som-original-7411104879955348230?refer=embed\">\u266c som original &#8211; Singular Pet<\/a> <\/section> <\/blockquote> <script async src=\"https:\/\/www.tiktok.com\/embed.js\"><\/script>\n\n\n\n<h2 class=\"wp-block-heading\">Quais cuidados voc\u00ea deve ter ao dar amendoim para seu c\u00e3o<\/h2>\n\n\n\n<p>Ao oferecer amendoim, prefira sempre o alimento torrado, sem sal e livre de aditivos, optando por pequenas quantidades e observando a rea\u00e7\u00e3o do c\u00e3o. Na primeira vez, aguarde pelo menos 12 horas para garantir que n\u00e3o haja <strong>rea\u00e7\u00f5es al\u00e9rgicas<\/strong> ou desconfortos gastrointestinais.<\/p>\n\n\n\n<p>No caso de sintomas como coceira, incha\u00e7o, letargia, v\u00f4mitos ou diarreia, a busca por assist\u00eancia veterin\u00e1ria deve ser imediata. Para facilitar a aten\u00e7\u00e3o, veja os principais cuidados ao oferecer amendoim aos c\u00e3es:<\/p>\n\n\n\n<ul class=\"wp-block-list\">\n<li><strong>Evite oferecer amendoim salgado ou com temperos<\/strong><\/li>\n\n\n\n<li><strong>Sempre sirva o alimento em pequenas por\u00e7\u00f5es<\/strong><\/li>\n\n\n\n<li><strong>Observe rea\u00e7\u00f5es ap\u00f3s a ingest\u00e3o<\/strong><\/li>\n\n\n\n<li><strong>N\u00e3o ofere\u00e7a amendoim como substituto de refei\u00e7\u00f5es principais<\/strong><\/li>\n<\/ul>\n\n\n\n<h2 class=\"wp-block-heading\">O que o amendoim pode trazer de benef\u00edcios nutricionais para seu c\u00e3o?<\/h2>\n\n\n\n<p>Se bem administrado, o amendoim pode representar <strong>fontes extras de prote\u00edna vegetal<\/strong>, energia e \u00e1cidos graxos \u00f4mega-3, que s\u00e3o importantes para a sa\u00fade da pele e fortalecimento do pelo. O equil\u00edbrio na oferta desses nutrientes \u00e9 essencial para o bem-estar geral.<\/p>\n\n\n\n<p>O amendoim cont\u00e9m ainda mais de 9% de \u00e1cidos graxos poli-insaturados, que contribuem para a comunica\u00e7\u00e3o celular, controle do colesterol ruim e<strong> suporte card\u00edaco<\/strong>. Adicionalmente, o consumo ocasional pode auxiliar na manuten\u00e7\u00e3o da sa\u00fade osteomuscular.<\/p>\n\n\n\n<figure class=\"wp-block-image size-large\"><img decoding=\"async\" width=\"1024\" height=\"576\" src=\"https:\/\/www.correiobraziliense.com.br\/cbradar\/wp-content\/uploads\/2025\/11\/mosaico_1764245927437-1024x576.jpg\" alt=\"Cachorros podem comer amendoim? \u00c9 isso que voc\u00ea precisa saber\" class=\"wp-image-145964\" srcset=\"https:\/\/www.correiobraziliense.com.br\/cbradar\/wp-content\/uploads\/2025\/11\/mosaico_1764245927437-1024x576.jpg 1024w, https:\/\/www.correiobraziliense.com.br\/cbradar\/wp-content\/uploads\/2025\/11\/mosaico_1764245927437-300x169.jpg 300w, https:\/\/www.correiobraziliense.com.br\/cbradar\/wp-content\/uploads\/2025\/11\/mosaico_1764245927437-768x432.jpg 768w, https:\/\/www.correiobraziliense.com.br\/cbradar\/wp-content\/uploads\/2025\/11\/mosaico_1764245927437-750x422.jpg 750w, https:\/\/www.correiobraziliense.com.br\/cbradar\/wp-content\/uploads\/2025\/11\/mosaico_1764245927437-1140x641.jpg 1140w, https:\/\/www.correiobraziliense.com.br\/cbradar\/wp-content\/uploads\/2025\/11\/mosaico_1764245927437.jpg 1280w\" sizes=\"(max-width: 1024px) 100vw, 1024px\" \/><figcaption class=\"wp-element-caption\">Amendoim natural para c\u00e3es: descubra cuidados essenciais para oferecer com seguran\u00e7a, sem sal ou temperos, mantendo a sa\u00fade do pet em dia. Cr\u00e9ditos: depositphotos.com \/ DragonImages e Cr\u00e9ditos: depositphotos.com \/ mrsiraphol<\/figcaption><\/figure>\n\n\n\n<h2 class=\"wp-block-heading\">Que vitaminas e minerais importantes o amendoim oferece ao c\u00e3o?<\/h2>\n\n\n\n<p>Al\u00e9m dos benef\u00edcios energ\u00e9ticos, o amendoim cont\u00e9m vitaminas e minerais relevantes para a sa\u00fade canina. Entre eles, a <strong>vitamina E<\/strong>, com perfil antioxidante, e a <strong>vitamina B3<\/strong>, que impacta positivamente o metabolismo e o sistema nervoso.<\/p>\n\n\n\n<p>Outros minerais como <strong>zinco<\/strong> e <strong>magn\u00e9sio<\/strong> tamb\u00e9m marcam presen\u00e7a, auxiliando na cicatriza\u00e7\u00e3o e refor\u00e7ando o sistema imunol\u00f3gico. Esses nutrientes ainda participam da produ\u00e7\u00e3o de enzimas, hormonas e sustenta\u00e7\u00e3o \u00f3ssea do animal.<\/p>\n\n\n\n<p>Embora o amendoim possa ser considerado um snack saud\u00e1vel de vez em quando, a orienta\u00e7\u00e3o de um veterin\u00e1rio \u00e9 indispens\u00e1vel ao acrescentar novos alimentos \u00e0 dieta do c\u00e3o. Respeitar as peculiaridades individuais de cada pet \u00e9 o caminho mais seguro para garantir sua sa\u00fade e qualidade de vida.<\/p>\n","protected":false},"excerpt":{"rendered":"<p>Mantendo seu c\u00e3o saud\u00e1vel: Descubra se c\u00e3es podem comer amendoim e seus benef\u00edcios. Cuide da sa\u00fade e alimenta\u00e7\u00e3o do seu melhor amigo!<\/p>\n","protected":false},"author":3,"featured_media":146078,"comment_status":"open","ping_status":"open","sticky":false,"template":"","format":"standard","meta":{"_yoast_wpseo_focuskw":"cachorros amendoim","_yoast_wpseo_title":"%%title%%","_yoast_wpseo_metadesc":"Mantendo seu c\u00e3o saud\u00e1vel: Descubra se c\u00e3es podem comer amendoim e seus benef\u00edcios. Cuide da sa\u00fade e alimenta\u00e7\u00e3o do seu melhor amigo!","jnews-multi-image_gallery":[],"jnews_single_post":{"format":"standard"},"jnews_primary_category":[],"jnews_social_meta":[],"jnews_override_counter":[],"footnotes":""},"categories":[112],"post_tag":[230,1977,378,144,1008],"class_list":["post-145958","post","type-post","status-publish","format-standard","has-post-thumbnail","hentry","category-curiosidades","tag-animais","tag-animais-de-estimacao","tag-cachorro","tag-curiosidades","tag-pets"],"yoast_head":"<!-- This site is optimized with the Yoast SEO plugin v24.6 - https:\/\/yoast.com\/wordpress\/plugins\/seo\/ -->\n<title>Cachorros podem comer amendoim? \u00c9 isso que voc\u00ea precisa saber<\/title>\n<meta name=\"description\" content=\"Mantendo seu c\u00e3o saud\u00e1vel: Descubra se c\u00e3es podem comer amendoim e seus benef\u00edcios. Cuide da sa\u00fade e alimenta\u00e7\u00e3o do seu melhor amigo!\" \/>\n<meta name=\"robots\" content=\"index, follow, max-snippet:-1, max-image-preview:large, max-video-preview:-1\" \/>\n<link rel=\"canonical\" href=\"https:\/\/www.correiobraziliense.com.br\/cbradar\/cachorros-podem-comer-amendoim-e-isso-que-voce-precisa-saber\/\" \/>\n<meta property=\"og:locale\" content=\"pt_BR\" \/>\n<meta property=\"og:type\" content=\"article\" \/>\n<meta property=\"og:title\" content=\"Cachorros podem comer amendoim? \u00c9 isso que voc\u00ea precisa saber\" \/>\n<meta property=\"og:description\" content=\"Mantendo seu c\u00e3o saud\u00e1vel: Descubra se c\u00e3es podem comer amendoim e seus benef\u00edcios. Cuide da sa\u00fade e alimenta\u00e7\u00e3o do seu melhor amigo!\" \/>\n<meta property=\"og:url\" content=\"https:\/\/www.correiobraziliense.com.br\/cbradar\/cachorros-podem-comer-amendoim-e-isso-que-voce-precisa-saber\/\" \/>\n<meta property=\"og:site_name\" content=\"Correio Braziliense - Radar\" \/>\n<meta property=\"article:published_time\" content=\"2025-11-28T23:35:00+00:00\" \/>\n<meta property=\"og:image\" content=\"https:\/\/www.correiobraziliense.com.br\/cbradar\/wp-content\/uploads\/2025\/11\/freepik__faa-uma-imagem-realista-de-um-cachorro-comendo-ame__90153.jpeg\" \/>\n\t<meta property=\"og:image:width\" content=\"1280\" \/>\n\t<meta property=\"og:image:height\" content=\"720\" \/>\n\t<meta property=\"og:image:type\" content=\"image\/jpeg\" \/>\n<meta name=\"author\" content=\"Larissa Carvalho\" \/>\n<meta name=\"twitter:card\" content=\"summary_large_image\" \/>\n<meta name=\"twitter:label1\" content=\"Escrito por\" \/>\n\t<meta name=\"twitter:data1\" content=\"Larissa Carvalho\" \/>\n\t<meta name=\"twitter:label2\" content=\"Est. tempo de leitura\" \/>\n\t<meta name=\"twitter:data2\" content=\"4 minutos\" \/>\n<!-- \/ Yoast SEO plugin. -->","yoast_head_json":{"title":"Cachorros podem comer amendoim? \u00c9 isso que voc\u00ea precisa saber","description":"Mantendo seu c\u00e3o saud\u00e1vel: Descubra se c\u00e3es podem comer amendoim e seus benef\u00edcios. Cuide da sa\u00fade e alimenta\u00e7\u00e3o do seu melhor amigo!","robots":{"index":"index","follow":"follow","max-snippet":"max-snippet:-1","max-image-preview":"max-image-preview:large","max-video-preview":"max-video-preview:-1"},"canonical":"https:\/\/www.correiobraziliense.com.br\/cbradar\/cachorros-podem-comer-amendoim-e-isso-que-voce-precisa-saber\/","og_locale":"pt_BR","og_type":"article","og_title":"Cachorros podem comer amendoim? \u00c9 isso que voc\u00ea precisa saber","og_description":"Mantendo seu c\u00e3o saud\u00e1vel: Descubra se c\u00e3es podem comer amendoim e seus benef\u00edcios. Cuide da sa\u00fade e alimenta\u00e7\u00e3o do seu melhor amigo!","og_url":"https:\/\/www.correiobraziliense.com.br\/cbradar\/cachorros-podem-comer-amendoim-e-isso-que-voce-precisa-saber\/","og_site_name":"Correio Braziliense - Radar","article_published_time":"2025-11-28T23:35:00+00:00","og_image":[{"width":1280,"height":720,"url":"https:\/\/www.correiobraziliense.com.br\/cbradar\/wp-content\/uploads\/2025\/11\/freepik__faa-uma-imagem-realista-de-um-cachorro-comendo-ame__90153.jpeg","type":"image\/jpeg"}],"author":"Larissa Carvalho","twitter_card":"summary_large_image","twitter_misc":{"Escrito por":"Larissa Carvalho","Est. tempo de leitura":"4 minutos"},"schema":{"@context":"https:\/\/schema.org","@graph":[{"@type":"WebPage","@id":"https:\/\/www.correiobraziliense.com.br\/cbradar\/cachorros-podem-comer-amendoim-e-isso-que-voce-precisa-saber\/","url":"https:\/\/www.correiobraziliense.com.br\/cbradar\/cachorros-podem-comer-amendoim-e-isso-que-voce-precisa-saber\/","name":"Cachorros podem comer amendoim? \u00c9 isso que voc\u00ea precisa saber","isPartOf":{"@id":"https:\/\/www.correiobraziliense.com.br\/cbradar\/#website"},"primaryImageOfPage":{"@id":"https:\/\/www.correiobraziliense.com.br\/cbradar\/cachorros-podem-comer-amendoim-e-isso-que-voce-precisa-saber\/#primaryimage"},"image":{"@id":"https:\/\/www.correiobraziliense.com.br\/cbradar\/cachorros-podem-comer-amendoim-e-isso-que-voce-precisa-saber\/#primaryimage"},"thumbnailUrl":"https:\/\/www.correiobraziliense.com.br\/cbradar\/wp-content\/uploads\/2025\/11\/freepik__faa-uma-imagem-realista-de-um-cachorro-comendo-ame__90153.jpeg","datePublished":"2025-11-28T23:35:00+00:00","author":{"@id":"https:\/\/www.correiobraziliense.com.br\/cbradar\/#\/schema\/person\/58422787644df994b53a19d3e56c1513"},"description":"Mantendo seu c\u00e3o saud\u00e1vel: Descubra se c\u00e3es podem comer amendoim e seus benef\u00edcios. Cuide da sa\u00fade e alimenta\u00e7\u00e3o do seu melhor amigo!","breadcrumb":{"@id":"https:\/\/www.correiobraziliense.com.br\/cbradar\/cachorros-podem-comer-amendoim-e-isso-que-voce-precisa-saber\/#breadcrumb"},"inLanguage":"pt-BR","potentialAction":[{"@type":"ReadAction","target":["https:\/\/www.correiobraziliense.com.br\/cbradar\/cachorros-podem-comer-amendoim-e-isso-que-voce-precisa-saber\/"]}]},{"@type":"ImageObject","inLanguage":"pt-BR","@id":"https:\/\/www.correiobraziliense.com.br\/cbradar\/cachorros-podem-comer-amendoim-e-isso-que-voce-precisa-saber\/#primaryimage","url":"https:\/\/www.correiobraziliense.com.br\/cbradar\/wp-content\/uploads\/2025\/11\/freepik__faa-uma-imagem-realista-de-um-cachorro-comendo-ame__90153.jpeg","contentUrl":"https:\/\/www.correiobraziliense.com.br\/cbradar\/wp-content\/uploads\/2025\/11\/freepik__faa-uma-imagem-realista-de-um-cachorro-comendo-ame__90153.jpeg","width":1280,"height":720,"caption":"O amendoim pode ser oferecido a c\u00e3es de forma espor\u00e1dica e moderada"},{"@type":"BreadcrumbList","@id":"https:\/\/www.correiobraziliense.com.br\/cbradar\/cachorros-podem-comer-amendoim-e-isso-que-voce-precisa-saber\/#breadcrumb","itemListElement":[{"@type":"ListItem","position":1,"name":"In\u00edcio","item":"https:\/\/www.correiobraziliense.com.br\/cbradar\/"},{"@type":"ListItem","position":2,"name":"Cachorros podem comer amendoim? \u00c9 isso que voc\u00ea precisa saber"}]},{"@type":"WebSite","@id":"https:\/\/www.correiobraziliense.com.br\/cbradar\/#website","url":"https:\/\/www.correiobraziliense.com.br\/cbradar\/","name":"Correio Braziliense - Radar","description":"Acompanhe as \u00faltimas not\u00edcias e fique bem informado sobre tudo o que acontece no Brasil e no mundo.","potentialAction":[{"@type":"SearchAction","target":{"@type":"EntryPoint","urlTemplate":"https:\/\/www.correiobraziliense.com.br\/cbradar\/?s={search_term_string}"},"query-input":{"@type":"PropertyValueSpecification","valueRequired":true,"valueName":"search_term_string"}}],"inLanguage":"pt-BR"},{"@type":"Person","@id":"https:\/\/www.correiobraziliense.com.br\/cbradar\/#\/schema\/person\/58422787644df994b53a19d3e56c1513","name":"Larissa Carvalho","image":{"@type":"ImageObject","inLanguage":"pt-BR","@id":"https:\/\/www.correiobraziliense.com.br\/cbradar\/#\/schema\/person\/image\/","url":"https:\/\/secure.gravatar.com\/avatar\/fe4f91a0de32b52a838d0d612abdc1aa?s=96&d=mm&r=g","contentUrl":"https:\/\/secure.gravatar.com\/avatar\/fe4f91a0de32b52a838d0d612abdc1aa?s=96&d=mm&r=g","caption":"Larissa Carvalho"},"url":"https:\/\/www.correiobraziliense.com.br\/cbradar\/author\/larissamyth\/"}]}},"_links":{"self":[{"href":"https:\/\/www.correiobraziliense.com.br\/cbradar\/wp-json\/wp\/v2\/posts\/145958","targetHints":{"allow":["GET"]}}],"collection":[{"href":"https:\/\/www.correiobraziliense.com.br\/cbradar\/wp-json\/wp\/v2\/posts"}],"about":[{"href":"https:\/\/www.correiobraziliense.com.br\/cbradar\/wp-json\/wp\/v2\/types\/post"}],"author":[{"embeddable":true,"href":"https:\/\/www.correiobraziliense.com.br\/cbradar\/wp-json\/wp\/v2\/users\/3"}],"replies":[{"embeddable":true,"href":"https:\/\/www.correiobraziliense.com.br\/cbradar\/wp-json\/wp\/v2\/comments?post=145958"}],"version-history":[{"count":2,"href":"https:\/\/www.correiobraziliense.com.br\/cbradar\/wp-json\/wp\/v2\/posts\/145958\/revisions"}],"predecessor-version":[{"id":145965,"href":"https:\/\/www.correiobraziliense.com.br\/cbradar\/wp-json\/wp\/v2\/posts\/145958\/revisions\/145965"}],"wp:featuredmedia":[{"embeddable":true,"href":"https:\/\/www.correiobraziliense.com.br\/cbradar\/wp-json\/wp\/v2\/media\/146078"}],"wp:attachment":[{"href":"https:\/\/www.correiobraziliense.com.br\/cbradar\/wp-json\/wp\/v2\/media?parent=145958"}],"wp:term":[{"taxonomy":"category","embeddable":true,"href":"https:\/\/www.correiobraziliense.com.br\/cbradar\/wp-json\/wp\/v2\/categories?post=145958"},{"taxonomy":"post_tag","embeddable":true,"href":"https:\/\/www.correiobraziliense.com.br\/cbradar\/wp-json\/wp\/v2\/post_tag?post=145958"}],"curies":[{"name":"wp","href":"https:\/\/api.w.org\/{rel}","templated":true}]}}