{"id":146005,"date":"2025-11-29T11:55:00","date_gmt":"2025-11-29T14:55:00","guid":{"rendered":"https:\/\/www.correiobraziliense.com.br\/cbradar\/?p=146005"},"modified":"2025-11-28T09:22:51","modified_gmt":"2025-11-28T12:22:51","slug":"esta-raiz-ajuda-quem-busca-digestao-saudavel-desintoxicacao-e-protecao-celular","status":"publish","type":"post","link":"https:\/\/www.correiobraziliense.com.br\/cbradar\/esta-raiz-ajuda-quem-busca-digestao-saudavel-desintoxicacao-e-protecao-celular\/","title":{"rendered":"Esta raiz ajuda quem busca digest\u00e3o saud\u00e1vel, desintoxica\u00e7\u00e3o e prote\u00e7\u00e3o celular"},"content":{"rendered":"\n<p>O <strong>nabo<\/strong> (<em>Brassica rapa<\/em>) \u00e9 uma raiz tuberosa da fam\u00edlia das cruc\u00edferas, valorizada por suas <strong>propriedades medicinais<\/strong> desde a antiguidade. Rico em <strong>compostos bioativos<\/strong> sulfurados (glucosinolatos), fibras e vitaminas, o nabo oferece um <strong>poder curativo<\/strong> concentrado, especialmente no aux\u00edlio \u00e0 digest\u00e3o, na desintoxica\u00e7\u00e3o e no combate \u00e0 inflama\u00e7\u00e3o.<\/p>\n\n\n\n<p>Descubra os principais <strong>benef\u00edcios terap\u00eauticos<\/strong> do nabo:<\/p>\n\n\n\n<ul class=\"wp-block-list\">\n<li>Fitoqu\u00edmicos com a\u00e7\u00e3o diur\u00e9tica, que ajudam na elimina\u00e7\u00e3o de excesso de fluidos.<\/li>\n\n\n\n<li>Alto teor de fibras, que promove o bom funcionamento do intestino.<\/li>\n\n\n\n<li>Glucosinolatos, convertidos em isotiocianatos, com potencial antioxidante.<\/li>\n<\/ul>\n\n\n\n<h2 class=\"wp-block-heading\">Propriedade diur\u00e9tica e aux\u00edlio na desintoxica\u00e7\u00e3o<\/h2>\n\n\n\n<p>O <strong>nabo<\/strong>, assim como outras cruc\u00edferas, possui uma suave <strong>propriedade diur\u00e9tica<\/strong>. Este <strong>benef\u00edcio terap\u00eautico<\/strong> \u00e9 atribu\u00eddo \u00e0 alta propor\u00e7\u00e3o de \u00e1gua e \u00e0 presen\u00e7a de minerais como o pot\u00e1ssio, que favorecem o equil\u00edbrio hidroeletrol\u00edtico e a fun\u00e7\u00e3o renal. O aumento do volume de urina auxilia na elimina\u00e7\u00e3o de toxinas e no combate \u00e0 reten\u00e7\u00e3o de l\u00edquidos, conferindo ao nabo um papel importante na desintoxica\u00e7\u00e3o do organismo. O uso do nabo na medicina tradicional para tratar problemas urin\u00e1rios \u00e9 corroborado pela fitoqu\u00edmica:<\/p>\n\n\n\n<blockquote class=\"wp-block-quote is-layout-flow wp-block-quote-is-layout-flow\">\n<p><em>&#8220;O nabo \u00e9 tradicionalmente utilizado por sua a\u00e7\u00e3o diur\u00e9tica e levemente laxativa, auxiliando o corpo a eliminar toxinas e metab\u00f3litos atrav\u00e9s dos rins e do trato gastrointestinal.&#8221;<\/em> (MATOS, 2009).<\/p>\n<\/blockquote>\n\n\n<div class=\"wp-block-image\">\n<figure class=\"aligncenter size-large\"><img decoding=\"async\" width=\"1024\" height=\"576\" src=\"https:\/\/www.correiobraziliense.com.br\/cbradar\/wp-content\/uploads\/2025\/10\/nabo_1761226566437-1024x576.jpg\" alt=\"\" class=\"wp-image-124107\" srcset=\"https:\/\/www.correiobraziliense.com.br\/cbradar\/wp-content\/uploads\/2025\/10\/nabo_1761226566437-1024x576.jpg 1024w, https:\/\/www.correiobraziliense.com.br\/cbradar\/wp-content\/uploads\/2025\/10\/nabo_1761226566437-300x169.jpg 300w, https:\/\/www.correiobraziliense.com.br\/cbradar\/wp-content\/uploads\/2025\/10\/nabo_1761226566437-768x432.jpg 768w, https:\/\/www.correiobraziliense.com.br\/cbradar\/wp-content\/uploads\/2025\/10\/nabo_1761226566437-750x422.jpg 750w, https:\/\/www.correiobraziliense.com.br\/cbradar\/wp-content\/uploads\/2025\/10\/nabo_1761226566437-1140x641.jpg 1140w, https:\/\/www.correiobraziliense.com.br\/cbradar\/wp-content\/uploads\/2025\/10\/nabo_1761226566437.jpg 1280w\" sizes=\"(max-width: 1024px) 100vw, 1024px\" \/><figcaption class=\"wp-element-caption\">Durante o crescimento, o nabo precisa de um bom manejo de irriga\u00e7\u00e3o e controle de ervas daninhas &#8211; Cr\u00e9ditos: depositphotos.com \/ Garsya<\/figcaption><\/figure><\/div>\n\n\n<p>Leia tamb\u00e9m: <a href=\"https:\/\/www.correiobraziliense.com.br\/cbradar\/os-beneficios-da-dieta-52-para-a-saude-e-por-que-voce-deveria-conisderar\/\" target=\"_blank\" rel=\"noreferrer noopener\">Os benef\u00edcios da dieta 5:2 para a sa\u00fade e por que voc\u00ea deveria considerar<\/a><\/p>\n\n\n\n<h2 class=\"wp-block-heading\">Benef\u00edcios para a digest\u00e3o e a regula\u00e7\u00e3o intestinal<\/h2>\n\n\n\n<p>O consumo de <strong>nabo<\/strong>, especialmente cru ou minimamente cozido, oferece importantes <strong>benef\u00edcios para a digest\u00e3o<\/strong>, gra\u00e7as ao seu alto teor de <strong>fibra diet\u00e9tica<\/strong>. As fibras aumentam o volume e a maciez do bolo fecal, regulando o tr\u00e2nsito intestinal e prevenindo a constipa\u00e7\u00e3o. A fibra tamb\u00e9m atua como prebi\u00f3tico, nutrindo a flora intestinal e promovendo um ambiente digestivo saud\u00e1vel. Esta <strong>propriedade medicinal<\/strong> \u00e9 crucial para o bem-estar gastrointestinal. Uma an\u00e1lise sobre o papel das fibras em vegetais de raiz salienta essa fun\u00e7\u00e3o:<\/p>\n\n\n\n<blockquote class=\"wp-block-quote is-layout-flow wp-block-quote-is-layout-flow\">\n<p><em>&#8220;As fibras do nabo, tanto sol\u00faveis quanto insol\u00faveis, contribuem para a sa\u00fade digestiva. A fra\u00e7\u00e3o sol\u00favel modula a absor\u00e7\u00e3o de nutrientes, enquanto a insol\u00favel promove a motilidade intestinal e a preven\u00e7\u00e3o de constipa\u00e7\u00e3o.&#8221;<\/em> (PHILIPPI, 2016).<\/p>\n<\/blockquote>\n\n\n\n<h3 class=\"wp-block-heading\">Dica de consumo para m\u00e1xima digestibilidade<\/h3>\n\n\n<div class=\"wp-block-image\">\n<figure class=\"aligncenter size-large\"><img decoding=\"async\" width=\"1024\" height=\"576\" src=\"https:\/\/www.correiobraziliense.com.br\/cbradar\/wp-content\/uploads\/2025\/11\/Gemini_Generated_Image_7e7j7p7e7j7p7e7j-1-1024x576.png\" alt=\"\" class=\"wp-image-146248\" srcset=\"https:\/\/www.correiobraziliense.com.br\/cbradar\/wp-content\/uploads\/2025\/11\/Gemini_Generated_Image_7e7j7p7e7j7p7e7j-1-1024x576.png 1024w, https:\/\/www.correiobraziliense.com.br\/cbradar\/wp-content\/uploads\/2025\/11\/Gemini_Generated_Image_7e7j7p7e7j7p7e7j-1-300x169.png 300w, https:\/\/www.correiobraziliense.com.br\/cbradar\/wp-content\/uploads\/2025\/11\/Gemini_Generated_Image_7e7j7p7e7j7p7e7j-1-768x432.png 768w, https:\/\/www.correiobraziliense.com.br\/cbradar\/wp-content\/uploads\/2025\/11\/Gemini_Generated_Image_7e7j7p7e7j7p7e7j-1-750x422.png 750w, https:\/\/www.correiobraziliense.com.br\/cbradar\/wp-content\/uploads\/2025\/11\/Gemini_Generated_Image_7e7j7p7e7j7p7e7j-1-1140x641.png 1140w, https:\/\/www.correiobraziliense.com.br\/cbradar\/wp-content\/uploads\/2025\/11\/Gemini_Generated_Image_7e7j7p7e7j7p7e7j-1.png 1280w\" sizes=\"(max-width: 1024px) 100vw, 1024px\" \/><figcaption class=\"wp-element-caption\">O consumo de nabo, especialmente cru ou minimamente cozido, oferece importantes benef\u00edcios para a digest\u00e3o<\/figcaption><\/figure><\/div>\n\n\n<h2 class=\"wp-block-heading\">A\u00e7\u00e3o antioxidante dos glucosinolatos<\/h2>\n\n\n\n<p>O <strong>nabo<\/strong>, pertencente \u00e0 fam\u00edlia <em>Brassica<\/em>, cont\u00e9m <strong>glucosinolatos<\/strong>, <strong>compostos bioativos<\/strong> que, quando metabolizados (ao mastigar ou digerir), liberam isotiocianatos, como o sulforafano. Estes <strong>fitoqu\u00edmicos<\/strong> possuem uma poderosa <strong>a\u00e7\u00e3o antioxidante<\/strong> e t\u00eam sido amplamente estudados por sua capacidade de induzir enzimas de desintoxica\u00e7\u00e3o no f\u00edgado e proteger contra o dano celular. Esta <strong>propriedade anti-inflamat\u00f3ria<\/strong> e antioxidante \u00e9 o alicerce do <strong>poder curativo<\/strong> preventivo das cruc\u00edferas. Uma revis\u00e3o sobre o potencial quimiopreventivo desses compostos afirma:<\/p>\n\n\n\n<p><em>&#8220;Os isotiocianatos derivados dos glucosinolatos do nabo demonstraram potencial significativo na indu\u00e7\u00e3o de enzimas de fase II de desintoxica\u00e7\u00e3o e na prote\u00e7\u00e3o contra o estresse oxidativo, atuando como agentes quimioprotetores.&#8221;<\/em> (FAHEY et al., 2017).<\/p>\n\n\n\n<p>Veja a seguir o v\u00eddeo da <a href=\"https:\/\/www.youtube.com\/@NutricionistaPatriciaLeite\" target=\"_blank\" rel=\"noreferrer noopener\">Nutricionista Patricia Leite<\/a> falando sobres os benef\u00edcios do nabo na sa\u00fade, confira:<\/p>\n\n\n\n<figure class=\"wp-block-embed is-type-video is-provider-youtube wp-block-embed-youtube wp-embed-aspect-16-9 wp-has-aspect-ratio\"><div class=\"wp-block-embed__wrapper\">\n<div class=\"jeg_video_container jeg_video_content\"><iframe loading=\"lazy\" title=\"Voc\u00ea N\u00e3o Imagina que 1 NABO Possa Fazer Tudo Isso! (Como Usar e Benef\u00edcios)\" width=\"500\" height=\"281\" src=\"https:\/\/www.youtube.com\/embed\/pewwCsKr_QU?feature=oembed\" frameborder=\"0\" allow=\"accelerometer; autoplay; clipboard-write; encrypted-media; gyroscope; picture-in-picture; web-share\" referrerpolicy=\"strict-origin-when-cross-origin\" allowfullscreen><\/iframe><\/div>\n<\/div><\/figure>\n\n\n\n<p>Inclua o nabo em sua dieta para um impulso de prote\u00e7\u00e3o celular e digestiva.<\/p>\n\n\n\n<h2 class=\"wp-block-heading\">Nabo uma raiz de m\u00faltiplos benef\u00edcios<\/h2>\n\n\n\n<p>O <strong>nabo<\/strong> \u00e9 um <strong>alimento funcional<\/strong> completo, cujas <strong>propriedades curativas<\/strong> v\u00e3o do suporte renal e digestivo \u00e0 prote\u00e7\u00e3o antioxidante. Seus <strong>princ\u00edpios ativos<\/strong>, como pot\u00e1ssio, fibras e glucosinolatos, o tornam um vegetal valioso na <strong>bot\u00e2nica medicinal<\/strong> e na nutri\u00e7\u00e3o preventiva.<\/p>\n\n\n\n<ul class=\"wp-block-list\">\n<li>O consumo de nabo promove uma <strong>propriedade diur\u00e9tica<\/strong>, auxiliando na desintoxica\u00e7\u00e3o e no combate \u00e0 reten\u00e7\u00e3o de l\u00edquidos.<\/li>\n\n\n\n<li>O alto teor de <strong>fibra diet\u00e9tica<\/strong> \u00e9 o principal <strong>benef\u00edcio terap\u00eautico<\/strong> para a regula\u00e7\u00e3o intestinal e a <strong>sa\u00fade digestiva<\/strong>.<\/li>\n\n\n\n<li>Os <strong>glucosinolatos<\/strong> convertidos em isotiocianatos fornecem uma forte <strong>a\u00e7\u00e3o antioxidante<\/strong> e de prote\u00e7\u00e3o celular.<\/li>\n<\/ul>\n\n\n\n<h2 class=\"wp-block-heading\">Refer\u00eancias bibliogr\u00e1ficas<\/h2>\n\n\n\n<ul class=\"wp-block-list\">\n<li>FAHEY, Jed W. et al. Glucosinolates and isothiocyanates: their roles in plant defense and human health. <em>International Journal of Molecular Sciences<\/em>, v. 18, n. 11, p. 2378, 2017.<\/li>\n\n\n\n<li>MATOS, Francisco Jos\u00e9 de Abreu. <em>Farmacognosia: do produto natural ao medicamento<\/em>. 7. ed. Fortaleza: Edi\u00e7\u00f5es UFC, 2009.<\/li>\n\n\n\n<li>PHILIPPI, Sonia Tucunduva. <em>Pir\u00e2mide dos Alimentos: Fundamentos B\u00e1sicos da Nutri\u00e7\u00e3o<\/em>. 2. ed. Barueri: Manole, 2016.<\/li>\n<\/ul>\n","protected":false},"excerpt":{"rendered":"<p>O nabo (Brassica rapa) \u00e9 uma raiz tuberosa da fam\u00edlia das cruc\u00edferas, valorizada por suas propriedades medicinais desde a antiguidade. Rico em compostos bioativos sulfurados (glucosinolatos), fibras e vitaminas, o nabo oferece um poder curativo concentrado, especialmente no aux\u00edlio \u00e0 digest\u00e3o, na desintoxica\u00e7\u00e3o e no combate \u00e0 inflama\u00e7\u00e3o. Descubra os principais benef\u00edcios terap\u00eauticos do nabo: [&hellip;]<\/p>\n","protected":false},"author":9,"featured_media":146349,"comment_status":"open","ping_status":"open","sticky":false,"template":"","format":"standard","meta":{"_yoast_wpseo_focuskw":"benef\u00edcios do nabo","_yoast_wpseo_title":"","_yoast_wpseo_metadesc":"Esta raiz poderosa auxilia a digest\u00e3o, promove desintoxica\u00e7\u00e3o e protege as c\u00e9lulas com a\u00e7\u00e3o antioxidante natural.","jnews-multi-image_gallery":[],"jnews_single_post":{"format":"standard"},"jnews_primary_category":[],"jnews_social_meta":[],"jnews_override_counter":[],"footnotes":""},"categories":[119],"post_tag":[7224,1422,2316],"class_list":["post-146005","post","type-post","status-publish","format-standard","has-post-thumbnail","hentry","category-bem-estar","tag-antioxidante","tag-intestino","tag-nabo"],"yoast_head":"<!-- This site is optimized with the Yoast SEO plugin v24.6 - https:\/\/yoast.com\/wordpress\/plugins\/seo\/ -->\n<title>Esta raiz ajuda quem busca digest\u00e3o saud\u00e1vel, desintoxica\u00e7\u00e3o e prote\u00e7\u00e3o celular - Correio Braziliense - Radar<\/title>\n<meta name=\"description\" content=\"Esta raiz poderosa auxilia a digest\u00e3o, promove desintoxica\u00e7\u00e3o e protege as c\u00e9lulas com a\u00e7\u00e3o antioxidante natural.\" \/>\n<meta name=\"robots\" content=\"index, follow, max-snippet:-1, max-image-preview:large, max-video-preview:-1\" \/>\n<link rel=\"canonical\" href=\"https:\/\/www.correiobraziliense.com.br\/cbradar\/esta-raiz-ajuda-quem-busca-digestao-saudavel-desintoxicacao-e-protecao-celular\/\" \/>\n<meta property=\"og:locale\" content=\"pt_BR\" \/>\n<meta property=\"og:type\" content=\"article\" \/>\n<meta property=\"og:title\" content=\"Esta raiz ajuda quem busca digest\u00e3o saud\u00e1vel, desintoxica\u00e7\u00e3o e prote\u00e7\u00e3o celular - Correio Braziliense - Radar\" \/>\n<meta property=\"og:description\" content=\"Esta raiz poderosa auxilia a digest\u00e3o, promove desintoxica\u00e7\u00e3o e protege as c\u00e9lulas com a\u00e7\u00e3o antioxidante natural.\" \/>\n<meta property=\"og:url\" content=\"https:\/\/www.correiobraziliense.com.br\/cbradar\/esta-raiz-ajuda-quem-busca-digestao-saudavel-desintoxicacao-e-protecao-celular\/\" \/>\n<meta property=\"og:site_name\" content=\"Correio Braziliense - Radar\" \/>\n<meta property=\"article:published_time\" content=\"2025-11-29T14:55:00+00:00\" \/>\n<meta property=\"og:image\" content=\"https:\/\/www.correiobraziliense.com.br\/cbradar\/wp-content\/uploads\/2025\/11\/freepik__faa-uma-imagem-realista-de-uma-pessoa-brasileira-m__2821.jpeg\" \/>\n\t<meta property=\"og:image:width\" content=\"1280\" \/>\n\t<meta property=\"og:image:height\" content=\"720\" \/>\n\t<meta property=\"og:image:type\" content=\"image\/jpeg\" \/>\n<meta name=\"author\" content=\"Daniely Cardoso\" \/>\n<meta name=\"twitter:card\" content=\"summary_large_image\" \/>\n<meta name=\"twitter:label1\" content=\"Escrito por\" \/>\n\t<meta name=\"twitter:data1\" content=\"Daniely Cardoso\" \/>\n\t<meta name=\"twitter:label2\" content=\"Est. tempo de leitura\" \/>\n\t<meta name=\"twitter:data2\" content=\"5 minutos\" \/>\n<!-- \/ Yoast SEO plugin. -->","yoast_head_json":{"title":"Esta raiz ajuda quem busca digest\u00e3o saud\u00e1vel, desintoxica\u00e7\u00e3o e prote\u00e7\u00e3o celular - Correio Braziliense - Radar","description":"Esta raiz poderosa auxilia a digest\u00e3o, promove desintoxica\u00e7\u00e3o e protege as c\u00e9lulas com a\u00e7\u00e3o antioxidante natural.","robots":{"index":"index","follow":"follow","max-snippet":"max-snippet:-1","max-image-preview":"max-image-preview:large","max-video-preview":"max-video-preview:-1"},"canonical":"https:\/\/www.correiobraziliense.com.br\/cbradar\/esta-raiz-ajuda-quem-busca-digestao-saudavel-desintoxicacao-e-protecao-celular\/","og_locale":"pt_BR","og_type":"article","og_title":"Esta raiz ajuda quem busca digest\u00e3o saud\u00e1vel, desintoxica\u00e7\u00e3o e prote\u00e7\u00e3o celular - Correio Braziliense - Radar","og_description":"Esta raiz poderosa auxilia a digest\u00e3o, promove desintoxica\u00e7\u00e3o e protege as c\u00e9lulas com a\u00e7\u00e3o antioxidante natural.","og_url":"https:\/\/www.correiobraziliense.com.br\/cbradar\/esta-raiz-ajuda-quem-busca-digestao-saudavel-desintoxicacao-e-protecao-celular\/","og_site_name":"Correio Braziliense - Radar","article_published_time":"2025-11-29T14:55:00+00:00","og_image":[{"width":1280,"height":720,"url":"https:\/\/www.correiobraziliense.com.br\/cbradar\/wp-content\/uploads\/2025\/11\/freepik__faa-uma-imagem-realista-de-uma-pessoa-brasileira-m__2821.jpeg","type":"image\/jpeg"}],"author":"Daniely Cardoso","twitter_card":"summary_large_image","twitter_misc":{"Escrito por":"Daniely Cardoso","Est. tempo de leitura":"5 minutos"},"schema":{"@context":"https:\/\/schema.org","@graph":[{"@type":"WebPage","@id":"https:\/\/www.correiobraziliense.com.br\/cbradar\/esta-raiz-ajuda-quem-busca-digestao-saudavel-desintoxicacao-e-protecao-celular\/","url":"https:\/\/www.correiobraziliense.com.br\/cbradar\/esta-raiz-ajuda-quem-busca-digestao-saudavel-desintoxicacao-e-protecao-celular\/","name":"Esta raiz ajuda quem busca digest\u00e3o saud\u00e1vel, desintoxica\u00e7\u00e3o e prote\u00e7\u00e3o celular - Correio Braziliense - Radar","isPartOf":{"@id":"https:\/\/www.correiobraziliense.com.br\/cbradar\/#website"},"primaryImageOfPage":{"@id":"https:\/\/www.correiobraziliense.com.br\/cbradar\/esta-raiz-ajuda-quem-busca-digestao-saudavel-desintoxicacao-e-protecao-celular\/#primaryimage"},"image":{"@id":"https:\/\/www.correiobraziliense.com.br\/cbradar\/esta-raiz-ajuda-quem-busca-digestao-saudavel-desintoxicacao-e-protecao-celular\/#primaryimage"},"thumbnailUrl":"https:\/\/www.correiobraziliense.com.br\/cbradar\/wp-content\/uploads\/2025\/11\/freepik__faa-uma-imagem-realista-de-uma-pessoa-brasileira-m__2821.jpeg","datePublished":"2025-11-29T14:55:00+00:00","author":{"@id":"https:\/\/www.correiobraziliense.com.br\/cbradar\/#\/schema\/person\/7356666e12ec0ee53f348ee5db227032"},"description":"Esta raiz poderosa auxilia a digest\u00e3o, promove desintoxica\u00e7\u00e3o e protege as c\u00e9lulas com a\u00e7\u00e3o antioxidante natural.","breadcrumb":{"@id":"https:\/\/www.correiobraziliense.com.br\/cbradar\/esta-raiz-ajuda-quem-busca-digestao-saudavel-desintoxicacao-e-protecao-celular\/#breadcrumb"},"inLanguage":"pt-BR","potentialAction":[{"@type":"ReadAction","target":["https:\/\/www.correiobraziliense.com.br\/cbradar\/esta-raiz-ajuda-quem-busca-digestao-saudavel-desintoxicacao-e-protecao-celular\/"]}]},{"@type":"ImageObject","inLanguage":"pt-BR","@id":"https:\/\/www.correiobraziliense.com.br\/cbradar\/esta-raiz-ajuda-quem-busca-digestao-saudavel-desintoxicacao-e-protecao-celular\/#primaryimage","url":"https:\/\/www.correiobraziliense.com.br\/cbradar\/wp-content\/uploads\/2025\/11\/freepik__faa-uma-imagem-realista-de-uma-pessoa-brasileira-m__2821.jpeg","contentUrl":"https:\/\/www.correiobraziliense.com.br\/cbradar\/wp-content\/uploads\/2025\/11\/freepik__faa-uma-imagem-realista-de-uma-pessoa-brasileira-m__2821.jpeg","width":1280,"height":720,"caption":"Rico em fibras que auxiliam no funcionamento do intestino"},{"@type":"BreadcrumbList","@id":"https:\/\/www.correiobraziliense.com.br\/cbradar\/esta-raiz-ajuda-quem-busca-digestao-saudavel-desintoxicacao-e-protecao-celular\/#breadcrumb","itemListElement":[{"@type":"ListItem","position":1,"name":"In\u00edcio","item":"https:\/\/www.correiobraziliense.com.br\/cbradar\/"},{"@type":"ListItem","position":2,"name":"Esta raiz ajuda quem busca digest\u00e3o saud\u00e1vel, desintoxica\u00e7\u00e3o e prote\u00e7\u00e3o celular"}]},{"@type":"WebSite","@id":"https:\/\/www.correiobraziliense.com.br\/cbradar\/#website","url":"https:\/\/www.correiobraziliense.com.br\/cbradar\/","name":"Correio Braziliense - Radar","description":"Acompanhe as \u00faltimas not\u00edcias e fique bem informado sobre tudo o que acontece no Brasil e no mundo.","potentialAction":[{"@type":"SearchAction","target":{"@type":"EntryPoint","urlTemplate":"https:\/\/www.correiobraziliense.com.br\/cbradar\/?s={search_term_string}"},"query-input":{"@type":"PropertyValueSpecification","valueRequired":true,"valueName":"search_term_string"}}],"inLanguage":"pt-BR"},{"@type":"Person","@id":"https:\/\/www.correiobraziliense.com.br\/cbradar\/#\/schema\/person\/7356666e12ec0ee53f348ee5db227032","name":"Daniely Cardoso","image":{"@type":"ImageObject","inLanguage":"pt-BR","@id":"https:\/\/www.correiobraziliense.com.br\/cbradar\/#\/schema\/person\/image\/","url":"https:\/\/secure.gravatar.com\/avatar\/4b80ddbd124d1f071b626d52d62e5dff?s=96&d=mm&r=g","contentUrl":"https:\/\/secure.gravatar.com\/avatar\/4b80ddbd124d1f071b626d52d62e5dff?s=96&d=mm&r=g","caption":"Daniely Cardoso"},"description":"Redatora nos portais CB Radar e EM Foco, formada pela Universidade Federal de Goi\u00e1s, em Goi\u00e2nia. Apaixonada por comunica\u00e7\u00e3o, arte, decora\u00e7\u00e3o e tend\u00eancias, atuo na produ\u00e7\u00e3o de conte\u00fados envolventes sobre curiosidades, moda, beleza e paisagismo, sempre com um olhar atento \u00e0s novidades do momento.","sameAs":["https:\/\/www.correiobraziliense.com.br\/cbradar"],"url":"https:\/\/www.correiobraziliense.com.br\/cbradar\/author\/danielymyth\/"}]}},"_links":{"self":[{"href":"https:\/\/www.correiobraziliense.com.br\/cbradar\/wp-json\/wp\/v2\/posts\/146005","targetHints":{"allow":["GET"]}}],"collection":[{"href":"https:\/\/www.correiobraziliense.com.br\/cbradar\/wp-json\/wp\/v2\/posts"}],"about":[{"href":"https:\/\/www.correiobraziliense.com.br\/cbradar\/wp-json\/wp\/v2\/types\/post"}],"author":[{"embeddable":true,"href":"https:\/\/www.correiobraziliense.com.br\/cbradar\/wp-json\/wp\/v2\/users\/9"}],"replies":[{"embeddable":true,"href":"https:\/\/www.correiobraziliense.com.br\/cbradar\/wp-json\/wp\/v2\/comments?post=146005"}],"version-history":[{"count":2,"href":"https:\/\/www.correiobraziliense.com.br\/cbradar\/wp-json\/wp\/v2\/posts\/146005\/revisions"}],"predecessor-version":[{"id":146249,"href":"https:\/\/www.correiobraziliense.com.br\/cbradar\/wp-json\/wp\/v2\/posts\/146005\/revisions\/146249"}],"wp:featuredmedia":[{"embeddable":true,"href":"https:\/\/www.correiobraziliense.com.br\/cbradar\/wp-json\/wp\/v2\/media\/146349"}],"wp:attachment":[{"href":"https:\/\/www.correiobraziliense.com.br\/cbradar\/wp-json\/wp\/v2\/media?parent=146005"}],"wp:term":[{"taxonomy":"category","embeddable":true,"href":"https:\/\/www.correiobraziliense.com.br\/cbradar\/wp-json\/wp\/v2\/categories?post=146005"},{"taxonomy":"post_tag","embeddable":true,"href":"https:\/\/www.correiobraziliense.com.br\/cbradar\/wp-json\/wp\/v2\/post_tag?post=146005"}],"curies":[{"name":"wp","href":"https:\/\/api.w.org\/{rel}","templated":true}]}}