{"id":14602,"date":"2025-03-22T18:10:00","date_gmt":"2025-03-22T21:10:00","guid":{"rendered":"https:\/\/www.correiobraziliense.com.br\/cbradar\/?p=14602"},"modified":"2025-03-21T22:24:27","modified_gmt":"2025-03-22T01:24:27","slug":"dexter-ressurreicao-confirma-retorno-surpreendente-para-a-serie","status":"publish","type":"post","link":"https:\/\/www.correiobraziliense.com.br\/cbradar\/dexter-ressurreicao-confirma-retorno-surpreendente-para-a-serie\/","title":{"rendered":"Dexter: Ressurrei\u00e7\u00e3o confirma retorno surpreendente para a s\u00e9rie"},"content":{"rendered":"\n<p>A s\u00e9rie &#8220;<strong>Dexter: Ressurrei\u00e7\u00e3o<\/strong>&#8221; est\u00e1 de volta com novidades empolgantes para os f\u00e3s. <strong>David Magidoff<\/strong>, conhecido por seu papel em &#8220;<strong>The Morning Show<\/strong>&#8220;, retorna \u00e0 s\u00e9rie como <strong>Teddy Reed<\/strong>, um policial do departamento de Iron Lake. Este retorno traz um ar de familiaridade e continuidade para os espectadores que acompanharam &#8220;<strong>Dexter: New Blood<\/strong>&#8220;.<\/p>\n\n\n\n<p>Al\u00e9m de Magidoff, o elenco conta com o retorno de rostos conhecidos como <strong>Michael C. Hall<\/strong>, que reprisa seu papel ic\u00f4nico como <strong>Dexter Morgan<\/strong>. Outros membros do elenco original, como <strong>David Zayas, Jack Alcott <\/strong>e <strong>James Remar<\/strong>, tamb\u00e9m est\u00e3o de volta, garantindo que a ess\u00eancia da s\u00e9rie permane\u00e7a intacta.<\/p>\n\n\n\n<h2 class=\"wp-block-heading\"><strong>Quem s\u00e3o os novos rostos em Dexter: Ressurrei\u00e7\u00e3o?<\/strong><\/h2>\n\n\n\n<p>A nova temporada de &#8220;Dexter: Ressurrei\u00e7\u00e3o&#8221; n\u00e3o se limita apenas aos rostos familiares. A s\u00e9rie apresenta uma gama de novos talentos que prometem adicionar camadas intrigantes \u00e0 narrativa. Entre os novatos est\u00e3o Krysten Ritter, Neil Patrick Harris e Ntare Guma Mbaho Mwine, que trazem suas habilidades \u00fanicas para enriquecer a trama.<\/p>\n\n\n\n<p>Peter Dinklage, famoso por seu papel em &#8220;Game of Thrones&#8221;, assume o papel do vil\u00e3o Leon Prater. Prater \u00e9 um bilion\u00e1rio com uma fachada de filantropo, mas que esconde inten\u00e7\u00f5es sombrias. A presen\u00e7a de Dinklage promete intensificar o drama e os conflitos na s\u00e9rie.<\/p>\n\n\n\n<figure class=\"wp-block-image size-large\"><img decoding=\"async\" width=\"1024\" height=\"576\" src=\"https:\/\/www.correiobraziliense.com.br\/cbradar\/wp-content\/uploads\/2025\/03\/Dexter-Ressurreicao-2-1024x576.png\" alt=\"Dexter: Ressurrei\u00e7\u00e3o confirma retorno surpreendente para a s\u00e9rie\" class=\"wp-image-14605\" srcset=\"https:\/\/www.correiobraziliense.com.br\/cbradar\/wp-content\/uploads\/2025\/03\/Dexter-Ressurreicao-2-1024x576.png 1024w, https:\/\/www.correiobraziliense.com.br\/cbradar\/wp-content\/uploads\/2025\/03\/Dexter-Ressurreicao-2-300x169.png 300w, https:\/\/www.correiobraziliense.com.br\/cbradar\/wp-content\/uploads\/2025\/03\/Dexter-Ressurreicao-2-768x432.png 768w, https:\/\/www.correiobraziliense.com.br\/cbradar\/wp-content\/uploads\/2025\/03\/Dexter-Ressurreicao-2-750x422.png 750w, https:\/\/www.correiobraziliense.com.br\/cbradar\/wp-content\/uploads\/2025\/03\/Dexter-Ressurreicao-2-1140x641.png 1140w, https:\/\/www.correiobraziliense.com.br\/cbradar\/wp-content\/uploads\/2025\/03\/Dexter-Ressurreicao-2.png 1280w\" sizes=\"(max-width: 1024px) 100vw, 1024px\" \/><figcaption class=\"wp-element-caption\">Dexter Ressurrei\u00e7\u00e3o. Fonte: divulga\u00e7\u00e3o \/ Paramount+<\/figcaption><\/figure>\n\n\n\n<h2 class=\"wp-block-heading\"><strong>Qual \u00e9 o papel de Uma Thurman na nova temporada?<\/strong><\/h2>\n\n\n\n<p>Uma Thurman se junta ao elenco como Charley, a Chefe de Seguran\u00e7a de Leon Prater. Charley \u00e9 uma ex-agente de Opera\u00e7\u00f5es Especiais, trazendo uma combina\u00e7\u00e3o de intelig\u00eancia e habilidade para seu papel. Sua experi\u00eancia em seguran\u00e7a privada de alto n\u00edvel a torna uma personagem formid\u00e1vel e essencial para a narrativa.<\/p>\n\n\n\n<p>A din\u00e2mica entre Charley e Prater adiciona uma nova dimens\u00e3o \u00e0 s\u00e9rie, explorando temas de lealdade e moralidade em um mundo repleto de segredos e intrigas.<\/p>\n\n\n\n<iframe loading=\"lazy\" width=\"560\" height=\"315\" src=\"https:\/\/www.youtube.com\/embed\/OVfoFjcs86A?si=jIE_auOJI6I4j5ld\" title=\"YouTube video player\" frameborder=\"0\" allow=\"accelerometer; autoplay; clipboard-write; encrypted-media; gyroscope; picture-in-picture; web-share\" referrerpolicy=\"strict-origin-when-cross-origin\" allowfullscreen><\/iframe>\n\n\n\n<h2 class=\"wp-block-heading\"><strong>O que esperar de Dexter: Ressurrei\u00e7\u00e3o?<\/strong><\/h2>\n\n\n\n<p>Com um elenco diversificado e uma trama envolvente, &#8220;Dexter: Ressurrei\u00e7\u00e3o&#8221; promete capturar a aten\u00e7\u00e3o dos espectadores. A combina\u00e7\u00e3o de personagens antigos e novos cria um equil\u00edbrio entre nostalgia e inova\u00e7\u00e3o, mantendo os f\u00e3s ansiosos por cada epis\u00f3dio.<\/p>\n\n\n\n<p>A s\u00e9rie continua a explorar temas complexos de justi\u00e7a e moralidade, enquanto Dexter Morgan navega por um mundo onde o perigo espreita a cada esquina. Com o retorno de personagens queridos e a introdu\u00e7\u00e3o de novos desafios, &#8220;Dexter: Ressurrei\u00e7\u00e3o&#8221; est\u00e1 pronta para deixar sua marca na televis\u00e3o mais uma vez.<\/p>\n","protected":false},"excerpt":{"rendered":"<p>A emocionante volta de Dexter Morgan com uma mistura perfeita de personagens antigos e novos.<\/p>\n","protected":false},"author":3,"featured_media":14607,"comment_status":"open","ping_status":"open","sticky":false,"template":"","format":"standard","meta":{"jnews-multi-image_gallery":[],"jnews_single_post":{"format":"standard"},"jnews_primary_category":[],"jnews_social_meta":[],"jnews_override_counter":[],"footnotes":""},"categories":[140],"tags":[1646,568],"class_list":["post-14602","post","type-post","status-publish","format-standard","has-post-thumbnail","hentry","category-entretenimento","tag-dexter","tag-series-e-filmes"],"yoast_head":"<!-- This site is optimized with the Yoast SEO plugin v24.6 - https:\/\/yoast.com\/wordpress\/plugins\/seo\/ -->\n<title>Dexter: Ressurrei\u00e7\u00e3o confirma retorno surpreendente para a s\u00e9rie<\/title>\n<meta name=\"description\" content=\"A emocionante volta de Dexter Morgan com uma mistura perfeita de personagens antigos e novos.\" \/>\n<meta name=\"robots\" content=\"index, follow, max-snippet:-1, max-image-preview:large, max-video-preview:-1\" \/>\n<link rel=\"canonical\" href=\"https:\/\/www.correiobraziliense.com.br\/cbradar\/dexter-ressurreicao-confirma-retorno-surpreendente-para-a-serie\/\" \/>\n<meta property=\"og:locale\" content=\"pt_BR\" \/>\n<meta property=\"og:type\" content=\"article\" \/>\n<meta property=\"og:title\" content=\"Dexter: Ressurrei\u00e7\u00e3o confirma retorno surpreendente para a s\u00e9rie\" \/>\n<meta property=\"og:description\" content=\"A emocionante volta de Dexter Morgan com uma mistura perfeita de personagens antigos e novos.\" \/>\n<meta property=\"og:url\" content=\"https:\/\/www.correiobraziliense.com.br\/cbradar\/dexter-ressurreicao-confirma-retorno-surpreendente-para-a-serie\/\" \/>\n<meta property=\"og:site_name\" content=\"Correio Braziliense - Radar\" \/>\n<meta property=\"article:published_time\" content=\"2025-03-22T21:10:00+00:00\" \/>\n<meta property=\"og:image\" content=\"https:\/\/www.correiobraziliense.com.br\/cbradar\/wp-content\/uploads\/2025\/03\/Dexter-Ressurreicao.png\" \/>\n\t<meta property=\"og:image:width\" content=\"1280\" \/>\n\t<meta property=\"og:image:height\" content=\"720\" \/>\n\t<meta property=\"og:image:type\" content=\"image\/png\" \/>\n<meta name=\"author\" content=\"Larissa Carvalho\" \/>\n<meta name=\"twitter:card\" content=\"summary_large_image\" \/>\n<meta name=\"twitter:label1\" content=\"Escrito por\" \/>\n\t<meta name=\"twitter:data1\" content=\"Larissa Carvalho\" \/>\n\t<meta name=\"twitter:label2\" content=\"Est. tempo de leitura\" \/>\n\t<meta name=\"twitter:data2\" content=\"3 minutos\" \/>\n<!-- \/ Yoast SEO plugin. -->","yoast_head_json":{"title":"Dexter: Ressurrei\u00e7\u00e3o confirma retorno surpreendente para a s\u00e9rie","description":"A emocionante volta de Dexter Morgan com uma mistura perfeita de personagens antigos e novos.","robots":{"index":"index","follow":"follow","max-snippet":"max-snippet:-1","max-image-preview":"max-image-preview:large","max-video-preview":"max-video-preview:-1"},"canonical":"https:\/\/www.correiobraziliense.com.br\/cbradar\/dexter-ressurreicao-confirma-retorno-surpreendente-para-a-serie\/","og_locale":"pt_BR","og_type":"article","og_title":"Dexter: Ressurrei\u00e7\u00e3o confirma retorno surpreendente para a s\u00e9rie","og_description":"A emocionante volta de Dexter Morgan com uma mistura perfeita de personagens antigos e novos.","og_url":"https:\/\/www.correiobraziliense.com.br\/cbradar\/dexter-ressurreicao-confirma-retorno-surpreendente-para-a-serie\/","og_site_name":"Correio Braziliense - Radar","article_published_time":"2025-03-22T21:10:00+00:00","og_image":[{"width":1280,"height":720,"url":"https:\/\/www.correiobraziliense.com.br\/cbradar\/wp-content\/uploads\/2025\/03\/Dexter-Ressurreicao.png","type":"image\/png"}],"author":"Larissa Carvalho","twitter_card":"summary_large_image","twitter_misc":{"Escrito por":"Larissa Carvalho","Est. tempo de leitura":"3 minutos"},"schema":{"@context":"https:\/\/schema.org","@graph":[{"@type":"WebPage","@id":"https:\/\/www.correiobraziliense.com.br\/cbradar\/dexter-ressurreicao-confirma-retorno-surpreendente-para-a-serie\/","url":"https:\/\/www.correiobraziliense.com.br\/cbradar\/dexter-ressurreicao-confirma-retorno-surpreendente-para-a-serie\/","name":"Dexter: Ressurrei\u00e7\u00e3o confirma retorno surpreendente para a s\u00e9rie","isPartOf":{"@id":"https:\/\/www.correiobraziliense.com.br\/cbradar\/#website"},"primaryImageOfPage":{"@id":"https:\/\/www.correiobraziliense.com.br\/cbradar\/dexter-ressurreicao-confirma-retorno-surpreendente-para-a-serie\/#primaryimage"},"image":{"@id":"https:\/\/www.correiobraziliense.com.br\/cbradar\/dexter-ressurreicao-confirma-retorno-surpreendente-para-a-serie\/#primaryimage"},"thumbnailUrl":"https:\/\/www.correiobraziliense.com.br\/cbradar\/wp-content\/uploads\/2025\/03\/Dexter-Ressurreicao.png","datePublished":"2025-03-22T21:10:00+00:00","author":{"@id":"https:\/\/www.correiobraziliense.com.br\/cbradar\/#\/schema\/person\/58422787644df994b53a19d3e56c1513"},"description":"A emocionante volta de Dexter Morgan com uma mistura perfeita de personagens antigos e novos.","breadcrumb":{"@id":"https:\/\/www.correiobraziliense.com.br\/cbradar\/dexter-ressurreicao-confirma-retorno-surpreendente-para-a-serie\/#breadcrumb"},"inLanguage":"pt-BR","potentialAction":[{"@type":"ReadAction","target":["https:\/\/www.correiobraziliense.com.br\/cbradar\/dexter-ressurreicao-confirma-retorno-surpreendente-para-a-serie\/"]}]},{"@type":"ImageObject","inLanguage":"pt-BR","@id":"https:\/\/www.correiobraziliense.com.br\/cbradar\/dexter-ressurreicao-confirma-retorno-surpreendente-para-a-serie\/#primaryimage","url":"https:\/\/www.correiobraziliense.com.br\/cbradar\/wp-content\/uploads\/2025\/03\/Dexter-Ressurreicao.png","contentUrl":"https:\/\/www.correiobraziliense.com.br\/cbradar\/wp-content\/uploads\/2025\/03\/Dexter-Ressurreicao.png","width":1280,"height":720,"caption":"Dexter Ressurrei\u00e7\u00e3o. Fonte: divulga\u00e7\u00e3o \/ Paramount+"},{"@type":"BreadcrumbList","@id":"https:\/\/www.correiobraziliense.com.br\/cbradar\/dexter-ressurreicao-confirma-retorno-surpreendente-para-a-serie\/#breadcrumb","itemListElement":[{"@type":"ListItem","position":1,"name":"In\u00edcio","item":"https:\/\/www.correiobraziliense.com.br\/cbradar\/"},{"@type":"ListItem","position":2,"name":"Dexter: Ressurrei\u00e7\u00e3o confirma retorno surpreendente para a s\u00e9rie"}]},{"@type":"WebSite","@id":"https:\/\/www.correiobraziliense.com.br\/cbradar\/#website","url":"https:\/\/www.correiobraziliense.com.br\/cbradar\/","name":"Correio Braziliense - Radar","description":"Acompanhe as \u00faltimas not\u00edcias e fique bem informado sobre tudo o que acontece no Brasil e no mundo.","potentialAction":[{"@type":"SearchAction","target":{"@type":"EntryPoint","urlTemplate":"https:\/\/www.correiobraziliense.com.br\/cbradar\/?s={search_term_string}"},"query-input":{"@type":"PropertyValueSpecification","valueRequired":true,"valueName":"search_term_string"}}],"inLanguage":"pt-BR"},{"@type":"Person","@id":"https:\/\/www.correiobraziliense.com.br\/cbradar\/#\/schema\/person\/58422787644df994b53a19d3e56c1513","name":"Larissa Carvalho","image":{"@type":"ImageObject","inLanguage":"pt-BR","@id":"https:\/\/www.correiobraziliense.com.br\/cbradar\/#\/schema\/person\/image\/","url":"https:\/\/secure.gravatar.com\/avatar\/fe4f91a0de32b52a838d0d612abdc1aa?s=96&d=mm&r=g","contentUrl":"https:\/\/secure.gravatar.com\/avatar\/fe4f91a0de32b52a838d0d612abdc1aa?s=96&d=mm&r=g","caption":"Larissa Carvalho"},"url":"https:\/\/www.correiobraziliense.com.br\/cbradar\/author\/larissamyth\/"}]}},"_links":{"self":[{"href":"https:\/\/www.correiobraziliense.com.br\/cbradar\/wp-json\/wp\/v2\/posts\/14602","targetHints":{"allow":["GET"]}}],"collection":[{"href":"https:\/\/www.correiobraziliense.com.br\/cbradar\/wp-json\/wp\/v2\/posts"}],"about":[{"href":"https:\/\/www.correiobraziliense.com.br\/cbradar\/wp-json\/wp\/v2\/types\/post"}],"author":[{"embeddable":true,"href":"https:\/\/www.correiobraziliense.com.br\/cbradar\/wp-json\/wp\/v2\/users\/3"}],"replies":[{"embeddable":true,"href":"https:\/\/www.correiobraziliense.com.br\/cbradar\/wp-json\/wp\/v2\/comments?post=14602"}],"version-history":[{"count":1,"href":"https:\/\/www.correiobraziliense.com.br\/cbradar\/wp-json\/wp\/v2\/posts\/14602\/revisions"}],"predecessor-version":[{"id":14610,"href":"https:\/\/www.correiobraziliense.com.br\/cbradar\/wp-json\/wp\/v2\/posts\/14602\/revisions\/14610"}],"wp:featuredmedia":[{"embeddable":true,"href":"https:\/\/www.correiobraziliense.com.br\/cbradar\/wp-json\/wp\/v2\/media\/14607"}],"wp:attachment":[{"href":"https:\/\/www.correiobraziliense.com.br\/cbradar\/wp-json\/wp\/v2\/media?parent=14602"}],"wp:term":[{"taxonomy":"category","embeddable":true,"href":"https:\/\/www.correiobraziliense.com.br\/cbradar\/wp-json\/wp\/v2\/categories?post=14602"},{"taxonomy":"post_tag","embeddable":true,"href":"https:\/\/www.correiobraziliense.com.br\/cbradar\/wp-json\/wp\/v2\/tags?post=14602"}],"curies":[{"name":"wp","href":"https:\/\/api.w.org\/{rel}","templated":true}]}}