{"id":146044,"date":"2025-11-29T17:45:00","date_gmt":"2025-11-29T20:45:00","guid":{"rendered":"https:\/\/www.correiobraziliense.com.br\/cbradar\/?p=146044"},"modified":"2025-11-28T09:47:14","modified_gmt":"2025-11-28T12:47:14","slug":"um-aliado-da-dermatologia-natural-que-reduz-inflamacao-e-previne-cravos-e-espinhas","status":"publish","type":"post","link":"https:\/\/www.correiobraziliense.com.br\/cbradar\/um-aliado-da-dermatologia-natural-que-reduz-inflamacao-e-previne-cravos-e-espinhas\/","title":{"rendered":"Um aliado da dermatologia natural que reduz inflama\u00e7\u00e3o e previne cravos e espinhas"},"content":{"rendered":"\n<p>A <strong>hamam\u00e9lis<\/strong> (<em>Hamamelis virginiana L.<\/em>) \u00e9 uma planta arbustiva nativa da <strong>Am\u00e9rica do Norte<\/strong>, cujas folhas e cascas s\u00e3o ricas em <strong>taninos<\/strong> e compostos bioativos. Reconhecida na <strong>bot\u00e2nica medicinal<\/strong>, seu <strong>poder curativo<\/strong> \u00e9 amplamente explorado na cosmetologia e dermatologia, gra\u00e7as \u00e0s suas not\u00e1veis propriedades adstringentes, anti-inflamat\u00f3rias e tonificantes, sendo um poderoso auxiliar no tratamento da <strong>acne<\/strong> e da <strong>oleosidade<\/strong> da pele.<\/p>\n\n\n\n<p>Descubra os principais <strong>benef\u00edcios terap\u00eauticos<\/strong> da hamam\u00e9lis:<\/p>\n\n\n\n<ul class=\"wp-block-list\">\n<li>Forte propriedade adstringente, ideal para tonificar e fechar os poros.<\/li>\n\n\n\n<li>A\u00e7\u00e3o anti-inflamat\u00f3ria, que alivia a vermelhid\u00e3o e a irrita\u00e7\u00e3o da pele acneica.<\/li>\n\n\n\n<li>Compostos que controlam a produ\u00e7\u00e3o de oleosidade e combatem a acne.<\/li>\n<\/ul>\n\n\n\n<h2 class=\"wp-block-heading\">Propriedade adstringente e tonifica\u00e7\u00e3o da pele<\/h2>\n\n\n\n<p>O principal <strong>princ\u00edpio ativo<\/strong> da <strong>hamam\u00e9lis<\/strong> s\u00e3o os <strong>taninos<\/strong>, especialmente os hamamelitaninos, que conferem \u00e0 planta sua intensa <strong>propriedade adstringente<\/strong>. Esta propriedade atua contraindo os tecidos da pele, o que resulta na <strong>tonifica\u00e7\u00e3o da pele<\/strong> e na diminui\u00e7\u00e3o vis\u00edvel da apar\u00eancia dos poros dilatados. O extrato de hamam\u00e9lis \u00e9 amplamente utilizado como t\u00f4nico facial para remover res\u00edduos, melhorar a textura da pele e prepar\u00e1-la para outros tratamentos. Um estudo farmacogn\u00f3stico enfatiza o papel dos taninos na adstring\u00eancia:<\/p>\n\n\n\n<p><em>&#8220;Os taninos presentes na Hamamelis virginiana s\u00e3o respons\u00e1veis por sua a\u00e7\u00e3o adstringente, que se manifesta pela precipita\u00e7\u00e3o de prote\u00ednas da superf\u00edcie da pele e mucosas, promovendo uma sensa\u00e7\u00e3o de firmeza e fechamento dos poros.&#8221;<\/em> (MATOS, 2009).<\/p>\n\n\n<div class=\"wp-block-image\">\n<figure class=\"aligncenter size-large\"><img decoding=\"async\" width=\"1024\" height=\"576\" src=\"https:\/\/www.correiobraziliense.com.br\/cbradar\/wp-content\/uploads\/2025\/11\/mosaico_1764322355875-1024x576.jpg\" alt=\"\" class=\"wp-image-146257\" srcset=\"https:\/\/www.correiobraziliense.com.br\/cbradar\/wp-content\/uploads\/2025\/11\/mosaico_1764322355875-1024x576.jpg 1024w, https:\/\/www.correiobraziliense.com.br\/cbradar\/wp-content\/uploads\/2025\/11\/mosaico_1764322355875-300x169.jpg 300w, https:\/\/www.correiobraziliense.com.br\/cbradar\/wp-content\/uploads\/2025\/11\/mosaico_1764322355875-768x432.jpg 768w, https:\/\/www.correiobraziliense.com.br\/cbradar\/wp-content\/uploads\/2025\/11\/mosaico_1764322355875-750x422.jpg 750w, https:\/\/www.correiobraziliense.com.br\/cbradar\/wp-content\/uploads\/2025\/11\/mosaico_1764322355875-1140x641.jpg 1140w, https:\/\/www.correiobraziliense.com.br\/cbradar\/wp-content\/uploads\/2025\/11\/mosaico_1764322355875.jpg 1280w\" sizes=\"(max-width: 1024px) 100vw, 1024px\" \/><figcaption class=\"wp-element-caption\">Forte propriedade adstringente, ideal para tonificar e fechar os poros &#8211; Cr\u00e9ditos: depositphotos.com \/ robert.buchel.fl1.li \/ Cr\u00e9ditos: depositphotos.com \/ sergio_pulp<\/figcaption><\/figure><\/div>\n\n\n<p>Leia tamb\u00e9m: <a href=\"https:\/\/www.correiobraziliense.com.br\/cbradar\/os-beneficios-da-dieta-52-para-a-saude-e-por-que-voce-deveria-conisderar\/\" target=\"_blank\" rel=\"noreferrer noopener\">Os benef\u00edcios da dieta 5:2 para a sa\u00fade e por que voc\u00ea deveria considerar<\/a><\/p>\n\n\n\n<h2 class=\"wp-block-heading\">Controle da oleosidade e redu\u00e7\u00e3o da acne<\/h2>\n\n\n\n<p>A <strong>hamam\u00e9lis<\/strong> \u00e9 um <strong>benef\u00edcio terap\u00eautico<\/strong> consagrado no tratamento da <strong>acne<\/strong> e no controle da <strong>oleosidade<\/strong> excessiva. A <strong>propriedade adstringente<\/strong> e a <strong>a\u00e7\u00e3o anti-inflamat\u00f3ria<\/strong> dos <strong>compostos bioativos<\/strong> atuam sinergicamente. Ao reduzir a secre\u00e7\u00e3o seb\u00e1cea e promover a contra\u00e7\u00e3o dos poros, a hamam\u00e9lis diminui a forma\u00e7\u00e3o de comed\u00f5es (cravos) e o ambiente prop\u00edcio para a prolifera\u00e7\u00e3o da bact\u00e9ria <em>Propionibacterium acnes<\/em>. Pesquisas sobre o uso de extratos vegetais na dermatologia apoiam essa aplica\u00e7\u00e3o:<\/p>\n\n\n\n<blockquote class=\"wp-block-quote is-layout-flow wp-block-quote-is-layout-flow\">\n<p><em>&#8220;O extrato de hamam\u00e9lis tem demonstrado efic\u00e1cia na redu\u00e7\u00e3o da oleosidade da pele e na diminui\u00e7\u00e3o da les\u00e3o inflamat\u00f3ria da acne, devido \u00e0 sua atividade antiseborreica e anti-inflamat\u00f3ria local.&#8221;<\/em> (VIEIRA et al., 2012).<\/p>\n<\/blockquote>\n\n\n\n<h3 class=\"wp-block-heading\">Modo de uso t\u00f3pico<\/h3>\n\n\n\n<p>Utilize um <strong>t\u00f4nico facial de hamam\u00e9lis<\/strong> (sem \u00e1lcool, se poss\u00edvel) duas vezes ao dia, ap\u00f3s a limpeza da pele. Aplique com um algod\u00e3o sobre as \u00e1reas com maior <strong>oleosidade<\/strong> e propensas \u00e0 <strong>acne<\/strong>.<\/p>\n\n\n\n<h2 class=\"wp-block-heading\">Propriedade anti-inflamat\u00f3ria e al\u00edvio da irrita\u00e7\u00e3o<\/h2>\n\n\n\n<p>Al\u00e9m da adstring\u00eancia, a <strong>hamam\u00e9lis<\/strong> possui uma not\u00e1vel <strong>propriedade anti-inflamat\u00f3ria<\/strong>. Esta a\u00e7\u00e3o \u00e9 essencial para acalmar a <strong>pele irritada<\/strong>, vermelha e sens\u00edvel, comum em quadros de <strong>acne<\/strong> ou dermatite leve. Os <strong>fitoqu\u00edmicos<\/strong> da planta ajudam a reduzir a libera\u00e7\u00e3o de mediadores inflamat\u00f3rios, proporcionando al\u00edvio e acelerando o processo de cura da pele. Este <strong>benef\u00edcio terap\u00eautico<\/strong> torna a hamam\u00e9lis uma excelente op\u00e7\u00e3o para p\u00f3s-barba ou p\u00f3s-depila\u00e7\u00e3o. Um estudo cl\u00ednico sobre o uso da hamam\u00e9lis em peles sens\u00edveis refor\u00e7a sua seguran\u00e7a e efic\u00e1cia:<\/p>\n\n\n\n<blockquote class=\"wp-block-quote is-layout-flow wp-block-quote-is-layout-flow\">\n<p><em>&#8220;O extrato aquoso de hamam\u00e9lis foi eficaz na redu\u00e7\u00e3o do eritema (vermelhid\u00e3o) e da inflama\u00e7\u00e3o da pele induzida por irritantes, demonstrando ser um agente calmante seguro para uso t\u00f3pico em peles sens\u00edveis.&#8221;<\/em> (KORTING et al., 1993).<\/p>\n<\/blockquote>\n\n\n\n<p>Confira o v\u00eddeo abaixo da <a href=\"https:\/\/www.youtube.com\/@NutricionistaPatriciaLeite\" target=\"_blank\" rel=\"noreferrer noopener\">Nutricionista Patricia Leite<\/a> mostrando os benef\u00edcios dessa planta no corpo:<\/p>\n\n\n\n<figure class=\"wp-block-embed is-type-video is-provider-youtube wp-block-embed-youtube wp-embed-aspect-16-9 wp-has-aspect-ratio\"><div class=\"wp-block-embed__wrapper\">\n<div class=\"jeg_video_container jeg_video_content\"><iframe loading=\"lazy\" title=\"Ch\u00e1 para VARIZES, M\u00c1 CIRCULA\u00c7\u00c3O e mais - Benef\u00edcios da Hamam\u00e9lis, Como Usar e Dicas\" width=\"500\" height=\"281\" src=\"https:\/\/www.youtube.com\/embed\/uOnH-VEFqJI?feature=oembed\" frameborder=\"0\" allow=\"accelerometer; autoplay; clipboard-write; encrypted-media; gyroscope; picture-in-picture; web-share\" referrerpolicy=\"strict-origin-when-cross-origin\" allowfullscreen><\/iframe><\/div>\n<\/div><\/figure>\n\n\n\n<p>Consulte um dermatologista para integrar a hamam\u00e9lis no seu protocolo de cuidados com a pele.<\/p>\n\n\n\n<h2 class=\"wp-block-heading\">O segredo da bot\u00e2nica para a pele saud\u00e1vel<\/h2>\n\n\n\n<p>A <strong>hamam\u00e9lis<\/strong> \u00e9 uma planta medicinal com <strong>propriedades curativas<\/strong> focadas em solu\u00e7\u00f5es dermatol\u00f3gicas naturais. A pot\u00eancia de seus <strong>taninos<\/strong> e sua <strong>a\u00e7\u00e3o anti-inflamat\u00f3ria<\/strong> fornecem um tratamento eficaz e suave para a <strong>tonifica\u00e7\u00e3o da pele<\/strong> e o combate \u00e0 <strong>acne<\/strong>.<\/p>\n\n\n\n<ul class=\"wp-block-list\">\n<li>Os <strong>taninos<\/strong> conferem a forte <strong>propriedade adstringente<\/strong>, essencial para a <strong>tonifica\u00e7\u00e3o da pele<\/strong> e o fechamento dos poros.<\/li>\n\n\n\n<li>A <strong>hamam\u00e9lis<\/strong> \u00e9 um <strong>benef\u00edcio terap\u00eautico<\/strong> comprovado na redu\u00e7\u00e3o da <strong>oleosidade<\/strong> e no tratamento da <strong>acne<\/strong> inflamat\u00f3ria.<\/li>\n\n\n\n<li>A <strong>a\u00e7\u00e3o anti-inflamat\u00f3ria<\/strong> da planta auxilia no al\u00edvio da vermelhid\u00e3o e da irrita\u00e7\u00e3o da pele sens\u00edvel.<\/li>\n<\/ul>\n\n\n\n<h2 class=\"wp-block-heading\">Refer\u00eancias bibliogr\u00e1ficas<\/h2>\n\n\n\n<ul class=\"wp-block-list\">\n<li>KORTING, H. C. et al. Anti-inflammatory activity of Hamamelis virginiana distillate in a topical cream. <em>European Journal of Clinical Pharmacology<\/em>, v. 44, n. 3, p. 315-318, 1993.<\/li>\n\n\n\n<li>MATOS, Francisco Jos\u00e9 de Abreu. <em>Farmacognosia: do produto natural ao medicamento<\/em>. 7. ed. Fortaleza: Edi\u00e7\u00f5es UFC, 2009.<\/li>\n\n\n\n<li>VIEIRA, L. B. et al. Uso de Extratos Vegetais no Tratamento da Acne. <em>Revista Brasileira de Fitoterapia<\/em>, v. 14, n. 4, p. 321-329, 2012.<\/li>\n<\/ul>\n","protected":false},"excerpt":{"rendered":"<p>A hamam\u00e9lis (Hamamelis virginiana L.) \u00e9 uma planta arbustiva nativa da Am\u00e9rica do Norte, cujas folhas e cascas s\u00e3o ricas em taninos e compostos bioativos. Reconhecida na bot\u00e2nica medicinal, seu poder curativo \u00e9 amplamente explorado na cosmetologia e dermatologia, gra\u00e7as \u00e0s suas not\u00e1veis propriedades adstringentes, anti-inflamat\u00f3rias e tonificantes, sendo um poderoso auxiliar no tratamento da [&hellip;]<\/p>\n","protected":false},"author":9,"featured_media":146372,"comment_status":"open","ping_status":"open","sticky":false,"template":"","format":"standard","meta":{"_yoast_wpseo_focuskw":"Hamam\u00e9lis","_yoast_wpseo_title":"","_yoast_wpseo_metadesc":"Um t\u00f4nico natural com a\u00e7\u00e3o adstringente e anti-inflamat\u00f3ria ajuda a controlar oleosidade, acne e vermelhid\u00e3o da pele.","jnews-multi-image_gallery":[],"jnews_single_post":{"format":"standard"},"jnews_primary_category":[],"jnews_social_meta":[],"jnews_override_counter":[],"footnotes":""},"categories":[119],"post_tag":[12035,12034,12036],"class_list":["post-146044","post","type-post","status-publish","format-standard","has-post-thumbnail","hentry","category-bem-estar","tag-combatem-a-acne","tag-hamamelis","tag-pele-acneica"],"yoast_head":"<!-- This site is optimized with the Yoast SEO plugin v24.6 - https:\/\/yoast.com\/wordpress\/plugins\/seo\/ -->\n<title>Um aliado da dermatologia natural que reduz inflama\u00e7\u00e3o e previne cravos e espinhas - Correio Braziliense - Radar<\/title>\n<meta name=\"description\" content=\"Um t\u00f4nico natural com a\u00e7\u00e3o adstringente e anti-inflamat\u00f3ria ajuda a controlar oleosidade, acne e vermelhid\u00e3o da pele.\" \/>\n<meta name=\"robots\" content=\"index, follow, max-snippet:-1, max-image-preview:large, max-video-preview:-1\" \/>\n<link rel=\"canonical\" href=\"https:\/\/www.correiobraziliense.com.br\/cbradar\/um-aliado-da-dermatologia-natural-que-reduz-inflamacao-e-previne-cravos-e-espinhas\/\" \/>\n<meta property=\"og:locale\" content=\"pt_BR\" \/>\n<meta property=\"og:type\" content=\"article\" \/>\n<meta property=\"og:title\" content=\"Um aliado da dermatologia natural que reduz inflama\u00e7\u00e3o e previne cravos e espinhas - Correio Braziliense - Radar\" \/>\n<meta property=\"og:description\" content=\"Um t\u00f4nico natural com a\u00e7\u00e3o adstringente e anti-inflamat\u00f3ria ajuda a controlar oleosidade, acne e vermelhid\u00e3o da pele.\" \/>\n<meta property=\"og:url\" content=\"https:\/\/www.correiobraziliense.com.br\/cbradar\/um-aliado-da-dermatologia-natural-que-reduz-inflamacao-e-previne-cravos-e-espinhas\/\" \/>\n<meta property=\"og:site_name\" content=\"Correio Braziliense - Radar\" \/>\n<meta property=\"article:published_time\" content=\"2025-11-29T20:45:00+00:00\" \/>\n<meta property=\"og:image\" content=\"https:\/\/www.correiobraziliense.com.br\/cbradar\/wp-content\/uploads\/2025\/11\/freepik__faa-uma-imagem-realista-de-uma-mulher-se-olhando-n__52490.jpeg\" \/>\n\t<meta property=\"og:image:width\" content=\"1280\" \/>\n\t<meta property=\"og:image:height\" content=\"720\" \/>\n\t<meta property=\"og:image:type\" content=\"image\/jpeg\" \/>\n<meta name=\"author\" content=\"Daniely Cardoso\" \/>\n<meta name=\"twitter:card\" content=\"summary_large_image\" \/>\n<meta name=\"twitter:label1\" content=\"Escrito por\" \/>\n\t<meta name=\"twitter:data1\" content=\"Daniely Cardoso\" \/>\n\t<meta name=\"twitter:label2\" content=\"Est. tempo de leitura\" \/>\n\t<meta name=\"twitter:data2\" content=\"4 minutos\" \/>\n<!-- \/ Yoast SEO plugin. -->","yoast_head_json":{"title":"Um aliado da dermatologia natural que reduz inflama\u00e7\u00e3o e previne cravos e espinhas - Correio Braziliense - Radar","description":"Um t\u00f4nico natural com a\u00e7\u00e3o adstringente e anti-inflamat\u00f3ria ajuda a controlar oleosidade, acne e vermelhid\u00e3o da pele.","robots":{"index":"index","follow":"follow","max-snippet":"max-snippet:-1","max-image-preview":"max-image-preview:large","max-video-preview":"max-video-preview:-1"},"canonical":"https:\/\/www.correiobraziliense.com.br\/cbradar\/um-aliado-da-dermatologia-natural-que-reduz-inflamacao-e-previne-cravos-e-espinhas\/","og_locale":"pt_BR","og_type":"article","og_title":"Um aliado da dermatologia natural que reduz inflama\u00e7\u00e3o e previne cravos e espinhas - Correio Braziliense - Radar","og_description":"Um t\u00f4nico natural com a\u00e7\u00e3o adstringente e anti-inflamat\u00f3ria ajuda a controlar oleosidade, acne e vermelhid\u00e3o da pele.","og_url":"https:\/\/www.correiobraziliense.com.br\/cbradar\/um-aliado-da-dermatologia-natural-que-reduz-inflamacao-e-previne-cravos-e-espinhas\/","og_site_name":"Correio Braziliense - Radar","article_published_time":"2025-11-29T20:45:00+00:00","og_image":[{"width":1280,"height":720,"url":"https:\/\/www.correiobraziliense.com.br\/cbradar\/wp-content\/uploads\/2025\/11\/freepik__faa-uma-imagem-realista-de-uma-mulher-se-olhando-n__52490.jpeg","type":"image\/jpeg"}],"author":"Daniely Cardoso","twitter_card":"summary_large_image","twitter_misc":{"Escrito por":"Daniely Cardoso","Est. tempo de leitura":"4 minutos"},"schema":{"@context":"https:\/\/schema.org","@graph":[{"@type":"WebPage","@id":"https:\/\/www.correiobraziliense.com.br\/cbradar\/um-aliado-da-dermatologia-natural-que-reduz-inflamacao-e-previne-cravos-e-espinhas\/","url":"https:\/\/www.correiobraziliense.com.br\/cbradar\/um-aliado-da-dermatologia-natural-que-reduz-inflamacao-e-previne-cravos-e-espinhas\/","name":"Um aliado da dermatologia natural que reduz inflama\u00e7\u00e3o e previne cravos e espinhas - Correio Braziliense - Radar","isPartOf":{"@id":"https:\/\/www.correiobraziliense.com.br\/cbradar\/#website"},"primaryImageOfPage":{"@id":"https:\/\/www.correiobraziliense.com.br\/cbradar\/um-aliado-da-dermatologia-natural-que-reduz-inflamacao-e-previne-cravos-e-espinhas\/#primaryimage"},"image":{"@id":"https:\/\/www.correiobraziliense.com.br\/cbradar\/um-aliado-da-dermatologia-natural-que-reduz-inflamacao-e-previne-cravos-e-espinhas\/#primaryimage"},"thumbnailUrl":"https:\/\/www.correiobraziliense.com.br\/cbradar\/wp-content\/uploads\/2025\/11\/freepik__faa-uma-imagem-realista-de-uma-mulher-se-olhando-n__52490.jpeg","datePublished":"2025-11-29T20:45:00+00:00","author":{"@id":"https:\/\/www.correiobraziliense.com.br\/cbradar\/#\/schema\/person\/7356666e12ec0ee53f348ee5db227032"},"description":"Um t\u00f4nico natural com a\u00e7\u00e3o adstringente e anti-inflamat\u00f3ria ajuda a controlar oleosidade, acne e vermelhid\u00e3o da pele.","breadcrumb":{"@id":"https:\/\/www.correiobraziliense.com.br\/cbradar\/um-aliado-da-dermatologia-natural-que-reduz-inflamacao-e-previne-cravos-e-espinhas\/#breadcrumb"},"inLanguage":"pt-BR","potentialAction":[{"@type":"ReadAction","target":["https:\/\/www.correiobraziliense.com.br\/cbradar\/um-aliado-da-dermatologia-natural-que-reduz-inflamacao-e-previne-cravos-e-espinhas\/"]}]},{"@type":"ImageObject","inLanguage":"pt-BR","@id":"https:\/\/www.correiobraziliense.com.br\/cbradar\/um-aliado-da-dermatologia-natural-que-reduz-inflamacao-e-previne-cravos-e-espinhas\/#primaryimage","url":"https:\/\/www.correiobraziliense.com.br\/cbradar\/wp-content\/uploads\/2025\/11\/freepik__faa-uma-imagem-realista-de-uma-mulher-se-olhando-n__52490.jpeg","contentUrl":"https:\/\/www.correiobraziliense.com.br\/cbradar\/wp-content\/uploads\/2025\/11\/freepik__faa-uma-imagem-realista-de-uma-mulher-se-olhando-n__52490.jpeg","width":1280,"height":720,"caption":"Rica em taninos com forte a\u00e7\u00e3o adstringente"},{"@type":"BreadcrumbList","@id":"https:\/\/www.correiobraziliense.com.br\/cbradar\/um-aliado-da-dermatologia-natural-que-reduz-inflamacao-e-previne-cravos-e-espinhas\/#breadcrumb","itemListElement":[{"@type":"ListItem","position":1,"name":"In\u00edcio","item":"https:\/\/www.correiobraziliense.com.br\/cbradar\/"},{"@type":"ListItem","position":2,"name":"Um aliado da dermatologia natural que reduz inflama\u00e7\u00e3o e previne cravos e espinhas"}]},{"@type":"WebSite","@id":"https:\/\/www.correiobraziliense.com.br\/cbradar\/#website","url":"https:\/\/www.correiobraziliense.com.br\/cbradar\/","name":"Correio Braziliense - Radar","description":"Acompanhe as \u00faltimas not\u00edcias e fique bem informado sobre tudo o que acontece no Brasil e no mundo.","potentialAction":[{"@type":"SearchAction","target":{"@type":"EntryPoint","urlTemplate":"https:\/\/www.correiobraziliense.com.br\/cbradar\/?s={search_term_string}"},"query-input":{"@type":"PropertyValueSpecification","valueRequired":true,"valueName":"search_term_string"}}],"inLanguage":"pt-BR"},{"@type":"Person","@id":"https:\/\/www.correiobraziliense.com.br\/cbradar\/#\/schema\/person\/7356666e12ec0ee53f348ee5db227032","name":"Daniely Cardoso","image":{"@type":"ImageObject","inLanguage":"pt-BR","@id":"https:\/\/www.correiobraziliense.com.br\/cbradar\/#\/schema\/person\/image\/","url":"https:\/\/secure.gravatar.com\/avatar\/4b80ddbd124d1f071b626d52d62e5dff?s=96&d=mm&r=g","contentUrl":"https:\/\/secure.gravatar.com\/avatar\/4b80ddbd124d1f071b626d52d62e5dff?s=96&d=mm&r=g","caption":"Daniely Cardoso"},"description":"Redatora nos portais CB Radar e EM Foco, formada pela Universidade Federal de Goi\u00e1s, em Goi\u00e2nia. Apaixonada por comunica\u00e7\u00e3o, arte, decora\u00e7\u00e3o e tend\u00eancias, atuo na produ\u00e7\u00e3o de conte\u00fados envolventes sobre curiosidades, moda, beleza e paisagismo, sempre com um olhar atento \u00e0s novidades do momento.","sameAs":["https:\/\/www.correiobraziliense.com.br\/cbradar"],"url":"https:\/\/www.correiobraziliense.com.br\/cbradar\/author\/danielymyth\/"}]}},"_links":{"self":[{"href":"https:\/\/www.correiobraziliense.com.br\/cbradar\/wp-json\/wp\/v2\/posts\/146044","targetHints":{"allow":["GET"]}}],"collection":[{"href":"https:\/\/www.correiobraziliense.com.br\/cbradar\/wp-json\/wp\/v2\/posts"}],"about":[{"href":"https:\/\/www.correiobraziliense.com.br\/cbradar\/wp-json\/wp\/v2\/types\/post"}],"author":[{"embeddable":true,"href":"https:\/\/www.correiobraziliense.com.br\/cbradar\/wp-json\/wp\/v2\/users\/9"}],"replies":[{"embeddable":true,"href":"https:\/\/www.correiobraziliense.com.br\/cbradar\/wp-json\/wp\/v2\/comments?post=146044"}],"version-history":[{"count":2,"href":"https:\/\/www.correiobraziliense.com.br\/cbradar\/wp-json\/wp\/v2\/posts\/146044\/revisions"}],"predecessor-version":[{"id":146258,"href":"https:\/\/www.correiobraziliense.com.br\/cbradar\/wp-json\/wp\/v2\/posts\/146044\/revisions\/146258"}],"wp:featuredmedia":[{"embeddable":true,"href":"https:\/\/www.correiobraziliense.com.br\/cbradar\/wp-json\/wp\/v2\/media\/146372"}],"wp:attachment":[{"href":"https:\/\/www.correiobraziliense.com.br\/cbradar\/wp-json\/wp\/v2\/media?parent=146044"}],"wp:term":[{"taxonomy":"category","embeddable":true,"href":"https:\/\/www.correiobraziliense.com.br\/cbradar\/wp-json\/wp\/v2\/categories?post=146044"},{"taxonomy":"post_tag","embeddable":true,"href":"https:\/\/www.correiobraziliense.com.br\/cbradar\/wp-json\/wp\/v2\/post_tag?post=146044"}],"curies":[{"name":"wp","href":"https:\/\/api.w.org\/{rel}","templated":true}]}}