{"id":14611,"date":"2025-03-22T19:30:00","date_gmt":"2025-03-22T22:30:00","guid":{"rendered":"https:\/\/www.correiobraziliense.com.br\/cbradar\/?p=14611"},"modified":"2025-03-21T22:23:50","modified_gmt":"2025-03-22T01:23:50","slug":"essa-serie-de-misterio-da-netflix-com-uzo-aduba-vai-te-surpreender","status":"publish","type":"post","link":"https:\/\/www.correiobraziliense.com.br\/cbradar\/essa-serie-de-misterio-da-netflix-com-uzo-aduba-vai-te-surpreender\/","title":{"rendered":"Essa s\u00e9rie de mist\u00e9rio da Netflix com Uzo Aduba vai te surpreender"},"content":{"rendered":"\n<p>A Netflix lan\u00e7ou recentemente a s\u00e9rie de mist\u00e9rio intitulada\u00a0<strong>&#8216;Assassinato na Casa Branca&#8217;<\/strong>, protagonizada pela renomada atriz <strong>Uzo Aduba<\/strong>, conhecida por seu papel em &#8216;<strong>Orange Is the New Black<\/strong>&#8216;. A produ\u00e7\u00e3o chegou ao cat\u00e1logo da plataforma em 20 de mar\u00e7o de 2025, trazendo uma narrativa intrigante e cheia de suspense.<\/p>\n\n\n\n<p>O enredo da s\u00e9rie se desenrola em um cen\u00e1rio ic\u00f4nico: a Casa Branca. Composta por 132 quartos e 157 suspeitos, a trama gira em torno de um assassinato misterioso que ocorre durante um Jantar de Estado. A detetive exc\u00eantrica, interpretada por Aduba, \u00e9 encarregada de desvendar o crime em meio a uma equipe diversificada e peculiar.<\/p>\n\n\n\n<h2 class=\"wp-block-heading\"><strong>Quem comp\u00f5e o elenco de &#8216;Assassinato na Casa Branca&#8217;?<\/strong><\/h2>\n\n\n\n<p>O elenco da s\u00e9rie \u00e9 composto por uma variedade de talentos de destaque. Al\u00e9m de Uzo Aduba, a produ\u00e7\u00e3o conta com a participa\u00e7\u00e3o de <strong>Giancarlo Esposito, Kylie Minogue, Andre Braugher<\/strong>, entre outros. A presen\u00e7a de atores renomados promete agregar ainda mais qualidade \u00e0 narrativa envolvente da s\u00e9rie.<\/p>\n\n\n\n<p><strong>Paul William Davies <\/strong>atua como showrunner e produtor executivo, enquanto <strong>Shonda Rhimes<\/strong> tamb\u00e9m assume o papel de produtora executiva. A colabora\u00e7\u00e3o entre esses profissionais experientes do setor audiovisual contribui para a expectativa em torno da s\u00e9rie.<\/p>\n\n\n\n<figure class=\"wp-block-image size-large\"><img decoding=\"async\" width=\"1024\" height=\"576\" src=\"https:\/\/www.correiobraziliense.com.br\/cbradar\/wp-content\/uploads\/2025\/03\/Assassinato-na-Casa-Branca-1024x576.png\" alt=\"Essa s\u00e9rie de mist\u00e9rio da Netflix com Uzo Aduba vai te surpreender\" class=\"wp-image-14621\" srcset=\"https:\/\/www.correiobraziliense.com.br\/cbradar\/wp-content\/uploads\/2025\/03\/Assassinato-na-Casa-Branca-1024x576.png 1024w, https:\/\/www.correiobraziliense.com.br\/cbradar\/wp-content\/uploads\/2025\/03\/Assassinato-na-Casa-Branca-300x169.png 300w, https:\/\/www.correiobraziliense.com.br\/cbradar\/wp-content\/uploads\/2025\/03\/Assassinato-na-Casa-Branca-768x432.png 768w, https:\/\/www.correiobraziliense.com.br\/cbradar\/wp-content\/uploads\/2025\/03\/Assassinato-na-Casa-Branca-750x422.png 750w, https:\/\/www.correiobraziliense.com.br\/cbradar\/wp-content\/uploads\/2025\/03\/Assassinato-na-Casa-Branca-1140x641.png 1140w, https:\/\/www.correiobraziliense.com.br\/cbradar\/wp-content\/uploads\/2025\/03\/Assassinato-na-Casa-Branca.png 1280w\" sizes=\"(max-width: 1024px) 100vw, 1024px\" \/><figcaption class=\"wp-element-caption\">Assassinato na Casa Branca. Fonte: divulga\u00e7\u00e3o \/ Netflix<\/figcaption><\/figure>\n\n\n\n<h2 class=\"wp-block-heading\"><strong>Qual \u00e9 a origem da s\u00e9rie &#8216;Assassinato na Casa Branca&#8217;?<\/strong><\/h2>\n\n\n\n<p>A s\u00e9rie \u00e9 baseada no livro de n\u00e3o-fic\u00e7\u00e3o&nbsp;<em>&#8216;The Residence: Inside the Private World of the White House&#8217;<\/em>, escrito por Kate Andersen Brower. A obra oferece uma vis\u00e3o detalhada e intrigante dos bastidores da Casa Branca, servindo como inspira\u00e7\u00e3o para a adapta\u00e7\u00e3o televisiva.<\/p>\n\n\n\n<p>Com uma abordagem que mistura fic\u00e7\u00e3o e realidade, a s\u00e9rie promete capturar a aten\u00e7\u00e3o do p\u00fablico ao explorar os mist\u00e9rios e segredos que permeiam a resid\u00eancia oficial do presidente dos Estados Unidos.<\/p>\n\n\n\n<h2 class=\"wp-block-heading\"><strong>Por que assistir &#8216;Assassinato na Casa Branca&#8217;?<\/strong><\/h2>\n\n\n\n<p>A s\u00e9rie &#8216;Assassinato na Casa Branca&#8217; oferece uma combina\u00e7\u00e3o de suspense, drama e mist\u00e9rio, elementos que s\u00e3o potencializados pelo cen\u00e1rio ic\u00f4nico da Casa Branca. A trama envolvente e o elenco estelar s\u00e3o fatores que tornam a produ\u00e7\u00e3o uma op\u00e7\u00e3o atraente para os amantes de s\u00e9ries de mist\u00e9rio.<\/p>\n\n\n\n<p>Al\u00e9m disso, a dire\u00e7\u00e3o e produ\u00e7\u00e3o executiva de nomes consagrados na ind\u00fastria televisiva garantem uma experi\u00eancia de alta qualidade para os espectadores. Com uma narrativa bem constru\u00edda e personagens cativantes, a s\u00e9rie tem potencial para se tornar um sucesso entre o p\u00fablico da Netflix.<\/p>\n","protected":false},"excerpt":{"rendered":"<p>A nova s\u00e9rie da Netflix, &#8216;Assassinato na Casa Branca&#8217;, \u00e9 protagonizada por Uzo Aduba. Conhe\u00e7a a produ\u00e7\u00e3o que explora um mist\u00e9rio na resid\u00eancia do presidente dos EUA.<\/p>\n","protected":false},"author":3,"featured_media":14620,"comment_status":"open","ping_status":"open","sticky":false,"template":"","format":"standard","meta":{"_yoast_wpseo_focuskw":"Netflix Uzo Aduba","_yoast_wpseo_title":"%%title%%","_yoast_wpseo_metadesc":"A nova s\u00e9rie da Netflix, 'Assassinato na Casa Branca', \u00e9 protagonizada por Uzo Aduba. Conhe\u00e7a a produ\u00e7\u00e3o que explora um mist\u00e9rio na resid\u00eancia do presidente dos EUA.","jnews-multi-image_gallery":[],"jnews_single_post":{"format":"standard"},"jnews_primary_category":[],"jnews_social_meta":[],"jnews_override_counter":[],"footnotes":""},"categories":[140],"post_tag":[141,568],"class_list":["post-14611","post","type-post","status-publish","format-standard","has-post-thumbnail","hentry","category-entretenimento","tag-netflix","tag-series-e-filmes"],"yoast_head":"<!-- This site is optimized with the Yoast SEO plugin v24.6 - https:\/\/yoast.com\/wordpress\/plugins\/seo\/ -->\n<title>Essa s\u00e9rie de mist\u00e9rio da Netflix com Uzo Aduba vai te surpreender<\/title>\n<meta name=\"description\" content=\"A nova s\u00e9rie da Netflix, &#039;Assassinato na Casa Branca&#039;, \u00e9 protagonizada por Uzo Aduba. Conhe\u00e7a a produ\u00e7\u00e3o que explora um mist\u00e9rio na resid\u00eancia do presidente dos EUA.\" \/>\n<meta name=\"robots\" content=\"index, follow, max-snippet:-1, max-image-preview:large, max-video-preview:-1\" \/>\n<link rel=\"canonical\" href=\"https:\/\/www.correiobraziliense.com.br\/cbradar\/essa-serie-de-misterio-da-netflix-com-uzo-aduba-vai-te-surpreender\/\" \/>\n<meta property=\"og:locale\" content=\"pt_BR\" \/>\n<meta property=\"og:type\" content=\"article\" \/>\n<meta property=\"og:title\" content=\"Essa s\u00e9rie de mist\u00e9rio da Netflix com Uzo Aduba vai te surpreender\" \/>\n<meta property=\"og:description\" content=\"A nova s\u00e9rie da Netflix, &#039;Assassinato na Casa Branca&#039;, \u00e9 protagonizada por Uzo Aduba. Conhe\u00e7a a produ\u00e7\u00e3o que explora um mist\u00e9rio na resid\u00eancia do presidente dos EUA.\" \/>\n<meta property=\"og:url\" content=\"https:\/\/www.correiobraziliense.com.br\/cbradar\/essa-serie-de-misterio-da-netflix-com-uzo-aduba-vai-te-surpreender\/\" \/>\n<meta property=\"og:site_name\" content=\"Correio Braziliense - Radar\" \/>\n<meta property=\"article:published_time\" content=\"2025-03-22T22:30:00+00:00\" \/>\n<meta property=\"og:image\" content=\"https:\/\/www.correiobraziliense.com.br\/cbradar\/wp-content\/uploads\/2025\/03\/Assassinato-na-Casa-Branca-2.png\" \/>\n\t<meta property=\"og:image:width\" content=\"1280\" \/>\n\t<meta property=\"og:image:height\" content=\"720\" \/>\n\t<meta property=\"og:image:type\" content=\"image\/png\" \/>\n<meta name=\"author\" content=\"Larissa Carvalho\" \/>\n<meta name=\"twitter:card\" content=\"summary_large_image\" \/>\n<meta name=\"twitter:label1\" content=\"Escrito por\" \/>\n\t<meta name=\"twitter:data1\" content=\"Larissa Carvalho\" \/>\n\t<meta name=\"twitter:label2\" content=\"Est. tempo de leitura\" \/>\n\t<meta name=\"twitter:data2\" content=\"3 minutos\" \/>\n<!-- \/ Yoast SEO plugin. -->","yoast_head_json":{"title":"Essa s\u00e9rie de mist\u00e9rio da Netflix com Uzo Aduba vai te surpreender","description":"A nova s\u00e9rie da Netflix, 'Assassinato na Casa Branca', \u00e9 protagonizada por Uzo Aduba. Conhe\u00e7a a produ\u00e7\u00e3o que explora um mist\u00e9rio na resid\u00eancia do presidente dos EUA.","robots":{"index":"index","follow":"follow","max-snippet":"max-snippet:-1","max-image-preview":"max-image-preview:large","max-video-preview":"max-video-preview:-1"},"canonical":"https:\/\/www.correiobraziliense.com.br\/cbradar\/essa-serie-de-misterio-da-netflix-com-uzo-aduba-vai-te-surpreender\/","og_locale":"pt_BR","og_type":"article","og_title":"Essa s\u00e9rie de mist\u00e9rio da Netflix com Uzo Aduba vai te surpreender","og_description":"A nova s\u00e9rie da Netflix, 'Assassinato na Casa Branca', \u00e9 protagonizada por Uzo Aduba. Conhe\u00e7a a produ\u00e7\u00e3o que explora um mist\u00e9rio na resid\u00eancia do presidente dos EUA.","og_url":"https:\/\/www.correiobraziliense.com.br\/cbradar\/essa-serie-de-misterio-da-netflix-com-uzo-aduba-vai-te-surpreender\/","og_site_name":"Correio Braziliense - Radar","article_published_time":"2025-03-22T22:30:00+00:00","og_image":[{"width":1280,"height":720,"url":"https:\/\/www.correiobraziliense.com.br\/cbradar\/wp-content\/uploads\/2025\/03\/Assassinato-na-Casa-Branca-2.png","type":"image\/png"}],"author":"Larissa Carvalho","twitter_card":"summary_large_image","twitter_misc":{"Escrito por":"Larissa Carvalho","Est. tempo de leitura":"3 minutos"},"schema":{"@context":"https:\/\/schema.org","@graph":[{"@type":"WebPage","@id":"https:\/\/www.correiobraziliense.com.br\/cbradar\/essa-serie-de-misterio-da-netflix-com-uzo-aduba-vai-te-surpreender\/","url":"https:\/\/www.correiobraziliense.com.br\/cbradar\/essa-serie-de-misterio-da-netflix-com-uzo-aduba-vai-te-surpreender\/","name":"Essa s\u00e9rie de mist\u00e9rio da Netflix com Uzo Aduba vai te surpreender","isPartOf":{"@id":"https:\/\/www.correiobraziliense.com.br\/cbradar\/#website"},"primaryImageOfPage":{"@id":"https:\/\/www.correiobraziliense.com.br\/cbradar\/essa-serie-de-misterio-da-netflix-com-uzo-aduba-vai-te-surpreender\/#primaryimage"},"image":{"@id":"https:\/\/www.correiobraziliense.com.br\/cbradar\/essa-serie-de-misterio-da-netflix-com-uzo-aduba-vai-te-surpreender\/#primaryimage"},"thumbnailUrl":"https:\/\/www.correiobraziliense.com.br\/cbradar\/wp-content\/uploads\/2025\/03\/Assassinato-na-Casa-Branca-2.png","datePublished":"2025-03-22T22:30:00+00:00","author":{"@id":"https:\/\/www.correiobraziliense.com.br\/cbradar\/#\/schema\/person\/58422787644df994b53a19d3e56c1513"},"description":"A nova s\u00e9rie da Netflix, 'Assassinato na Casa Branca', \u00e9 protagonizada por Uzo Aduba. Conhe\u00e7a a produ\u00e7\u00e3o que explora um mist\u00e9rio na resid\u00eancia do presidente dos EUA.","breadcrumb":{"@id":"https:\/\/www.correiobraziliense.com.br\/cbradar\/essa-serie-de-misterio-da-netflix-com-uzo-aduba-vai-te-surpreender\/#breadcrumb"},"inLanguage":"pt-BR","potentialAction":[{"@type":"ReadAction","target":["https:\/\/www.correiobraziliense.com.br\/cbradar\/essa-serie-de-misterio-da-netflix-com-uzo-aduba-vai-te-surpreender\/"]}]},{"@type":"ImageObject","inLanguage":"pt-BR","@id":"https:\/\/www.correiobraziliense.com.br\/cbradar\/essa-serie-de-misterio-da-netflix-com-uzo-aduba-vai-te-surpreender\/#primaryimage","url":"https:\/\/www.correiobraziliense.com.br\/cbradar\/wp-content\/uploads\/2025\/03\/Assassinato-na-Casa-Branca-2.png","contentUrl":"https:\/\/www.correiobraziliense.com.br\/cbradar\/wp-content\/uploads\/2025\/03\/Assassinato-na-Casa-Branca-2.png","width":1280,"height":720,"caption":"Assassinato na Casa Branca. Fonte: divulga\u00e7\u00e3o \/ Netflix"},{"@type":"BreadcrumbList","@id":"https:\/\/www.correiobraziliense.com.br\/cbradar\/essa-serie-de-misterio-da-netflix-com-uzo-aduba-vai-te-surpreender\/#breadcrumb","itemListElement":[{"@type":"ListItem","position":1,"name":"In\u00edcio","item":"https:\/\/www.correiobraziliense.com.br\/cbradar\/"},{"@type":"ListItem","position":2,"name":"Essa s\u00e9rie de mist\u00e9rio da Netflix com Uzo Aduba vai te surpreender"}]},{"@type":"WebSite","@id":"https:\/\/www.correiobraziliense.com.br\/cbradar\/#website","url":"https:\/\/www.correiobraziliense.com.br\/cbradar\/","name":"Correio Braziliense - Radar","description":"Acompanhe as \u00faltimas not\u00edcias e fique bem informado sobre tudo o que acontece no Brasil e no mundo.","potentialAction":[{"@type":"SearchAction","target":{"@type":"EntryPoint","urlTemplate":"https:\/\/www.correiobraziliense.com.br\/cbradar\/?s={search_term_string}"},"query-input":{"@type":"PropertyValueSpecification","valueRequired":true,"valueName":"search_term_string"}}],"inLanguage":"pt-BR"},{"@type":"Person","@id":"https:\/\/www.correiobraziliense.com.br\/cbradar\/#\/schema\/person\/58422787644df994b53a19d3e56c1513","name":"Larissa Carvalho","image":{"@type":"ImageObject","inLanguage":"pt-BR","@id":"https:\/\/www.correiobraziliense.com.br\/cbradar\/#\/schema\/person\/image\/","url":"https:\/\/secure.gravatar.com\/avatar\/fe4f91a0de32b52a838d0d612abdc1aa?s=96&d=mm&r=g","contentUrl":"https:\/\/secure.gravatar.com\/avatar\/fe4f91a0de32b52a838d0d612abdc1aa?s=96&d=mm&r=g","caption":"Larissa Carvalho"},"url":"https:\/\/www.correiobraziliense.com.br\/cbradar\/author\/larissamyth\/"}]}},"_links":{"self":[{"href":"https:\/\/www.correiobraziliense.com.br\/cbradar\/wp-json\/wp\/v2\/posts\/14611","targetHints":{"allow":["GET"]}}],"collection":[{"href":"https:\/\/www.correiobraziliense.com.br\/cbradar\/wp-json\/wp\/v2\/posts"}],"about":[{"href":"https:\/\/www.correiobraziliense.com.br\/cbradar\/wp-json\/wp\/v2\/types\/post"}],"author":[{"embeddable":true,"href":"https:\/\/www.correiobraziliense.com.br\/cbradar\/wp-json\/wp\/v2\/users\/3"}],"replies":[{"embeddable":true,"href":"https:\/\/www.correiobraziliense.com.br\/cbradar\/wp-json\/wp\/v2\/comments?post=14611"}],"version-history":[{"count":1,"href":"https:\/\/www.correiobraziliense.com.br\/cbradar\/wp-json\/wp\/v2\/posts\/14611\/revisions"}],"predecessor-version":[{"id":14622,"href":"https:\/\/www.correiobraziliense.com.br\/cbradar\/wp-json\/wp\/v2\/posts\/14611\/revisions\/14622"}],"wp:featuredmedia":[{"embeddable":true,"href":"https:\/\/www.correiobraziliense.com.br\/cbradar\/wp-json\/wp\/v2\/media\/14620"}],"wp:attachment":[{"href":"https:\/\/www.correiobraziliense.com.br\/cbradar\/wp-json\/wp\/v2\/media?parent=14611"}],"wp:term":[{"taxonomy":"category","embeddable":true,"href":"https:\/\/www.correiobraziliense.com.br\/cbradar\/wp-json\/wp\/v2\/categories?post=14611"},{"taxonomy":"post_tag","embeddable":true,"href":"https:\/\/www.correiobraziliense.com.br\/cbradar\/wp-json\/wp\/v2\/post_tag?post=14611"}],"curies":[{"name":"wp","href":"https:\/\/api.w.org\/{rel}","templated":true}]}}