{"id":14615,"date":"2025-03-23T20:30:00","date_gmt":"2025-03-23T23:30:00","guid":{"rendered":"https:\/\/www.correiobraziliense.com.br\/cbradar\/?p=14615"},"modified":"2025-03-22T16:53:09","modified_gmt":"2025-03-22T19:53:09","slug":"guia-definitivo-para-o-cultivo-de-nabo-em-casa-veja-detalhes","status":"publish","type":"post","link":"https:\/\/www.correiobraziliense.com.br\/cbradar\/guia-definitivo-para-o-cultivo-de-nabo-em-casa-veja-detalhes\/","title":{"rendered":"Guia definitivo para o cultivo de nabo em casa, veja detalhes"},"content":{"rendered":"\n<p>O nabo \u00e9 uma hortali\u00e7a valorizada por suas propriedades nutricionais e medicinais. Este vegetal \u00e9 conhecido por sua capacidade de purificar o sangue e fornecer diversos nutrientes essenciais ao organismo. Para garantir um cultivo bem-sucedido, \u00e9 importante compreender as condi\u00e7\u00f5es ideais e as t\u00e9cnicas de plantio adequadas.<\/p>\n\n\n\n<p>O cultivo do nabo deve ser realizado em regi\u00f5es onde a temperatura varia entre 15\u202f\u00b0C e 22\u202f\u00b0C. No entanto, ele tamb\u00e9m pode se adaptar a temperaturas ligeiramente mais altas, entre 18\u202f\u00b0C e 25\u202f\u00b0C. Escolher o local e o solo corretos \u00e9 fundamental para o desenvolvimento saud\u00e1vel das plantas.<\/p>\n\n\n\n<h2 class=\"wp-block-heading\">Como plantar nabo com sucesso?<\/h2>\n\n\n\n<p>Para plantar nabo, \u00e9 essencial selecionar um solo que ofere\u00e7a boa drenagem e seja rico em mat\u00e9ria org\u00e2nica. O pH do solo deve estar entre 6 e 7, embora o nabo tolere varia\u00e7\u00f5es. O local de plantio deve receber luz solar direta, mas a planta tamb\u00e9m pode crescer em \u00e1reas com sombra parcial.<\/p>\n\n\n\n<figure class=\"wp-block-image size-large\"><img decoding=\"async\" width=\"1024\" height=\"576\" src=\"https:\/\/www.correiobraziliense.com.br\/cbradar\/wp-content\/uploads\/2025\/03\/nabo_1742563390533-1024x576.jpg\" alt=\"Guia Definitivo para o Cultivo de Nabo\n\n\n\n\n\n\n\n\" class=\"wp-image-14617\" srcset=\"https:\/\/www.correiobraziliense.com.br\/cbradar\/wp-content\/uploads\/2025\/03\/nabo_1742563390533-1024x576.jpg 1024w, https:\/\/www.correiobraziliense.com.br\/cbradar\/wp-content\/uploads\/2025\/03\/nabo_1742563390533-300x169.jpg 300w, https:\/\/www.correiobraziliense.com.br\/cbradar\/wp-content\/uploads\/2025\/03\/nabo_1742563390533-768x432.jpg 768w, https:\/\/www.correiobraziliense.com.br\/cbradar\/wp-content\/uploads\/2025\/03\/nabo_1742563390533-750x422.jpg 750w, https:\/\/www.correiobraziliense.com.br\/cbradar\/wp-content\/uploads\/2025\/03\/nabo_1742563390533-1140x641.jpg 1140w, https:\/\/www.correiobraziliense.com.br\/cbradar\/wp-content\/uploads\/2025\/03\/nabo_1742563390533.jpg 1280w\" sizes=\"(max-width: 1024px) 100vw, 1024px\" \/><figcaption class=\"wp-element-caption\">nabo.Cr\u00e9ditos: depositphotos.com \/ bdspn74<\/figcaption><\/figure>\n\n\n\n<p>O espa\u00e7amento entre as sementes \u00e9 crucial. Recomenda-se que as sementes sejam plantadas com uma dist\u00e2ncia m\u00ednima de 10 cent\u00edmetros entre elas. A profundidade ideal para o plantio \u00e9 de 0,5 a 1 cent\u00edmetro, e o plantio deve ser feito em dias quentes e ensolarados.<\/p>\n\n\n\n<h2 class=\"wp-block-heading\">Cuidados e colheita do nabo<\/h2>\n\n\n\n<p>A irriga\u00e7\u00e3o regular \u00e9 necess\u00e1ria para o cultivo do nabo, mas \u00e9 importante evitar o encharcamento do solo. A colheita geralmente ocorre entre 40 e 80 dias ap\u00f3s a semeadura. Existem duas abordagens para a colheita: arrancar a planta inteira ou cortar as folhas a cerca de 5 cent\u00edmetros do solo, permitindo que novas folhas cres\u00e7am em aproximadamente duas semanas.<\/p>\n\n\n\n<h2 class=\"wp-block-heading\">Benef\u00edcios Nutricionais do Nabo<\/h2>\n\n\n\n<p>O nabo \u00e9 uma excelente fonte de vitaminas e minerais, incluindo vitamina C, \u00e1cido f\u00f3lico, pot\u00e1ssio, c\u00e1lcio e magn\u00e9sio. Sua alta concentra\u00e7\u00e3o de \u00e1gua ajuda na hidrata\u00e7\u00e3o do corpo, enquanto suas fibras s\u00e3o ben\u00e9ficas para a sa\u00fade digestiva, ajudando a prevenir a constipa\u00e7\u00e3o.<\/p>\n\n\n\n<p>Al\u00e9m disso, a vitamina C presente no nabo \u00e9 importante para a sa\u00fade da pele. O nabo tamb\u00e9m \u00e9 utilizado em rem\u00e9dios caseiros para tratar uma variedade de condi\u00e7\u00f5es, como bronquite, constipa\u00e7\u00e3o, hemorroidas, obesidade, frieiras, infec\u00e7\u00f5es intestinais e acidez estomacal.<\/p>\n\n\n\n<h2 class=\"wp-block-heading\">Considera\u00e7\u00f5es finais<\/h2>\n\n\n\n<p>O cultivo do nabo pode ser uma atividade gratificante, proporcionando um vegetal nutritivo e vers\u00e1til para a dieta. Seguindo as orienta\u00e7\u00f5es de plantio e cuidados, \u00e9 poss\u00edvel obter uma colheita abundante e aproveitar os in\u00fameros benef\u00edcios que o nabo oferece \u00e0 sa\u00fade.<\/p>\n","protected":false},"excerpt":{"rendered":"<p>Aprenda a plantar e cuidar de nabos em seu pr\u00f3prio jardim. Um guia completo com dicas e benef\u00edcios deste vegetal para sua sa\u00fade.<\/p>\n","protected":false},"author":3,"featured_media":14616,"comment_status":"open","ping_status":"open","sticky":false,"template":"","format":"standard","meta":{"_yoast_wpseo_focuskw":"nabo","_yoast_wpseo_title":"%%title%%","_yoast_wpseo_metadesc":"Aprenda a plantar e cuidar de nabos em seu pr\u00f3prio jardim. Um guia completo com dicas e benef\u00edcios deste vegetal para sua sa\u00fade.","jnews-multi-image_gallery":[],"jnews_single_post":{"format":"standard"},"jnews_primary_category":[],"jnews_social_meta":[],"jnews_override_counter":[],"footnotes":""},"categories":[136],"post_tag":[137,2316],"class_list":["post-14615","post","type-post","status-publish","format-standard","has-post-thumbnail","hentry","category-jardinagem","tag-como-plantar","tag-nabo"],"yoast_head":"<!-- This site is optimized with the Yoast SEO plugin v24.6 - https:\/\/yoast.com\/wordpress\/plugins\/seo\/ -->\n<title>Guia definitivo para o cultivo de nabo em casa, veja detalhes<\/title>\n<meta name=\"description\" content=\"Aprenda a plantar e cuidar de nabos em seu pr\u00f3prio jardim. Um guia completo com dicas e benef\u00edcios deste vegetal para sua sa\u00fade.\" \/>\n<meta name=\"robots\" content=\"index, follow, max-snippet:-1, max-image-preview:large, max-video-preview:-1\" \/>\n<link rel=\"canonical\" href=\"https:\/\/www.correiobraziliense.com.br\/cbradar\/guia-definitivo-para-o-cultivo-de-nabo-em-casa-veja-detalhes\/\" \/>\n<meta property=\"og:locale\" content=\"pt_BR\" \/>\n<meta property=\"og:type\" content=\"article\" \/>\n<meta property=\"og:title\" content=\"Guia definitivo para o cultivo de nabo em casa, veja detalhes\" \/>\n<meta property=\"og:description\" content=\"Aprenda a plantar e cuidar de nabos em seu pr\u00f3prio jardim. Um guia completo com dicas e benef\u00edcios deste vegetal para sua sa\u00fade.\" \/>\n<meta property=\"og:url\" content=\"https:\/\/www.correiobraziliense.com.br\/cbradar\/guia-definitivo-para-o-cultivo-de-nabo-em-casa-veja-detalhes\/\" \/>\n<meta property=\"og:site_name\" content=\"Correio Braziliense - Radar\" \/>\n<meta property=\"article:published_time\" content=\"2025-03-23T23:30:00+00:00\" \/>\n<meta property=\"og:image\" content=\"https:\/\/www.correiobraziliense.com.br\/cbradar\/wp-content\/uploads\/2025\/03\/nabo_1742563357929.jpg\" \/>\n\t<meta property=\"og:image:width\" content=\"1280\" \/>\n\t<meta property=\"og:image:height\" content=\"720\" \/>\n\t<meta property=\"og:image:type\" content=\"image\/jpeg\" \/>\n<meta name=\"author\" content=\"Larissa Carvalho\" \/>\n<meta name=\"twitter:card\" content=\"summary_large_image\" \/>\n<meta name=\"twitter:label1\" content=\"Escrito por\" \/>\n\t<meta name=\"twitter:data1\" content=\"Larissa Carvalho\" \/>\n\t<meta name=\"twitter:label2\" content=\"Est. tempo de leitura\" \/>\n\t<meta name=\"twitter:data2\" content=\"3 minutos\" \/>\n<!-- \/ Yoast SEO plugin. -->","yoast_head_json":{"title":"Guia definitivo para o cultivo de nabo em casa, veja detalhes","description":"Aprenda a plantar e cuidar de nabos em seu pr\u00f3prio jardim. Um guia completo com dicas e benef\u00edcios deste vegetal para sua sa\u00fade.","robots":{"index":"index","follow":"follow","max-snippet":"max-snippet:-1","max-image-preview":"max-image-preview:large","max-video-preview":"max-video-preview:-1"},"canonical":"https:\/\/www.correiobraziliense.com.br\/cbradar\/guia-definitivo-para-o-cultivo-de-nabo-em-casa-veja-detalhes\/","og_locale":"pt_BR","og_type":"article","og_title":"Guia definitivo para o cultivo de nabo em casa, veja detalhes","og_description":"Aprenda a plantar e cuidar de nabos em seu pr\u00f3prio jardim. Um guia completo com dicas e benef\u00edcios deste vegetal para sua sa\u00fade.","og_url":"https:\/\/www.correiobraziliense.com.br\/cbradar\/guia-definitivo-para-o-cultivo-de-nabo-em-casa-veja-detalhes\/","og_site_name":"Correio Braziliense - Radar","article_published_time":"2025-03-23T23:30:00+00:00","og_image":[{"width":1280,"height":720,"url":"https:\/\/www.correiobraziliense.com.br\/cbradar\/wp-content\/uploads\/2025\/03\/nabo_1742563357929.jpg","type":"image\/jpeg"}],"author":"Larissa Carvalho","twitter_card":"summary_large_image","twitter_misc":{"Escrito por":"Larissa Carvalho","Est. tempo de leitura":"3 minutos"},"schema":{"@context":"https:\/\/schema.org","@graph":[{"@type":"WebPage","@id":"https:\/\/www.correiobraziliense.com.br\/cbradar\/guia-definitivo-para-o-cultivo-de-nabo-em-casa-veja-detalhes\/","url":"https:\/\/www.correiobraziliense.com.br\/cbradar\/guia-definitivo-para-o-cultivo-de-nabo-em-casa-veja-detalhes\/","name":"Guia definitivo para o cultivo de nabo em casa, veja detalhes","isPartOf":{"@id":"https:\/\/www.correiobraziliense.com.br\/cbradar\/#website"},"primaryImageOfPage":{"@id":"https:\/\/www.correiobraziliense.com.br\/cbradar\/guia-definitivo-para-o-cultivo-de-nabo-em-casa-veja-detalhes\/#primaryimage"},"image":{"@id":"https:\/\/www.correiobraziliense.com.br\/cbradar\/guia-definitivo-para-o-cultivo-de-nabo-em-casa-veja-detalhes\/#primaryimage"},"thumbnailUrl":"https:\/\/www.correiobraziliense.com.br\/cbradar\/wp-content\/uploads\/2025\/03\/nabo_1742563357929.jpg","datePublished":"2025-03-23T23:30:00+00:00","author":{"@id":"https:\/\/www.correiobraziliense.com.br\/cbradar\/#\/schema\/person\/58422787644df994b53a19d3e56c1513"},"description":"Aprenda a plantar e cuidar de nabos em seu pr\u00f3prio jardim. Um guia completo com dicas e benef\u00edcios deste vegetal para sua sa\u00fade.","breadcrumb":{"@id":"https:\/\/www.correiobraziliense.com.br\/cbradar\/guia-definitivo-para-o-cultivo-de-nabo-em-casa-veja-detalhes\/#breadcrumb"},"inLanguage":"pt-BR","potentialAction":[{"@type":"ReadAction","target":["https:\/\/www.correiobraziliense.com.br\/cbradar\/guia-definitivo-para-o-cultivo-de-nabo-em-casa-veja-detalhes\/"]}]},{"@type":"ImageObject","inLanguage":"pt-BR","@id":"https:\/\/www.correiobraziliense.com.br\/cbradar\/guia-definitivo-para-o-cultivo-de-nabo-em-casa-veja-detalhes\/#primaryimage","url":"https:\/\/www.correiobraziliense.com.br\/cbradar\/wp-content\/uploads\/2025\/03\/nabo_1742563357929.jpg","contentUrl":"https:\/\/www.correiobraziliense.com.br\/cbradar\/wp-content\/uploads\/2025\/03\/nabo_1742563357929.jpg","width":1280,"height":720,"caption":"nabo.Cr\u00e9ditos: depositphotos.com \/ outline205"},{"@type":"BreadcrumbList","@id":"https:\/\/www.correiobraziliense.com.br\/cbradar\/guia-definitivo-para-o-cultivo-de-nabo-em-casa-veja-detalhes\/#breadcrumb","itemListElement":[{"@type":"ListItem","position":1,"name":"In\u00edcio","item":"https:\/\/www.correiobraziliense.com.br\/cbradar\/"},{"@type":"ListItem","position":2,"name":"Guia definitivo para o cultivo de nabo em casa, veja detalhes"}]},{"@type":"WebSite","@id":"https:\/\/www.correiobraziliense.com.br\/cbradar\/#website","url":"https:\/\/www.correiobraziliense.com.br\/cbradar\/","name":"Correio Braziliense - Radar","description":"Acompanhe as \u00faltimas not\u00edcias e fique bem informado sobre tudo o que acontece no Brasil e no mundo.","potentialAction":[{"@type":"SearchAction","target":{"@type":"EntryPoint","urlTemplate":"https:\/\/www.correiobraziliense.com.br\/cbradar\/?s={search_term_string}"},"query-input":{"@type":"PropertyValueSpecification","valueRequired":true,"valueName":"search_term_string"}}],"inLanguage":"pt-BR"},{"@type":"Person","@id":"https:\/\/www.correiobraziliense.com.br\/cbradar\/#\/schema\/person\/58422787644df994b53a19d3e56c1513","name":"Larissa Carvalho","image":{"@type":"ImageObject","inLanguage":"pt-BR","@id":"https:\/\/www.correiobraziliense.com.br\/cbradar\/#\/schema\/person\/image\/","url":"https:\/\/secure.gravatar.com\/avatar\/fe4f91a0de32b52a838d0d612abdc1aa?s=96&d=mm&r=g","contentUrl":"https:\/\/secure.gravatar.com\/avatar\/fe4f91a0de32b52a838d0d612abdc1aa?s=96&d=mm&r=g","caption":"Larissa Carvalho"},"url":"https:\/\/www.correiobraziliense.com.br\/cbradar\/author\/larissamyth\/"}]}},"_links":{"self":[{"href":"https:\/\/www.correiobraziliense.com.br\/cbradar\/wp-json\/wp\/v2\/posts\/14615","targetHints":{"allow":["GET"]}}],"collection":[{"href":"https:\/\/www.correiobraziliense.com.br\/cbradar\/wp-json\/wp\/v2\/posts"}],"about":[{"href":"https:\/\/www.correiobraziliense.com.br\/cbradar\/wp-json\/wp\/v2\/types\/post"}],"author":[{"embeddable":true,"href":"https:\/\/www.correiobraziliense.com.br\/cbradar\/wp-json\/wp\/v2\/users\/3"}],"replies":[{"embeddable":true,"href":"https:\/\/www.correiobraziliense.com.br\/cbradar\/wp-json\/wp\/v2\/comments?post=14615"}],"version-history":[{"count":2,"href":"https:\/\/www.correiobraziliense.com.br\/cbradar\/wp-json\/wp\/v2\/posts\/14615\/revisions"}],"predecessor-version":[{"id":14824,"href":"https:\/\/www.correiobraziliense.com.br\/cbradar\/wp-json\/wp\/v2\/posts\/14615\/revisions\/14824"}],"wp:featuredmedia":[{"embeddable":true,"href":"https:\/\/www.correiobraziliense.com.br\/cbradar\/wp-json\/wp\/v2\/media\/14616"}],"wp:attachment":[{"href":"https:\/\/www.correiobraziliense.com.br\/cbradar\/wp-json\/wp\/v2\/media?parent=14615"}],"wp:term":[{"taxonomy":"category","embeddable":true,"href":"https:\/\/www.correiobraziliense.com.br\/cbradar\/wp-json\/wp\/v2\/categories?post=14615"},{"taxonomy":"post_tag","embeddable":true,"href":"https:\/\/www.correiobraziliense.com.br\/cbradar\/wp-json\/wp\/v2\/post_tag?post=14615"}],"curies":[{"name":"wp","href":"https:\/\/api.w.org\/{rel}","templated":true}]}}