{"id":146165,"date":"2025-11-28T07:45:00","date_gmt":"2025-11-28T10:45:00","guid":{"rendered":"https:\/\/www.correiobraziliense.com.br\/cbradar\/?p=146165"},"modified":"2025-11-27T20:49:23","modified_gmt":"2025-11-27T23:49:23","slug":"o-melhor-antidepressivo-natural-segundo-estudos","status":"publish","type":"post","link":"https:\/\/www.correiobraziliense.com.br\/cbradar\/o-melhor-antidepressivo-natural-segundo-estudos\/","title":{"rendered":"O melhor antidepressivo natural segundo estudos"},"content":{"rendered":"\n<p>A <strong>Depress\u00e3o<\/strong>, um dos transtornos mentais mais comuns no mundo moderno, afeta milh\u00f5es de pessoas independentemente de idade ou status social. As abordagens tradicionais de tratamento, geralmente envolvendo medicamentos antidepressivos e psicoterapia, s\u00e3o frequentemente eficazes. No entanto, h\u00e1 um crescente interesse em terapias complementares com base em plantas medicinais, que oferecem alternativas naturais. Este interesse \u00e9 especialmente not\u00e1vel em rela\u00e7\u00e3o a dist\u00farbios de Depress\u00e3o leve a moderada, onde compostos derivados de plantas como a erva-de-s\u00e3o-jo\u00e3o, o a\u00e7afr\u00e3o e a ashwagandha mostram potencial terap\u00eautico.<\/p>\n\n\n\n<p>A erva-de-s\u00e3o-jo\u00e3o (Hypericum perforatum) \u00e9 uma planta reconhecida h\u00e1 s\u00e9culos por suas propriedades medicinais. Atualmente, os estudos cient\u00edficos revelam que seus componentes bioativos, principalmente a hipericina e a hiperforina, desempenham um papel importante no tratamento de dist\u00farbios depressivos. Esses compostos s\u00e3o conhecidos por inibir a recapta\u00e7\u00e3o de neurotransmissores como serotonina, dopamina e noradrenalina, mecanismos semelhantes \u00e0queles observados em antidepressivos sint\u00e9ticos. O interesse cient\u00edfico em torno desta planta reside em sua capacidade de proporcionar al\u00edvio eficaz dos sintomas depressivos com menos efeitos colaterais comparado aos medicamentos convencionais.<\/p>\n\n\n\n<h2 class=\"wp-block-heading\">Como o a\u00e7afr\u00e3o contribui para a sa\u00fade mental?<\/h2>\n\n\n\n<p>O a\u00e7afr\u00e3o (Crocus sativus), conhecido principalmente como uma valiosa especiaria culin\u00e1ria, tamb\u00e9m ganha destaque no campo dos fitoter\u00e1picos para <a href=\"https:\/\/www.correiobraziliense.com.br\/cbradar\/dr-cesar-cimonari-realidade-aumentada-transforma-cirurgias-cerebrais-em-2025\/\" target=\"_blank\" rel=\"noreferrer noopener\">sa\u00fade <\/a>mental. Estudos apontam que seus compostos ativos, crocina e safranal, possuem efeitos antidepressivos significativos. A pesquisa sugere que a crocina atua como inibidor da monoamina oxidase, o que auxilia na modula\u00e7\u00e3o dos n\u00edveis de neurotransmissores essenciais para o humor e a cogni\u00e7\u00e3o. Curiosamente, a efic\u00e1cia do a\u00e7afr\u00e3o no combate \u00e0 Depress\u00e3o leve \u00e9 compar\u00e1vel a alguns antidepressivos tradicionais, tornando-se uma op\u00e7\u00e3o promissora e segura para muitos.<\/p>\n\n\n\n<figure class=\"wp-block-image aligncenter size-large\"><img decoding=\"async\" width=\"1024\" height=\"576\" src=\"https:\/\/www.correiobraziliense.com.br\/cbradar\/wp-content\/uploads\/2025\/05\/depressao_1748393572236-1024x576.jpg\" alt=\"\" class=\"wp-image-43897\" srcset=\"https:\/\/www.correiobraziliense.com.br\/cbradar\/wp-content\/uploads\/2025\/05\/depressao_1748393572236-1024x576.jpg 1024w, https:\/\/www.correiobraziliense.com.br\/cbradar\/wp-content\/uploads\/2025\/05\/depressao_1748393572236-300x169.jpg 300w, https:\/\/www.correiobraziliense.com.br\/cbradar\/wp-content\/uploads\/2025\/05\/depressao_1748393572236-768x432.jpg 768w, https:\/\/www.correiobraziliense.com.br\/cbradar\/wp-content\/uploads\/2025\/05\/depressao_1748393572236-750x422.jpg 750w, https:\/\/www.correiobraziliense.com.br\/cbradar\/wp-content\/uploads\/2025\/05\/depressao_1748393572236-1140x641.jpg 1140w, https:\/\/www.correiobraziliense.com.br\/cbradar\/wp-content\/uploads\/2025\/05\/depressao_1748393572236.jpg 1280w\" sizes=\"(max-width: 1024px) 100vw, 1024px\" \/><figcaption class=\"wp-element-caption\">Depress\u00e3o- Cr\u00e9ditos: depositphotos.com \/ kwest\n<\/figcaption><\/figure>\n\n\n\n<h2 class=\"wp-block-heading\">Ashwagandha \u00e9 um aux\u00edlio adaptog\u00eanico?<\/h2>\n\n\n\n<p>A ashwagandha (Withania somnifera) \u00e9 outra planta que vem ganhando popularidade por suas propriedades adapt\u00f3genas. Adapt\u00f3genos s\u00e3o subst\u00e2ncias naturais que ajudam o corpo a lidar com o estresse, e no caso da ashwagandha, ajudam a diminuir os n\u00edveis de cortisol, o horm\u00f4nio do estresse. Al\u00e9m disso, ela influencia positivamente a regula\u00e7\u00e3o dos neurotransmissores, melhorando sintomas de ansiedade e Depress\u00e3o. A ashwagandha oferece uma abordagem hol\u00edstica para o bem-estar mental, promovendo equil\u00edbrio e resili\u00eancia f\u00edsica e emocional.<\/p>\n\n\n\n<h2 class=\"wp-block-heading\">Qual o papel das plantas medicinais na promo\u00e7\u00e3o da sa\u00fade mental?<\/h2>\n\n\n\n<p>Embora o potencial das plantas medicinais para tratar a Depress\u00e3o seja promissor, \u00e9 crucial que qualquer tratamento com fitoter\u00e1picos seja supervisionado por um profissional de sa\u00fade. Isto \u00e9 especialmente cr\u00edtico em casos de Depress\u00e3o mais grave ou quando medicamentos tradicionais j\u00e1 est\u00e3o sendo utilizados. A fitoterapia pode atuar como um complemento aos tratamentos convencionais, alinhando o conhecimento da natureza com pr\u00e1ticas de sa\u00fade modernas. Esta abordagem integrada ajuda a garantir que o bem-estar mental seja abordado de maneira abrangente e segura, utilizando recursos naturais com efic\u00e1cia comprovada. Com a cont\u00ednua amplia\u00e7\u00e3o das pesquisas cient\u00edficas, o futuro dos tratamentos baseados em plantas parece cada vez mais promissor.<\/p>\n\n\n<a href=\"https:\/\/www.instagram.com\/dra.annaluisabf\/\" target=\"_blank\" rel=\"noopener\" style=\"text-decoration: none; color: inherit;\">\n    <span style=\"display: inline-block; border: 1px solid #ccc; border-radius: 10px; padding: 15px; max-width: 550px; font-family: sans-serif; box-shadow: 0 2px 5px rgba(0,0,0,0.1); width: 100%;\">\n\n      <!-- T\u00edtulo -->\n      <span style=\"display: block; margin: 0 0 15px 0; font-weight: bold; color: #2c3e50; text-align: center;\">\n        Entre em contato:\n      <\/span>\n\n      <!-- Linha do perfil -->\n      <span style=\"display: flex; align-items: center; gap: 15px;\">\n        <img decoding=\"async\"\n          src=\"https:\/\/www.correiobraziliense.com.br\/cbradar\/wp-content\/uploads\/2025\/08\/dra_anna_luisa.jpeg\"\n          alt=\"Foto da Dra. Anna Lu\u00edsa\"\n          style=\"border-radius: 50%; width: 80px; height: 80px; object-fit: cover;\"\n        \/>\n        <span style=\"display: flex; flex-direction: column;\">\n          <span style=\"font-size: 18px; font-weight: 700; color: #2c3e50;\">Dra. Anna Lu\u00edsa Barbosa Fernandes<\/span>\n          <span style=\"color: #555;\">CRM-GO 33.271<\/span>\n        <\/span>\n      <\/span>\n\n      <!-- Redes -->\n      <span style=\"display: flex; align-items: center; gap: 10px; margin-top: 12px;\">\n        <img decoding=\"async\" src=\"https:\/\/cdn-icons-png.flaticon.com\/24\/1384\/1384063.png\" alt=\"Instagram\" width=\"24\" height=\"24\" \/>\n        <span style=\"text-decoration: underline; color: #2c3e50;\">@dra.annaluisabf<\/span>\n      <\/span>\n\n    <\/span>\n  <\/a>","protected":false},"excerpt":{"rendered":"<p>A Depress\u00e3o, um dos transtornos mentais mais comuns no mundo moderno, afeta milh\u00f5es de pessoas independentemente de idade ou status social. As abordagens tradicionais de tratamento, geralmente envolvendo medicamentos antidepressivos e psicoterapia, s\u00e3o frequentemente eficazes. No entanto, h\u00e1 um crescente interesse em terapias complementares com base em plantas medicinais, que oferecem alternativas naturais. Este interesse [&hellip;]<\/p>\n","protected":false},"author":14,"featured_media":48769,"comment_status":"open","ping_status":"open","sticky":false,"template":"","format":"standard","meta":{"_yoast_wpseo_focuskw":"Depress\u00e3o","_yoast_wpseo_title":"","_yoast_wpseo_metadesc":"Erva-de-s\u00e3o-jo\u00e3o, a\u00e7afr\u00e3o e ashwagandha atuam no humor e no estresse. Conhe\u00e7a seus efeitos contra a depress\u00e3o leve.","jnews-multi-image_gallery":[],"jnews_single_post":{"format":"standard"},"jnews_primary_category":[],"jnews_social_meta":[],"jnews_override_counter":[],"footnotes":""},"categories":[4404],"post_tag":[281,120,1318],"class_list":["post-146165","post","type-post","status-publish","format-standard","has-post-thumbnail","hentry","category-saude","tag-alimentacao","tag-bem-estar","tag-saude-2"],"yoast_head":"<!-- This site is optimized with the Yoast SEO plugin v24.6 - https:\/\/yoast.com\/wordpress\/plugins\/seo\/ -->\n<title>O melhor antidepressivo natural segundo estudos - Correio Braziliense - Radar<\/title>\n<meta name=\"description\" content=\"Erva-de-s\u00e3o-jo\u00e3o, a\u00e7afr\u00e3o e ashwagandha atuam no humor e no estresse. Conhe\u00e7a seus efeitos contra a depress\u00e3o leve.\" \/>\n<meta name=\"robots\" content=\"index, follow, max-snippet:-1, max-image-preview:large, max-video-preview:-1\" \/>\n<link rel=\"canonical\" href=\"https:\/\/www.correiobraziliense.com.br\/cbradar\/o-melhor-antidepressivo-natural-segundo-estudos\/\" \/>\n<meta property=\"og:locale\" content=\"pt_BR\" \/>\n<meta property=\"og:type\" content=\"article\" \/>\n<meta property=\"og:title\" content=\"O melhor antidepressivo natural segundo estudos - Correio Braziliense - Radar\" \/>\n<meta property=\"og:description\" content=\"Erva-de-s\u00e3o-jo\u00e3o, a\u00e7afr\u00e3o e ashwagandha atuam no humor e no estresse. Conhe\u00e7a seus efeitos contra a depress\u00e3o leve.\" \/>\n<meta property=\"og:url\" content=\"https:\/\/www.correiobraziliense.com.br\/cbradar\/o-melhor-antidepressivo-natural-segundo-estudos\/\" \/>\n<meta property=\"og:site_name\" content=\"Correio Braziliense - Radar\" \/>\n<meta property=\"article:published_time\" content=\"2025-11-28T10:45:00+00:00\" \/>\n<meta property=\"og:image\" content=\"https:\/\/www.correiobraziliense.com.br\/cbradar\/wp-content\/uploads\/2025\/06\/dieta-depressao_1749180514990.jpg\" \/>\n\t<meta property=\"og:image:width\" content=\"1279\" \/>\n\t<meta property=\"og:image:height\" content=\"720\" \/>\n\t<meta property=\"og:image:type\" content=\"image\/jpeg\" \/>\n<meta name=\"author\" content=\"guilherme_saude\" \/>\n<meta name=\"twitter:card\" content=\"summary_large_image\" \/>\n<meta name=\"twitter:label1\" content=\"Escrito por\" \/>\n\t<meta name=\"twitter:data1\" content=\"guilherme_saude\" \/>\n\t<meta name=\"twitter:label2\" content=\"Est. tempo de leitura\" \/>\n\t<meta name=\"twitter:data2\" content=\"4 minutos\" \/>\n<!-- \/ Yoast SEO plugin. -->","yoast_head_json":{"title":"O melhor antidepressivo natural segundo estudos - Correio Braziliense - Radar","description":"Erva-de-s\u00e3o-jo\u00e3o, a\u00e7afr\u00e3o e ashwagandha atuam no humor e no estresse. Conhe\u00e7a seus efeitos contra a depress\u00e3o leve.","robots":{"index":"index","follow":"follow","max-snippet":"max-snippet:-1","max-image-preview":"max-image-preview:large","max-video-preview":"max-video-preview:-1"},"canonical":"https:\/\/www.correiobraziliense.com.br\/cbradar\/o-melhor-antidepressivo-natural-segundo-estudos\/","og_locale":"pt_BR","og_type":"article","og_title":"O melhor antidepressivo natural segundo estudos - Correio Braziliense - Radar","og_description":"Erva-de-s\u00e3o-jo\u00e3o, a\u00e7afr\u00e3o e ashwagandha atuam no humor e no estresse. Conhe\u00e7a seus efeitos contra a depress\u00e3o leve.","og_url":"https:\/\/www.correiobraziliense.com.br\/cbradar\/o-melhor-antidepressivo-natural-segundo-estudos\/","og_site_name":"Correio Braziliense - Radar","article_published_time":"2025-11-28T10:45:00+00:00","og_image":[{"width":1279,"height":720,"url":"https:\/\/www.correiobraziliense.com.br\/cbradar\/wp-content\/uploads\/2025\/06\/dieta-depressao_1749180514990.jpg","type":"image\/jpeg"}],"author":"guilherme_saude","twitter_card":"summary_large_image","twitter_misc":{"Escrito por":"guilherme_saude","Est. tempo de leitura":"4 minutos"},"schema":{"@context":"https:\/\/schema.org","@graph":[{"@type":"WebPage","@id":"https:\/\/www.correiobraziliense.com.br\/cbradar\/o-melhor-antidepressivo-natural-segundo-estudos\/","url":"https:\/\/www.correiobraziliense.com.br\/cbradar\/o-melhor-antidepressivo-natural-segundo-estudos\/","name":"O melhor antidepressivo natural segundo estudos - Correio Braziliense - Radar","isPartOf":{"@id":"https:\/\/www.correiobraziliense.com.br\/cbradar\/#website"},"primaryImageOfPage":{"@id":"https:\/\/www.correiobraziliense.com.br\/cbradar\/o-melhor-antidepressivo-natural-segundo-estudos\/#primaryimage"},"image":{"@id":"https:\/\/www.correiobraziliense.com.br\/cbradar\/o-melhor-antidepressivo-natural-segundo-estudos\/#primaryimage"},"thumbnailUrl":"https:\/\/www.correiobraziliense.com.br\/cbradar\/wp-content\/uploads\/2025\/06\/dieta-depressao_1749180514990.jpg","datePublished":"2025-11-28T10:45:00+00:00","author":{"@id":"https:\/\/www.correiobraziliense.com.br\/cbradar\/#\/schema\/person\/5aa4bf3c8fa699c267933611de12978b"},"description":"Erva-de-s\u00e3o-jo\u00e3o, a\u00e7afr\u00e3o e ashwagandha atuam no humor e no estresse. Conhe\u00e7a seus efeitos contra a depress\u00e3o leve.","breadcrumb":{"@id":"https:\/\/www.correiobraziliense.com.br\/cbradar\/o-melhor-antidepressivo-natural-segundo-estudos\/#breadcrumb"},"inLanguage":"pt-BR","potentialAction":[{"@type":"ReadAction","target":["https:\/\/www.correiobraziliense.com.br\/cbradar\/o-melhor-antidepressivo-natural-segundo-estudos\/"]}]},{"@type":"ImageObject","inLanguage":"pt-BR","@id":"https:\/\/www.correiobraziliense.com.br\/cbradar\/o-melhor-antidepressivo-natural-segundo-estudos\/#primaryimage","url":"https:\/\/www.correiobraziliense.com.br\/cbradar\/wp-content\/uploads\/2025\/06\/dieta-depressao_1749180514990.jpg","contentUrl":"https:\/\/www.correiobraziliense.com.br\/cbradar\/wp-content\/uploads\/2025\/06\/dieta-depressao_1749180514990.jpg","width":1279,"height":720,"caption":"Depress\u00e3o - Cr\u00e9ditos: depositphotos.com \/ focuspocusltd"},{"@type":"BreadcrumbList","@id":"https:\/\/www.correiobraziliense.com.br\/cbradar\/o-melhor-antidepressivo-natural-segundo-estudos\/#breadcrumb","itemListElement":[{"@type":"ListItem","position":1,"name":"In\u00edcio","item":"https:\/\/www.correiobraziliense.com.br\/cbradar\/"},{"@type":"ListItem","position":2,"name":"O melhor antidepressivo natural segundo estudos"}]},{"@type":"WebSite","@id":"https:\/\/www.correiobraziliense.com.br\/cbradar\/#website","url":"https:\/\/www.correiobraziliense.com.br\/cbradar\/","name":"Correio Braziliense - Radar","description":"Acompanhe as \u00faltimas not\u00edcias e fique bem informado sobre tudo o que acontece no Brasil e no mundo.","potentialAction":[{"@type":"SearchAction","target":{"@type":"EntryPoint","urlTemplate":"https:\/\/www.correiobraziliense.com.br\/cbradar\/?s={search_term_string}"},"query-input":{"@type":"PropertyValueSpecification","valueRequired":true,"valueName":"search_term_string"}}],"inLanguage":"pt-BR"},{"@type":"Person","@id":"https:\/\/www.correiobraziliense.com.br\/cbradar\/#\/schema\/person\/5aa4bf3c8fa699c267933611de12978b","name":"guilherme_saude","image":{"@type":"ImageObject","inLanguage":"pt-BR","@id":"https:\/\/www.correiobraziliense.com.br\/cbradar\/#\/schema\/person\/image\/","url":"https:\/\/secure.gravatar.com\/avatar\/df9adfb835d344bc0af109d41756253f?s=96&d=mm&r=g","contentUrl":"https:\/\/secure.gravatar.com\/avatar\/df9adfb835d344bc0af109d41756253f?s=96&d=mm&r=g","caption":"guilherme_saude"},"url":"https:\/\/www.correiobraziliense.com.br\/cbradar\/author\/guilherme_saude\/"}]}},"_links":{"self":[{"href":"https:\/\/www.correiobraziliense.com.br\/cbradar\/wp-json\/wp\/v2\/posts\/146165","targetHints":{"allow":["GET"]}}],"collection":[{"href":"https:\/\/www.correiobraziliense.com.br\/cbradar\/wp-json\/wp\/v2\/posts"}],"about":[{"href":"https:\/\/www.correiobraziliense.com.br\/cbradar\/wp-json\/wp\/v2\/types\/post"}],"author":[{"embeddable":true,"href":"https:\/\/www.correiobraziliense.com.br\/cbradar\/wp-json\/wp\/v2\/users\/14"}],"replies":[{"embeddable":true,"href":"https:\/\/www.correiobraziliense.com.br\/cbradar\/wp-json\/wp\/v2\/comments?post=146165"}],"version-history":[{"count":1,"href":"https:\/\/www.correiobraziliense.com.br\/cbradar\/wp-json\/wp\/v2\/posts\/146165\/revisions"}],"predecessor-version":[{"id":146166,"href":"https:\/\/www.correiobraziliense.com.br\/cbradar\/wp-json\/wp\/v2\/posts\/146165\/revisions\/146166"}],"wp:featuredmedia":[{"embeddable":true,"href":"https:\/\/www.correiobraziliense.com.br\/cbradar\/wp-json\/wp\/v2\/media\/48769"}],"wp:attachment":[{"href":"https:\/\/www.correiobraziliense.com.br\/cbradar\/wp-json\/wp\/v2\/media?parent=146165"}],"wp:term":[{"taxonomy":"category","embeddable":true,"href":"https:\/\/www.correiobraziliense.com.br\/cbradar\/wp-json\/wp\/v2\/categories?post=146165"},{"taxonomy":"post_tag","embeddable":true,"href":"https:\/\/www.correiobraziliense.com.br\/cbradar\/wp-json\/wp\/v2\/post_tag?post=146165"}],"curies":[{"name":"wp","href":"https:\/\/api.w.org\/{rel}","templated":true}]}}