{"id":146176,"date":"2025-11-28T20:25:00","date_gmt":"2025-11-28T23:25:00","guid":{"rendered":"https:\/\/www.correiobraziliense.com.br\/cbradar\/?p=146176"},"modified":"2025-11-27T21:03:01","modified_gmt":"2025-11-28T00:03:01","slug":"como-reconhecer-e-diagnosticar-a-esquizofrenia","status":"publish","type":"post","link":"https:\/\/www.correiobraziliense.com.br\/cbradar\/como-reconhecer-e-diagnosticar-a-esquizofrenia\/","title":{"rendered":"Como reconhecer e diagnosticar a esquizofrenia"},"content":{"rendered":"\n<p>O <strong>Transtorno Esquizofr\u00eanico<\/strong> \u00e9 um desafio complexo no campo da sa\u00fade mental devido \u00e0 diversidade e intensidade dos seus sintomas. Seu diagn\u00f3stico requer um olhar atento dos profissionais de sa\u00fade, j\u00e1 que esses sintomas podem variar bastante entre os pacientes. Desde del\u00edrios at\u00e9 alucina\u00e7\u00f5es, passando por pensamentos desorganizados, o transtorno compromete seriamente a forma como o indiv\u00edduo percebe a realidade. Nos \u00faltimos anos, avan\u00e7os significativos tornaram poss\u00edvel uma identifica\u00e7\u00e3o mais precoce, fomentando um tratamento mais humanizado e eficaz.<\/p>\n\n\n\n<p>A avalia\u00e7\u00e3o inicial para o diagn\u00f3stico desse transtorno requer uma an\u00e1lise minuciosa. Um psiquiatra normalmente lidera a investiga\u00e7\u00e3o, come\u00e7ando pela coleta detalhada do hist\u00f3rico m\u00e9dico e familiar do paciente. Entrevistas estruturadas s\u00e3o utilizadas para compreender melhor como o indiv\u00edduo se comporta e quais s\u00e3o os poss\u00edveis fatores desencadeantes dos sintomas. Essa abordagem abrangente ajuda a diferenciar a esquizofrenia de outras condi\u00e7\u00f5es psiqui\u00e1tricas, como quadros depressivos graves ou transtornos psic\u00f3ticos breves.<\/p>\n\n\n\n<h2 class=\"wp-block-heading\">O que caracteriza o Transtorno Esquizofr\u00eanico?<\/h2>\n\n\n\n<p>Esquizofrenia \u00e9 um transtorno mental cr\u00f4nico que afeta a capacidade de perceber a realidade. Seus sintomas incluem del\u00edrios, alucina\u00e7\u00f5es e pensamentos desorganizados. Pessoas acometidas por esse transtorno costumam apresentar isolamento social, mudan\u00e7as bruscas de humor e dificuldades para expressar emo\u00e7\u00f5es. Al\u00e9m disso, esses sintomas muitas vezes aparecem de forma gradual, tornando o diagn\u00f3stico um verdadeiro desafio tanto para familiares quanto para profissionais da <a href=\"https:\/\/www.correiobraziliense.com.br\/cbradar\/dr-cesar-cimonari-realidade-aumentada-transforma-cirurgias-cerebrais-em-2025\/\" target=\"_blank\" rel=\"noreferrer noopener\">sa\u00fade<\/a>.<\/p>\n\n\n<div class=\"wp-block-image\">\n<figure class=\"aligncenter size-large\"><img decoding=\"async\" width=\"1024\" height=\"576\" src=\"https:\/\/www.correiobraziliense.com.br\/cbradar\/wp-content\/uploads\/2025\/11\/Transtorno-Esquizofrenico_1764288157336-1024x576.jpg\" alt=\"\" class=\"wp-image-146180\" srcset=\"https:\/\/www.correiobraziliense.com.br\/cbradar\/wp-content\/uploads\/2025\/11\/Transtorno-Esquizofrenico_1764288157336-1024x576.jpg 1024w, https:\/\/www.correiobraziliense.com.br\/cbradar\/wp-content\/uploads\/2025\/11\/Transtorno-Esquizofrenico_1764288157336-300x169.jpg 300w, https:\/\/www.correiobraziliense.com.br\/cbradar\/wp-content\/uploads\/2025\/11\/Transtorno-Esquizofrenico_1764288157336-768x432.jpg 768w, https:\/\/www.correiobraziliense.com.br\/cbradar\/wp-content\/uploads\/2025\/11\/Transtorno-Esquizofrenico_1764288157336-750x422.jpg 750w, https:\/\/www.correiobraziliense.com.br\/cbradar\/wp-content\/uploads\/2025\/11\/Transtorno-Esquizofrenico_1764288157336-1140x641.jpg 1140w, https:\/\/www.correiobraziliense.com.br\/cbradar\/wp-content\/uploads\/2025\/11\/Transtorno-Esquizofrenico_1764288157336.jpg 1280w\" sizes=\"(max-width: 1024px) 100vw, 1024px\" \/><figcaption class=\"wp-element-caption\">Transtorno Esquizofr\u00eanico &#8211; Cr\u00e9ditos: depositphotos.com \/ nito103<\/figcaption><\/figure><\/div>\n\n\n<h2 class=\"wp-block-heading\">Como \u00e9 realizado o diagn\u00f3stico da esquizofrenia?<\/h2>\n\n\n\n<p>O processo de confirma\u00e7\u00e3o de um diagn\u00f3stico envolve uma s\u00e9rie de etapas rigorosas. Destacam-se entrevistas cl\u00ednicas detalhadas, relatos de familiares e uma avalia\u00e7\u00e3o cuidadosa do hist\u00f3rico pessoal do paciente. Al\u00e9m disso, exames laboratoriais s\u00e3o frequentemente utilizados para descartar outras condi\u00e7\u00f5es cl\u00ednicas ou neurol\u00f3gicas. O uso dos crit\u00e9rios diagn\u00f3sticos estabelecidos em manuais como o DSM-5 ou a CID-11 \u00e9 essencial para a classifica\u00e7\u00e3o adequada dos sintomas.<\/p>\n\n\n\n<h2 class=\"wp-block-heading\">Quais os m\u00e9todos e ferramentas de apoio no diagn\u00f3stico?<\/h2>\n\n\n\n<p>O diagn\u00f3stico de esquizofrenia n\u00e3o se limita \u00e0 avalia\u00e7\u00e3o cl\u00ednica tradicional. Testes neuropsicol\u00f3gicos e escalas psicom\u00e9tricas t\u00eam um papel crucial na identifica\u00e7\u00e3o dos sintomas. Ferramentas como a Escala de Avalia\u00e7\u00e3o de Sintomas Positivos e Negativos (PANSS) contribuem para a mensura\u00e7\u00e3o da intensidade das manifesta\u00e7\u00f5es cl\u00ednicas. Al\u00e9m disso, exames de imagem, como resson\u00e2ncia magn\u00e9tica e tomografia, podem ser indicados para investigar poss\u00edveis altera\u00e7\u00f5es cerebrais e descartar outras condi\u00e7\u00f5es.<\/p>\n\n\n\n<h2 class=\"wp-block-heading\">Quais desafios ainda existem no diagn\u00f3stico da esquizofrenia?<\/h2>\n\n\n\n<p>Apesar dos avan\u00e7os na \u00e1rea da sa\u00fade mental, ainda existem desafios significativos na detec\u00e7\u00e3o precoce da esquizofrenia. Estigmas associados \u00e0 doen\u00e7a e o desconhecimento dos sinais costumam atrasar a procura por atendimento especializado. Isso, somado ao fato de que muitos sintomas s\u00e3o facilmente confundidos com outras condi\u00e7\u00f5es psiqui\u00e1tricas, destaca a import\u00e2ncia de uma abordagem sens\u00edvel e atualizada por parte dos profissionais da \u00e1rea. O diagn\u00f3stico preciso n\u00e3o apenas orienta para o tratamento mais adequado, como tamb\u00e9m facilita a inser\u00e7\u00e3o social do paciente.<\/p>\n\n\n<a href=\"https:\/\/www.instagram.com\/dra.annaluisabf\/\" target=\"_blank\" rel=\"noopener\" style=\"text-decoration: none; color: inherit;\">\n    <span style=\"display: inline-block; border: 1px solid #ccc; border-radius: 10px; padding: 15px; max-width: 550px; font-family: sans-serif; box-shadow: 0 2px 5px rgba(0,0,0,0.1); width: 100%;\">\n\n      <!-- T\u00edtulo -->\n      <span style=\"display: block; margin: 0 0 15px 0; font-weight: bold; color: #2c3e50; text-align: center;\">\n        Entre em contato:\n      <\/span>\n\n      <!-- Linha do perfil -->\n      <span style=\"display: flex; align-items: center; gap: 15px;\">\n        <img decoding=\"async\"\n          src=\"https:\/\/www.correiobraziliense.com.br\/cbradar\/wp-content\/uploads\/2025\/08\/dra_anna_luisa.jpeg\"\n          alt=\"Foto da Dra. Anna Lu\u00edsa\"\n          style=\"border-radius: 50%; width: 80px; height: 80px; object-fit: cover;\"\n        \/>\n        <span style=\"display: flex; flex-direction: column;\">\n          <span style=\"font-size: 18px; font-weight: 700; color: #2c3e50;\">Dra. Anna Lu\u00edsa Barbosa Fernandes<\/span>\n          <span style=\"color: #555;\">CRM-GO 33.271<\/span>\n        <\/span>\n      <\/span>\n\n      <!-- Redes -->\n      <span style=\"display: flex; align-items: center; gap: 10px; margin-top: 12px;\">\n        <img decoding=\"async\" src=\"https:\/\/cdn-icons-png.flaticon.com\/24\/1384\/1384063.png\" alt=\"Instagram\" width=\"24\" height=\"24\" \/>\n        <span style=\"text-decoration: underline; color: #2c3e50;\">@dra.annaluisabf<\/span>\n      <\/span>\n\n    <\/span>\n  <\/a>","protected":false},"excerpt":{"rendered":"<p>O Transtorno Esquizofr\u00eanico \u00e9 um desafio complexo no campo da sa\u00fade mental devido \u00e0 diversidade e intensidade dos seus sintomas. Seu diagn\u00f3stico requer um olhar atento dos profissionais de sa\u00fade, j\u00e1 que esses sintomas podem variar bastante entre os pacientes. Desde del\u00edrios at\u00e9 alucina\u00e7\u00f5es, passando por pensamentos desorganizados, o transtorno compromete seriamente a forma como [&hellip;]<\/p>\n","protected":false},"author":14,"featured_media":146178,"comment_status":"open","ping_status":"open","sticky":false,"template":"","format":"standard","meta":{"_yoast_wpseo_focuskw":"Transtorno Esquizofr\u00eanico","_yoast_wpseo_title":"","_yoast_wpseo_metadesc":"Saiba como psiquiatras avaliam sintomas e utilizam exames e escalas para diagnosticar a esquizofrenia com precis\u00e3o.","jnews-multi-image_gallery":[],"jnews_single_post":{"format":"standard"},"jnews_primary_category":[],"jnews_social_meta":[],"jnews_override_counter":[],"footnotes":""},"categories":[4404],"tags":[120,404,1318],"class_list":["post-146176","post","type-post","status-publish","format-standard","has-post-thumbnail","hentry","category-saude","tag-bem-estar","tag-psicologia","tag-saude-2"],"yoast_head":"<!-- This site is optimized with the Yoast SEO plugin v24.6 - https:\/\/yoast.com\/wordpress\/plugins\/seo\/ -->\n<title>Como reconhecer e diagnosticar a esquizofrenia - Correio Braziliense - Radar<\/title>\n<meta name=\"description\" content=\"Saiba como psiquiatras avaliam sintomas e utilizam exames e escalas para diagnosticar a esquizofrenia com precis\u00e3o.\" \/>\n<meta name=\"robots\" content=\"index, follow, max-snippet:-1, max-image-preview:large, max-video-preview:-1\" \/>\n<link rel=\"canonical\" href=\"https:\/\/www.correiobraziliense.com.br\/cbradar\/como-reconhecer-e-diagnosticar-a-esquizofrenia\/\" \/>\n<meta property=\"og:locale\" content=\"pt_BR\" \/>\n<meta property=\"og:type\" content=\"article\" \/>\n<meta property=\"og:title\" content=\"Como reconhecer e diagnosticar a esquizofrenia - Correio Braziliense - Radar\" \/>\n<meta property=\"og:description\" content=\"Saiba como psiquiatras avaliam sintomas e utilizam exames e escalas para diagnosticar a esquizofrenia com precis\u00e3o.\" \/>\n<meta property=\"og:url\" content=\"https:\/\/www.correiobraziliense.com.br\/cbradar\/como-reconhecer-e-diagnosticar-a-esquizofrenia\/\" \/>\n<meta property=\"og:site_name\" content=\"Correio Braziliense - Radar\" \/>\n<meta property=\"article:published_time\" content=\"2025-11-28T23:25:00+00:00\" \/>\n<meta property=\"og:image\" content=\"https:\/\/www.correiobraziliense.com.br\/cbradar\/wp-content\/uploads\/2025\/11\/Transtorno-Esquizofrenico_1764288134609.jpg\" \/>\n\t<meta property=\"og:image:width\" content=\"1280\" \/>\n\t<meta property=\"og:image:height\" content=\"720\" \/>\n\t<meta property=\"og:image:type\" content=\"image\/jpeg\" \/>\n<meta name=\"author\" content=\"guilherme_saude\" \/>\n<meta name=\"twitter:card\" content=\"summary_large_image\" \/>\n<meta name=\"twitter:label1\" content=\"Escrito por\" \/>\n\t<meta name=\"twitter:data1\" content=\"guilherme_saude\" \/>\n\t<meta name=\"twitter:label2\" content=\"Est. tempo de leitura\" \/>\n\t<meta name=\"twitter:data2\" content=\"4 minutos\" \/>\n<!-- \/ Yoast SEO plugin. -->","yoast_head_json":{"title":"Como reconhecer e diagnosticar a esquizofrenia - Correio Braziliense - Radar","description":"Saiba como psiquiatras avaliam sintomas e utilizam exames e escalas para diagnosticar a esquizofrenia com precis\u00e3o.","robots":{"index":"index","follow":"follow","max-snippet":"max-snippet:-1","max-image-preview":"max-image-preview:large","max-video-preview":"max-video-preview:-1"},"canonical":"https:\/\/www.correiobraziliense.com.br\/cbradar\/como-reconhecer-e-diagnosticar-a-esquizofrenia\/","og_locale":"pt_BR","og_type":"article","og_title":"Como reconhecer e diagnosticar a esquizofrenia - Correio Braziliense - Radar","og_description":"Saiba como psiquiatras avaliam sintomas e utilizam exames e escalas para diagnosticar a esquizofrenia com precis\u00e3o.","og_url":"https:\/\/www.correiobraziliense.com.br\/cbradar\/como-reconhecer-e-diagnosticar-a-esquizofrenia\/","og_site_name":"Correio Braziliense - Radar","article_published_time":"2025-11-28T23:25:00+00:00","og_image":[{"width":1280,"height":720,"url":"https:\/\/www.correiobraziliense.com.br\/cbradar\/wp-content\/uploads\/2025\/11\/Transtorno-Esquizofrenico_1764288134609.jpg","type":"image\/jpeg"}],"author":"guilherme_saude","twitter_card":"summary_large_image","twitter_misc":{"Escrito por":"guilherme_saude","Est. tempo de leitura":"4 minutos"},"schema":{"@context":"https:\/\/schema.org","@graph":[{"@type":"WebPage","@id":"https:\/\/www.correiobraziliense.com.br\/cbradar\/como-reconhecer-e-diagnosticar-a-esquizofrenia\/","url":"https:\/\/www.correiobraziliense.com.br\/cbradar\/como-reconhecer-e-diagnosticar-a-esquizofrenia\/","name":"Como reconhecer e diagnosticar a esquizofrenia - Correio Braziliense - Radar","isPartOf":{"@id":"https:\/\/www.correiobraziliense.com.br\/cbradar\/#website"},"primaryImageOfPage":{"@id":"https:\/\/www.correiobraziliense.com.br\/cbradar\/como-reconhecer-e-diagnosticar-a-esquizofrenia\/#primaryimage"},"image":{"@id":"https:\/\/www.correiobraziliense.com.br\/cbradar\/como-reconhecer-e-diagnosticar-a-esquizofrenia\/#primaryimage"},"thumbnailUrl":"https:\/\/www.correiobraziliense.com.br\/cbradar\/wp-content\/uploads\/2025\/11\/Transtorno-Esquizofrenico_1764288134609.jpg","datePublished":"2025-11-28T23:25:00+00:00","author":{"@id":"https:\/\/www.correiobraziliense.com.br\/cbradar\/#\/schema\/person\/5aa4bf3c8fa699c267933611de12978b"},"description":"Saiba como psiquiatras avaliam sintomas e utilizam exames e escalas para diagnosticar a esquizofrenia com precis\u00e3o.","breadcrumb":{"@id":"https:\/\/www.correiobraziliense.com.br\/cbradar\/como-reconhecer-e-diagnosticar-a-esquizofrenia\/#breadcrumb"},"inLanguage":"pt-BR","potentialAction":[{"@type":"ReadAction","target":["https:\/\/www.correiobraziliense.com.br\/cbradar\/como-reconhecer-e-diagnosticar-a-esquizofrenia\/"]}]},{"@type":"ImageObject","inLanguage":"pt-BR","@id":"https:\/\/www.correiobraziliense.com.br\/cbradar\/como-reconhecer-e-diagnosticar-a-esquizofrenia\/#primaryimage","url":"https:\/\/www.correiobraziliense.com.br\/cbradar\/wp-content\/uploads\/2025\/11\/Transtorno-Esquizofrenico_1764288134609.jpg","contentUrl":"https:\/\/www.correiobraziliense.com.br\/cbradar\/wp-content\/uploads\/2025\/11\/Transtorno-Esquizofrenico_1764288134609.jpg","width":1280,"height":720,"caption":"Transtorno Esquizofr\u00eanico - Cr\u00e9ditos: depositphotos.com \/ nito103"},{"@type":"BreadcrumbList","@id":"https:\/\/www.correiobraziliense.com.br\/cbradar\/como-reconhecer-e-diagnosticar-a-esquizofrenia\/#breadcrumb","itemListElement":[{"@type":"ListItem","position":1,"name":"In\u00edcio","item":"https:\/\/www.correiobraziliense.com.br\/cbradar\/"},{"@type":"ListItem","position":2,"name":"Como reconhecer e diagnosticar a esquizofrenia"}]},{"@type":"WebSite","@id":"https:\/\/www.correiobraziliense.com.br\/cbradar\/#website","url":"https:\/\/www.correiobraziliense.com.br\/cbradar\/","name":"Correio Braziliense - Radar","description":"Acompanhe as \u00faltimas not\u00edcias e fique bem informado sobre tudo o que acontece no Brasil e no mundo.","potentialAction":[{"@type":"SearchAction","target":{"@type":"EntryPoint","urlTemplate":"https:\/\/www.correiobraziliense.com.br\/cbradar\/?s={search_term_string}"},"query-input":{"@type":"PropertyValueSpecification","valueRequired":true,"valueName":"search_term_string"}}],"inLanguage":"pt-BR"},{"@type":"Person","@id":"https:\/\/www.correiobraziliense.com.br\/cbradar\/#\/schema\/person\/5aa4bf3c8fa699c267933611de12978b","name":"guilherme_saude","image":{"@type":"ImageObject","inLanguage":"pt-BR","@id":"https:\/\/www.correiobraziliense.com.br\/cbradar\/#\/schema\/person\/image\/","url":"https:\/\/secure.gravatar.com\/avatar\/df9adfb835d344bc0af109d41756253f?s=96&d=mm&r=g","contentUrl":"https:\/\/secure.gravatar.com\/avatar\/df9adfb835d344bc0af109d41756253f?s=96&d=mm&r=g","caption":"guilherme_saude"},"url":"https:\/\/www.correiobraziliense.com.br\/cbradar\/author\/guilherme_saude\/"}]}},"_links":{"self":[{"href":"https:\/\/www.correiobraziliense.com.br\/cbradar\/wp-json\/wp\/v2\/posts\/146176","targetHints":{"allow":["GET"]}}],"collection":[{"href":"https:\/\/www.correiobraziliense.com.br\/cbradar\/wp-json\/wp\/v2\/posts"}],"about":[{"href":"https:\/\/www.correiobraziliense.com.br\/cbradar\/wp-json\/wp\/v2\/types\/post"}],"author":[{"embeddable":true,"href":"https:\/\/www.correiobraziliense.com.br\/cbradar\/wp-json\/wp\/v2\/users\/14"}],"replies":[{"embeddable":true,"href":"https:\/\/www.correiobraziliense.com.br\/cbradar\/wp-json\/wp\/v2\/comments?post=146176"}],"version-history":[{"count":1,"href":"https:\/\/www.correiobraziliense.com.br\/cbradar\/wp-json\/wp\/v2\/posts\/146176\/revisions"}],"predecessor-version":[{"id":146181,"href":"https:\/\/www.correiobraziliense.com.br\/cbradar\/wp-json\/wp\/v2\/posts\/146176\/revisions\/146181"}],"wp:featuredmedia":[{"embeddable":true,"href":"https:\/\/www.correiobraziliense.com.br\/cbradar\/wp-json\/wp\/v2\/media\/146178"}],"wp:attachment":[{"href":"https:\/\/www.correiobraziliense.com.br\/cbradar\/wp-json\/wp\/v2\/media?parent=146176"}],"wp:term":[{"taxonomy":"category","embeddable":true,"href":"https:\/\/www.correiobraziliense.com.br\/cbradar\/wp-json\/wp\/v2\/categories?post=146176"},{"taxonomy":"post_tag","embeddable":true,"href":"https:\/\/www.correiobraziliense.com.br\/cbradar\/wp-json\/wp\/v2\/tags?post=146176"}],"curies":[{"name":"wp","href":"https:\/\/api.w.org\/{rel}","templated":true}]}}