{"id":146204,"date":"2025-11-30T10:15:00","date_gmt":"2025-11-30T13:15:00","guid":{"rendered":"https:\/\/www.correiobraziliense.com.br\/cbradar\/?p=146204"},"modified":"2025-11-29T13:51:04","modified_gmt":"2025-11-29T16:51:04","slug":"o-impacto-de-noites-mal-dormidas-na-pressao-arterial","status":"publish","type":"post","link":"https:\/\/www.correiobraziliense.com.br\/cbradar\/o-impacto-de-noites-mal-dormidas-na-pressao-arterial\/","title":{"rendered":"O impacto de noites mal dormidas na press\u00e3o arterial"},"content":{"rendered":"\n<p>O sono \u00e9 um per\u00edodo fisiol\u00f3gico cr\u00edtico onde o sistema cardiovascular reduz sua carga de trabalho para se recuperar do estresse do dia. A priva\u00e7\u00e3o do sono interrompe esse ciclo natural de descanso, mantendo os vasos sangu\u00edneos em tens\u00e3o constante e elevando significativamente o risco de desenvolver hipertens\u00e3o cr\u00f4nica.<\/p>\n\n\n\n<h2 class=\"wp-block-heading\">Por que a press\u00e3o arterial precisa cair durante a noite?<\/h2>\n\n\n\n<p>Durante o sono saud\u00e1vel, a press\u00e3o arterial deve cair cerca de 10% a 20%, um fen\u00f4meno conhecido como &#8220;dipping&#8221; noturno. Esse descenso \u00e9 vital para dar um descanso ao m\u00fasculo card\u00edaco e relaxar as paredes arteriais ap\u00f3s o esfor\u00e7o do dia.<\/p>\n\n\n\n<p>Quando voc\u00ea dorme pouco ou mal, esse mergulho na press\u00e3o n\u00e3o ocorre, uma condi\u00e7\u00e3o chamada de &#8220;non-dipping&#8221;. Isso significa que suas art\u00e9rias e cora\u00e7\u00e3o continuam trabalhando sob alta press\u00e3o 24 horas por dia, acelerando o desgaste cardiovascular.<\/p>\n\n\n\n<p>No v\u00eddeo a seguir, a <strong><em>Nutricionista Patricia Leite<\/em><\/strong> explica um pouco sobre o sono e a press\u00e3o arterial<\/p>\n\n\n\n<iframe loading=\"lazy\" width=\"341\" height=\"606\" src=\"https:\/\/www.youtube.com\/embed\/94t5nNIZgNk\" title=\"Falta de Sono e Press\u00e3o Alta\" frameborder=\"0\" allow=\"accelerometer; autoplay; clipboard-write; encrypted-media; gyroscope; picture-in-picture; web-share\" referrerpolicy=\"strict-origin-when-cross-origin\" allowfullscreen><\/iframe>\n\n\n\n<h2 class=\"wp-block-heading\">O estresse e o cortisol aumentam com a falta de sono?<\/h2>\n\n\n\n<p>Sim, a falta de sono mant\u00e9m o corpo em estado de alerta, ativando o <strong>sistema nervoso simp\u00e1tico<\/strong> (&#8220;luta ou fuga&#8221;). Isso resulta na libera\u00e7\u00e3o cont\u00ednua de horm\u00f4nios do estresse, como o <strong>cortisol<\/strong> e a adrenalina, que causam vasoconstri\u00e7\u00e3o.<\/p>\n\n\n\n<p>Esses horm\u00f4nios for\u00e7am o cora\u00e7\u00e3o a bombear mais r\u00e1pido e apertam os vasos sangu\u00edneos, elevando a press\u00e3o arterial. A <a href=\"https:\/\/www.heart.org\/en\/health-topics\/high-blood-pressure\/changes-you-can-make-to-manage-high-blood-pressure\" target=\"_blank\" rel=\"noreferrer noopener\"><strong>American Heart Association (AHA)<\/strong> alerta<\/a> que dormir menos de seis horas est\u00e1 consistentemente ligado a aumentos acentuados na press\u00e3o arterial.<\/p>\n\n\n\n<p>Leia tamb\u00e9m: <a href=\"https:\/\/www.correiobraziliense.com.br\/cbradar\/o-alimento-que-melhora-a-saude-da-pele-e-reduz-inflamacoes-internas\" target=\"_blank\" rel=\"noreferrer noopener\">O alimento que melhora a sa\u00fade da pele e reduz inflama\u00e7\u00f5es internas<\/a><\/p>\n\n\n\n<h2 class=\"wp-block-heading\">Qual a rela\u00e7\u00e3o entre apneia do sono e hipertens\u00e3o?<\/h2>\n\n\n\n<p>A apneia obstrutiva do sono \u00e9 uma causa prim\u00e1ria e perigosa de hipertens\u00e3o secund\u00e1ria. As pausas repetidas na respira\u00e7\u00e3o durante a noite causam quedas bruscas nos n\u00edveis de oxig\u00eanio no sangue (hip\u00f3xia).<\/p>\n\n\n\n<p>O c\u00e9rebro reage a essa falta de oxig\u00eanio enviando sinais de p\u00e2nico que disparam picos s\u00fabitos de press\u00e3o arterial para reoxigenar o corpo. Com o tempo, esses picos noturnos se tornam permanentes, mantendo a press\u00e3o alta mesmo durante o dia.<\/p>\n\n\n<div class=\"wp-block-image\">\n<figure class=\"aligncenter size-large\"><img decoding=\"async\" width=\"1024\" height=\"576\" src=\"https:\/\/www.correiobraziliense.com.br\/cbradar\/wp-content\/uploads\/2025\/11\/imagem_2025-11-28_005701152-1024x576.png\" alt=\"O impacto de noites mal dormidas na press\u00e3o arterial\" class=\"wp-image-146205\" srcset=\"https:\/\/www.correiobraziliense.com.br\/cbradar\/wp-content\/uploads\/2025\/11\/imagem_2025-11-28_005701152-1024x576.png 1024w, https:\/\/www.correiobraziliense.com.br\/cbradar\/wp-content\/uploads\/2025\/11\/imagem_2025-11-28_005701152-300x169.png 300w, https:\/\/www.correiobraziliense.com.br\/cbradar\/wp-content\/uploads\/2025\/11\/imagem_2025-11-28_005701152-768x432.png 768w, https:\/\/www.correiobraziliense.com.br\/cbradar\/wp-content\/uploads\/2025\/11\/imagem_2025-11-28_005701152-750x422.png 750w, https:\/\/www.correiobraziliense.com.br\/cbradar\/wp-content\/uploads\/2025\/11\/imagem_2025-11-28_005701152-1140x641.png 1140w, https:\/\/www.correiobraziliense.com.br\/cbradar\/wp-content\/uploads\/2025\/11\/imagem_2025-11-28_005701152.png 1280w\" sizes=\"(max-width: 1024px) 100vw, 1024px\" \/><figcaption class=\"wp-element-caption\">O impacto de noites mal dormidas na press\u00e3o arterial<\/figcaption><\/figure><\/div>\n\n\n<h2 class=\"wp-block-heading\">Quantas horas s\u00e3o necess\u00e1rias para proteger o cora\u00e7\u00e3o?<\/h2>\n\n\n\n<p>Para a maioria dos adultos, a janela ideal para a sa\u00fade cardiovascular situa-se entre 7 e 9 horas de sono de qualidade por noite. Dormir consistentemente menos de 6 horas \u00e9 considerado um fator de risco independente para doen\u00e7as card\u00edacas.<\/p>\n\n\n\n<p>N\u00e3o se trata apenas da dura\u00e7\u00e3o, mas da continuidade do sono. O sono fragmentado impede que o corpo atinja os est\u00e1gios profundos onde a regula\u00e7\u00e3o cardiovascular \u00e9 mais eficiente, exigindo uma rotina de sono consistente.<\/p>\n\n\n\n<p>Leia tamb\u00e9m: <a href=\"https:\/\/www.correiobraziliense.com.br\/cbradar\/sinais-que-mostram-que-seu-metabolismo-esta-mais-lento-que-o-normal\" target=\"_blank\" rel=\"noreferrer noopener\">Sinais que mostram que seu metabolismo est\u00e1 mais lento que o normal<\/a><\/p>\n\n\n\n<h2 class=\"wp-block-heading\">Quais sinais indicam que o sono est\u00e1 prejudicando sua sa\u00fade?<\/h2>\n\n\n\n<p>\u00c9 fundamental reconhecer quando a m\u00e1 qualidade do descanso est\u00e1 impactando diretamente sua sa\u00fade cardiovascular e metab\u00f3lica. O corpo emite sinais de alerta de que a recupera\u00e7\u00e3o noturna n\u00e3o est\u00e1 ocorrendo e que a press\u00e3o pode estar elevada.<\/p>\n\n\n\n<p>Fique atento a estes sintomas que sugerem uma conex\u00e3o perigosa entre seu sono e seu cora\u00e7\u00e3o:<\/p>\n\n\n\n<ul class=\"wp-block-list\">\n<li><strong>Ronco alto ou engasgos:<\/strong> Sinais cl\u00e1ssicos de apneia do sono que elevam a press\u00e3o.<\/li>\n\n\n\n<li><strong>Dor de cabe\u00e7a matinal:<\/strong> Frequentemente associada \u00e0 hipertens\u00e3o noturna ou apneia.<\/li>\n\n\n\n<li><strong>Cansa\u00e7o excessivo:<\/strong> Sonol\u00eancia diurna indica que o sono n\u00e3o foi reparador para o corpo.<\/li>\n\n\n\n<li><strong>Press\u00e3o alta ao acordar:<\/strong> Medi\u00e7\u00f5es mais altas pela manh\u00e3 do que \u00e0 noite.<\/li>\n<\/ul>\n","protected":false},"excerpt":{"rendered":"<p>O sono \u00e9 um per\u00edodo fisiol\u00f3gico cr\u00edtico onde o sistema cardiovascular reduz sua carga de trabalho para se recuperar do estresse do dia. A priva\u00e7\u00e3o do sono interrompe esse ciclo natural de descanso, mantendo os vasos sangu\u00edneos em tens\u00e3o constante e elevando significativamente o risco de desenvolver hipertens\u00e3o cr\u00f4nica. Por que a press\u00e3o arterial precisa [&hellip;]<\/p>\n","protected":false},"author":11,"featured_media":147030,"comment_status":"open","ping_status":"open","sticky":false,"template":"","format":"standard","meta":{"_yoast_wpseo_focuskw":"noites mal dormidas","_yoast_wpseo_title":"","_yoast_wpseo_metadesc":"Como noites com sono inadequado afetam diretamente sua press\u00e3o arterial e aumentam riscos cardiovasculares a longo prazo","jnews-multi-image_gallery":[],"jnews_single_post":{"format":"standard"},"jnews_primary_category":[],"jnews_social_meta":[],"jnews_override_counter":[],"footnotes":""},"categories":[119],"post_tag":[4099,1318],"class_list":["post-146204","post","type-post","status-publish","format-standard","has-post-thumbnail","hentry","category-bem-estar","tag-pressao-arterial","tag-saude-2"],"yoast_head":"<!-- This site is optimized with the Yoast SEO plugin v24.6 - https:\/\/yoast.com\/wordpress\/plugins\/seo\/ -->\n<title>O impacto de noites mal dormidas na press\u00e3o arterial - Correio Braziliense - Radar<\/title>\n<meta name=\"description\" content=\"Como noites com sono inadequado afetam diretamente sua press\u00e3o arterial e aumentam riscos cardiovasculares a longo prazo\" \/>\n<meta name=\"robots\" content=\"index, follow, max-snippet:-1, max-image-preview:large, max-video-preview:-1\" \/>\n<link rel=\"canonical\" href=\"https:\/\/www.correiobraziliense.com.br\/cbradar\/o-impacto-de-noites-mal-dormidas-na-pressao-arterial\/\" \/>\n<meta property=\"og:locale\" content=\"pt_BR\" \/>\n<meta property=\"og:type\" content=\"article\" \/>\n<meta property=\"og:title\" content=\"O impacto de noites mal dormidas na press\u00e3o arterial - Correio Braziliense - Radar\" \/>\n<meta property=\"og:description\" content=\"Como noites com sono inadequado afetam diretamente sua press\u00e3o arterial e aumentam riscos cardiovasculares a longo prazo\" \/>\n<meta property=\"og:url\" content=\"https:\/\/www.correiobraziliense.com.br\/cbradar\/o-impacto-de-noites-mal-dormidas-na-pressao-arterial\/\" \/>\n<meta property=\"og:site_name\" content=\"Correio Braziliense - Radar\" \/>\n<meta property=\"article:published_time\" content=\"2025-11-30T13:15:00+00:00\" \/>\n<meta property=\"og:image\" content=\"https:\/\/www.correiobraziliense.com.br\/cbradar\/wp-content\/uploads\/2025\/11\/imagem_2025-11-29_135035051.png\" \/>\n\t<meta property=\"og:image:width\" content=\"1280\" \/>\n\t<meta property=\"og:image:height\" content=\"720\" \/>\n\t<meta property=\"og:image:type\" content=\"image\/png\" \/>\n<meta name=\"author\" content=\"Paulo Custodio\" \/>\n<meta name=\"twitter:card\" content=\"summary_large_image\" \/>\n<meta name=\"twitter:label1\" content=\"Escrito por\" \/>\n\t<meta name=\"twitter:data1\" content=\"Paulo Custodio\" \/>\n\t<meta name=\"twitter:label2\" content=\"Est. tempo de leitura\" \/>\n\t<meta name=\"twitter:data2\" content=\"4 minutos\" \/>\n<!-- \/ Yoast SEO plugin. -->","yoast_head_json":{"title":"O impacto de noites mal dormidas na press\u00e3o arterial - Correio Braziliense - Radar","description":"Como noites com sono inadequado afetam diretamente sua press\u00e3o arterial e aumentam riscos cardiovasculares a longo prazo","robots":{"index":"index","follow":"follow","max-snippet":"max-snippet:-1","max-image-preview":"max-image-preview:large","max-video-preview":"max-video-preview:-1"},"canonical":"https:\/\/www.correiobraziliense.com.br\/cbradar\/o-impacto-de-noites-mal-dormidas-na-pressao-arterial\/","og_locale":"pt_BR","og_type":"article","og_title":"O impacto de noites mal dormidas na press\u00e3o arterial - Correio Braziliense - Radar","og_description":"Como noites com sono inadequado afetam diretamente sua press\u00e3o arterial e aumentam riscos cardiovasculares a longo prazo","og_url":"https:\/\/www.correiobraziliense.com.br\/cbradar\/o-impacto-de-noites-mal-dormidas-na-pressao-arterial\/","og_site_name":"Correio Braziliense - Radar","article_published_time":"2025-11-30T13:15:00+00:00","og_image":[{"width":1280,"height":720,"url":"https:\/\/www.correiobraziliense.com.br\/cbradar\/wp-content\/uploads\/2025\/11\/imagem_2025-11-29_135035051.png","type":"image\/png"}],"author":"Paulo Custodio","twitter_card":"summary_large_image","twitter_misc":{"Escrito por":"Paulo Custodio","Est. tempo de leitura":"4 minutos"},"schema":{"@context":"https:\/\/schema.org","@graph":[{"@type":"WebPage","@id":"https:\/\/www.correiobraziliense.com.br\/cbradar\/o-impacto-de-noites-mal-dormidas-na-pressao-arterial\/","url":"https:\/\/www.correiobraziliense.com.br\/cbradar\/o-impacto-de-noites-mal-dormidas-na-pressao-arterial\/","name":"O impacto de noites mal dormidas na press\u00e3o arterial - Correio Braziliense - Radar","isPartOf":{"@id":"https:\/\/www.correiobraziliense.com.br\/cbradar\/#website"},"primaryImageOfPage":{"@id":"https:\/\/www.correiobraziliense.com.br\/cbradar\/o-impacto-de-noites-mal-dormidas-na-pressao-arterial\/#primaryimage"},"image":{"@id":"https:\/\/www.correiobraziliense.com.br\/cbradar\/o-impacto-de-noites-mal-dormidas-na-pressao-arterial\/#primaryimage"},"thumbnailUrl":"https:\/\/www.correiobraziliense.com.br\/cbradar\/wp-content\/uploads\/2025\/11\/imagem_2025-11-29_135035051.png","datePublished":"2025-11-30T13:15:00+00:00","author":{"@id":"https:\/\/www.correiobraziliense.com.br\/cbradar\/#\/schema\/person\/4cec7857301a9a1a2ef249893cd908d3"},"description":"Como noites com sono inadequado afetam diretamente sua press\u00e3o arterial e aumentam riscos cardiovasculares a longo prazo","breadcrumb":{"@id":"https:\/\/www.correiobraziliense.com.br\/cbradar\/o-impacto-de-noites-mal-dormidas-na-pressao-arterial\/#breadcrumb"},"inLanguage":"pt-BR","potentialAction":[{"@type":"ReadAction","target":["https:\/\/www.correiobraziliense.com.br\/cbradar\/o-impacto-de-noites-mal-dormidas-na-pressao-arterial\/"]}]},{"@type":"ImageObject","inLanguage":"pt-BR","@id":"https:\/\/www.correiobraziliense.com.br\/cbradar\/o-impacto-de-noites-mal-dormidas-na-pressao-arterial\/#primaryimage","url":"https:\/\/www.correiobraziliense.com.br\/cbradar\/wp-content\/uploads\/2025\/11\/imagem_2025-11-29_135035051.png","contentUrl":"https:\/\/www.correiobraziliense.com.br\/cbradar\/wp-content\/uploads\/2025\/11\/imagem_2025-11-29_135035051.png","width":1280,"height":720,"caption":"O impacto de noites mal dormidas na press\u00e3o arterial"},{"@type":"BreadcrumbList","@id":"https:\/\/www.correiobraziliense.com.br\/cbradar\/o-impacto-de-noites-mal-dormidas-na-pressao-arterial\/#breadcrumb","itemListElement":[{"@type":"ListItem","position":1,"name":"In\u00edcio","item":"https:\/\/www.correiobraziliense.com.br\/cbradar\/"},{"@type":"ListItem","position":2,"name":"O impacto de noites mal dormidas na press\u00e3o arterial"}]},{"@type":"WebSite","@id":"https:\/\/www.correiobraziliense.com.br\/cbradar\/#website","url":"https:\/\/www.correiobraziliense.com.br\/cbradar\/","name":"Correio Braziliense - Radar","description":"Acompanhe as \u00faltimas not\u00edcias e fique bem informado sobre tudo o que acontece no Brasil e no mundo.","potentialAction":[{"@type":"SearchAction","target":{"@type":"EntryPoint","urlTemplate":"https:\/\/www.correiobraziliense.com.br\/cbradar\/?s={search_term_string}"},"query-input":{"@type":"PropertyValueSpecification","valueRequired":true,"valueName":"search_term_string"}}],"inLanguage":"pt-BR"},{"@type":"Person","@id":"https:\/\/www.correiobraziliense.com.br\/cbradar\/#\/schema\/person\/4cec7857301a9a1a2ef249893cd908d3","name":"Paulo Custodio","image":{"@type":"ImageObject","inLanguage":"pt-BR","@id":"https:\/\/www.correiobraziliense.com.br\/cbradar\/#\/schema\/person\/image\/","url":"https:\/\/secure.gravatar.com\/avatar\/bcd67168d1534e8fcf4f45c726a87cea?s=96&d=mm&r=g","contentUrl":"https:\/\/secure.gravatar.com\/avatar\/bcd67168d1534e8fcf4f45c726a87cea?s=96&d=mm&r=g","caption":"Paulo Custodio"},"sameAs":["https:\/\/www.correiobraziliense.com.br\/cbradar"],"url":"https:\/\/www.correiobraziliense.com.br\/cbradar\/author\/paulomyth\/"}]}},"_links":{"self":[{"href":"https:\/\/www.correiobraziliense.com.br\/cbradar\/wp-json\/wp\/v2\/posts\/146204","targetHints":{"allow":["GET"]}}],"collection":[{"href":"https:\/\/www.correiobraziliense.com.br\/cbradar\/wp-json\/wp\/v2\/posts"}],"about":[{"href":"https:\/\/www.correiobraziliense.com.br\/cbradar\/wp-json\/wp\/v2\/types\/post"}],"author":[{"embeddable":true,"href":"https:\/\/www.correiobraziliense.com.br\/cbradar\/wp-json\/wp\/v2\/users\/11"}],"replies":[{"embeddable":true,"href":"https:\/\/www.correiobraziliense.com.br\/cbradar\/wp-json\/wp\/v2\/comments?post=146204"}],"version-history":[{"count":1,"href":"https:\/\/www.correiobraziliense.com.br\/cbradar\/wp-json\/wp\/v2\/posts\/146204\/revisions"}],"predecessor-version":[{"id":146206,"href":"https:\/\/www.correiobraziliense.com.br\/cbradar\/wp-json\/wp\/v2\/posts\/146204\/revisions\/146206"}],"wp:featuredmedia":[{"embeddable":true,"href":"https:\/\/www.correiobraziliense.com.br\/cbradar\/wp-json\/wp\/v2\/media\/147030"}],"wp:attachment":[{"href":"https:\/\/www.correiobraziliense.com.br\/cbradar\/wp-json\/wp\/v2\/media?parent=146204"}],"wp:term":[{"taxonomy":"category","embeddable":true,"href":"https:\/\/www.correiobraziliense.com.br\/cbradar\/wp-json\/wp\/v2\/categories?post=146204"},{"taxonomy":"post_tag","embeddable":true,"href":"https:\/\/www.correiobraziliense.com.br\/cbradar\/wp-json\/wp\/v2\/post_tag?post=146204"}],"curies":[{"name":"wp","href":"https:\/\/api.w.org\/{rel}","templated":true}]}}