{"id":146282,"date":"2025-11-29T20:15:00","date_gmt":"2025-11-29T23:15:00","guid":{"rendered":"https:\/\/www.correiobraziliense.com.br\/cbradar\/?p=146282"},"modified":"2025-11-28T11:58:53","modified_gmt":"2025-11-28T14:58:53","slug":"o-superalimento-coreano-que-mantem-o-sistema-imunologico-em-equilibrio-e-melhora-as-defesas","status":"publish","type":"post","link":"https:\/\/www.correiobraziliense.com.br\/cbradar\/o-superalimento-coreano-que-mantem-o-sistema-imunologico-em-equilibrio-e-melhora-as-defesas\/","title":{"rendered":"O superalimento coreano que mant\u00e9m o sistema imunol\u00f3gico em equil\u00edbrio e melhora as defesas"},"content":{"rendered":"\n<p>O <strong>kimchi<\/strong> \u00e9 um dos alimentos fermentados mais emblem\u00e1ticos da Coreia do Sul, reconhecido mundialmente como um <strong>s\u00edmbolo nacional<\/strong> e inclu\u00eddo na lista de Patrim\u00f4nio Cultural Imaterial da Humanidade desde 2013. Com preparo tradicional \u00e0 base de acelga chinesa e repolho, o kimchi representa um elo profundo com a identidade coreana, despertando tamb\u00e9m o interesse da comunidade cient\u00edfica devido \u00e0 sua influ\u00eancia sobre a <strong>sa\u00fade imunol\u00f3gica<\/strong>.<\/p>\n\n\n\n<h2 class=\"wp-block-heading\">Como o kimchi fortalece a imunidade e o conv\u00edvio comunit\u00e1rio<\/h2>\n\n\n\n<p>A tradi\u00e7\u00e3o do <strong>kimjang<\/strong>, o preparo coletivo do kimchi antes do inverno, refor\u00e7a o sentimento de uni\u00e3o nas fam\u00edlias e comunidades na Coreia do Sul. Esse costume ancestral assegura o fornecimento do alimento nos meses frios e mant\u00e9m vivas pr\u00e1ticas que fortalecem a identidade local.<\/p>\n\n\n\n<p>Al\u00e9m do aspecto nutritivo, o kimjang cria oportunidades para transmitir receitas de gera\u00e7\u00e3o em gera\u00e7\u00e3o. Sua realiza\u00e7\u00e3o \u00e9 motivo de celebra\u00e7\u00e3o e fortalecimento social, integrando pessoas de diferentes idades e origens num objetivo comum.<\/p>\n\n\n\n<p>Victor Han, em seu perfil @victorrhan, explicou os benef\u00edcios do alimento:<\/p>\n\n\n\n<blockquote class=\"tiktok-embed\" cite=\"https:\/\/www.tiktok.com\/@victorrhan\/video\/7522319066812435730\" data-video-id=\"7522319066812435730\" style=\"max-width: 605px;min-width: 325px;\" > <section> <a target=\"_blank\" title=\"@victorrhan\" href=\"https:\/\/www.tiktok.com\/@victorrhan?refer=embed\">@victorrhan<\/a> <p>motivos para comer kimchi e seus benef\u00edcios agora j\u00e1 \ud83e\udd6c\ud83c\uddf0\ud83c\uddf7<\/p> <a target=\"_blank\" title=\"\u266c original sound - Victor Han\" href=\"https:\/\/www.tiktok.com\/music\/original-sound-7522319172555688720?refer=embed\">\u266c original sound &#8211; Victor Han<\/a> <\/section> <\/blockquote> <script async src=\"https:\/\/www.tiktok.com\/embed.js\"><\/script>\n\n\n\n<h2 class=\"wp-block-heading\">Pesquisas cient\u00edficas revelam os efeitos do kimchi na resposta imunol\u00f3gica<\/h2>\n\n\n\n<p>Pesquisas recentes confirmam que o consumo regular de <strong>kimchi<\/strong> contribui para a <strong>regula\u00e7\u00e3o do sistema imunol\u00f3gico<\/strong>. Estudos cl\u00ednicos conduzidos pelo Instituto Mundial do Kimchi mostraram melhora na atua\u00e7\u00e3o das c\u00e9lulas apresentadoras de ant\u00edgenos e dos linf\u00f3citos T durante doze semanas de consumo.<\/p>\n\n\n\n<p>Para exemplificar de forma pr\u00e1tica os benef\u00edcios imunol\u00f3gicos do kimchi, veja abaixo algumas das principais a\u00e7\u00f5es identificadas pelos cientistas:<\/p>\n\n\n\n<ul class=\"wp-block-list\">\n<li><strong>Regula\u00e7\u00e3o precisa do sistema imune<\/strong>, prevenindo respostas excessivas<\/li>\n\n\n\n<li><strong>Fortalecimento de c\u00e9lulas de defesa<\/strong> contra bact\u00e9rias e v\u00edrus<\/li>\n\n\n\n<li><strong>Equil\u00edbrio na atua\u00e7\u00e3o dos linf\u00f3citos T CD4<\/strong>, aumentando a prote\u00e7\u00e3o contra infec\u00e7\u00f5es<\/li>\n<\/ul>\n\n\n\n<h2 class=\"wp-block-heading\">O kimchi tem nutrientes essenciais para o corpo e a sa\u00fade intestinal<\/h2>\n\n\n\n<p>O <strong>kimchi<\/strong> se destaca como um alimento de alta densidade nutricional, resultado do processo de fermenta\u00e7\u00e3o e do uso de vegetais e temperos frescos. Probi\u00f3ticos e fibras prebi\u00f3ticas s\u00e3o abundantes, auxiliando o equil\u00edbrio da microbiota intestinal e melhorando o funcionamento digestivo.<\/p>\n\n\n\n<p>O preparo t\u00edpico inclui <strong>alho<\/strong> e <strong>gengibre<\/strong>, reconhecidos por suas propriedades antioxidantes e anti-inflamat\u00f3rias, al\u00e9m de fornecer quantidades significativas de vitaminas A e C, c\u00e1lcio, pot\u00e1ssio e ferro. Esses nutrientes tornam o kimchi uma escolha vantajosa para a sa\u00fade di\u00e1ria.<\/p>\n\n\n\n<figure class=\"wp-block-image size-large\"><img decoding=\"async\" width=\"1024\" height=\"576\" src=\"https:\/\/www.correiobraziliense.com.br\/cbradar\/wp-content\/uploads\/2025\/11\/Kimchi-Superalimento-1024x576.jpg\" alt=\"O superalimento coreano que mant\u00e9m o sistema imunol\u00f3gico em equil\u00edbrio e melhora as defesas\" class=\"wp-image-146284\" srcset=\"https:\/\/www.correiobraziliense.com.br\/cbradar\/wp-content\/uploads\/2025\/11\/Kimchi-Superalimento-1024x576.jpg 1024w, https:\/\/www.correiobraziliense.com.br\/cbradar\/wp-content\/uploads\/2025\/11\/Kimchi-Superalimento-300x169.jpg 300w, https:\/\/www.correiobraziliense.com.br\/cbradar\/wp-content\/uploads\/2025\/11\/Kimchi-Superalimento-768x432.jpg 768w, https:\/\/www.correiobraziliense.com.br\/cbradar\/wp-content\/uploads\/2025\/11\/Kimchi-Superalimento-750x422.jpg 750w, https:\/\/www.correiobraziliense.com.br\/cbradar\/wp-content\/uploads\/2025\/11\/Kimchi-Superalimento-1140x641.jpg 1140w, https:\/\/www.correiobraziliense.com.br\/cbradar\/wp-content\/uploads\/2025\/11\/Kimchi-Superalimento.jpg 1280w\" sizes=\"(max-width: 1024px) 100vw, 1024px\" \/><figcaption class=\"wp-element-caption\">Mergulhe na tradi\u00e7\u00e3o do kimchi, elo cultural profundo que une gera\u00e7\u00f5es e fortalece o esp\u00edrito coreano com sabores vibrantes!<\/figcaption><\/figure>\n\n\n\n<h2 class=\"wp-block-heading\">Por que o kimchi \u00e9 considerado um superalimento com benef\u00edcios adicionais?<\/h2>\n\n\n\n<p>Al\u00e9m de fortalecer a imunidade, o consumo frequente de <strong>kimchi<\/strong> est\u00e1 associado \u00e0 redu\u00e7\u00e3o do risco de obesidade e pode potencializar a efic\u00e1cia de vacinas, segundo estudos recentes. Esses efeitos ampliam o reconhecimento do kimchi como <strong>superalimento<\/strong> global.<\/p>\n\n\n\n<p>O impacto de alimentos fermentados como o kimchi vai al\u00e9m do f\u00edsico, beneficiando tamb\u00e9m a sa\u00fade mental e cognitiva devido \u00e0 sua influ\u00eancia positiva sobre o intestino, conhecido como \u201csegundo c\u00e9rebro\u201d.<\/p>\n\n\n\n<h2 class=\"wp-block-heading\">Como o kimchi conquista o mundo na era globalizada<\/h2>\n\n\n\n<p>O <strong>interesse internacional<\/strong> por alimentos funcionais elevou o kimchi ao status de alimento essencial em dietas saud\u00e1veis ao redor do mundo. Sua versatilidade e os amplos benef\u00edcios nutricionais permitem a inser\u00e7\u00e3o do kimchi em diferentes h\u00e1bitos alimentares e gastronomias.<\/p>\n\n\n\n<p>Especialistas continuam a estudar novas aplica\u00e7\u00f5es e receitas envolvendo kimchi, consolidando seu papel como elo entre tradi\u00e7\u00e3o cultural coreana e alimenta\u00e7\u00e3o saud\u00e1vel globalmente. A busca por alternativas saud\u00e1veis torna o kimchi cada vez mais presente em lares no Ocidente e Oriente.<\/p>\n","protected":false},"excerpt":{"rendered":"<p>Kimchi melhora imunidade: Descubra como esse alimento fermentado coreano pode fortalecer o sistema imunol\u00f3gico e equilibrar a sa\u00fade digestiva!<\/p>\n","protected":false},"author":3,"featured_media":146425,"comment_status":"open","ping_status":"open","sticky":false,"template":"","format":"standard","meta":{"_yoast_wpseo_focuskw":"superalimento coreano","_yoast_wpseo_title":"%%title%%","_yoast_wpseo_metadesc":"Kimchi melhora imunidade: Descubra como esse alimento fermentado coreano pode fortalecer o sistema imunol\u00f3gico e equilibrar a sa\u00fade digestiva!","jnews-multi-image_gallery":[],"jnews_single_post":{"format":"standard"},"jnews_primary_category":[],"jnews_social_meta":[],"jnews_override_counter":[],"footnotes":""},"categories":[112],"post_tag":[281,12046,1423,144,565],"class_list":["post-146282","post","type-post","status-publish","format-standard","has-post-thumbnail","hentry","category-curiosidades","tag-alimentacao","tag-alimento-coreano","tag-alimentos","tag-curiosidades","tag-saude"],"yoast_head":"<!-- This site is optimized with the Yoast SEO plugin v24.6 - https:\/\/yoast.com\/wordpress\/plugins\/seo\/ -->\n<title>O superalimento coreano que mant\u00e9m o sistema imunol\u00f3gico em equil\u00edbrio e melhora as defesas<\/title>\n<meta name=\"description\" content=\"Kimchi melhora imunidade: Descubra como esse alimento fermentado coreano pode fortalecer o sistema imunol\u00f3gico e equilibrar a sa\u00fade digestiva!\" \/>\n<meta name=\"robots\" content=\"index, follow, max-snippet:-1, max-image-preview:large, max-video-preview:-1\" \/>\n<link rel=\"canonical\" href=\"https:\/\/www.correiobraziliense.com.br\/cbradar\/o-superalimento-coreano-que-mantem-o-sistema-imunologico-em-equilibrio-e-melhora-as-defesas\/\" \/>\n<meta property=\"og:locale\" content=\"pt_BR\" \/>\n<meta property=\"og:type\" content=\"article\" \/>\n<meta property=\"og:title\" content=\"O superalimento coreano que mant\u00e9m o sistema imunol\u00f3gico em equil\u00edbrio e melhora as defesas\" \/>\n<meta property=\"og:description\" content=\"Kimchi melhora imunidade: Descubra como esse alimento fermentado coreano pode fortalecer o sistema imunol\u00f3gico e equilibrar a sa\u00fade digestiva!\" \/>\n<meta property=\"og:url\" content=\"https:\/\/www.correiobraziliense.com.br\/cbradar\/o-superalimento-coreano-que-mantem-o-sistema-imunologico-em-equilibrio-e-melhora-as-defesas\/\" \/>\n<meta property=\"og:site_name\" content=\"Correio Braziliense - Radar\" \/>\n<meta property=\"article:published_time\" content=\"2025-11-29T23:15:00+00:00\" \/>\n<meta property=\"og:image\" content=\"https:\/\/www.correiobraziliense.com.br\/cbradar\/wp-content\/uploads\/2025\/11\/freepik__faa-uma-imagem-realista-do-prato-coreano-kimchi-em__52506.jpeg\" \/>\n\t<meta property=\"og:image:width\" content=\"1280\" \/>\n\t<meta property=\"og:image:height\" content=\"720\" \/>\n\t<meta property=\"og:image:type\" content=\"image\/jpeg\" \/>\n<meta name=\"author\" content=\"Larissa Carvalho\" \/>\n<meta name=\"twitter:card\" content=\"summary_large_image\" \/>\n<meta name=\"twitter:label1\" content=\"Escrito por\" \/>\n\t<meta name=\"twitter:data1\" content=\"Larissa Carvalho\" \/>\n\t<meta name=\"twitter:label2\" content=\"Est. tempo de leitura\" \/>\n\t<meta name=\"twitter:data2\" content=\"4 minutos\" \/>\n<!-- \/ Yoast SEO plugin. -->","yoast_head_json":{"title":"O superalimento coreano que mant\u00e9m o sistema imunol\u00f3gico em equil\u00edbrio e melhora as defesas","description":"Kimchi melhora imunidade: Descubra como esse alimento fermentado coreano pode fortalecer o sistema imunol\u00f3gico e equilibrar a sa\u00fade digestiva!","robots":{"index":"index","follow":"follow","max-snippet":"max-snippet:-1","max-image-preview":"max-image-preview:large","max-video-preview":"max-video-preview:-1"},"canonical":"https:\/\/www.correiobraziliense.com.br\/cbradar\/o-superalimento-coreano-que-mantem-o-sistema-imunologico-em-equilibrio-e-melhora-as-defesas\/","og_locale":"pt_BR","og_type":"article","og_title":"O superalimento coreano que mant\u00e9m o sistema imunol\u00f3gico em equil\u00edbrio e melhora as defesas","og_description":"Kimchi melhora imunidade: Descubra como esse alimento fermentado coreano pode fortalecer o sistema imunol\u00f3gico e equilibrar a sa\u00fade digestiva!","og_url":"https:\/\/www.correiobraziliense.com.br\/cbradar\/o-superalimento-coreano-que-mantem-o-sistema-imunologico-em-equilibrio-e-melhora-as-defesas\/","og_site_name":"Correio Braziliense - Radar","article_published_time":"2025-11-29T23:15:00+00:00","og_image":[{"width":1280,"height":720,"url":"https:\/\/www.correiobraziliense.com.br\/cbradar\/wp-content\/uploads\/2025\/11\/freepik__faa-uma-imagem-realista-do-prato-coreano-kimchi-em__52506.jpeg","type":"image\/jpeg"}],"author":"Larissa Carvalho","twitter_card":"summary_large_image","twitter_misc":{"Escrito por":"Larissa Carvalho","Est. tempo de leitura":"4 minutos"},"schema":{"@context":"https:\/\/schema.org","@graph":[{"@type":"WebPage","@id":"https:\/\/www.correiobraziliense.com.br\/cbradar\/o-superalimento-coreano-que-mantem-o-sistema-imunologico-em-equilibrio-e-melhora-as-defesas\/","url":"https:\/\/www.correiobraziliense.com.br\/cbradar\/o-superalimento-coreano-que-mantem-o-sistema-imunologico-em-equilibrio-e-melhora-as-defesas\/","name":"O superalimento coreano que mant\u00e9m o sistema imunol\u00f3gico em equil\u00edbrio e melhora as defesas","isPartOf":{"@id":"https:\/\/www.correiobraziliense.com.br\/cbradar\/#website"},"primaryImageOfPage":{"@id":"https:\/\/www.correiobraziliense.com.br\/cbradar\/o-superalimento-coreano-que-mantem-o-sistema-imunologico-em-equilibrio-e-melhora-as-defesas\/#primaryimage"},"image":{"@id":"https:\/\/www.correiobraziliense.com.br\/cbradar\/o-superalimento-coreano-que-mantem-o-sistema-imunologico-em-equilibrio-e-melhora-as-defesas\/#primaryimage"},"thumbnailUrl":"https:\/\/www.correiobraziliense.com.br\/cbradar\/wp-content\/uploads\/2025\/11\/freepik__faa-uma-imagem-realista-do-prato-coreano-kimchi-em__52506.jpeg","datePublished":"2025-11-29T23:15:00+00:00","author":{"@id":"https:\/\/www.correiobraziliense.com.br\/cbradar\/#\/schema\/person\/58422787644df994b53a19d3e56c1513"},"description":"Kimchi melhora imunidade: Descubra como esse alimento fermentado coreano pode fortalecer o sistema imunol\u00f3gico e equilibrar a sa\u00fade digestiva!","breadcrumb":{"@id":"https:\/\/www.correiobraziliense.com.br\/cbradar\/o-superalimento-coreano-que-mantem-o-sistema-imunologico-em-equilibrio-e-melhora-as-defesas\/#breadcrumb"},"inLanguage":"pt-BR","potentialAction":[{"@type":"ReadAction","target":["https:\/\/www.correiobraziliense.com.br\/cbradar\/o-superalimento-coreano-que-mantem-o-sistema-imunologico-em-equilibrio-e-melhora-as-defesas\/"]}]},{"@type":"ImageObject","inLanguage":"pt-BR","@id":"https:\/\/www.correiobraziliense.com.br\/cbradar\/o-superalimento-coreano-que-mantem-o-sistema-imunologico-em-equilibrio-e-melhora-as-defesas\/#primaryimage","url":"https:\/\/www.correiobraziliense.com.br\/cbradar\/wp-content\/uploads\/2025\/11\/freepik__faa-uma-imagem-realista-do-prato-coreano-kimchi-em__52506.jpeg","contentUrl":"https:\/\/www.correiobraziliense.com.br\/cbradar\/wp-content\/uploads\/2025\/11\/freepik__faa-uma-imagem-realista-do-prato-coreano-kimchi-em__52506.jpeg","width":1280,"height":720,"caption":"Seu preparo tradicional utiliza acelga chinesa e repolho como baseSeu preparo tradicional utiliza acelga chinesa e repolho como base"},{"@type":"BreadcrumbList","@id":"https:\/\/www.correiobraziliense.com.br\/cbradar\/o-superalimento-coreano-que-mantem-o-sistema-imunologico-em-equilibrio-e-melhora-as-defesas\/#breadcrumb","itemListElement":[{"@type":"ListItem","position":1,"name":"In\u00edcio","item":"https:\/\/www.correiobraziliense.com.br\/cbradar\/"},{"@type":"ListItem","position":2,"name":"O superalimento coreano que mant\u00e9m o sistema imunol\u00f3gico em equil\u00edbrio e melhora as defesas"}]},{"@type":"WebSite","@id":"https:\/\/www.correiobraziliense.com.br\/cbradar\/#website","url":"https:\/\/www.correiobraziliense.com.br\/cbradar\/","name":"Correio Braziliense - Radar","description":"Acompanhe as \u00faltimas not\u00edcias e fique bem informado sobre tudo o que acontece no Brasil e no mundo.","potentialAction":[{"@type":"SearchAction","target":{"@type":"EntryPoint","urlTemplate":"https:\/\/www.correiobraziliense.com.br\/cbradar\/?s={search_term_string}"},"query-input":{"@type":"PropertyValueSpecification","valueRequired":true,"valueName":"search_term_string"}}],"inLanguage":"pt-BR"},{"@type":"Person","@id":"https:\/\/www.correiobraziliense.com.br\/cbradar\/#\/schema\/person\/58422787644df994b53a19d3e56c1513","name":"Larissa Carvalho","image":{"@type":"ImageObject","inLanguage":"pt-BR","@id":"https:\/\/www.correiobraziliense.com.br\/cbradar\/#\/schema\/person\/image\/","url":"https:\/\/secure.gravatar.com\/avatar\/fe4f91a0de32b52a838d0d612abdc1aa?s=96&d=mm&r=g","contentUrl":"https:\/\/secure.gravatar.com\/avatar\/fe4f91a0de32b52a838d0d612abdc1aa?s=96&d=mm&r=g","caption":"Larissa Carvalho"},"url":"https:\/\/www.correiobraziliense.com.br\/cbradar\/author\/larissamyth\/"}]}},"_links":{"self":[{"href":"https:\/\/www.correiobraziliense.com.br\/cbradar\/wp-json\/wp\/v2\/posts\/146282","targetHints":{"allow":["GET"]}}],"collection":[{"href":"https:\/\/www.correiobraziliense.com.br\/cbradar\/wp-json\/wp\/v2\/posts"}],"about":[{"href":"https:\/\/www.correiobraziliense.com.br\/cbradar\/wp-json\/wp\/v2\/types\/post"}],"author":[{"embeddable":true,"href":"https:\/\/www.correiobraziliense.com.br\/cbradar\/wp-json\/wp\/v2\/users\/3"}],"replies":[{"embeddable":true,"href":"https:\/\/www.correiobraziliense.com.br\/cbradar\/wp-json\/wp\/v2\/comments?post=146282"}],"version-history":[{"count":2,"href":"https:\/\/www.correiobraziliense.com.br\/cbradar\/wp-json\/wp\/v2\/posts\/146282\/revisions"}],"predecessor-version":[{"id":146287,"href":"https:\/\/www.correiobraziliense.com.br\/cbradar\/wp-json\/wp\/v2\/posts\/146282\/revisions\/146287"}],"wp:featuredmedia":[{"embeddable":true,"href":"https:\/\/www.correiobraziliense.com.br\/cbradar\/wp-json\/wp\/v2\/media\/146425"}],"wp:attachment":[{"href":"https:\/\/www.correiobraziliense.com.br\/cbradar\/wp-json\/wp\/v2\/media?parent=146282"}],"wp:term":[{"taxonomy":"category","embeddable":true,"href":"https:\/\/www.correiobraziliense.com.br\/cbradar\/wp-json\/wp\/v2\/categories?post=146282"},{"taxonomy":"post_tag","embeddable":true,"href":"https:\/\/www.correiobraziliense.com.br\/cbradar\/wp-json\/wp\/v2\/post_tag?post=146282"}],"curies":[{"name":"wp","href":"https:\/\/api.w.org\/{rel}","templated":true}]}}