{"id":146333,"date":"2025-11-29T21:25:00","date_gmt":"2025-11-30T00:25:00","guid":{"rendered":"https:\/\/www.correiobraziliense.com.br\/cbradar\/?p=146333"},"modified":"2025-11-28T13:13:32","modified_gmt":"2025-11-28T16:13:32","slug":"cientistas-descobrem-traco-de-fala-que-prenuncia-declinio-cognitivo","status":"publish","type":"post","link":"https:\/\/www.correiobraziliense.com.br\/cbradar\/cientistas-descobrem-traco-de-fala-que-prenuncia-declinio-cognitivo\/","title":{"rendered":"Cientistas descobrem tra\u00e7o de fala que prenuncia decl\u00ednio cognitivo"},"content":{"rendered":"\n<p>Estudos recentes <a href=\"https:\/\/doi.org\/10.1080\/13825585.2024.2315774\" target=\"_blank\" rel=\"noreferrer noopener\">associam nuances da fala a sinais precoces de doen\u00e7as neurodegenerativas, como o Alzheimer.<\/a> Pesquisadores apontam que mudan\u00e7as no ritmo natural da fala durante o envelhecimento podem indicar decl\u00ednio cognitivo mais do que dificuldades espec\u00edficas de linguagem. Dados da Universidade de Toronto sugerem que a velocidade da fala cotidiana pode servir como sinal inicial de altera\u00e7\u00f5es cognitivas relacionadas \u00e0 idade.<\/p>\n\n\n\n<h2 class=\"wp-block-heading\">Como as mudan\u00e7as na velocidade da fala podem indicar decl\u00ednio cognitivo<\/h2>\n\n\n\n<p>O fen\u00f4meno conhecido como \u201cna ponta da l\u00edngua\u201d, chamado de letol\u00f3gica, \u00e9 comum em todas as idades, mas se torna mais frequente ap\u00f3s os 60 anos. Pesquisas com 125 adultos saud\u00e1veis mostram que aqueles com <strong>fala mais r\u00e1pida<\/strong> respondem com maior agilidade em testes auditivos, apoiando a chamada teoria de processamento de velocidade.<\/p>\n\n\n\n<p>Segundo essa teoria, o <strong>ritmo da fala<\/strong> pode ser um reflexo direto da desacelera\u00e7\u00e3o global das capacidades mentais, indo al\u00e9m de dificuldades isoladas de mem\u00f3ria. Isso ressalta a import\u00e2ncia de monitorar o ritmo em avalia\u00e7\u00f5es cognitivas rotineiras.<\/p>\n\n\n\n<figure class=\"wp-block-image size-large\"><img decoding=\"async\" width=\"1024\" height=\"576\" src=\"https:\/\/www.correiobraziliense.com.br\/cbradar\/wp-content\/uploads\/2025\/11\/Traco-Fala-Declinio-Cognitivo-1024x576.jpg\" alt=\"Cientistas descobrem tra\u00e7o de fala que prenuncia decl\u00ednio cognitivo\" class=\"wp-image-146340\" srcset=\"https:\/\/www.correiobraziliense.com.br\/cbradar\/wp-content\/uploads\/2025\/11\/Traco-Fala-Declinio-Cognitivo-1024x576.jpg 1024w, https:\/\/www.correiobraziliense.com.br\/cbradar\/wp-content\/uploads\/2025\/11\/Traco-Fala-Declinio-Cognitivo-300x169.jpg 300w, https:\/\/www.correiobraziliense.com.br\/cbradar\/wp-content\/uploads\/2025\/11\/Traco-Fala-Declinio-Cognitivo-768x432.jpg 768w, https:\/\/www.correiobraziliense.com.br\/cbradar\/wp-content\/uploads\/2025\/11\/Traco-Fala-Declinio-Cognitivo-750x422.jpg 750w, https:\/\/www.correiobraziliense.com.br\/cbradar\/wp-content\/uploads\/2025\/11\/Traco-Fala-Declinio-Cognitivo-1140x641.jpg 1140w, https:\/\/www.correiobraziliense.com.br\/cbradar\/wp-content\/uploads\/2025\/11\/Traco-Fala-Declinio-Cognitivo.jpg 1280w\" sizes=\"(max-width: 1024px) 100vw, 1024px\" \/><figcaption class=\"wp-element-caption\">Detecte cedo pelo falar! Ritmo natural revela Alzheimer precocemente, abrindo portas para preven\u00e7\u00e3o e vida mental plena.<\/figcaption><\/figure>\n\n\n\n<h2 class=\"wp-block-heading\">Estudos apontam rela\u00e7\u00e3o entre fala lenta e Alzheimer<\/h2>\n\n\n\n<p>Avan\u00e7os com intelig\u00eancia artificial revelam liga\u00e7\u00e3o entre <strong>padr\u00f5es de fala<\/strong> e diagn\u00f3stico precoce do Alzheimer. Em 2024, um estudo de Stanford constatou que pausas frequentes e taxas de fala reduzidas estavam relacionadas a altos n\u00edveis de prote\u00ednas tau em c\u00e9rebros considerados saud\u00e1veis.<\/p>\n\n\n\n<p>Para facilitar a compreens\u00e3o, veja abaixo evid\u00eancias que ligam altera\u00e7\u00f5es na fala ao Alzheimer:<\/p>\n\n\n\n<ul class=\"wp-block-list\">\n<li><strong>Pausas prolongadas<\/strong> durante conversas est\u00e3o associadas \u00e0 acumula\u00e7\u00e3o de prote\u00ednas tau.<\/li>\n\n\n\n<li><strong>Taxa de fala reduzida<\/strong> foi observada em pessoas sem sintomas cognitivos evidentes.<\/li>\n\n\n\n<li>Participantes com fala mais lenta demonstraram dificuldade no tempo de resposta, e n\u00e3o necessariamente na mem\u00f3ria em si.<\/li>\n<\/ul>\n\n\n\n<h2 class=\"wp-block-heading\">An\u00e1lise da fala pode prever altera\u00e7\u00f5es neurol\u00f3gicas antes dos sintomas<\/h2>\n\n\n\n<p>Exames de neuroimagem apontam que adultos com maiores n\u00edveis de tau tendem a <strong>falar mais devagar<\/strong>. Isso refor\u00e7a que mudan\u00e7as no ritmo cotidiano da fala podem antecipar os primeiros sinais do Alzheimer, mesmo sem d\u00e9ficits cognitivos claros.<\/p>\n\n\n\n<p>Monitorar a fala durante testes de mem\u00f3ria pode oferecer perspectivas inovadoras para diagnosticar precocemente condi\u00e7\u00f5es neurol\u00f3gicas. Esta abordagem, somada a m\u00e9todos convencionais, pode otimizar estrat\u00e9gias de preven\u00e7\u00e3o e tratamento de dem\u00eancia.<\/p>\n\n\n\n<p>O Dr. Andre Azevedo, do perfil @drandre.azevedo, trouxe alguns ind\u00edcios que podem ser importantes:<\/p>\n\n\n\n<blockquote class=\"tiktok-embed\" cite=\"https:\/\/www.tiktok.com\/@drandre.azevedo\/video\/7366381059971321094\" data-video-id=\"7366381059971321094\" style=\"max-width: 605px;min-width: 325px;\" > <section> <a target=\"_blank\" title=\"@drandre.azevedo\" href=\"https:\/\/www.tiktok.com\/@drandre.azevedo?refer=embed\">@drandre.azevedo<\/a> Decl\u00ednio Cognitivo Se come\u00e7ar a aparecer altera\u00e7\u00f5es em alguma dessas cinco fun\u00e7\u00f5es cerebrais: 1- Mem\u00f3ria 2- Concentra\u00e7\u00e3o e Foco 3- Linguagem e Fala 4- Orienta\u00e7\u00e3o Espacial 5- Humor Procure seu m\u00e9dico INTEGRATIVO para avalia\u00e7\u00e3o. <a title=\"drandreazevedo\" target=\"_blank\" href=\"https:\/\/www.tiktok.com\/tag\/drandreazevedo?refer=embed\">#drandreazevedo<\/a> <a title=\"integrativa\" target=\"_blank\" href=\"https:\/\/www.tiktok.com\/tag\/integrativa?refer=embed\">#integrativa<\/a> <a title=\"vidasaudavel\" target=\"_blank\" href=\"https:\/\/www.tiktok.com\/tag\/vidasaudavel?refer=embed\">#vidasaudavel<\/a> <a title=\"nutricaofuncional\" target=\"_blank\" href=\"https:\/\/www.tiktok.com\/tag\/nutricaofuncional?refer=embed\">#nutricaofuncional<\/a> <a title=\"medicinaintegrativa\" target=\"_blank\" href=\"https:\/\/www.tiktok.com\/tag\/medicinaintegrativa?refer=embed\">#medicinaintegrativa<\/a> <a title=\"mem\u00f3ria\" target=\"_blank\" href=\"https:\/\/www.tiktok.com\/tag\/mem%C3%B3ria?refer=embed\">#mem\u00f3ria<\/a> <a target=\"_blank\" title=\"\u266c som original - Dr Andre Azevedo\" href=\"https:\/\/www.tiktok.com\/music\/som-original-7366381073825106693?refer=embed\">\u266c som original &#8211; Dr Andre Azevedo<\/a> <\/section> <\/blockquote> <script async src=\"https:\/\/www.tiktok.com\/embed.js\"><\/script>\n\n\n\n<h2 class=\"wp-block-heading\">Novos estudos sobre padr\u00f5es de fala e diagn\u00f3stico de dem\u00eancia podem transformar o futuro<\/h2>\n\n\n\n<p>Avan\u00e7os sugerem que identificar precocemente mudan\u00e7as sutis na fala pode aprimorar o acompanhamento de idosos e o manejo cl\u00ednico de doen\u00e7as como o Alzheimer. Estrat\u00e9gias de diagn\u00f3stico que incluam o ritmo da fala prometem beneficiar tanto pacientes quanto profissionais de sa\u00fade.<\/p>\n\n\n\n<p>Apesar dos resultados positivos, **h\u00e1 muito a ser explorado** para compreender completamente como nossas palavras e ritmo de comunica\u00e7\u00e3o refletem a sa\u00fade cerebral. Pesquisas futuras poder\u00e3o intensificar o uso da an\u00e1lise da fala como ferramenta fundamental na detec\u00e7\u00e3o precoce de patologias neurodegenerativas.<\/p>\n","protected":false},"excerpt":{"rendered":"<p>Sinais precoces do Alzheimer podem estar ocultos na fala; descubra o que mais importa na detec\u00e7\u00e3o do decl\u00ednio cognitivo.<\/p>\n","protected":false},"author":3,"featured_media":146433,"comment_status":"open","ping_status":"open","sticky":false,"template":"","format":"standard","meta":{"_yoast_wpseo_focuskw":"fala decl\u00ednio cognitivo","_yoast_wpseo_title":"%%title%% %%page%%","_yoast_wpseo_metadesc":"Sinais precoces do Alzheimer podem estar ocultos na fala; descubra o que mais importa na detec\u00e7\u00e3o do decl\u00ednio cognitivo.","jnews-multi-image_gallery":[],"jnews_single_post":{"format":"standard"},"jnews_primary_category":[],"jnews_social_meta":[],"jnews_override_counter":[],"footnotes":""},"categories":[112],"post_tag":[3559,144,6407,8894,565],"class_list":["post-146333","post","type-post","status-publish","format-standard","has-post-thumbnail","hentry","category-curiosidades","tag-corpo-humano","tag-curiosidades","tag-declinio-cognitivo","tag-fala","tag-saude"],"yoast_head":"<!-- This site is optimized with the Yoast SEO plugin v24.6 - https:\/\/yoast.com\/wordpress\/plugins\/seo\/ -->\n<title>Cientistas descobrem tra\u00e7o de fala que prenuncia decl\u00ednio cognitivo<\/title>\n<meta name=\"description\" content=\"Sinais precoces do Alzheimer podem estar ocultos na fala; descubra o que mais importa na detec\u00e7\u00e3o do decl\u00ednio cognitivo.\" \/>\n<meta name=\"robots\" content=\"index, follow, max-snippet:-1, max-image-preview:large, max-video-preview:-1\" \/>\n<link rel=\"canonical\" href=\"https:\/\/www.correiobraziliense.com.br\/cbradar\/cientistas-descobrem-traco-de-fala-que-prenuncia-declinio-cognitivo\/\" \/>\n<meta property=\"og:locale\" content=\"pt_BR\" \/>\n<meta property=\"og:type\" content=\"article\" \/>\n<meta property=\"og:title\" content=\"Cientistas descobrem tra\u00e7o de fala que prenuncia decl\u00ednio cognitivo\" \/>\n<meta property=\"og:description\" content=\"Sinais precoces do Alzheimer podem estar ocultos na fala; descubra o que mais importa na detec\u00e7\u00e3o do decl\u00ednio cognitivo.\" \/>\n<meta property=\"og:url\" content=\"https:\/\/www.correiobraziliense.com.br\/cbradar\/cientistas-descobrem-traco-de-fala-que-prenuncia-declinio-cognitivo\/\" \/>\n<meta property=\"og:site_name\" content=\"Correio Braziliense - Radar\" \/>\n<meta property=\"article:published_time\" content=\"2025-11-30T00:25:00+00:00\" \/>\n<meta property=\"og:image\" content=\"https:\/\/www.correiobraziliense.com.br\/cbradar\/wp-content\/uploads\/2025\/11\/freepik__fala-uma-imagem-realista-de-uma-pessoa-brasileira-__2844.jpeg\" \/>\n\t<meta property=\"og:image:width\" content=\"1344\" \/>\n\t<meta property=\"og:image:height\" content=\"768\" \/>\n\t<meta property=\"og:image:type\" content=\"image\/jpeg\" \/>\n<meta name=\"author\" content=\"Larissa Carvalho\" \/>\n<meta name=\"twitter:card\" content=\"summary_large_image\" \/>\n<meta name=\"twitter:label1\" content=\"Escrito por\" \/>\n\t<meta name=\"twitter:data1\" content=\"Larissa Carvalho\" \/>\n\t<meta name=\"twitter:label2\" content=\"Est. tempo de leitura\" \/>\n\t<meta name=\"twitter:data2\" content=\"4 minutos\" \/>\n<!-- \/ Yoast SEO plugin. -->","yoast_head_json":{"title":"Cientistas descobrem tra\u00e7o de fala que prenuncia decl\u00ednio cognitivo","description":"Sinais precoces do Alzheimer podem estar ocultos na fala; descubra o que mais importa na detec\u00e7\u00e3o do decl\u00ednio cognitivo.","robots":{"index":"index","follow":"follow","max-snippet":"max-snippet:-1","max-image-preview":"max-image-preview:large","max-video-preview":"max-video-preview:-1"},"canonical":"https:\/\/www.correiobraziliense.com.br\/cbradar\/cientistas-descobrem-traco-de-fala-que-prenuncia-declinio-cognitivo\/","og_locale":"pt_BR","og_type":"article","og_title":"Cientistas descobrem tra\u00e7o de fala que prenuncia decl\u00ednio cognitivo","og_description":"Sinais precoces do Alzheimer podem estar ocultos na fala; descubra o que mais importa na detec\u00e7\u00e3o do decl\u00ednio cognitivo.","og_url":"https:\/\/www.correiobraziliense.com.br\/cbradar\/cientistas-descobrem-traco-de-fala-que-prenuncia-declinio-cognitivo\/","og_site_name":"Correio Braziliense - Radar","article_published_time":"2025-11-30T00:25:00+00:00","og_image":[{"width":1344,"height":768,"url":"https:\/\/www.correiobraziliense.com.br\/cbradar\/wp-content\/uploads\/2025\/11\/freepik__fala-uma-imagem-realista-de-uma-pessoa-brasileira-__2844.jpeg","type":"image\/jpeg"}],"author":"Larissa Carvalho","twitter_card":"summary_large_image","twitter_misc":{"Escrito por":"Larissa Carvalho","Est. tempo de leitura":"4 minutos"},"schema":{"@context":"https:\/\/schema.org","@graph":[{"@type":"WebPage","@id":"https:\/\/www.correiobraziliense.com.br\/cbradar\/cientistas-descobrem-traco-de-fala-que-prenuncia-declinio-cognitivo\/","url":"https:\/\/www.correiobraziliense.com.br\/cbradar\/cientistas-descobrem-traco-de-fala-que-prenuncia-declinio-cognitivo\/","name":"Cientistas descobrem tra\u00e7o de fala que prenuncia decl\u00ednio cognitivo","isPartOf":{"@id":"https:\/\/www.correiobraziliense.com.br\/cbradar\/#website"},"primaryImageOfPage":{"@id":"https:\/\/www.correiobraziliense.com.br\/cbradar\/cientistas-descobrem-traco-de-fala-que-prenuncia-declinio-cognitivo\/#primaryimage"},"image":{"@id":"https:\/\/www.correiobraziliense.com.br\/cbradar\/cientistas-descobrem-traco-de-fala-que-prenuncia-declinio-cognitivo\/#primaryimage"},"thumbnailUrl":"https:\/\/www.correiobraziliense.com.br\/cbradar\/wp-content\/uploads\/2025\/11\/freepik__fala-uma-imagem-realista-de-uma-pessoa-brasileira-__2844.jpeg","datePublished":"2025-11-30T00:25:00+00:00","author":{"@id":"https:\/\/www.correiobraziliense.com.br\/cbradar\/#\/schema\/person\/58422787644df994b53a19d3e56c1513"},"description":"Sinais precoces do Alzheimer podem estar ocultos na fala; descubra o que mais importa na detec\u00e7\u00e3o do decl\u00ednio cognitivo.","breadcrumb":{"@id":"https:\/\/www.correiobraziliense.com.br\/cbradar\/cientistas-descobrem-traco-de-fala-que-prenuncia-declinio-cognitivo\/#breadcrumb"},"inLanguage":"pt-BR","potentialAction":[{"@type":"ReadAction","target":["https:\/\/www.correiobraziliense.com.br\/cbradar\/cientistas-descobrem-traco-de-fala-que-prenuncia-declinio-cognitivo\/"]}]},{"@type":"ImageObject","inLanguage":"pt-BR","@id":"https:\/\/www.correiobraziliense.com.br\/cbradar\/cientistas-descobrem-traco-de-fala-que-prenuncia-declinio-cognitivo\/#primaryimage","url":"https:\/\/www.correiobraziliense.com.br\/cbradar\/wp-content\/uploads\/2025\/11\/freepik__fala-uma-imagem-realista-de-uma-pessoa-brasileira-__2844.jpeg","contentUrl":"https:\/\/www.correiobraziliense.com.br\/cbradar\/wp-content\/uploads\/2025\/11\/freepik__fala-uma-imagem-realista-de-uma-pessoa-brasileira-__2844.jpeg","width":1344,"height":768,"caption":"Mudan\u00e7as na velocidade da fala durante o envelhecimento podem indicar decl\u00ednio cognitivo"},{"@type":"BreadcrumbList","@id":"https:\/\/www.correiobraziliense.com.br\/cbradar\/cientistas-descobrem-traco-de-fala-que-prenuncia-declinio-cognitivo\/#breadcrumb","itemListElement":[{"@type":"ListItem","position":1,"name":"In\u00edcio","item":"https:\/\/www.correiobraziliense.com.br\/cbradar\/"},{"@type":"ListItem","position":2,"name":"Cientistas descobrem tra\u00e7o de fala que prenuncia decl\u00ednio cognitivo"}]},{"@type":"WebSite","@id":"https:\/\/www.correiobraziliense.com.br\/cbradar\/#website","url":"https:\/\/www.correiobraziliense.com.br\/cbradar\/","name":"Correio Braziliense - Radar","description":"Acompanhe as \u00faltimas not\u00edcias e fique bem informado sobre tudo o que acontece no Brasil e no mundo.","potentialAction":[{"@type":"SearchAction","target":{"@type":"EntryPoint","urlTemplate":"https:\/\/www.correiobraziliense.com.br\/cbradar\/?s={search_term_string}"},"query-input":{"@type":"PropertyValueSpecification","valueRequired":true,"valueName":"search_term_string"}}],"inLanguage":"pt-BR"},{"@type":"Person","@id":"https:\/\/www.correiobraziliense.com.br\/cbradar\/#\/schema\/person\/58422787644df994b53a19d3e56c1513","name":"Larissa Carvalho","image":{"@type":"ImageObject","inLanguage":"pt-BR","@id":"https:\/\/www.correiobraziliense.com.br\/cbradar\/#\/schema\/person\/image\/","url":"https:\/\/secure.gravatar.com\/avatar\/fe4f91a0de32b52a838d0d612abdc1aa?s=96&d=mm&r=g","contentUrl":"https:\/\/secure.gravatar.com\/avatar\/fe4f91a0de32b52a838d0d612abdc1aa?s=96&d=mm&r=g","caption":"Larissa Carvalho"},"url":"https:\/\/www.correiobraziliense.com.br\/cbradar\/author\/larissamyth\/"}]}},"_links":{"self":[{"href":"https:\/\/www.correiobraziliense.com.br\/cbradar\/wp-json\/wp\/v2\/posts\/146333","targetHints":{"allow":["GET"]}}],"collection":[{"href":"https:\/\/www.correiobraziliense.com.br\/cbradar\/wp-json\/wp\/v2\/posts"}],"about":[{"href":"https:\/\/www.correiobraziliense.com.br\/cbradar\/wp-json\/wp\/v2\/types\/post"}],"author":[{"embeddable":true,"href":"https:\/\/www.correiobraziliense.com.br\/cbradar\/wp-json\/wp\/v2\/users\/3"}],"replies":[{"embeddable":true,"href":"https:\/\/www.correiobraziliense.com.br\/cbradar\/wp-json\/wp\/v2\/comments?post=146333"}],"version-history":[{"count":2,"href":"https:\/\/www.correiobraziliense.com.br\/cbradar\/wp-json\/wp\/v2\/posts\/146333\/revisions"}],"predecessor-version":[{"id":146341,"href":"https:\/\/www.correiobraziliense.com.br\/cbradar\/wp-json\/wp\/v2\/posts\/146333\/revisions\/146341"}],"wp:featuredmedia":[{"embeddable":true,"href":"https:\/\/www.correiobraziliense.com.br\/cbradar\/wp-json\/wp\/v2\/media\/146433"}],"wp:attachment":[{"href":"https:\/\/www.correiobraziliense.com.br\/cbradar\/wp-json\/wp\/v2\/media?parent=146333"}],"wp:term":[{"taxonomy":"category","embeddable":true,"href":"https:\/\/www.correiobraziliense.com.br\/cbradar\/wp-json\/wp\/v2\/categories?post=146333"},{"taxonomy":"post_tag","embeddable":true,"href":"https:\/\/www.correiobraziliense.com.br\/cbradar\/wp-json\/wp\/v2\/post_tag?post=146333"}],"curies":[{"name":"wp","href":"https:\/\/api.w.org\/{rel}","templated":true}]}}