{"id":14634,"date":"2025-03-22T15:30:00","date_gmt":"2025-03-22T18:30:00","guid":{"rendered":"https:\/\/www.correiobraziliense.com.br\/cbradar\/?p=14634"},"modified":"2025-03-21T22:25:41","modified_gmt":"2025-03-22T01:25:41","slug":"astro-de-bridgerton-sera-o-novo-rosto-na-adaptacao-de-o-conde-de-monte-cristo","status":"publish","type":"post","link":"https:\/\/www.correiobraziliense.com.br\/cbradar\/astro-de-bridgerton-sera-o-novo-rosto-na-adaptacao-de-o-conde-de-monte-cristo\/","title":{"rendered":"Astro de Bridgerton ser\u00e1 o novo rosto na adapta\u00e7\u00e3o de O Conde de Monte Cristo"},"content":{"rendered":"\n<p>O renomado ator <strong>Reg\u00e9-Jean Page<\/strong>, conhecido por suas atua\u00e7\u00f5es em s\u00e9ries e filmes de sucesso, est\u00e1 prestes a embarcar em um novo projeto cinematogr\u00e1fico. Ele ser\u00e1 o protagonista e produtor da mais recente adapta\u00e7\u00e3o de\u00a0<em><strong>O Conde de Monte Cristo<\/strong><\/em>, uma obra cl\u00e1ssica de Alexandre Dumas. Este projeto est\u00e1 sendo desenvolvido pelo <strong>Department M<\/strong>, um est\u00fadio de produ\u00e7\u00e3o independente fundado por Mike Larocca e Michael Schaefer, ambos veteranos da ind\u00fastria cinematogr\u00e1fica.<\/p>\n\n\n\n<p>A hist\u00f3ria de&nbsp;<em>O Conde de Monte Cristo<\/em>&nbsp;gira em torno de um jovem marinheiro que \u00e9 injustamente acusado de trai\u00e7\u00e3o. Ap\u00f3s anos de encarceramento, ele consegue escapar e busca vingan\u00e7a contra aqueles que o tra\u00edram, assumindo a identidade do rico Conde de Monte Cristo. Esta narrativa de vingan\u00e7a e reden\u00e7\u00e3o continua a fascinar o p\u00fablico, e a nova adapta\u00e7\u00e3o promete trazer uma vis\u00e3o inovadora para esta hist\u00f3ria atemporal.<\/p>\n\n\n\n<h2 class=\"wp-block-heading\"><strong>Qual \u00e9 o papel de Reg\u00e9-Jean Page na nova adapta\u00e7\u00e3o?<\/strong><\/h2>\n\n\n\n<p>Reg\u00e9-Jean Page n\u00e3o apenas estrelar\u00e1 como o protagonista, mas tamb\u00e9m assumir\u00e1 o papel de produtor do filme. Em uma declara\u00e7\u00e3o recente, Page expressou seu entusiasmo em contar hist\u00f3rias ousadas e aventureiras, que s\u00e3o a ess\u00eancia de sua carreira. Ele destacou a import\u00e2ncia de trabalhar com colaboradores criativos para desenvolver projetos que ampliem a perspectiva cultural atrav\u00e9s do entretenimento.<\/p>\n\n\n\n<p>O envolvimento de Page no projeto n\u00e3o \u00e9 apenas uma extens\u00e3o de sua carreira como ator, mas tamb\u00e9m uma oportunidade de influenciar a dire\u00e7\u00e3o criativa do filme. Sua experi\u00eancia em produ\u00e7\u00f5es de grande sucesso, como\u00a0<em><strong>Bridgerton<\/strong><\/em>\u00a0e\u00a0<em><strong>Dungeons &amp; Dragons: Honra Entre Rebeldes<\/strong><\/em>, certamente contribuir\u00e1 para o desenvolvimento de uma adapta\u00e7\u00e3o que respeite a obra original, ao mesmo tempo em que oferece algo novo ao p\u00fablico.<\/p>\n\n\n\n<figure class=\"wp-block-image size-large\"><img decoding=\"async\" width=\"1024\" height=\"576\" src=\"https:\/\/www.correiobraziliense.com.br\/cbradar\/wp-content\/uploads\/2025\/03\/Bridgerton_1742564418982-1024x576.jpg\" alt=\"Astro de Bridgerton ser\u00e1 o novo rosto na adapta\u00e7\u00e3o de O Conde de Monte Cristo\" class=\"wp-image-14639\" srcset=\"https:\/\/www.correiobraziliense.com.br\/cbradar\/wp-content\/uploads\/2025\/03\/Bridgerton_1742564418982-1024x576.jpg 1024w, https:\/\/www.correiobraziliense.com.br\/cbradar\/wp-content\/uploads\/2025\/03\/Bridgerton_1742564418982-300x169.jpg 300w, https:\/\/www.correiobraziliense.com.br\/cbradar\/wp-content\/uploads\/2025\/03\/Bridgerton_1742564418982-768x432.jpg 768w, https:\/\/www.correiobraziliense.com.br\/cbradar\/wp-content\/uploads\/2025\/03\/Bridgerton_1742564418982-750x422.jpg 750w, https:\/\/www.correiobraziliense.com.br\/cbradar\/wp-content\/uploads\/2025\/03\/Bridgerton_1742564418982-1140x641.jpg 1140w, https:\/\/www.correiobraziliense.com.br\/cbradar\/wp-content\/uploads\/2025\/03\/Bridgerton_1742564418982.jpg 1280w\" sizes=\"(max-width: 1024px) 100vw, 1024px\" \/><figcaption class=\"wp-element-caption\">Bridgerton. Cr\u00e9ditos: depositphotos.com \/ llcv<\/figcaption><\/figure>\n\n\n\n<h2 class=\"wp-block-heading\"><strong>O que esperar da nova adapta\u00e7\u00e3o de O Conde de Monte Cristo?<\/strong><\/h2>\n\n\n\n<p>A nova adapta\u00e7\u00e3o de&nbsp;<em>O Conde de Monte Cristo<\/em>&nbsp;promete explorar as profundezas da obra de Dumas de maneiras ainda n\u00e3o vistas. Com o apoio do Department M, o filme busca oferecer uma experi\u00eancia cinematogr\u00e1fica que seja fiel ao esp\u00edrito do romance, mas que tamb\u00e9m traga elementos inovadores para atrair um p\u00fablico contempor\u00e2neo.<\/p>\n\n\n\n<p>O projeto est\u00e1 sendo desenvolvido em um momento em que adapta\u00e7\u00f5es de cl\u00e1ssicos liter\u00e1rios est\u00e3o ganhando popularidade, e a expectativa \u00e9 que a nova vers\u00e3o traga uma perspectiva fresca e envolvente. A colabora\u00e7\u00e3o entre Page e o est\u00fadio independente \u00e9 vista como uma oportunidade de explorar novas abordagens narrativas, mantendo a ess\u00eancia da hist\u00f3ria original.<\/p>\n\n\n\n<h2 class=\"wp-block-heading\"><strong>Por que a obra de Alexandre Dumas continua relevante?<\/strong><\/h2>\n\n\n\n<p>A obra de Alexandre Dumas, especialmente&nbsp;<em>O Conde de Monte Cristo<\/em>, continua a ser relevante devido aos seus temas universais de justi\u00e7a, vingan\u00e7a e reden\u00e7\u00e3o. A narrativa de um indiv\u00edduo que supera adversidades e busca justi\u00e7a ressoa com o p\u00fablico de todas as \u00e9pocas. Al\u00e9m disso, a riqueza de detalhes e a complexidade dos personagens criados por Dumas oferecem um material rico para adapta\u00e7\u00f5es cinematogr\u00e1ficas.<\/p>\n\n\n\n<p>Com a nova adapta\u00e7\u00e3o, espera-se que a hist\u00f3ria alcance uma nova gera\u00e7\u00e3o de espectadores, apresentando a eles os dilemas morais e as intrincadas tramas que tornaram a obra de Dumas um cl\u00e1ssico atemporal. A produ\u00e7\u00e3o liderada por Reg\u00e9-Jean Page promete ser uma adi\u00e7\u00e3o significativa ao legado de adapta\u00e7\u00f5es de&nbsp;<em>O Conde de Monte Cristo<\/em>, mantendo viva a relev\u00e2ncia da obra para o p\u00fablico moderno.<\/p>\n","protected":false},"excerpt":{"rendered":"<p>Reg\u00e9-Jean Page protagoniza e produz uma nova adapta\u00e7\u00e3o do cl\u00e1ssico de Alexandre Dumas, O Conde de Monte Cristo.<\/p>\n","protected":false},"author":3,"featured_media":14638,"comment_status":"open","ping_status":"open","sticky":false,"template":"","format":"standard","meta":{"_yoast_wpseo_focuskw":"Bridgerton","_yoast_wpseo_title":"%%title%%","_yoast_wpseo_metadesc":"Reg\u00e9-Jean Page protagoniza e produz uma nova adapta\u00e7\u00e3o do cl\u00e1ssico de Alexandre Dumas, O Conde de Monte Cristo.","jnews-multi-image_gallery":[],"jnews_single_post":{"format":"standard"},"jnews_primary_category":[],"jnews_social_meta":[],"jnews_override_counter":[],"footnotes":""},"categories":[140],"post_tag":[1072,141,568],"class_list":["post-14634","post","type-post","status-publish","format-standard","has-post-thumbnail","hentry","category-entretenimento","tag-bridgerton","tag-netflix","tag-series-e-filmes"],"yoast_head":"<!-- This site is optimized with the Yoast SEO plugin v24.6 - https:\/\/yoast.com\/wordpress\/plugins\/seo\/ -->\n<title>Astro de Bridgerton ser\u00e1 o novo rosto na adapta\u00e7\u00e3o de O Conde de Monte Cristo<\/title>\n<meta name=\"description\" content=\"Reg\u00e9-Jean Page protagoniza e produz uma nova adapta\u00e7\u00e3o do cl\u00e1ssico de Alexandre Dumas, O Conde de Monte Cristo.\" \/>\n<meta name=\"robots\" content=\"index, follow, max-snippet:-1, max-image-preview:large, max-video-preview:-1\" \/>\n<link rel=\"canonical\" href=\"https:\/\/www.correiobraziliense.com.br\/cbradar\/astro-de-bridgerton-sera-o-novo-rosto-na-adaptacao-de-o-conde-de-monte-cristo\/\" \/>\n<meta property=\"og:locale\" content=\"pt_BR\" \/>\n<meta property=\"og:type\" content=\"article\" \/>\n<meta property=\"og:title\" content=\"Astro de Bridgerton ser\u00e1 o novo rosto na adapta\u00e7\u00e3o de O Conde de Monte Cristo\" \/>\n<meta property=\"og:description\" content=\"Reg\u00e9-Jean Page protagoniza e produz uma nova adapta\u00e7\u00e3o do cl\u00e1ssico de Alexandre Dumas, O Conde de Monte Cristo.\" \/>\n<meta property=\"og:url\" content=\"https:\/\/www.correiobraziliense.com.br\/cbradar\/astro-de-bridgerton-sera-o-novo-rosto-na-adaptacao-de-o-conde-de-monte-cristo\/\" \/>\n<meta property=\"og:site_name\" content=\"Correio Braziliense - Radar\" \/>\n<meta property=\"article:published_time\" content=\"2025-03-22T18:30:00+00:00\" \/>\n<meta property=\"og:image\" content=\"https:\/\/www.correiobraziliense.com.br\/cbradar\/wp-content\/uploads\/2025\/03\/Rege-Jean-Page_1742564349360.jpg\" \/>\n\t<meta property=\"og:image:width\" content=\"1280\" \/>\n\t<meta property=\"og:image:height\" content=\"720\" \/>\n\t<meta property=\"og:image:type\" content=\"image\/jpeg\" \/>\n<meta name=\"author\" content=\"Larissa Carvalho\" \/>\n<meta name=\"twitter:card\" content=\"summary_large_image\" \/>\n<meta name=\"twitter:label1\" content=\"Escrito por\" \/>\n\t<meta name=\"twitter:data1\" content=\"Larissa Carvalho\" \/>\n\t<meta name=\"twitter:label2\" content=\"Est. tempo de leitura\" \/>\n\t<meta name=\"twitter:data2\" content=\"4 minutos\" \/>\n<!-- \/ Yoast SEO plugin. -->","yoast_head_json":{"title":"Astro de Bridgerton ser\u00e1 o novo rosto na adapta\u00e7\u00e3o de O Conde de Monte Cristo","description":"Reg\u00e9-Jean Page protagoniza e produz uma nova adapta\u00e7\u00e3o do cl\u00e1ssico de Alexandre Dumas, O Conde de Monte Cristo.","robots":{"index":"index","follow":"follow","max-snippet":"max-snippet:-1","max-image-preview":"max-image-preview:large","max-video-preview":"max-video-preview:-1"},"canonical":"https:\/\/www.correiobraziliense.com.br\/cbradar\/astro-de-bridgerton-sera-o-novo-rosto-na-adaptacao-de-o-conde-de-monte-cristo\/","og_locale":"pt_BR","og_type":"article","og_title":"Astro de Bridgerton ser\u00e1 o novo rosto na adapta\u00e7\u00e3o de O Conde de Monte Cristo","og_description":"Reg\u00e9-Jean Page protagoniza e produz uma nova adapta\u00e7\u00e3o do cl\u00e1ssico de Alexandre Dumas, O Conde de Monte Cristo.","og_url":"https:\/\/www.correiobraziliense.com.br\/cbradar\/astro-de-bridgerton-sera-o-novo-rosto-na-adaptacao-de-o-conde-de-monte-cristo\/","og_site_name":"Correio Braziliense - Radar","article_published_time":"2025-03-22T18:30:00+00:00","og_image":[{"width":1280,"height":720,"url":"https:\/\/www.correiobraziliense.com.br\/cbradar\/wp-content\/uploads\/2025\/03\/Rege-Jean-Page_1742564349360.jpg","type":"image\/jpeg"}],"author":"Larissa Carvalho","twitter_card":"summary_large_image","twitter_misc":{"Escrito por":"Larissa Carvalho","Est. tempo de leitura":"4 minutos"},"schema":{"@context":"https:\/\/schema.org","@graph":[{"@type":"WebPage","@id":"https:\/\/www.correiobraziliense.com.br\/cbradar\/astro-de-bridgerton-sera-o-novo-rosto-na-adaptacao-de-o-conde-de-monte-cristo\/","url":"https:\/\/www.correiobraziliense.com.br\/cbradar\/astro-de-bridgerton-sera-o-novo-rosto-na-adaptacao-de-o-conde-de-monte-cristo\/","name":"Astro de Bridgerton ser\u00e1 o novo rosto na adapta\u00e7\u00e3o de O Conde de Monte Cristo","isPartOf":{"@id":"https:\/\/www.correiobraziliense.com.br\/cbradar\/#website"},"primaryImageOfPage":{"@id":"https:\/\/www.correiobraziliense.com.br\/cbradar\/astro-de-bridgerton-sera-o-novo-rosto-na-adaptacao-de-o-conde-de-monte-cristo\/#primaryimage"},"image":{"@id":"https:\/\/www.correiobraziliense.com.br\/cbradar\/astro-de-bridgerton-sera-o-novo-rosto-na-adaptacao-de-o-conde-de-monte-cristo\/#primaryimage"},"thumbnailUrl":"https:\/\/www.correiobraziliense.com.br\/cbradar\/wp-content\/uploads\/2025\/03\/Rege-Jean-Page_1742564349360.jpg","datePublished":"2025-03-22T18:30:00+00:00","author":{"@id":"https:\/\/www.correiobraziliense.com.br\/cbradar\/#\/schema\/person\/58422787644df994b53a19d3e56c1513"},"description":"Reg\u00e9-Jean Page protagoniza e produz uma nova adapta\u00e7\u00e3o do cl\u00e1ssico de Alexandre Dumas, O Conde de Monte Cristo.","breadcrumb":{"@id":"https:\/\/www.correiobraziliense.com.br\/cbradar\/astro-de-bridgerton-sera-o-novo-rosto-na-adaptacao-de-o-conde-de-monte-cristo\/#breadcrumb"},"inLanguage":"pt-BR","potentialAction":[{"@type":"ReadAction","target":["https:\/\/www.correiobraziliense.com.br\/cbradar\/astro-de-bridgerton-sera-o-novo-rosto-na-adaptacao-de-o-conde-de-monte-cristo\/"]}]},{"@type":"ImageObject","inLanguage":"pt-BR","@id":"https:\/\/www.correiobraziliense.com.br\/cbradar\/astro-de-bridgerton-sera-o-novo-rosto-na-adaptacao-de-o-conde-de-monte-cristo\/#primaryimage","url":"https:\/\/www.correiobraziliense.com.br\/cbradar\/wp-content\/uploads\/2025\/03\/Rege-Jean-Page_1742564349360.jpg","contentUrl":"https:\/\/www.correiobraziliense.com.br\/cbradar\/wp-content\/uploads\/2025\/03\/Rege-Jean-Page_1742564349360.jpg","width":1280,"height":720,"caption":"Reg\u00e9-Jean Page. Cr\u00e9ditos: depositphotos.com \/ Image Press Agency"},{"@type":"BreadcrumbList","@id":"https:\/\/www.correiobraziliense.com.br\/cbradar\/astro-de-bridgerton-sera-o-novo-rosto-na-adaptacao-de-o-conde-de-monte-cristo\/#breadcrumb","itemListElement":[{"@type":"ListItem","position":1,"name":"In\u00edcio","item":"https:\/\/www.correiobraziliense.com.br\/cbradar\/"},{"@type":"ListItem","position":2,"name":"Astro de Bridgerton ser\u00e1 o novo rosto na adapta\u00e7\u00e3o de O Conde de Monte Cristo"}]},{"@type":"WebSite","@id":"https:\/\/www.correiobraziliense.com.br\/cbradar\/#website","url":"https:\/\/www.correiobraziliense.com.br\/cbradar\/","name":"Correio Braziliense - Radar","description":"Acompanhe as \u00faltimas not\u00edcias e fique bem informado sobre tudo o que acontece no Brasil e no mundo.","potentialAction":[{"@type":"SearchAction","target":{"@type":"EntryPoint","urlTemplate":"https:\/\/www.correiobraziliense.com.br\/cbradar\/?s={search_term_string}"},"query-input":{"@type":"PropertyValueSpecification","valueRequired":true,"valueName":"search_term_string"}}],"inLanguage":"pt-BR"},{"@type":"Person","@id":"https:\/\/www.correiobraziliense.com.br\/cbradar\/#\/schema\/person\/58422787644df994b53a19d3e56c1513","name":"Larissa Carvalho","image":{"@type":"ImageObject","inLanguage":"pt-BR","@id":"https:\/\/www.correiobraziliense.com.br\/cbradar\/#\/schema\/person\/image\/","url":"https:\/\/secure.gravatar.com\/avatar\/fe4f91a0de32b52a838d0d612abdc1aa?s=96&d=mm&r=g","contentUrl":"https:\/\/secure.gravatar.com\/avatar\/fe4f91a0de32b52a838d0d612abdc1aa?s=96&d=mm&r=g","caption":"Larissa Carvalho"},"url":"https:\/\/www.correiobraziliense.com.br\/cbradar\/author\/larissamyth\/"}]}},"_links":{"self":[{"href":"https:\/\/www.correiobraziliense.com.br\/cbradar\/wp-json\/wp\/v2\/posts\/14634","targetHints":{"allow":["GET"]}}],"collection":[{"href":"https:\/\/www.correiobraziliense.com.br\/cbradar\/wp-json\/wp\/v2\/posts"}],"about":[{"href":"https:\/\/www.correiobraziliense.com.br\/cbradar\/wp-json\/wp\/v2\/types\/post"}],"author":[{"embeddable":true,"href":"https:\/\/www.correiobraziliense.com.br\/cbradar\/wp-json\/wp\/v2\/users\/3"}],"replies":[{"embeddable":true,"href":"https:\/\/www.correiobraziliense.com.br\/cbradar\/wp-json\/wp\/v2\/comments?post=14634"}],"version-history":[{"count":1,"href":"https:\/\/www.correiobraziliense.com.br\/cbradar\/wp-json\/wp\/v2\/posts\/14634\/revisions"}],"predecessor-version":[{"id":14640,"href":"https:\/\/www.correiobraziliense.com.br\/cbradar\/wp-json\/wp\/v2\/posts\/14634\/revisions\/14640"}],"wp:featuredmedia":[{"embeddable":true,"href":"https:\/\/www.correiobraziliense.com.br\/cbradar\/wp-json\/wp\/v2\/media\/14638"}],"wp:attachment":[{"href":"https:\/\/www.correiobraziliense.com.br\/cbradar\/wp-json\/wp\/v2\/media?parent=14634"}],"wp:term":[{"taxonomy":"category","embeddable":true,"href":"https:\/\/www.correiobraziliense.com.br\/cbradar\/wp-json\/wp\/v2\/categories?post=14634"},{"taxonomy":"post_tag","embeddable":true,"href":"https:\/\/www.correiobraziliense.com.br\/cbradar\/wp-json\/wp\/v2\/post_tag?post=14634"}],"curies":[{"name":"wp","href":"https:\/\/api.w.org\/{rel}","templated":true}]}}