{"id":146466,"date":"2025-11-29T06:05:00","date_gmt":"2025-11-29T09:05:00","guid":{"rendered":"https:\/\/www.correiobraziliense.com.br\/cbradar\/?p=146466"},"modified":"2025-11-28T20:35:53","modified_gmt":"2025-11-28T23:35:53","slug":"como-a-palavra-gratidao-melhora-sua-inteligencia-emocional","status":"publish","type":"post","link":"https:\/\/www.correiobraziliense.com.br\/cbradar\/como-a-palavra-gratidao-melhora-sua-inteligencia-emocional\/","title":{"rendered":"Como a palavra gratid\u00e3o melhora sua intelig\u00eancia emocional"},"content":{"rendered":"\n<p>A <strong>Linguagem <\/strong>que utilizamos no dia a dia possui um impacto significativo em nossas intera\u00e7\u00f5es sociais e emocionais. Muitas vezes, o uso da palavra &#8220;obrigado&#8221; se d\u00e1 de forma autom\u00e1tica, sem a genu\u00edna reflex\u00e3o sobre seu efeito emocional. Contudo, substituir &#8220;obrigado&#8221; por express\u00f5es que transmitam verdadeira gratid\u00e3o pode n\u00e3o apenas melhorar a receptividade, mas tamb\u00e9m fortalecer la\u00e7os interpessoais. Essa escolha revela um n\u00edvel de intelig\u00eancia emocional mais refinado, uma vez que promove autenticidade e conex\u00e3o nas rela\u00e7\u00f5es.<\/p>\n\n\n\n<p>Por que, ent\u00e3o, essa simples substitui\u00e7\u00e3o pode contribuir para uma maior sensa\u00e7\u00e3o de felicidade cotidiana? A palavra &#8220;obrigado&#8221; pode estar associada a uma obriga\u00e7\u00e3o social, enquanto um termo como &#8220;gratid\u00e3o&#8221; expressa reconhecimento sincero. Este ajuste pode alterar a percep\u00e7\u00e3o que os outros t\u00eam de algu\u00e9m, tornando os encontros mais leves e significativos. A ci\u00eancia comportamental j\u00e1 comprovou que a Linguagem possui influ\u00eancia direta em nossas emo\u00e7\u00f5es e na maneira como constru\u00edmos nossos relacionamentos.<\/p>\n\n\n\n<h2 class=\"wp-block-heading\">Como pequenas mudan\u00e7as na Linguagem afetam a intelig\u00eancia emocional?<\/h2>\n\n\n\n<p>Diversos especialistas em comportamento, como BJ Fogg, fundador do Behavior Design Lab em Stanford, afirmam que pequenas mudan\u00e7as na forma como nos expressamos podem fortalecer h\u00e1bitos positivos e aumentar o bem-estar geral. Ao adotar &#8220;gratid\u00e3o&#8221; no lugar de &#8220;obrigado,&#8221; cada intera\u00e7\u00e3o passa a ser percebida como mais genu\u00edna, refor\u00e7ando a empatia e criando um ambiente mais receptivo.<\/p>\n\n\n<div class=\"wp-block-image\">\n<figure class=\"aligncenter size-large\"><img decoding=\"async\" width=\"1024\" height=\"576\" src=\"https:\/\/www.correiobraziliense.com.br\/cbradar\/wp-content\/uploads\/2025\/07\/linguagem-corporal_1751892737392-1024x576.jpg\" alt=\"\" class=\"wp-image-65926\" srcset=\"https:\/\/www.correiobraziliense.com.br\/cbradar\/wp-content\/uploads\/2025\/07\/linguagem-corporal_1751892737392-1024x576.jpg 1024w, https:\/\/www.correiobraziliense.com.br\/cbradar\/wp-content\/uploads\/2025\/07\/linguagem-corporal_1751892737392-300x169.jpg 300w, https:\/\/www.correiobraziliense.com.br\/cbradar\/wp-content\/uploads\/2025\/07\/linguagem-corporal_1751892737392-768x432.jpg 768w, https:\/\/www.correiobraziliense.com.br\/cbradar\/wp-content\/uploads\/2025\/07\/linguagem-corporal_1751892737392-750x422.jpg 750w, https:\/\/www.correiobraziliense.com.br\/cbradar\/wp-content\/uploads\/2025\/07\/linguagem-corporal_1751892737392-1140x641.jpg 1140w, https:\/\/www.correiobraziliense.com.br\/cbradar\/wp-content\/uploads\/2025\/07\/linguagem-corporal_1751892737392.jpg 1280w\" sizes=\"(max-width: 1024px) 100vw, 1024px\" \/><figcaption class=\"wp-element-caption\">Linguagem &#8211; Cr\u00e9ditos: depositphotos.com \/ HayDmitriy<\/figcaption><\/figure><\/div>\n\n\n<ul class=\"wp-block-list\">\n<li>Aumenta a percep\u00e7\u00e3o de autenticidade<\/li>\n\n\n\n<li>Fortalece v\u00ednculos emocionais<\/li>\n\n\n\n<li>Reduz sentimentos de obriga\u00e7\u00e3o ou press\u00e3o<\/li>\n<\/ul>\n\n\n\n<p>Em contextos profissionais ou sociais, essa escolha pode transformar a din\u00e2mica das conversas, gerando resultados imediatamente positivos, desde a recep\u00e7\u00e3o calorosa at\u00e9 a resolu\u00e7\u00e3o amig\u00e1vel de conflitos. A pr\u00e1tica cont\u00ednua da gratid\u00e3o impacta diretamente nas rela\u00e7\u00f5es pessoais, tornando as experi\u00eancias mais profundas e significativas.<\/p>\n\n\n\n<h2 class=\"wp-block-heading\">Qual \u00e9 o impacto da gratid\u00e3o na sa\u00fade mental e emocional?<\/h2>\n\n\n\n<p>Expressar gratid\u00e3o consciente e regularmente contribui para a melhora da comunica\u00e7\u00e3o emocional e, consequentemente, para uma melhor <a href=\"https:\/\/www.correiobraziliense.com.br\/cbradar\/medico-explica-como-o-emagrecimento-muda-sua-vida-sexual\/\" target=\"_blank\" rel=\"noreferrer noopener\">sa\u00fade <\/a>mental. Essa pr\u00e1tica estimula respostas mais positivas dos interlocutores, facilita a resolu\u00e7\u00e3o de conflitos e promove um clima emocional favor\u00e1vel em grupos. Pessoas que incorporam a gratid\u00e3o em suas intera\u00e7\u00f5es cotidianas relatam n\u00edveis mais altos de satisfa\u00e7\u00e3o e bem-estar pessoal.<\/p>\n\n\n\n<ol class=\"wp-block-list\">\n<li>Reduz o estresse e a ansiedade<\/li>\n\n\n\n<li>Fortalece rela\u00e7\u00f5es familiares e profissionais<\/li>\n\n\n\n<li>Melhora a sa\u00fade mental e emocional<\/li>\n<\/ol>\n\n\n\n<p>Trocar palavras habitualmente usadas por express\u00f5es positivas pode criar um ambiente mais leve e agrad\u00e1vel, influenciando a qualidade de vida de maneira abrangente.<\/p>\n\n\n\n<h2 class=\"wp-block-heading\">Como adotar a gratid\u00e3o em um contexto cotidiano?<\/h2>\n\n\n\n<p>Substituir &#8220;obrigado&#8221; por &#8220;gratid\u00e3o&#8221; exige aten\u00e7\u00e3o e pr\u00e1tica consciente, iniciando-se frequentemente em situa\u00e7\u00f5es informais para se acostumar com o novo h\u00e1bito. Ao observar a rea\u00e7\u00e3o das pessoas ao ouvir &#8220;gratid\u00e3o&#8221;, \u00e9 poss\u00edvel perceber como essa pr\u00e1tica pode ser fortalecida e manter sua autenticidade.<\/p>\n\n\n\n<p>A ado\u00e7\u00e3o do termo pode ser auxiliada pela combina\u00e7\u00e3o de palavras com gestos de aprecia\u00e7\u00e3o genu\u00edna. Com o tempo e consist\u00eancia, essa mudan\u00e7a se torna natural, fortalecendo h\u00e1bitos de comunica\u00e7\u00e3o positiva e promovendo intelig\u00eancia emocional duradoura. Introduzir &#8220;gratid\u00e3o&#8221; no lugar de &#8220;obrigado&#8221; vai al\u00e9m de uma simples escolha lingu\u00edstica, representando um passo consciente em dire\u00e7\u00e3o a rela\u00e7\u00f5es mais saud\u00e1veis e equilibradas emocionalmente.<\/p>\n\n\n<a href=\"https:\/\/www.instagram.com\/dra.annaluisabf\/\" target=\"_blank\" rel=\"noopener\" style=\"text-decoration: none; color: inherit;\">\n    <span style=\"display: inline-block; border: 1px solid #ccc; border-radius: 10px; padding: 15px; max-width: 550px; font-family: sans-serif; box-shadow: 0 2px 5px rgba(0,0,0,0.1); width: 100%;\">\n\n      <!-- T\u00edtulo -->\n      <span style=\"display: block; margin: 0 0 15px 0; font-weight: bold; color: #2c3e50; text-align: center;\">\n        Entre em contato:\n      <\/span>\n\n      <!-- Linha do perfil -->\n      <span style=\"display: flex; align-items: center; gap: 15px;\">\n        <img decoding=\"async\"\n          src=\"https:\/\/www.correiobraziliense.com.br\/cbradar\/wp-content\/uploads\/2025\/08\/dra_anna_luisa.jpeg\"\n          alt=\"Foto da Dra. Anna Lu\u00edsa\"\n          style=\"border-radius: 50%; width: 80px; height: 80px; object-fit: cover;\"\n        \/>\n        <span style=\"display: flex; flex-direction: column;\">\n          <span style=\"font-size: 18px; font-weight: 700; color: #2c3e50;\">Dra. Anna Lu\u00edsa Barbosa Fernandes<\/span>\n          <span style=\"color: #555;\">CRM-GO 33.271<\/span>\n        <\/span>\n      <\/span>\n\n      <!-- Redes -->\n      <span style=\"display: flex; align-items: center; gap: 10px; margin-top: 12px;\">\n        <img decoding=\"async\" src=\"https:\/\/cdn-icons-png.flaticon.com\/24\/1384\/1384063.png\" alt=\"Instagram\" width=\"24\" height=\"24\" \/>\n        <span style=\"text-decoration: underline; color: #2c3e50;\">@dra.annaluisabf<\/span>\n      <\/span>\n\n    <\/span>\n  <\/a>","protected":false},"excerpt":{"rendered":"<p>A Linguagem que utilizamos no dia a dia possui um impacto significativo em nossas intera\u00e7\u00f5es sociais e emocionais. Muitas vezes, o uso da palavra &#8220;obrigado&#8221; se d\u00e1 de forma autom\u00e1tica, sem a genu\u00edna reflex\u00e3o sobre seu efeito emocional. Contudo, substituir &#8220;obrigado&#8221; por express\u00f5es que transmitam verdadeira gratid\u00e3o pode n\u00e3o apenas melhorar a receptividade, mas tamb\u00e9m [&hellip;]<\/p>\n","protected":false},"author":14,"featured_media":65925,"comment_status":"open","ping_status":"open","sticky":false,"template":"","format":"standard","meta":{"_yoast_wpseo_focuskw":"Linguagem","_yoast_wpseo_title":"","_yoast_wpseo_metadesc":"Trocar \u201cobrigado\u201d por \u201cgratid\u00e3o\u201d promove conex\u00f5es mais aut\u00eanticas, reduz ansiedade e melhora a qualidade dos relacionamentos.","jnews-multi-image_gallery":[],"jnews_single_post":{"format":"standard"},"jnews_primary_category":[],"jnews_social_meta":[],"jnews_override_counter":[],"footnotes":""},"categories":[4404],"tags":[120,247,1318],"class_list":["post-146466","post","type-post","status-publish","format-standard","has-post-thumbnail","hentry","category-saude","tag-bem-estar","tag-qualidade-de-vida","tag-saude-2"],"yoast_head":"<!-- This site is optimized with the Yoast SEO plugin v24.6 - https:\/\/yoast.com\/wordpress\/plugins\/seo\/ -->\n<title>Como a palavra gratid\u00e3o melhora sua intelig\u00eancia emocional - Correio Braziliense - Radar<\/title>\n<meta name=\"description\" content=\"Trocar \u201cobrigado\u201d por \u201cgratid\u00e3o\u201d promove conex\u00f5es mais aut\u00eanticas, reduz ansiedade e melhora a qualidade dos relacionamentos.\" \/>\n<meta name=\"robots\" content=\"index, follow, max-snippet:-1, max-image-preview:large, max-video-preview:-1\" \/>\n<link rel=\"canonical\" href=\"https:\/\/www.correiobraziliense.com.br\/cbradar\/como-a-palavra-gratidao-melhora-sua-inteligencia-emocional\/\" \/>\n<meta property=\"og:locale\" content=\"pt_BR\" \/>\n<meta property=\"og:type\" content=\"article\" \/>\n<meta property=\"og:title\" content=\"Como a palavra gratid\u00e3o melhora sua intelig\u00eancia emocional - Correio Braziliense - Radar\" \/>\n<meta property=\"og:description\" content=\"Trocar \u201cobrigado\u201d por \u201cgratid\u00e3o\u201d promove conex\u00f5es mais aut\u00eanticas, reduz ansiedade e melhora a qualidade dos relacionamentos.\" \/>\n<meta property=\"og:url\" content=\"https:\/\/www.correiobraziliense.com.br\/cbradar\/como-a-palavra-gratidao-melhora-sua-inteligencia-emocional\/\" \/>\n<meta property=\"og:site_name\" content=\"Correio Braziliense - Radar\" \/>\n<meta property=\"article:published_time\" content=\"2025-11-29T09:05:00+00:00\" \/>\n<meta property=\"og:image\" content=\"https:\/\/www.correiobraziliense.com.br\/cbradar\/wp-content\/uploads\/2025\/07\/linguagem-corporal_1751892677618.jpg\" \/>\n\t<meta property=\"og:image:width\" content=\"1279\" \/>\n\t<meta property=\"og:image:height\" content=\"720\" \/>\n\t<meta property=\"og:image:type\" content=\"image\/jpeg\" \/>\n<meta name=\"author\" content=\"guilherme_saude\" \/>\n<meta name=\"twitter:card\" content=\"summary_large_image\" \/>\n<meta name=\"twitter:label1\" content=\"Escrito por\" \/>\n\t<meta name=\"twitter:data1\" content=\"guilherme_saude\" \/>\n\t<meta name=\"twitter:label2\" content=\"Est. tempo de leitura\" \/>\n\t<meta name=\"twitter:data2\" content=\"4 minutos\" \/>\n<!-- \/ Yoast SEO plugin. -->","yoast_head_json":{"title":"Como a palavra gratid\u00e3o melhora sua intelig\u00eancia emocional - Correio Braziliense - Radar","description":"Trocar \u201cobrigado\u201d por \u201cgratid\u00e3o\u201d promove conex\u00f5es mais aut\u00eanticas, reduz ansiedade e melhora a qualidade dos relacionamentos.","robots":{"index":"index","follow":"follow","max-snippet":"max-snippet:-1","max-image-preview":"max-image-preview:large","max-video-preview":"max-video-preview:-1"},"canonical":"https:\/\/www.correiobraziliense.com.br\/cbradar\/como-a-palavra-gratidao-melhora-sua-inteligencia-emocional\/","og_locale":"pt_BR","og_type":"article","og_title":"Como a palavra gratid\u00e3o melhora sua intelig\u00eancia emocional - Correio Braziliense - Radar","og_description":"Trocar \u201cobrigado\u201d por \u201cgratid\u00e3o\u201d promove conex\u00f5es mais aut\u00eanticas, reduz ansiedade e melhora a qualidade dos relacionamentos.","og_url":"https:\/\/www.correiobraziliense.com.br\/cbradar\/como-a-palavra-gratidao-melhora-sua-inteligencia-emocional\/","og_site_name":"Correio Braziliense - Radar","article_published_time":"2025-11-29T09:05:00+00:00","og_image":[{"width":1279,"height":720,"url":"https:\/\/www.correiobraziliense.com.br\/cbradar\/wp-content\/uploads\/2025\/07\/linguagem-corporal_1751892677618.jpg","type":"image\/jpeg"}],"author":"guilherme_saude","twitter_card":"summary_large_image","twitter_misc":{"Escrito por":"guilherme_saude","Est. tempo de leitura":"4 minutos"},"schema":{"@context":"https:\/\/schema.org","@graph":[{"@type":"WebPage","@id":"https:\/\/www.correiobraziliense.com.br\/cbradar\/como-a-palavra-gratidao-melhora-sua-inteligencia-emocional\/","url":"https:\/\/www.correiobraziliense.com.br\/cbradar\/como-a-palavra-gratidao-melhora-sua-inteligencia-emocional\/","name":"Como a palavra gratid\u00e3o melhora sua intelig\u00eancia emocional - Correio Braziliense - Radar","isPartOf":{"@id":"https:\/\/www.correiobraziliense.com.br\/cbradar\/#website"},"primaryImageOfPage":{"@id":"https:\/\/www.correiobraziliense.com.br\/cbradar\/como-a-palavra-gratidao-melhora-sua-inteligencia-emocional\/#primaryimage"},"image":{"@id":"https:\/\/www.correiobraziliense.com.br\/cbradar\/como-a-palavra-gratidao-melhora-sua-inteligencia-emocional\/#primaryimage"},"thumbnailUrl":"https:\/\/www.correiobraziliense.com.br\/cbradar\/wp-content\/uploads\/2025\/07\/linguagem-corporal_1751892677618.jpg","datePublished":"2025-11-29T09:05:00+00:00","author":{"@id":"https:\/\/www.correiobraziliense.com.br\/cbradar\/#\/schema\/person\/5aa4bf3c8fa699c267933611de12978b"},"description":"Trocar \u201cobrigado\u201d por \u201cgratid\u00e3o\u201d promove conex\u00f5es mais aut\u00eanticas, reduz ansiedade e melhora a qualidade dos relacionamentos.","breadcrumb":{"@id":"https:\/\/www.correiobraziliense.com.br\/cbradar\/como-a-palavra-gratidao-melhora-sua-inteligencia-emocional\/#breadcrumb"},"inLanguage":"pt-BR","potentialAction":[{"@type":"ReadAction","target":["https:\/\/www.correiobraziliense.com.br\/cbradar\/como-a-palavra-gratidao-melhora-sua-inteligencia-emocional\/"]}]},{"@type":"ImageObject","inLanguage":"pt-BR","@id":"https:\/\/www.correiobraziliense.com.br\/cbradar\/como-a-palavra-gratidao-melhora-sua-inteligencia-emocional\/#primaryimage","url":"https:\/\/www.correiobraziliense.com.br\/cbradar\/wp-content\/uploads\/2025\/07\/linguagem-corporal_1751892677618.jpg","contentUrl":"https:\/\/www.correiobraziliense.com.br\/cbradar\/wp-content\/uploads\/2025\/07\/linguagem-corporal_1751892677618.jpg","width":1279,"height":720,"caption":"Linguagem - Cr\u00e9ditos: depositphotos.com \/ sirinapawannapat.gmail.com"},{"@type":"BreadcrumbList","@id":"https:\/\/www.correiobraziliense.com.br\/cbradar\/como-a-palavra-gratidao-melhora-sua-inteligencia-emocional\/#breadcrumb","itemListElement":[{"@type":"ListItem","position":1,"name":"In\u00edcio","item":"https:\/\/www.correiobraziliense.com.br\/cbradar\/"},{"@type":"ListItem","position":2,"name":"Como a palavra gratid\u00e3o melhora sua intelig\u00eancia emocional"}]},{"@type":"WebSite","@id":"https:\/\/www.correiobraziliense.com.br\/cbradar\/#website","url":"https:\/\/www.correiobraziliense.com.br\/cbradar\/","name":"Correio Braziliense - Radar","description":"Acompanhe as \u00faltimas not\u00edcias e fique bem informado sobre tudo o que acontece no Brasil e no mundo.","potentialAction":[{"@type":"SearchAction","target":{"@type":"EntryPoint","urlTemplate":"https:\/\/www.correiobraziliense.com.br\/cbradar\/?s={search_term_string}"},"query-input":{"@type":"PropertyValueSpecification","valueRequired":true,"valueName":"search_term_string"}}],"inLanguage":"pt-BR"},{"@type":"Person","@id":"https:\/\/www.correiobraziliense.com.br\/cbradar\/#\/schema\/person\/5aa4bf3c8fa699c267933611de12978b","name":"guilherme_saude","image":{"@type":"ImageObject","inLanguage":"pt-BR","@id":"https:\/\/www.correiobraziliense.com.br\/cbradar\/#\/schema\/person\/image\/","url":"https:\/\/secure.gravatar.com\/avatar\/df9adfb835d344bc0af109d41756253f?s=96&d=mm&r=g","contentUrl":"https:\/\/secure.gravatar.com\/avatar\/df9adfb835d344bc0af109d41756253f?s=96&d=mm&r=g","caption":"guilherme_saude"},"url":"https:\/\/www.correiobraziliense.com.br\/cbradar\/author\/guilherme_saude\/"}]}},"_links":{"self":[{"href":"https:\/\/www.correiobraziliense.com.br\/cbradar\/wp-json\/wp\/v2\/posts\/146466","targetHints":{"allow":["GET"]}}],"collection":[{"href":"https:\/\/www.correiobraziliense.com.br\/cbradar\/wp-json\/wp\/v2\/posts"}],"about":[{"href":"https:\/\/www.correiobraziliense.com.br\/cbradar\/wp-json\/wp\/v2\/types\/post"}],"author":[{"embeddable":true,"href":"https:\/\/www.correiobraziliense.com.br\/cbradar\/wp-json\/wp\/v2\/users\/14"}],"replies":[{"embeddable":true,"href":"https:\/\/www.correiobraziliense.com.br\/cbradar\/wp-json\/wp\/v2\/comments?post=146466"}],"version-history":[{"count":1,"href":"https:\/\/www.correiobraziliense.com.br\/cbradar\/wp-json\/wp\/v2\/posts\/146466\/revisions"}],"predecessor-version":[{"id":146467,"href":"https:\/\/www.correiobraziliense.com.br\/cbradar\/wp-json\/wp\/v2\/posts\/146466\/revisions\/146467"}],"wp:featuredmedia":[{"embeddable":true,"href":"https:\/\/www.correiobraziliense.com.br\/cbradar\/wp-json\/wp\/v2\/media\/65925"}],"wp:attachment":[{"href":"https:\/\/www.correiobraziliense.com.br\/cbradar\/wp-json\/wp\/v2\/media?parent=146466"}],"wp:term":[{"taxonomy":"category","embeddable":true,"href":"https:\/\/www.correiobraziliense.com.br\/cbradar\/wp-json\/wp\/v2\/categories?post=146466"},{"taxonomy":"post_tag","embeddable":true,"href":"https:\/\/www.correiobraziliense.com.br\/cbradar\/wp-json\/wp\/v2\/tags?post=146466"}],"curies":[{"name":"wp","href":"https:\/\/api.w.org\/{rel}","templated":true}]}}