{"id":146469,"date":"2025-11-29T07:45:00","date_gmt":"2025-11-29T10:45:00","guid":{"rendered":"https:\/\/www.correiobraziliense.com.br\/cbradar\/?p=146469"},"modified":"2025-11-28T20:38:07","modified_gmt":"2025-11-28T23:38:07","slug":"descubra-como-reaproveitar-a-casca-de-ovo-no-dia-a-dia","status":"publish","type":"post","link":"https:\/\/www.correiobraziliense.com.br\/cbradar\/descubra-como-reaproveitar-a-casca-de-ovo-no-dia-a-dia\/","title":{"rendered":"Descubra como reaproveitar a casca de ovo no dia a dia"},"content":{"rendered":"\n<p><strong>Casca de Ovo<\/strong> \u00e9 um material muitas vezes desperdi\u00e7ado, apesar de suas diversas aplica\u00e7\u00f5es ben\u00e9ficas. Devido \u00e0 rica composi\u00e7\u00e3o em c\u00e1lcio, elas se tornam extremamente \u00fateis em ambientes dom\u00e9sticos, principalmente em pr\u00e1ticas de jardinagem, artesanato e at\u00e9 como complemento alimentar para animais sob orienta\u00e7\u00e3o. Descobrir como utilizar esse recurso natural pode resultar em benef\u00edcios significativos para o meio ambiente e o cotidiano das pessoas.<\/p>\n\n\n\n<p>Muitas pessoas desconhecem o potencial das cascas de ovos al\u00e9m da compostagem. As cascas, quando limpas e trituradas, tornam-se um adubo poderoso, especialmente em solos de jardins. Isso se deve ao c\u00e1lcio que essas cascas liberam no ambiente, ajudando a fortalecer a estrutura radicular das plantas e melhorando a nutri\u00e7\u00e3o geral do solo. Essa pr\u00e1tica n\u00e3o s\u00f3 enriquece a terra como tamb\u00e9m auxilia no controle de certas pragas.<\/p>\n\n\n\n<h2 class=\"wp-block-heading\">Como aproveitar cascas de ovos no jardim?<\/h2>\n\n\n\n<p>O uso de cascas de ovos no jardim \u00e9 diverso e eficaz. Primeiro, as cascas podem ser trituradas e distribu\u00eddas ao redor das plantas. Isso n\u00e3o s\u00f3 incrementa o teor de c\u00e1lcio como tamb\u00e9m serve como uma barreira f\u00edsica para pragas como lesmas e carac\u00f3is, j\u00e1 que evitam atravessar superf\u00edcies \u00e1speras. Al\u00e9m disso, cascas de ovo podem ser utilizadas inteiras para germinar sementes, oferecendo uma forma inovadora e biodegrad\u00e1vel de iniciar mudas.<\/p>\n\n\n\n<h2 class=\"wp-block-heading\">Quais outras utiliza\u00e7\u00f5es dom\u00e9sticas s\u00e3o poss\u00edveis?<\/h2>\n\n\n\n<figure class=\"wp-block-image aligncenter size-large\"><img decoding=\"async\" width=\"1024\" height=\"576\" src=\"https:\/\/www.correiobraziliense.com.br\/cbradar\/wp-content\/uploads\/2025\/05\/ovo_1747603882502-1024x576.jpg\" alt=\"\" class=\"wp-image-39138\" srcset=\"https:\/\/www.correiobraziliense.com.br\/cbradar\/wp-content\/uploads\/2025\/05\/ovo_1747603882502-1024x576.jpg 1024w, https:\/\/www.correiobraziliense.com.br\/cbradar\/wp-content\/uploads\/2025\/05\/ovo_1747603882502-300x169.jpg 300w, https:\/\/www.correiobraziliense.com.br\/cbradar\/wp-content\/uploads\/2025\/05\/ovo_1747603882502-768x432.jpg 768w, https:\/\/www.correiobraziliense.com.br\/cbradar\/wp-content\/uploads\/2025\/05\/ovo_1747603882502-750x422.jpg 750w, https:\/\/www.correiobraziliense.com.br\/cbradar\/wp-content\/uploads\/2025\/05\/ovo_1747603882502-1140x641.jpg 1140w, https:\/\/www.correiobraziliense.com.br\/cbradar\/wp-content\/uploads\/2025\/05\/ovo_1747603882502.jpg 1280w\" sizes=\"(max-width: 1024px) 100vw, 1024px\" \/><figcaption class=\"wp-element-caption\">Ovo &#8211; Cr\u00e9ditos: depositphotos.com \/ AndrewTovstyzhenko\n<\/figcaption><\/figure>\n\n\n\n<p>Al\u00e9m do uso direto no solo, cascas de ovos podem ser transformadas em pe\u00e7as criativas e funcionais dentro de casa. No artesanato, elas podem se tornar belos porta-copos e molduras \u00fanicas. A pr\u00e1tica j\u00e1 \u00e9 adotada em oficinas criativas e pode ser uma boa forma de introduzir a sustentabilidade em projetos de decora\u00e7\u00e3o. Al\u00e9m disso, suas propriedades podem ser exploradas para melhorar a dieta <a href=\"https:\/\/www.correiobraziliense.com.br\/cbradar\/medico-explica-como-o-emagrecimento-muda-sua-vida-sexual\/\" target=\"_blank\" rel=\"noreferrer noopener\">animal<\/a>, quando integradas adequadamente e com supervis\u00e3o profissional. Assim, as cascas ganham nova vida em diferentes contextos.<\/p>\n\n\n\n<h2 class=\"wp-block-heading\">Por que \u00e9 importante higienizar as cascas antes do uso?<\/h2>\n\n\n\n<p>A higieniza\u00e7\u00e3o das cascas de ovo \u00e9 um passo crucial para evitar odores indesejados e impedir a contamina\u00e7\u00e3o por bact\u00e9rias, como a salmonela. Recomenda-se que elas sejam bem lavadas e secas, geralmente no forno em baixa temperatura, antes de serem trituradas ou utilizadas de qualquer outra forma. Este cuidado garante que o uso das cascas seja seguro e eficiente em qualquer aplica\u00e7\u00e3o pretendida.<\/p>\n\n\n\n<p>As cascas de ovos, quando bem reaproveitadas, oferecem uma solu\u00e7\u00e3o pr\u00e1tica e ecol\u00f3gica para que se evite o descarte em lixo comum. Com um pouco de criatividade e cuidado, elas podem transformar-se em recursos valiosos dentro de casa, contribuindo para pr\u00e1ticas sustent\u00e1veis e reduzindo a gera\u00e7\u00e3o de res\u00edduos. A ado\u00e7\u00e3o de m\u00e9todos para reutilizar as cascas refor\u00e7a a import\u00e2ncia da sustentabilidade e a utiliza\u00e7\u00e3o consciente dos recursos dispon\u00edveis.<\/p>\n\n\n<a href=\"https:\/\/www.instagram.com\/dra.annaluisabf\/\" target=\"_blank\" rel=\"noopener\" style=\"text-decoration: none; color: inherit;\">\n    <span style=\"display: inline-block; border: 1px solid #ccc; border-radius: 10px; padding: 15px; max-width: 550px; font-family: sans-serif; box-shadow: 0 2px 5px rgba(0,0,0,0.1); width: 100%;\">\n\n      <!-- T\u00edtulo -->\n      <span style=\"display: block; margin: 0 0 15px 0; font-weight: bold; color: #2c3e50; text-align: center;\">\n        Entre em contato:\n      <\/span>\n\n      <!-- Linha do perfil -->\n      <span style=\"display: flex; align-items: center; gap: 15px;\">\n        <img decoding=\"async\"\n          src=\"https:\/\/www.correiobraziliense.com.br\/cbradar\/wp-content\/uploads\/2025\/08\/dra_anna_luisa.jpeg\"\n          alt=\"Foto da Dra. Anna Lu\u00edsa\"\n          style=\"border-radius: 50%; width: 80px; height: 80px; object-fit: cover;\"\n        \/>\n        <span style=\"display: flex; flex-direction: column;\">\n          <span style=\"font-size: 18px; font-weight: 700; color: #2c3e50;\">Dra. Anna Lu\u00edsa Barbosa Fernandes<\/span>\n          <span style=\"color: #555;\">CRM-GO 33.271<\/span>\n        <\/span>\n      <\/span>\n\n      <!-- Redes -->\n      <span style=\"display: flex; align-items: center; gap: 10px; margin-top: 12px;\">\n        <img decoding=\"async\" src=\"https:\/\/cdn-icons-png.flaticon.com\/24\/1384\/1384063.png\" alt=\"Instagram\" width=\"24\" height=\"24\" \/>\n        <span style=\"text-decoration: underline; color: #2c3e50;\">@dra.annaluisabf<\/span>\n      <\/span>\n\n    <\/span>\n  <\/a>","protected":false},"excerpt":{"rendered":"<p>Casca de Ovo \u00e9 um material muitas vezes desperdi\u00e7ado, apesar de suas diversas aplica\u00e7\u00f5es ben\u00e9ficas. Devido \u00e0 rica composi\u00e7\u00e3o em c\u00e1lcio, elas se tornam extremamente \u00fateis em ambientes dom\u00e9sticos, principalmente em pr\u00e1ticas de jardinagem, artesanato e at\u00e9 como complemento alimentar para animais sob orienta\u00e7\u00e3o. Descobrir como utilizar esse recurso natural pode resultar em benef\u00edcios significativos [&hellip;]<\/p>\n","protected":false},"author":14,"featured_media":146470,"comment_status":"open","ping_status":"open","sticky":false,"template":"","format":"standard","meta":{"_yoast_wpseo_focuskw":"Casca de Ovo","_yoast_wpseo_title":"","_yoast_wpseo_metadesc":"Aprenda como reutilizar cascas de ovo no jardim, artesanato e alimenta\u00e7\u00e3o animal com seguran\u00e7a e benef\u00edcios sustent\u00e1veis.","jnews-multi-image_gallery":[],"jnews_single_post":{"format":"standard"},"jnews_primary_category":[],"jnews_social_meta":[],"jnews_override_counter":[],"footnotes":""},"categories":[4404],"post_tag":[281,120,1318],"class_list":["post-146469","post","type-post","status-publish","format-standard","has-post-thumbnail","hentry","category-saude","tag-alimentacao","tag-bem-estar","tag-saude-2"],"yoast_head":"<!-- This site is optimized with the Yoast SEO plugin v24.6 - https:\/\/yoast.com\/wordpress\/plugins\/seo\/ -->\n<title>Descubra como reaproveitar a casca de ovo no dia a dia - Correio Braziliense - Radar<\/title>\n<meta name=\"description\" content=\"Aprenda como reutilizar cascas de ovo no jardim, artesanato e alimenta\u00e7\u00e3o animal com seguran\u00e7a e benef\u00edcios sustent\u00e1veis.\" \/>\n<meta name=\"robots\" content=\"index, follow, max-snippet:-1, max-image-preview:large, max-video-preview:-1\" \/>\n<link rel=\"canonical\" href=\"https:\/\/www.correiobraziliense.com.br\/cbradar\/descubra-como-reaproveitar-a-casca-de-ovo-no-dia-a-dia\/\" \/>\n<meta property=\"og:locale\" content=\"pt_BR\" \/>\n<meta property=\"og:type\" content=\"article\" \/>\n<meta property=\"og:title\" content=\"Descubra como reaproveitar a casca de ovo no dia a dia - Correio Braziliense - Radar\" \/>\n<meta property=\"og:description\" content=\"Aprenda como reutilizar cascas de ovo no jardim, artesanato e alimenta\u00e7\u00e3o animal com seguran\u00e7a e benef\u00edcios sustent\u00e1veis.\" \/>\n<meta property=\"og:url\" content=\"https:\/\/www.correiobraziliense.com.br\/cbradar\/descubra-como-reaproveitar-a-casca-de-ovo-no-dia-a-dia\/\" \/>\n<meta property=\"og:site_name\" content=\"Correio Braziliense - Radar\" \/>\n<meta property=\"article:published_time\" content=\"2025-11-29T10:45:00+00:00\" \/>\n<meta property=\"og:image\" content=\"https:\/\/www.correiobraziliense.com.br\/cbradar\/wp-content\/uploads\/2025\/11\/Casca-de-Ovo_1764373041248.jpg\" \/>\n\t<meta property=\"og:image:width\" content=\"1280\" \/>\n\t<meta property=\"og:image:height\" content=\"720\" \/>\n\t<meta property=\"og:image:type\" content=\"image\/jpeg\" \/>\n<meta name=\"author\" content=\"guilherme_saude\" \/>\n<meta name=\"twitter:card\" content=\"summary_large_image\" \/>\n<meta name=\"twitter:label1\" content=\"Escrito por\" \/>\n\t<meta name=\"twitter:data1\" content=\"guilherme_saude\" \/>\n\t<meta name=\"twitter:label2\" content=\"Est. tempo de leitura\" \/>\n\t<meta name=\"twitter:data2\" content=\"4 minutos\" \/>\n<!-- \/ Yoast SEO plugin. -->","yoast_head_json":{"title":"Descubra como reaproveitar a casca de ovo no dia a dia - Correio Braziliense - Radar","description":"Aprenda como reutilizar cascas de ovo no jardim, artesanato e alimenta\u00e7\u00e3o animal com seguran\u00e7a e benef\u00edcios sustent\u00e1veis.","robots":{"index":"index","follow":"follow","max-snippet":"max-snippet:-1","max-image-preview":"max-image-preview:large","max-video-preview":"max-video-preview:-1"},"canonical":"https:\/\/www.correiobraziliense.com.br\/cbradar\/descubra-como-reaproveitar-a-casca-de-ovo-no-dia-a-dia\/","og_locale":"pt_BR","og_type":"article","og_title":"Descubra como reaproveitar a casca de ovo no dia a dia - Correio Braziliense - Radar","og_description":"Aprenda como reutilizar cascas de ovo no jardim, artesanato e alimenta\u00e7\u00e3o animal com seguran\u00e7a e benef\u00edcios sustent\u00e1veis.","og_url":"https:\/\/www.correiobraziliense.com.br\/cbradar\/descubra-como-reaproveitar-a-casca-de-ovo-no-dia-a-dia\/","og_site_name":"Correio Braziliense - Radar","article_published_time":"2025-11-29T10:45:00+00:00","og_image":[{"width":1280,"height":720,"url":"https:\/\/www.correiobraziliense.com.br\/cbradar\/wp-content\/uploads\/2025\/11\/Casca-de-Ovo_1764373041248.jpg","type":"image\/jpeg"}],"author":"guilherme_saude","twitter_card":"summary_large_image","twitter_misc":{"Escrito por":"guilherme_saude","Est. tempo de leitura":"4 minutos"},"schema":{"@context":"https:\/\/schema.org","@graph":[{"@type":"WebPage","@id":"https:\/\/www.correiobraziliense.com.br\/cbradar\/descubra-como-reaproveitar-a-casca-de-ovo-no-dia-a-dia\/","url":"https:\/\/www.correiobraziliense.com.br\/cbradar\/descubra-como-reaproveitar-a-casca-de-ovo-no-dia-a-dia\/","name":"Descubra como reaproveitar a casca de ovo no dia a dia - Correio Braziliense - Radar","isPartOf":{"@id":"https:\/\/www.correiobraziliense.com.br\/cbradar\/#website"},"primaryImageOfPage":{"@id":"https:\/\/www.correiobraziliense.com.br\/cbradar\/descubra-como-reaproveitar-a-casca-de-ovo-no-dia-a-dia\/#primaryimage"},"image":{"@id":"https:\/\/www.correiobraziliense.com.br\/cbradar\/descubra-como-reaproveitar-a-casca-de-ovo-no-dia-a-dia\/#primaryimage"},"thumbnailUrl":"https:\/\/www.correiobraziliense.com.br\/cbradar\/wp-content\/uploads\/2025\/11\/Casca-de-Ovo_1764373041248.jpg","datePublished":"2025-11-29T10:45:00+00:00","author":{"@id":"https:\/\/www.correiobraziliense.com.br\/cbradar\/#\/schema\/person\/5aa4bf3c8fa699c267933611de12978b"},"description":"Aprenda como reutilizar cascas de ovo no jardim, artesanato e alimenta\u00e7\u00e3o animal com seguran\u00e7a e benef\u00edcios sustent\u00e1veis.","breadcrumb":{"@id":"https:\/\/www.correiobraziliense.com.br\/cbradar\/descubra-como-reaproveitar-a-casca-de-ovo-no-dia-a-dia\/#breadcrumb"},"inLanguage":"pt-BR","potentialAction":[{"@type":"ReadAction","target":["https:\/\/www.correiobraziliense.com.br\/cbradar\/descubra-como-reaproveitar-a-casca-de-ovo-no-dia-a-dia\/"]}]},{"@type":"ImageObject","inLanguage":"pt-BR","@id":"https:\/\/www.correiobraziliense.com.br\/cbradar\/descubra-como-reaproveitar-a-casca-de-ovo-no-dia-a-dia\/#primaryimage","url":"https:\/\/www.correiobraziliense.com.br\/cbradar\/wp-content\/uploads\/2025\/11\/Casca-de-Ovo_1764373041248.jpg","contentUrl":"https:\/\/www.correiobraziliense.com.br\/cbradar\/wp-content\/uploads\/2025\/11\/Casca-de-Ovo_1764373041248.jpg","width":1280,"height":720,"caption":"Casca de Ovo - Cr\u00e9ditos: depositphotos.com \/ johndwilliamsUK"},{"@type":"BreadcrumbList","@id":"https:\/\/www.correiobraziliense.com.br\/cbradar\/descubra-como-reaproveitar-a-casca-de-ovo-no-dia-a-dia\/#breadcrumb","itemListElement":[{"@type":"ListItem","position":1,"name":"In\u00edcio","item":"https:\/\/www.correiobraziliense.com.br\/cbradar\/"},{"@type":"ListItem","position":2,"name":"Descubra como reaproveitar a casca de ovo no dia a dia"}]},{"@type":"WebSite","@id":"https:\/\/www.correiobraziliense.com.br\/cbradar\/#website","url":"https:\/\/www.correiobraziliense.com.br\/cbradar\/","name":"Correio Braziliense - Radar","description":"Acompanhe as \u00faltimas not\u00edcias e fique bem informado sobre tudo o que acontece no Brasil e no mundo.","potentialAction":[{"@type":"SearchAction","target":{"@type":"EntryPoint","urlTemplate":"https:\/\/www.correiobraziliense.com.br\/cbradar\/?s={search_term_string}"},"query-input":{"@type":"PropertyValueSpecification","valueRequired":true,"valueName":"search_term_string"}}],"inLanguage":"pt-BR"},{"@type":"Person","@id":"https:\/\/www.correiobraziliense.com.br\/cbradar\/#\/schema\/person\/5aa4bf3c8fa699c267933611de12978b","name":"guilherme_saude","image":{"@type":"ImageObject","inLanguage":"pt-BR","@id":"https:\/\/www.correiobraziliense.com.br\/cbradar\/#\/schema\/person\/image\/","url":"https:\/\/secure.gravatar.com\/avatar\/df9adfb835d344bc0af109d41756253f?s=96&d=mm&r=g","contentUrl":"https:\/\/secure.gravatar.com\/avatar\/df9adfb835d344bc0af109d41756253f?s=96&d=mm&r=g","caption":"guilherme_saude"},"url":"https:\/\/www.correiobraziliense.com.br\/cbradar\/author\/guilherme_saude\/"}]}},"_links":{"self":[{"href":"https:\/\/www.correiobraziliense.com.br\/cbradar\/wp-json\/wp\/v2\/posts\/146469","targetHints":{"allow":["GET"]}}],"collection":[{"href":"https:\/\/www.correiobraziliense.com.br\/cbradar\/wp-json\/wp\/v2\/posts"}],"about":[{"href":"https:\/\/www.correiobraziliense.com.br\/cbradar\/wp-json\/wp\/v2\/types\/post"}],"author":[{"embeddable":true,"href":"https:\/\/www.correiobraziliense.com.br\/cbradar\/wp-json\/wp\/v2\/users\/14"}],"replies":[{"embeddable":true,"href":"https:\/\/www.correiobraziliense.com.br\/cbradar\/wp-json\/wp\/v2\/comments?post=146469"}],"version-history":[{"count":1,"href":"https:\/\/www.correiobraziliense.com.br\/cbradar\/wp-json\/wp\/v2\/posts\/146469\/revisions"}],"predecessor-version":[{"id":146471,"href":"https:\/\/www.correiobraziliense.com.br\/cbradar\/wp-json\/wp\/v2\/posts\/146469\/revisions\/146471"}],"wp:featuredmedia":[{"embeddable":true,"href":"https:\/\/www.correiobraziliense.com.br\/cbradar\/wp-json\/wp\/v2\/media\/146470"}],"wp:attachment":[{"href":"https:\/\/www.correiobraziliense.com.br\/cbradar\/wp-json\/wp\/v2\/media?parent=146469"}],"wp:term":[{"taxonomy":"category","embeddable":true,"href":"https:\/\/www.correiobraziliense.com.br\/cbradar\/wp-json\/wp\/v2\/categories?post=146469"},{"taxonomy":"post_tag","embeddable":true,"href":"https:\/\/www.correiobraziliense.com.br\/cbradar\/wp-json\/wp\/v2\/post_tag?post=146469"}],"curies":[{"name":"wp","href":"https:\/\/api.w.org\/{rel}","templated":true}]}}