{"id":146473,"date":"2025-11-29T12:05:00","date_gmt":"2025-11-29T15:05:00","guid":{"rendered":"https:\/\/www.correiobraziliense.com.br\/cbradar\/?p=146473"},"modified":"2025-11-28T20:41:25","modified_gmt":"2025-11-28T23:41:25","slug":"como-afastar-os-cupins-e-por-que-fazem-mal-a-saude","status":"publish","type":"post","link":"https:\/\/www.correiobraziliense.com.br\/cbradar\/como-afastar-os-cupins-e-por-que-fazem-mal-a-saude\/","title":{"rendered":"Como afastar os Cupins e por que fazem mal \u00e0 sa\u00fade"},"content":{"rendered":"\n<p>O calor e a umidade caracter\u00edsticas do ver\u00e3o criam um ambiente atrativo para os <strong>Cupins<\/strong>, que aproveitam essa esta\u00e7\u00e3o para se proliferarem. Esses insetos, conhecidos por causarem danos significativos a estruturas de madeira, encontram condi\u00e7\u00f5es ideais durante esse per\u00edodo para formar col\u00f4nias e se alimentarem dos materiais org\u00e2nicos presentes nas resid\u00eancias. Contudo, existem medidas eficazes que podem ser implementadas para prevenir a infesta\u00e7\u00e3o sem recorrer a produtos qu\u00edmicos pesados ou interven\u00e7\u00f5es extremas.<\/p>\n\n\n\n<p>Os Cupins se espalham rapidamente em ambientes \u00famidos e quentes, condi\u00e7\u00f5es frequentemente encontradas durante o ver\u00e3o. Assim, \u00e9 importante adotar pr\u00e1ticas preventivas para proteger a integridade das estruturas de madeira em casa. Deixa-las ventiladas e secas \u00e9 uma das t\u00e1ticas essenciais para impedir que esses insetos encontrem terreno f\u00e9rtil para a instala\u00e7\u00e3o de suas col\u00f4nias, garantindo assim que a casa continue segura e protegida.<\/p>\n\n\n\n<h2 class=\"wp-block-heading\">Quais cuidados devem ser tomados com os rodap\u00e9s?<\/h2>\n\n\n\n<p>Manter os rodap\u00e9s bem cuidados \u00e9 crucial para evitar infiltra\u00e7\u00f5es que possam facilitar o acesso dos Cupins. O uso de vedantes apropriados, como silicone ou massa acr\u00edlica, ajuda a selar poss\u00edveis fendas que possam servir de entrada para os insetos. Al\u00e9m disso, \u00e9 recomendado que os rodap\u00e9s sejam tratados com verniz ou tinta protetora, para criar uma camada de defesa adicional contra a umidade e o desgaste natural.<\/p>\n\n\n<div class=\"wp-block-image\">\n<figure class=\"aligncenter size-large\"><img decoding=\"async\" width=\"1024\" height=\"576\" src=\"https:\/\/www.correiobraziliense.com.br\/cbradar\/wp-content\/uploads\/2025\/11\/Cupins_1764373295934-1024x576.jpg\" alt=\"\" class=\"wp-image-146475\" srcset=\"https:\/\/www.correiobraziliense.com.br\/cbradar\/wp-content\/uploads\/2025\/11\/Cupins_1764373295934-1024x576.jpg 1024w, https:\/\/www.correiobraziliense.com.br\/cbradar\/wp-content\/uploads\/2025\/11\/Cupins_1764373295934-300x169.jpg 300w, https:\/\/www.correiobraziliense.com.br\/cbradar\/wp-content\/uploads\/2025\/11\/Cupins_1764373295934-768x432.jpg 768w, https:\/\/www.correiobraziliense.com.br\/cbradar\/wp-content\/uploads\/2025\/11\/Cupins_1764373295934-750x422.jpg 750w, https:\/\/www.correiobraziliense.com.br\/cbradar\/wp-content\/uploads\/2025\/11\/Cupins_1764373295934-1140x641.jpg 1140w, https:\/\/www.correiobraziliense.com.br\/cbradar\/wp-content\/uploads\/2025\/11\/Cupins_1764373295934.jpg 1280w\" sizes=\"(max-width: 1024px) 100vw, 1024px\" \/><figcaption class=\"wp-element-caption\">cupins &#8211; Cr\u00e9ditos: depositphotos.com \/ smuayc<\/figcaption><\/figure><\/div>\n\n\n<h2 class=\"wp-block-heading\">Como garantir a ventila\u00e7\u00e3o dos arm\u00e1rios embutidos?<\/h2>\n\n\n\n<p>Arm\u00e1rios embutidos podem acumular umidade e calor, tornando-se locais ideais para a instala\u00e7\u00e3o de col\u00f4nias de Cupins. Instalar dispositivos de ventila\u00e7\u00e3o, como grelhas ou aberturas, ajuda a manter o ar circulando e a umidade sob controle. \u00c9 tamb\u00e9m aconselh\u00e1vel evitar o armazenamento de itens \u00famidos ou mal secos no interior desses arm\u00e1rios, al\u00e9m de realizar inspe\u00e7\u00f5es regulares para verificar sinais de <a href=\"https:\/\/www.correiobraziliense.com.br\/cbradar\/medico-explica-como-o-emagrecimento-muda-sua-vida-sexual\/\" target=\"_blank\" rel=\"noreferrer noopener\">infesta\u00e7\u00e3o<\/a>.<\/p>\n\n\n\n<h2 class=\"wp-block-heading\">De que maneira as prateleiras devem ser protegidas?<\/h2>\n\n\n\n<p>Prateleiras fixadas diretamente nas paredes podem atrais Cupins, especialmente se houver rachaduras ou infiltra\u00e7\u00f5es. Para evitar problemas, \u00e9 poss\u00edvel utilizar cal\u00e7os de silicone que afastem a madeira da parede, garantindo que o ar circule livremente e n\u00e3o haja contato direto. Tamb\u00e9m \u00e9 importante impermeabilizar as paredes pr\u00f3ximas com produtos adequados, prevenindo a entrada de umidade que favore\u00e7a o surgimento de Cupins.<\/p>\n\n\n\n<h2 class=\"wp-block-heading\">Quais s\u00e3o as pr\u00e1ticas gerais para prevenir Cupins?<\/h2>\n\n\n\n<p>A preven\u00e7\u00e3o come\u00e7a com uma inspe\u00e7\u00e3o detalhada de todos os c\u00f4modos que contam com estruturas de madeira, certificando-se de eliminar qualquer foco de umidade. Al\u00e9m disso, o uso de materiais impermeabilizantes apropriados contribui para a prote\u00e7\u00e3o das superf\u00edcies internas. Esse conjunto de medidas, implementado antes do ver\u00e3o, ajuda a manter a casa livre de Cupins, protegendo tanto m\u00f3veis quanto estruturas em geral.<\/p>\n\n\n<a href=\"https:\/\/www.instagram.com\/dra.annaluisabf\/\" target=\"_blank\" rel=\"noopener\" style=\"text-decoration: none; color: inherit;\">\n    <span style=\"display: inline-block; border: 1px solid #ccc; border-radius: 10px; padding: 15px; max-width: 550px; font-family: sans-serif; box-shadow: 0 2px 5px rgba(0,0,0,0.1); width: 100%;\">\n\n      <!-- T\u00edtulo -->\n      <span style=\"display: block; margin: 0 0 15px 0; font-weight: bold; color: #2c3e50; text-align: center;\">\n        Entre em contato:\n      <\/span>\n\n      <!-- Linha do perfil -->\n      <span style=\"display: flex; align-items: center; gap: 15px;\">\n        <img decoding=\"async\"\n          src=\"https:\/\/www.correiobraziliense.com.br\/cbradar\/wp-content\/uploads\/2025\/08\/dra_anna_luisa.jpeg\"\n          alt=\"Foto da Dra. Anna Lu\u00edsa\"\n          style=\"border-radius: 50%; width: 80px; height: 80px; object-fit: cover;\"\n        \/>\n        <span style=\"display: flex; flex-direction: column;\">\n          <span style=\"font-size: 18px; font-weight: 700; color: #2c3e50;\">Dra. Anna Lu\u00edsa Barbosa Fernandes<\/span>\n          <span style=\"color: #555;\">CRM-GO 33.271<\/span>\n        <\/span>\n      <\/span>\n\n      <!-- Redes -->\n      <span style=\"display: flex; align-items: center; gap: 10px; margin-top: 12px;\">\n        <img decoding=\"async\" src=\"https:\/\/cdn-icons-png.flaticon.com\/24\/1384\/1384063.png\" alt=\"Instagram\" width=\"24\" height=\"24\" \/>\n        <span style=\"text-decoration: underline; color: #2c3e50;\">@dra.annaluisabf<\/span>\n      <\/span>\n\n    <\/span>\n  <\/a>\n\n\n<p><\/p>\n","protected":false},"excerpt":{"rendered":"<p>O calor e a umidade caracter\u00edsticas do ver\u00e3o criam um ambiente atrativo para os Cupins, que aproveitam essa esta\u00e7\u00e3o para se proliferarem. Esses insetos, conhecidos por causarem danos significativos a estruturas de madeira, encontram condi\u00e7\u00f5es ideais durante esse per\u00edodo para formar col\u00f4nias e se alimentarem dos materiais org\u00e2nicos presentes nas resid\u00eancias. Contudo, existem medidas eficazes [&hellip;]<\/p>\n","protected":false},"author":14,"featured_media":146474,"comment_status":"open","ping_status":"open","sticky":false,"template":"","format":"standard","meta":{"_yoast_wpseo_focuskw":"Cupins","_yoast_wpseo_title":"","_yoast_wpseo_metadesc":"Calor e umidade favorecem cupins no ver\u00e3o. Saiba como proteger m\u00f3veis e estruturas de madeira com medidas simples e eficazes.","jnews-multi-image_gallery":[],"jnews_single_post":{"format":"standard"},"jnews_primary_category":[],"jnews_social_meta":[],"jnews_override_counter":[],"footnotes":""},"categories":[4404],"post_tag":[281,120,12052,1318],"class_list":["post-146473","post","type-post","status-publish","format-standard","has-post-thumbnail","hentry","category-saude","tag-alimentacao","tag-bem-estar","tag-cupins","tag-saude-2"],"yoast_head":"<!-- This site is optimized with the Yoast SEO plugin v24.6 - https:\/\/yoast.com\/wordpress\/plugins\/seo\/ -->\n<title>Como afastar os Cupins e por que fazem mal \u00e0 sa\u00fade - Correio Braziliense - Radar<\/title>\n<meta name=\"description\" content=\"Calor e umidade favorecem cupins no ver\u00e3o. Saiba como proteger m\u00f3veis e estruturas de madeira com medidas simples e eficazes.\" \/>\n<meta name=\"robots\" content=\"index, follow, max-snippet:-1, max-image-preview:large, max-video-preview:-1\" \/>\n<link rel=\"canonical\" href=\"https:\/\/www.correiobraziliense.com.br\/cbradar\/como-afastar-os-cupins-e-por-que-fazem-mal-a-saude\/\" \/>\n<meta property=\"og:locale\" content=\"pt_BR\" \/>\n<meta property=\"og:type\" content=\"article\" \/>\n<meta property=\"og:title\" content=\"Como afastar os Cupins e por que fazem mal \u00e0 sa\u00fade - Correio Braziliense - Radar\" \/>\n<meta property=\"og:description\" content=\"Calor e umidade favorecem cupins no ver\u00e3o. Saiba como proteger m\u00f3veis e estruturas de madeira com medidas simples e eficazes.\" \/>\n<meta property=\"og:url\" content=\"https:\/\/www.correiobraziliense.com.br\/cbradar\/como-afastar-os-cupins-e-por-que-fazem-mal-a-saude\/\" \/>\n<meta property=\"og:site_name\" content=\"Correio Braziliense - Radar\" \/>\n<meta property=\"article:published_time\" content=\"2025-11-29T15:05:00+00:00\" \/>\n<meta property=\"og:image\" content=\"https:\/\/www.correiobraziliense.com.br\/cbradar\/wp-content\/uploads\/2025\/11\/Cupins_1764373278193.jpg\" \/>\n\t<meta property=\"og:image:width\" content=\"1280\" \/>\n\t<meta property=\"og:image:height\" content=\"720\" \/>\n\t<meta property=\"og:image:type\" content=\"image\/jpeg\" \/>\n<meta name=\"author\" content=\"guilherme_saude\" \/>\n<meta name=\"twitter:card\" content=\"summary_large_image\" \/>\n<meta name=\"twitter:label1\" content=\"Escrito por\" \/>\n\t<meta name=\"twitter:data1\" content=\"guilherme_saude\" \/>\n\t<meta name=\"twitter:label2\" content=\"Est. tempo de leitura\" \/>\n\t<meta name=\"twitter:data2\" content=\"4 minutos\" \/>\n<!-- \/ Yoast SEO plugin. -->","yoast_head_json":{"title":"Como afastar os Cupins e por que fazem mal \u00e0 sa\u00fade - Correio Braziliense - Radar","description":"Calor e umidade favorecem cupins no ver\u00e3o. Saiba como proteger m\u00f3veis e estruturas de madeira com medidas simples e eficazes.","robots":{"index":"index","follow":"follow","max-snippet":"max-snippet:-1","max-image-preview":"max-image-preview:large","max-video-preview":"max-video-preview:-1"},"canonical":"https:\/\/www.correiobraziliense.com.br\/cbradar\/como-afastar-os-cupins-e-por-que-fazem-mal-a-saude\/","og_locale":"pt_BR","og_type":"article","og_title":"Como afastar os Cupins e por que fazem mal \u00e0 sa\u00fade - Correio Braziliense - Radar","og_description":"Calor e umidade favorecem cupins no ver\u00e3o. Saiba como proteger m\u00f3veis e estruturas de madeira com medidas simples e eficazes.","og_url":"https:\/\/www.correiobraziliense.com.br\/cbradar\/como-afastar-os-cupins-e-por-que-fazem-mal-a-saude\/","og_site_name":"Correio Braziliense - Radar","article_published_time":"2025-11-29T15:05:00+00:00","og_image":[{"width":1280,"height":720,"url":"https:\/\/www.correiobraziliense.com.br\/cbradar\/wp-content\/uploads\/2025\/11\/Cupins_1764373278193.jpg","type":"image\/jpeg"}],"author":"guilherme_saude","twitter_card":"summary_large_image","twitter_misc":{"Escrito por":"guilherme_saude","Est. tempo de leitura":"4 minutos"},"schema":{"@context":"https:\/\/schema.org","@graph":[{"@type":"WebPage","@id":"https:\/\/www.correiobraziliense.com.br\/cbradar\/como-afastar-os-cupins-e-por-que-fazem-mal-a-saude\/","url":"https:\/\/www.correiobraziliense.com.br\/cbradar\/como-afastar-os-cupins-e-por-que-fazem-mal-a-saude\/","name":"Como afastar os Cupins e por que fazem mal \u00e0 sa\u00fade - Correio Braziliense - Radar","isPartOf":{"@id":"https:\/\/www.correiobraziliense.com.br\/cbradar\/#website"},"primaryImageOfPage":{"@id":"https:\/\/www.correiobraziliense.com.br\/cbradar\/como-afastar-os-cupins-e-por-que-fazem-mal-a-saude\/#primaryimage"},"image":{"@id":"https:\/\/www.correiobraziliense.com.br\/cbradar\/como-afastar-os-cupins-e-por-que-fazem-mal-a-saude\/#primaryimage"},"thumbnailUrl":"https:\/\/www.correiobraziliense.com.br\/cbradar\/wp-content\/uploads\/2025\/11\/Cupins_1764373278193.jpg","datePublished":"2025-11-29T15:05:00+00:00","author":{"@id":"https:\/\/www.correiobraziliense.com.br\/cbradar\/#\/schema\/person\/5aa4bf3c8fa699c267933611de12978b"},"description":"Calor e umidade favorecem cupins no ver\u00e3o. Saiba como proteger m\u00f3veis e estruturas de madeira com medidas simples e eficazes.","breadcrumb":{"@id":"https:\/\/www.correiobraziliense.com.br\/cbradar\/como-afastar-os-cupins-e-por-que-fazem-mal-a-saude\/#breadcrumb"},"inLanguage":"pt-BR","potentialAction":[{"@type":"ReadAction","target":["https:\/\/www.correiobraziliense.com.br\/cbradar\/como-afastar-os-cupins-e-por-que-fazem-mal-a-saude\/"]}]},{"@type":"ImageObject","inLanguage":"pt-BR","@id":"https:\/\/www.correiobraziliense.com.br\/cbradar\/como-afastar-os-cupins-e-por-que-fazem-mal-a-saude\/#primaryimage","url":"https:\/\/www.correiobraziliense.com.br\/cbradar\/wp-content\/uploads\/2025\/11\/Cupins_1764373278193.jpg","contentUrl":"https:\/\/www.correiobraziliense.com.br\/cbradar\/wp-content\/uploads\/2025\/11\/Cupins_1764373278193.jpg","width":1280,"height":720,"caption":"cupins - Cr\u00e9ditos: depositphotos.com \/ naibankfotos"},{"@type":"BreadcrumbList","@id":"https:\/\/www.correiobraziliense.com.br\/cbradar\/como-afastar-os-cupins-e-por-que-fazem-mal-a-saude\/#breadcrumb","itemListElement":[{"@type":"ListItem","position":1,"name":"In\u00edcio","item":"https:\/\/www.correiobraziliense.com.br\/cbradar\/"},{"@type":"ListItem","position":2,"name":"Como afastar os Cupins e por que fazem mal \u00e0 sa\u00fade"}]},{"@type":"WebSite","@id":"https:\/\/www.correiobraziliense.com.br\/cbradar\/#website","url":"https:\/\/www.correiobraziliense.com.br\/cbradar\/","name":"Correio Braziliense - Radar","description":"Acompanhe as \u00faltimas not\u00edcias e fique bem informado sobre tudo o que acontece no Brasil e no mundo.","potentialAction":[{"@type":"SearchAction","target":{"@type":"EntryPoint","urlTemplate":"https:\/\/www.correiobraziliense.com.br\/cbradar\/?s={search_term_string}"},"query-input":{"@type":"PropertyValueSpecification","valueRequired":true,"valueName":"search_term_string"}}],"inLanguage":"pt-BR"},{"@type":"Person","@id":"https:\/\/www.correiobraziliense.com.br\/cbradar\/#\/schema\/person\/5aa4bf3c8fa699c267933611de12978b","name":"guilherme_saude","image":{"@type":"ImageObject","inLanguage":"pt-BR","@id":"https:\/\/www.correiobraziliense.com.br\/cbradar\/#\/schema\/person\/image\/","url":"https:\/\/secure.gravatar.com\/avatar\/df9adfb835d344bc0af109d41756253f?s=96&d=mm&r=g","contentUrl":"https:\/\/secure.gravatar.com\/avatar\/df9adfb835d344bc0af109d41756253f?s=96&d=mm&r=g","caption":"guilherme_saude"},"url":"https:\/\/www.correiobraziliense.com.br\/cbradar\/author\/guilherme_saude\/"}]}},"_links":{"self":[{"href":"https:\/\/www.correiobraziliense.com.br\/cbradar\/wp-json\/wp\/v2\/posts\/146473","targetHints":{"allow":["GET"]}}],"collection":[{"href":"https:\/\/www.correiobraziliense.com.br\/cbradar\/wp-json\/wp\/v2\/posts"}],"about":[{"href":"https:\/\/www.correiobraziliense.com.br\/cbradar\/wp-json\/wp\/v2\/types\/post"}],"author":[{"embeddable":true,"href":"https:\/\/www.correiobraziliense.com.br\/cbradar\/wp-json\/wp\/v2\/users\/14"}],"replies":[{"embeddable":true,"href":"https:\/\/www.correiobraziliense.com.br\/cbradar\/wp-json\/wp\/v2\/comments?post=146473"}],"version-history":[{"count":1,"href":"https:\/\/www.correiobraziliense.com.br\/cbradar\/wp-json\/wp\/v2\/posts\/146473\/revisions"}],"predecessor-version":[{"id":146476,"href":"https:\/\/www.correiobraziliense.com.br\/cbradar\/wp-json\/wp\/v2\/posts\/146473\/revisions\/146476"}],"wp:featuredmedia":[{"embeddable":true,"href":"https:\/\/www.correiobraziliense.com.br\/cbradar\/wp-json\/wp\/v2\/media\/146474"}],"wp:attachment":[{"href":"https:\/\/www.correiobraziliense.com.br\/cbradar\/wp-json\/wp\/v2\/media?parent=146473"}],"wp:term":[{"taxonomy":"category","embeddable":true,"href":"https:\/\/www.correiobraziliense.com.br\/cbradar\/wp-json\/wp\/v2\/categories?post=146473"},{"taxonomy":"post_tag","embeddable":true,"href":"https:\/\/www.correiobraziliense.com.br\/cbradar\/wp-json\/wp\/v2\/post_tag?post=146473"}],"curies":[{"name":"wp","href":"https:\/\/api.w.org\/{rel}","templated":true}]}}