{"id":146478,"date":"2025-11-29T15:55:00","date_gmt":"2025-11-29T18:55:00","guid":{"rendered":"https:\/\/www.correiobraziliense.com.br\/cbradar\/?p=146478"},"modified":"2025-11-28T20:43:59","modified_gmt":"2025-11-28T23:43:59","slug":"conheca-os-3-tipos-de-paprica-e-para-que-serve-cada-uma-delas","status":"publish","type":"post","link":"https:\/\/www.correiobraziliense.com.br\/cbradar\/conheca-os-3-tipos-de-paprica-e-para-que-serve-cada-uma-delas\/","title":{"rendered":"Conhe\u00e7a os 3 tipos de p\u00e1prica e para que serve cada uma delas"},"content":{"rendered":"\n<p>A <strong>P\u00e1prica <\/strong>desempenha um papel crucial muito al\u00e9m de simplesmente adicionar cor a pratos. Existem diversas variantes desse tempero, cada uma com um perfil de sabor \u00fanico que pode transformar prepara\u00e7\u00f5es culin\u00e1rias comuns em experi\u00eancias sofisticadas e complexas. Ao decidir pela ado\u00e7\u00e3o de um tipo espec\u00edfico de P\u00e1prica, \u00e9 poss\u00edvel intensificar o sabor dos pratos de forma balanceada.<\/p>\n\n\n\n<p>As op\u00e7\u00f5es de P\u00e1prica englobam uma variedade de sabores, desde o toque sutil da P\u00e1prica doce at\u00e9 a intensidade marcante da vers\u00e3o picante. Cada uma delas oferece benef\u00edcios tanto para o sabor quanto durante a prepara\u00e7\u00e3o dos alimentos, sem mencionar suas contribui\u00e7\u00f5es para a sa\u00fade devido \u00e0 presen\u00e7a de antioxidantes e compostos bioativos.<\/p>\n\n\n\n<h2 class=\"wp-block-heading\">Por que a escolha correta da P\u00e1prica importa na culin\u00e1ria?<\/h2>\n\n\n\n<p>A decis\u00e3o de qual tipo de P\u00e1prica utilizar afeta significativamente a fragr\u00e2ncia e o sabor dos alimentos preparados. Quando uma variedade inadequada \u00e9 escolhida, ela pode mascarar outros ingredientes ou deixar o prato sem vida. Al\u00e9m disso, a P\u00e1prica oferece antioxidantes e compostos ben\u00e9ficos para a <a href=\"https:\/\/www.correiobraziliense.com.br\/cbradar\/medico-explica-como-o-emagrecimento-muda-sua-vida-sexual\/\" target=\"_blank\" rel=\"noreferrer noopener\">sa\u00fade <\/a>quando usada corretamente e com modera\u00e7\u00e3o.<\/p>\n\n\n\n<h2 class=\"wp-block-heading\">Qual \u00e9 a diferen\u00e7a entre a P\u00e1prica doce e a picante?<\/h2>\n\n\n\n<p>A principal caracter\u00edstica da P\u00e1prica doce \u00e9 sua habilidade de aportar cor vibrante aos pratos sem alterar seus sabores intr\u00ednsecos. Este tipo \u00e9 ideal para quem busca uma melhoria visual em molhos leves, saladas e cremes, contribuindo para apresenta\u00e7\u00f5es elegantes dos pratos.<\/p>\n\n\n<div class=\"wp-block-image\">\n<figure class=\"aligncenter size-large\"><img decoding=\"async\" width=\"1024\" height=\"576\" src=\"https:\/\/www.correiobraziliense.com.br\/cbradar\/wp-content\/uploads\/2025\/11\/Paprica_1764373413567-1024x576.jpg\" alt=\"\" class=\"wp-image-146480\" srcset=\"https:\/\/www.correiobraziliense.com.br\/cbradar\/wp-content\/uploads\/2025\/11\/Paprica_1764373413567-1024x576.jpg 1024w, https:\/\/www.correiobraziliense.com.br\/cbradar\/wp-content\/uploads\/2025\/11\/Paprica_1764373413567-300x169.jpg 300w, https:\/\/www.correiobraziliense.com.br\/cbradar\/wp-content\/uploads\/2025\/11\/Paprica_1764373413567-768x432.jpg 768w, https:\/\/www.correiobraziliense.com.br\/cbradar\/wp-content\/uploads\/2025\/11\/Paprica_1764373413567-750x422.jpg 750w, https:\/\/www.correiobraziliense.com.br\/cbradar\/wp-content\/uploads\/2025\/11\/Paprica_1764373413567-1140x641.jpg 1140w, https:\/\/www.correiobraziliense.com.br\/cbradar\/wp-content\/uploads\/2025\/11\/Paprica_1764373413567.jpg 1280w\" sizes=\"(max-width: 1024px) 100vw, 1024px\" \/><figcaption class=\"wp-element-caption\">P\u00e1prica &#8211; Cr\u00e9ditos: depositphotos.com \/ KostyaKlimenko<\/figcaption><\/figure><\/div>\n\n\n<h2 class=\"wp-block-heading\">A P\u00e1prica defumada e seu impacto nos preparos de carne<\/h2>\n\n\n\n<p>A P\u00e1prica defumada transporta um sabor profundo e arom\u00e1tico, especialmente quando usada em molhos, carnes grelhadas ou assadas. Seu aroma marcante pode substituir o uso excessivo de defumadores, oferecendo um perfil de sabor defumado e rico, acrescentando profundidade e combinando perfeitamente com carnes vermelhas e aves.<\/p>\n\n\n\n<h2 class=\"wp-block-heading\">Como a P\u00e1prica picante pode transformar petiscos e molhos?<\/h2>\n\n\n\n<p>Para apreciadores de um toque de calor, a P\u00e1prica picante \u00e9 a escolha perfeita. Este tipo \u00e9 ideal para temperar molhos \u00e0 base de maionese ou adicionar um sabor marcante e textura a snacks como batatas fritas e chips. Concentrando sabor e calor, ela pode real\u00e7ar legumes assados de forma impactante e energ\u00e9tica.<\/p>\n\n\n\n<h2 class=\"wp-block-heading\">Estrat\u00e9gias para maximizar o uso de diferentes tipos de P\u00e1prica na cozinha<\/h2>\n\n\n\n<p>O segredo para aproveitar ao m\u00e1ximo a P\u00e1prica na culin\u00e1ria est\u00e1 na escolha cuidadosa do tipo adequado para cada prato e nos ajustes de dosagem para obter resultados balanceados. Ao experimentar diferentes dosagens e combina\u00e7\u00f5es, \u00e9 poss\u00edvel explorar uma gama diversificada de sabores, intensificando pratos simples com camadas de complexidade sofisticada.<\/p>\n\n\n\n<p>Em conclus\u00e3o, cada tipo de P\u00e1prica oferece um potencial distinto de sabor e benef\u00edcios \u00e0 sa\u00fade, permitindo ao cozinheiro criar pratos que s\u00e3o n\u00e3o apenas agrad\u00e1veis aos olhos, mas enriquecidos com caracter\u00edsticas \u00fanicas de sabor. A versatilidade da p\u00e1prica em todas as suas formas torna este tempero um componente essencial em qualquer cozinha diversificada.<\/p>\n\n\n<a href=\"https:\/\/www.instagram.com\/dra.annaluisabf\/\" target=\"_blank\" rel=\"noopener\" style=\"text-decoration: none; color: inherit;\">\n    <span style=\"display: inline-block; border: 1px solid #ccc; border-radius: 10px; padding: 15px; max-width: 550px; font-family: sans-serif; box-shadow: 0 2px 5px rgba(0,0,0,0.1); width: 100%;\">\n\n      <!-- T\u00edtulo -->\n      <span style=\"display: block; margin: 0 0 15px 0; font-weight: bold; color: #2c3e50; text-align: center;\">\n        Entre em contato:\n      <\/span>\n\n      <!-- Linha do perfil -->\n      <span style=\"display: flex; align-items: center; gap: 15px;\">\n        <img decoding=\"async\"\n          src=\"https:\/\/www.correiobraziliense.com.br\/cbradar\/wp-content\/uploads\/2025\/08\/dra_anna_luisa.jpeg\"\n          alt=\"Foto da Dra. Anna Lu\u00edsa\"\n          style=\"border-radius: 50%; width: 80px; height: 80px; object-fit: cover;\"\n        \/>\n        <span style=\"display: flex; flex-direction: column;\">\n          <span style=\"font-size: 18px; font-weight: 700; color: #2c3e50;\">Dra. Anna Lu\u00edsa Barbosa Fernandes<\/span>\n          <span style=\"color: #555;\">CRM-GO 33.271<\/span>\n        <\/span>\n      <\/span>\n\n      <!-- Redes -->\n      <span style=\"display: flex; align-items: center; gap: 10px; margin-top: 12px;\">\n        <img decoding=\"async\" src=\"https:\/\/cdn-icons-png.flaticon.com\/24\/1384\/1384063.png\" alt=\"Instagram\" width=\"24\" height=\"24\" \/>\n        <span style=\"text-decoration: underline; color: #2c3e50;\">@dra.annaluisabf<\/span>\n      <\/span>\n\n    <\/span>\n  <\/a>","protected":false},"excerpt":{"rendered":"<p>A P\u00e1prica desempenha um papel crucial muito al\u00e9m de simplesmente adicionar cor a pratos. Existem diversas variantes desse tempero, cada uma com um perfil de sabor \u00fanico que pode transformar prepara\u00e7\u00f5es culin\u00e1rias comuns em experi\u00eancias sofisticadas e complexas. Ao decidir pela ado\u00e7\u00e3o de um tipo espec\u00edfico de P\u00e1prica, \u00e9 poss\u00edvel intensificar o sabor dos pratos [&hellip;]<\/p>\n","protected":false},"author":14,"featured_media":146479,"comment_status":"open","ping_status":"open","sticky":false,"template":"","format":"standard","meta":{"_yoast_wpseo_focuskw":"P\u00e1prica","_yoast_wpseo_title":"","_yoast_wpseo_metadesc":"Entenda as diferen\u00e7as entre os tipos de p\u00e1prica e aprenda a usar cada um para real\u00e7ar sabores sem errar na cozinha.","jnews-multi-image_gallery":[],"jnews_single_post":{"format":"standard"},"jnews_primary_category":[],"jnews_social_meta":[],"jnews_override_counter":[],"footnotes":""},"categories":[4404],"post_tag":[281,1423,120,1318],"class_list":["post-146478","post","type-post","status-publish","format-standard","has-post-thumbnail","hentry","category-saude","tag-alimentacao","tag-alimentos","tag-bem-estar","tag-saude-2"],"yoast_head":"<!-- This site is optimized with the Yoast SEO plugin v24.6 - https:\/\/yoast.com\/wordpress\/plugins\/seo\/ -->\n<title>Conhe\u00e7a os 3 tipos de p\u00e1prica e para que serve cada uma delas - Correio Braziliense - Radar<\/title>\n<meta name=\"description\" content=\"Entenda as diferen\u00e7as entre os tipos de p\u00e1prica e aprenda a usar cada um para real\u00e7ar sabores sem errar na cozinha.\" \/>\n<meta name=\"robots\" content=\"index, follow, max-snippet:-1, max-image-preview:large, max-video-preview:-1\" \/>\n<link rel=\"canonical\" href=\"https:\/\/www.correiobraziliense.com.br\/cbradar\/conheca-os-3-tipos-de-paprica-e-para-que-serve-cada-uma-delas\/\" \/>\n<meta property=\"og:locale\" content=\"pt_BR\" \/>\n<meta property=\"og:type\" content=\"article\" \/>\n<meta property=\"og:title\" content=\"Conhe\u00e7a os 3 tipos de p\u00e1prica e para que serve cada uma delas - Correio Braziliense - Radar\" \/>\n<meta property=\"og:description\" content=\"Entenda as diferen\u00e7as entre os tipos de p\u00e1prica e aprenda a usar cada um para real\u00e7ar sabores sem errar na cozinha.\" \/>\n<meta property=\"og:url\" content=\"https:\/\/www.correiobraziliense.com.br\/cbradar\/conheca-os-3-tipos-de-paprica-e-para-que-serve-cada-uma-delas\/\" \/>\n<meta property=\"og:site_name\" content=\"Correio Braziliense - Radar\" \/>\n<meta property=\"article:published_time\" content=\"2025-11-29T18:55:00+00:00\" \/>\n<meta property=\"og:image\" content=\"https:\/\/www.correiobraziliense.com.br\/cbradar\/wp-content\/uploads\/2025\/11\/Paprica_1764373383035.jpg\" \/>\n\t<meta property=\"og:image:width\" content=\"1280\" \/>\n\t<meta property=\"og:image:height\" content=\"720\" \/>\n\t<meta property=\"og:image:type\" content=\"image\/jpeg\" \/>\n<meta name=\"author\" content=\"guilherme_saude\" \/>\n<meta name=\"twitter:card\" content=\"summary_large_image\" \/>\n<meta name=\"twitter:label1\" content=\"Escrito por\" \/>\n\t<meta name=\"twitter:data1\" content=\"guilherme_saude\" \/>\n\t<meta name=\"twitter:label2\" content=\"Est. tempo de leitura\" \/>\n\t<meta name=\"twitter:data2\" content=\"4 minutos\" \/>\n<!-- \/ Yoast SEO plugin. -->","yoast_head_json":{"title":"Conhe\u00e7a os 3 tipos de p\u00e1prica e para que serve cada uma delas - Correio Braziliense - Radar","description":"Entenda as diferen\u00e7as entre os tipos de p\u00e1prica e aprenda a usar cada um para real\u00e7ar sabores sem errar na cozinha.","robots":{"index":"index","follow":"follow","max-snippet":"max-snippet:-1","max-image-preview":"max-image-preview:large","max-video-preview":"max-video-preview:-1"},"canonical":"https:\/\/www.correiobraziliense.com.br\/cbradar\/conheca-os-3-tipos-de-paprica-e-para-que-serve-cada-uma-delas\/","og_locale":"pt_BR","og_type":"article","og_title":"Conhe\u00e7a os 3 tipos de p\u00e1prica e para que serve cada uma delas - Correio Braziliense - Radar","og_description":"Entenda as diferen\u00e7as entre os tipos de p\u00e1prica e aprenda a usar cada um para real\u00e7ar sabores sem errar na cozinha.","og_url":"https:\/\/www.correiobraziliense.com.br\/cbradar\/conheca-os-3-tipos-de-paprica-e-para-que-serve-cada-uma-delas\/","og_site_name":"Correio Braziliense - Radar","article_published_time":"2025-11-29T18:55:00+00:00","og_image":[{"width":1280,"height":720,"url":"https:\/\/www.correiobraziliense.com.br\/cbradar\/wp-content\/uploads\/2025\/11\/Paprica_1764373383035.jpg","type":"image\/jpeg"}],"author":"guilherme_saude","twitter_card":"summary_large_image","twitter_misc":{"Escrito por":"guilherme_saude","Est. tempo de leitura":"4 minutos"},"schema":{"@context":"https:\/\/schema.org","@graph":[{"@type":"WebPage","@id":"https:\/\/www.correiobraziliense.com.br\/cbradar\/conheca-os-3-tipos-de-paprica-e-para-que-serve-cada-uma-delas\/","url":"https:\/\/www.correiobraziliense.com.br\/cbradar\/conheca-os-3-tipos-de-paprica-e-para-que-serve-cada-uma-delas\/","name":"Conhe\u00e7a os 3 tipos de p\u00e1prica e para que serve cada uma delas - Correio Braziliense - Radar","isPartOf":{"@id":"https:\/\/www.correiobraziliense.com.br\/cbradar\/#website"},"primaryImageOfPage":{"@id":"https:\/\/www.correiobraziliense.com.br\/cbradar\/conheca-os-3-tipos-de-paprica-e-para-que-serve-cada-uma-delas\/#primaryimage"},"image":{"@id":"https:\/\/www.correiobraziliense.com.br\/cbradar\/conheca-os-3-tipos-de-paprica-e-para-que-serve-cada-uma-delas\/#primaryimage"},"thumbnailUrl":"https:\/\/www.correiobraziliense.com.br\/cbradar\/wp-content\/uploads\/2025\/11\/Paprica_1764373383035.jpg","datePublished":"2025-11-29T18:55:00+00:00","author":{"@id":"https:\/\/www.correiobraziliense.com.br\/cbradar\/#\/schema\/person\/5aa4bf3c8fa699c267933611de12978b"},"description":"Entenda as diferen\u00e7as entre os tipos de p\u00e1prica e aprenda a usar cada um para real\u00e7ar sabores sem errar na cozinha.","breadcrumb":{"@id":"https:\/\/www.correiobraziliense.com.br\/cbradar\/conheca-os-3-tipos-de-paprica-e-para-que-serve-cada-uma-delas\/#breadcrumb"},"inLanguage":"pt-BR","potentialAction":[{"@type":"ReadAction","target":["https:\/\/www.correiobraziliense.com.br\/cbradar\/conheca-os-3-tipos-de-paprica-e-para-que-serve-cada-uma-delas\/"]}]},{"@type":"ImageObject","inLanguage":"pt-BR","@id":"https:\/\/www.correiobraziliense.com.br\/cbradar\/conheca-os-3-tipos-de-paprica-e-para-que-serve-cada-uma-delas\/#primaryimage","url":"https:\/\/www.correiobraziliense.com.br\/cbradar\/wp-content\/uploads\/2025\/11\/Paprica_1764373383035.jpg","contentUrl":"https:\/\/www.correiobraziliense.com.br\/cbradar\/wp-content\/uploads\/2025\/11\/Paprica_1764373383035.jpg","width":1280,"height":720,"caption":"P\u00e1prica - Cr\u00e9ditos: depositphotos.com \/ furo_felix"},{"@type":"BreadcrumbList","@id":"https:\/\/www.correiobraziliense.com.br\/cbradar\/conheca-os-3-tipos-de-paprica-e-para-que-serve-cada-uma-delas\/#breadcrumb","itemListElement":[{"@type":"ListItem","position":1,"name":"In\u00edcio","item":"https:\/\/www.correiobraziliense.com.br\/cbradar\/"},{"@type":"ListItem","position":2,"name":"Conhe\u00e7a os 3 tipos de p\u00e1prica e para que serve cada uma delas"}]},{"@type":"WebSite","@id":"https:\/\/www.correiobraziliense.com.br\/cbradar\/#website","url":"https:\/\/www.correiobraziliense.com.br\/cbradar\/","name":"Correio Braziliense - Radar","description":"Acompanhe as \u00faltimas not\u00edcias e fique bem informado sobre tudo o que acontece no Brasil e no mundo.","potentialAction":[{"@type":"SearchAction","target":{"@type":"EntryPoint","urlTemplate":"https:\/\/www.correiobraziliense.com.br\/cbradar\/?s={search_term_string}"},"query-input":{"@type":"PropertyValueSpecification","valueRequired":true,"valueName":"search_term_string"}}],"inLanguage":"pt-BR"},{"@type":"Person","@id":"https:\/\/www.correiobraziliense.com.br\/cbradar\/#\/schema\/person\/5aa4bf3c8fa699c267933611de12978b","name":"guilherme_saude","image":{"@type":"ImageObject","inLanguage":"pt-BR","@id":"https:\/\/www.correiobraziliense.com.br\/cbradar\/#\/schema\/person\/image\/","url":"https:\/\/secure.gravatar.com\/avatar\/df9adfb835d344bc0af109d41756253f?s=96&d=mm&r=g","contentUrl":"https:\/\/secure.gravatar.com\/avatar\/df9adfb835d344bc0af109d41756253f?s=96&d=mm&r=g","caption":"guilherme_saude"},"url":"https:\/\/www.correiobraziliense.com.br\/cbradar\/author\/guilherme_saude\/"}]}},"_links":{"self":[{"href":"https:\/\/www.correiobraziliense.com.br\/cbradar\/wp-json\/wp\/v2\/posts\/146478","targetHints":{"allow":["GET"]}}],"collection":[{"href":"https:\/\/www.correiobraziliense.com.br\/cbradar\/wp-json\/wp\/v2\/posts"}],"about":[{"href":"https:\/\/www.correiobraziliense.com.br\/cbradar\/wp-json\/wp\/v2\/types\/post"}],"author":[{"embeddable":true,"href":"https:\/\/www.correiobraziliense.com.br\/cbradar\/wp-json\/wp\/v2\/users\/14"}],"replies":[{"embeddable":true,"href":"https:\/\/www.correiobraziliense.com.br\/cbradar\/wp-json\/wp\/v2\/comments?post=146478"}],"version-history":[{"count":1,"href":"https:\/\/www.correiobraziliense.com.br\/cbradar\/wp-json\/wp\/v2\/posts\/146478\/revisions"}],"predecessor-version":[{"id":146481,"href":"https:\/\/www.correiobraziliense.com.br\/cbradar\/wp-json\/wp\/v2\/posts\/146478\/revisions\/146481"}],"wp:featuredmedia":[{"embeddable":true,"href":"https:\/\/www.correiobraziliense.com.br\/cbradar\/wp-json\/wp\/v2\/media\/146479"}],"wp:attachment":[{"href":"https:\/\/www.correiobraziliense.com.br\/cbradar\/wp-json\/wp\/v2\/media?parent=146478"}],"wp:term":[{"taxonomy":"category","embeddable":true,"href":"https:\/\/www.correiobraziliense.com.br\/cbradar\/wp-json\/wp\/v2\/categories?post=146478"},{"taxonomy":"post_tag","embeddable":true,"href":"https:\/\/www.correiobraziliense.com.br\/cbradar\/wp-json\/wp\/v2\/post_tag?post=146478"}],"curies":[{"name":"wp","href":"https:\/\/api.w.org\/{rel}","templated":true}]}}