{"id":146486,"date":"2025-11-29T17:15:00","date_gmt":"2025-11-29T20:15:00","guid":{"rendered":"https:\/\/www.correiobraziliense.com.br\/cbradar\/?p=146486"},"modified":"2025-11-28T20:49:11","modified_gmt":"2025-11-28T23:49:11","slug":"ovo-frito-de-micro-ondas-faz-mal-a-saude-entenda","status":"publish","type":"post","link":"https:\/\/www.correiobraziliense.com.br\/cbradar\/ovo-frito-de-micro-ondas-faz-mal-a-saude-entenda\/","title":{"rendered":"Ovo frito de micro-ondas faz mal \u00e0 sa\u00fade? Entenda"},"content":{"rendered":"\n<p>Preparar um <strong>Ovo Frito <\/strong>sem sujar a cozinha \u00e9 mais simples do que se imagina. Utilizando apenas um micro-ondas, \u00e9 poss\u00edvel criar um ovo com a gema cremosa, ideal para qualquer refei\u00e7\u00e3o do dia. Este m\u00e9todo r\u00e1pido e pr\u00e1tico atende especialmente aqueles que possuem uma rotina agitada e buscam solu\u00e7\u00f5es eficientes na cozinha.<\/p>\n\n\n\n<p>Al\u00e9m de ser um m\u00e9todo limpo, a coc\u00e7\u00e3o no micro-ondas ajuda na preserva\u00e7\u00e3o dos nutrientes do ovo. Marion Nestle, professora de Nutri\u00e7\u00e3o, destaca que o tempo reduzido de exposi\u00e7\u00e3o ao calor no micro-ondas ajuda a manter intactas as propriedades nutricionais do ovo, especialmente as prote\u00ednas e vitaminas essenciais.<\/p>\n\n\n\n<h2 class=\"wp-block-heading\">Como o ovo de micro-ondas est\u00e1 ganhando popularidade?<\/h2>\n\n\n\n<p>O ovo frito no micro-ondas tornou-se a escolha preferida de muitos por sua conveni\u00eancia e simplicidade. Em poucos passos, \u00e9 poss\u00edvel obter um Ovo Frito de sabor equilibrado e textura atraente. Fornecendo a base ideal para pratos r\u00e1pidos e nutritivos, este m\u00e9todo assegura que os nutrientes do ovo s\u00e3o preservados, tornando-se uma refei\u00e7\u00e3o <a href=\"https:\/\/www.correiobraziliense.com.br\/cbradar\/medico-explica-como-o-emagrecimento-muda-sua-vida-sexual\/\" target=\"_blank\" rel=\"noreferrer noopener\">saud\u00e1vel <\/a>e pr\u00e1tica.<\/p>\n\n\n\n<h2 class=\"wp-block-heading\">Quais s\u00e3o os passos para preparar um Ovo Frito com azeite no micro-ondas?<\/h2>\n\n\n\n<p>Para quem deseja experimentar este m\u00e9todo, bastam alguns passos simples para garantir um preparo perfeito:<\/p>\n\n\n<div class=\"wp-block-image\">\n<figure class=\"aligncenter size-full\"><img decoding=\"async\" width=\"750\" height=\"375\" src=\"https:\/\/www.correiobraziliense.com.br\/cbradar\/wp-content\/uploads\/2025\/11\/ovos-brancos-e-marrons_1760403080198-750x375-1.webp\" alt=\"\" class=\"wp-image-140661\" srcset=\"https:\/\/www.correiobraziliense.com.br\/cbradar\/wp-content\/uploads\/2025\/11\/ovos-brancos-e-marrons_1760403080198-750x375-1.webp 750w, https:\/\/www.correiobraziliense.com.br\/cbradar\/wp-content\/uploads\/2025\/11\/ovos-brancos-e-marrons_1760403080198-750x375-1-300x150.webp 300w, https:\/\/www.correiobraziliense.com.br\/cbradar\/wp-content\/uploads\/2025\/11\/ovos-brancos-e-marrons_1760403080198-750x375-1-360x180.webp 360w\" sizes=\"(max-width: 750px) 100vw, 750px\" \/><figcaption class=\"wp-element-caption\">Ovos &#8211; Cr\u00e9ditos: depositphotos.com \/ IgorVetushko<\/figcaption><\/figure><\/div>\n\n\n<ul class=\"wp-block-list\">\n<li>Escolher um recipiente apropriado para micro-ondas, como um prato fundo.<\/li>\n\n\n\n<li>Untar levemente com azeite ou uma pequena quantidade de manteiga.<\/li>\n\n\n\n<li>Perfurar gentilmente a gema com um garfo para evitar que o ovo exploda.<\/li>\n<\/ul>\n\n\n\n<p>Cozinhe por aproximadamente um minuto e meio, ajustando conforme a pot\u00eancia do micro-ondas. Assim, o ovo ficar\u00e1 cozido externamente e a gema permanecer\u00e1 cremosa.<\/p>\n\n\n\n<h2 class=\"wp-block-heading\">Como \u00e9 poss\u00edvel enriquecer o sabor do ovo no micro-ondas?<\/h2>\n\n\n\n<p>Adicionar sabores ao ovo antes de cozinh\u00e1-lo pode criar uma experi\u00eancia culin\u00e1ria diversificada. Temperos como sal, pimenta e ervas secas, por exemplo, contribuem para ressaltar o sabor do ovo. Outras op\u00e7\u00f5es incluem or\u00e9gano, p\u00e1prica e c\u00farcuma. Cada um desses ingredientes adiciona um toque de complexidade ao prato, transformando um ovo simples em algo especial.<\/p>\n\n\n\n<h2 class=\"wp-block-heading\">O que mais pode substituir o azeite?<\/h2>\n\n\n\n<p>Para aqueles que preferem um sabor mais amanteigado, a manteiga \u00e9 uma \u00f3tima alternativa. Derreter um pequeno peda\u00e7o de manteiga antes de colocar o ovo garante um gosto e aroma \u00fanicos. Cobrir o recipiente durante o cozimento ajuda a evitar respingos desnecess\u00e1rios. Essa t\u00e9cnica permite simular o sabor de um ovo tradicionalmente frito, sem a desordem associada ao m\u00e9todo convencional.<\/p>\n\n\n\n<p>Com essas dicas, fazer um Ovo Frito no micro-ondas se torna uma tarefa simples e vantajosa. Al\u00e9m de pr\u00e1tica, essa t\u00e9cnica oferece uma alimenta\u00e7\u00e3o rica em nutrientes, sempre pronta em poucos minutos para qualquer refei\u00e7\u00e3o.<\/p>\n\n\n<a href=\"https:\/\/www.instagram.com\/dra.annaluisabf\/\" target=\"_blank\" rel=\"noopener\" style=\"text-decoration: none; color: inherit;\">\n    <span style=\"display: inline-block; border: 1px solid #ccc; border-radius: 10px; padding: 15px; max-width: 550px; font-family: sans-serif; box-shadow: 0 2px 5px rgba(0,0,0,0.1); width: 100%;\">\n\n      <!-- T\u00edtulo -->\n      <span style=\"display: block; margin: 0 0 15px 0; font-weight: bold; color: #2c3e50; text-align: center;\">\n        Entre em contato:\n      <\/span>\n\n      <!-- Linha do perfil -->\n      <span style=\"display: flex; align-items: center; gap: 15px;\">\n        <img decoding=\"async\"\n          src=\"https:\/\/www.correiobraziliense.com.br\/cbradar\/wp-content\/uploads\/2025\/08\/dra_anna_luisa.jpeg\"\n          alt=\"Foto da Dra. Anna Lu\u00edsa\"\n          style=\"border-radius: 50%; width: 80px; height: 80px; object-fit: cover;\"\n        \/>\n        <span style=\"display: flex; flex-direction: column;\">\n          <span style=\"font-size: 18px; font-weight: 700; color: #2c3e50;\">Dra. Anna Lu\u00edsa Barbosa Fernandes<\/span>\n          <span style=\"color: #555;\">CRM-GO 33.271<\/span>\n        <\/span>\n      <\/span>\n\n      <!-- Redes -->\n      <span style=\"display: flex; align-items: center; gap: 10px; margin-top: 12px;\">\n        <img decoding=\"async\" src=\"https:\/\/cdn-icons-png.flaticon.com\/24\/1384\/1384063.png\" alt=\"Instagram\" width=\"24\" height=\"24\" \/>\n        <span style=\"text-decoration: underline; color: #2c3e50;\">@dra.annaluisabf<\/span>\n      <\/span>\n\n    <\/span>\n  <\/a>","protected":false},"excerpt":{"rendered":"<p>Preparar um Ovo Frito sem sujar a cozinha \u00e9 mais simples do que se imagina. Utilizando apenas um micro-ondas, \u00e9 poss\u00edvel criar um ovo com a gema cremosa, ideal para qualquer refei\u00e7\u00e3o do dia. Este m\u00e9todo r\u00e1pido e pr\u00e1tico atende especialmente aqueles que possuem uma rotina agitada e buscam solu\u00e7\u00f5es eficientes na cozinha. Al\u00e9m de [&hellip;]<\/p>\n","protected":false},"author":14,"featured_media":146487,"comment_status":"open","ping_status":"open","sticky":false,"template":"","format":"standard","meta":{"_yoast_wpseo_focuskw":"Ovo Frito","_yoast_wpseo_title":"","_yoast_wpseo_metadesc":"Ovo frito com gema mole no micro-ondas? Sim! Veja como fazer em poucos passos, com dicas de sabor e sem bagun\u00e7a na cozinha.","jnews-multi-image_gallery":[],"jnews_single_post":{"format":"standard"},"jnews_primary_category":[],"jnews_social_meta":[],"jnews_override_counter":[],"footnotes":""},"categories":[4404],"tags":[120,247,1318],"class_list":["post-146486","post","type-post","status-publish","format-standard","has-post-thumbnail","hentry","category-saude","tag-bem-estar","tag-qualidade-de-vida","tag-saude-2"],"yoast_head":"<!-- This site is optimized with the Yoast SEO plugin v24.6 - https:\/\/yoast.com\/wordpress\/plugins\/seo\/ -->\n<title>Ovo frito de micro-ondas faz mal \u00e0 sa\u00fade? Entenda - Correio Braziliense - Radar<\/title>\n<meta name=\"description\" content=\"Ovo frito com gema mole no micro-ondas? Sim! Veja como fazer em poucos passos, com dicas de sabor e sem bagun\u00e7a na cozinha.\" \/>\n<meta name=\"robots\" content=\"index, follow, max-snippet:-1, max-image-preview:large, max-video-preview:-1\" \/>\n<link rel=\"canonical\" href=\"https:\/\/www.correiobraziliense.com.br\/cbradar\/ovo-frito-de-micro-ondas-faz-mal-a-saude-entenda\/\" \/>\n<meta property=\"og:locale\" content=\"pt_BR\" \/>\n<meta property=\"og:type\" content=\"article\" \/>\n<meta property=\"og:title\" content=\"Ovo frito de micro-ondas faz mal \u00e0 sa\u00fade? Entenda - Correio Braziliense - Radar\" \/>\n<meta property=\"og:description\" content=\"Ovo frito com gema mole no micro-ondas? Sim! Veja como fazer em poucos passos, com dicas de sabor e sem bagun\u00e7a na cozinha.\" \/>\n<meta property=\"og:url\" content=\"https:\/\/www.correiobraziliense.com.br\/cbradar\/ovo-frito-de-micro-ondas-faz-mal-a-saude-entenda\/\" \/>\n<meta property=\"og:site_name\" content=\"Correio Braziliense - Radar\" \/>\n<meta property=\"article:published_time\" content=\"2025-11-29T20:15:00+00:00\" \/>\n<meta property=\"og:image\" content=\"https:\/\/www.correiobraziliense.com.br\/cbradar\/wp-content\/uploads\/2025\/11\/Ovo-Frito_1764373706878.jpg\" \/>\n\t<meta property=\"og:image:width\" content=\"1280\" \/>\n\t<meta property=\"og:image:height\" content=\"720\" \/>\n\t<meta property=\"og:image:type\" content=\"image\/jpeg\" \/>\n<meta name=\"author\" content=\"guilherme_saude\" \/>\n<meta name=\"twitter:card\" content=\"summary_large_image\" \/>\n<meta name=\"twitter:label1\" content=\"Escrito por\" \/>\n\t<meta name=\"twitter:data1\" content=\"guilherme_saude\" \/>\n\t<meta name=\"twitter:label2\" content=\"Est. tempo de leitura\" \/>\n\t<meta name=\"twitter:data2\" content=\"4 minutos\" \/>\n<!-- \/ Yoast SEO plugin. -->","yoast_head_json":{"title":"Ovo frito de micro-ondas faz mal \u00e0 sa\u00fade? Entenda - Correio Braziliense - Radar","description":"Ovo frito com gema mole no micro-ondas? Sim! Veja como fazer em poucos passos, com dicas de sabor e sem bagun\u00e7a na cozinha.","robots":{"index":"index","follow":"follow","max-snippet":"max-snippet:-1","max-image-preview":"max-image-preview:large","max-video-preview":"max-video-preview:-1"},"canonical":"https:\/\/www.correiobraziliense.com.br\/cbradar\/ovo-frito-de-micro-ondas-faz-mal-a-saude-entenda\/","og_locale":"pt_BR","og_type":"article","og_title":"Ovo frito de micro-ondas faz mal \u00e0 sa\u00fade? Entenda - Correio Braziliense - Radar","og_description":"Ovo frito com gema mole no micro-ondas? Sim! Veja como fazer em poucos passos, com dicas de sabor e sem bagun\u00e7a na cozinha.","og_url":"https:\/\/www.correiobraziliense.com.br\/cbradar\/ovo-frito-de-micro-ondas-faz-mal-a-saude-entenda\/","og_site_name":"Correio Braziliense - Radar","article_published_time":"2025-11-29T20:15:00+00:00","og_image":[{"width":1280,"height":720,"url":"https:\/\/www.correiobraziliense.com.br\/cbradar\/wp-content\/uploads\/2025\/11\/Ovo-Frito_1764373706878.jpg","type":"image\/jpeg"}],"author":"guilherme_saude","twitter_card":"summary_large_image","twitter_misc":{"Escrito por":"guilherme_saude","Est. tempo de leitura":"4 minutos"},"schema":{"@context":"https:\/\/schema.org","@graph":[{"@type":"WebPage","@id":"https:\/\/www.correiobraziliense.com.br\/cbradar\/ovo-frito-de-micro-ondas-faz-mal-a-saude-entenda\/","url":"https:\/\/www.correiobraziliense.com.br\/cbradar\/ovo-frito-de-micro-ondas-faz-mal-a-saude-entenda\/","name":"Ovo frito de micro-ondas faz mal \u00e0 sa\u00fade? Entenda - Correio Braziliense - Radar","isPartOf":{"@id":"https:\/\/www.correiobraziliense.com.br\/cbradar\/#website"},"primaryImageOfPage":{"@id":"https:\/\/www.correiobraziliense.com.br\/cbradar\/ovo-frito-de-micro-ondas-faz-mal-a-saude-entenda\/#primaryimage"},"image":{"@id":"https:\/\/www.correiobraziliense.com.br\/cbradar\/ovo-frito-de-micro-ondas-faz-mal-a-saude-entenda\/#primaryimage"},"thumbnailUrl":"https:\/\/www.correiobraziliense.com.br\/cbradar\/wp-content\/uploads\/2025\/11\/Ovo-Frito_1764373706878.jpg","datePublished":"2025-11-29T20:15:00+00:00","author":{"@id":"https:\/\/www.correiobraziliense.com.br\/cbradar\/#\/schema\/person\/5aa4bf3c8fa699c267933611de12978b"},"description":"Ovo frito com gema mole no micro-ondas? Sim! Veja como fazer em poucos passos, com dicas de sabor e sem bagun\u00e7a na cozinha.","breadcrumb":{"@id":"https:\/\/www.correiobraziliense.com.br\/cbradar\/ovo-frito-de-micro-ondas-faz-mal-a-saude-entenda\/#breadcrumb"},"inLanguage":"pt-BR","potentialAction":[{"@type":"ReadAction","target":["https:\/\/www.correiobraziliense.com.br\/cbradar\/ovo-frito-de-micro-ondas-faz-mal-a-saude-entenda\/"]}]},{"@type":"ImageObject","inLanguage":"pt-BR","@id":"https:\/\/www.correiobraziliense.com.br\/cbradar\/ovo-frito-de-micro-ondas-faz-mal-a-saude-entenda\/#primaryimage","url":"https:\/\/www.correiobraziliense.com.br\/cbradar\/wp-content\/uploads\/2025\/11\/Ovo-Frito_1764373706878.jpg","contentUrl":"https:\/\/www.correiobraziliense.com.br\/cbradar\/wp-content\/uploads\/2025\/11\/Ovo-Frito_1764373706878.jpg","width":1280,"height":720,"caption":"Ovo Frito - Cr\u00e9ditos: depositphotos.com \/ Y-Boychenko"},{"@type":"BreadcrumbList","@id":"https:\/\/www.correiobraziliense.com.br\/cbradar\/ovo-frito-de-micro-ondas-faz-mal-a-saude-entenda\/#breadcrumb","itemListElement":[{"@type":"ListItem","position":1,"name":"In\u00edcio","item":"https:\/\/www.correiobraziliense.com.br\/cbradar\/"},{"@type":"ListItem","position":2,"name":"Ovo frito de micro-ondas faz mal \u00e0 sa\u00fade? Entenda"}]},{"@type":"WebSite","@id":"https:\/\/www.correiobraziliense.com.br\/cbradar\/#website","url":"https:\/\/www.correiobraziliense.com.br\/cbradar\/","name":"Correio Braziliense - Radar","description":"Acompanhe as \u00faltimas not\u00edcias e fique bem informado sobre tudo o que acontece no Brasil e no mundo.","potentialAction":[{"@type":"SearchAction","target":{"@type":"EntryPoint","urlTemplate":"https:\/\/www.correiobraziliense.com.br\/cbradar\/?s={search_term_string}"},"query-input":{"@type":"PropertyValueSpecification","valueRequired":true,"valueName":"search_term_string"}}],"inLanguage":"pt-BR"},{"@type":"Person","@id":"https:\/\/www.correiobraziliense.com.br\/cbradar\/#\/schema\/person\/5aa4bf3c8fa699c267933611de12978b","name":"guilherme_saude","image":{"@type":"ImageObject","inLanguage":"pt-BR","@id":"https:\/\/www.correiobraziliense.com.br\/cbradar\/#\/schema\/person\/image\/","url":"https:\/\/secure.gravatar.com\/avatar\/df9adfb835d344bc0af109d41756253f?s=96&d=mm&r=g","contentUrl":"https:\/\/secure.gravatar.com\/avatar\/df9adfb835d344bc0af109d41756253f?s=96&d=mm&r=g","caption":"guilherme_saude"},"url":"https:\/\/www.correiobraziliense.com.br\/cbradar\/author\/guilherme_saude\/"}]}},"_links":{"self":[{"href":"https:\/\/www.correiobraziliense.com.br\/cbradar\/wp-json\/wp\/v2\/posts\/146486","targetHints":{"allow":["GET"]}}],"collection":[{"href":"https:\/\/www.correiobraziliense.com.br\/cbradar\/wp-json\/wp\/v2\/posts"}],"about":[{"href":"https:\/\/www.correiobraziliense.com.br\/cbradar\/wp-json\/wp\/v2\/types\/post"}],"author":[{"embeddable":true,"href":"https:\/\/www.correiobraziliense.com.br\/cbradar\/wp-json\/wp\/v2\/users\/14"}],"replies":[{"embeddable":true,"href":"https:\/\/www.correiobraziliense.com.br\/cbradar\/wp-json\/wp\/v2\/comments?post=146486"}],"version-history":[{"count":1,"href":"https:\/\/www.correiobraziliense.com.br\/cbradar\/wp-json\/wp\/v2\/posts\/146486\/revisions"}],"predecessor-version":[{"id":146488,"href":"https:\/\/www.correiobraziliense.com.br\/cbradar\/wp-json\/wp\/v2\/posts\/146486\/revisions\/146488"}],"wp:featuredmedia":[{"embeddable":true,"href":"https:\/\/www.correiobraziliense.com.br\/cbradar\/wp-json\/wp\/v2\/media\/146487"}],"wp:attachment":[{"href":"https:\/\/www.correiobraziliense.com.br\/cbradar\/wp-json\/wp\/v2\/media?parent=146486"}],"wp:term":[{"taxonomy":"category","embeddable":true,"href":"https:\/\/www.correiobraziliense.com.br\/cbradar\/wp-json\/wp\/v2\/categories?post=146486"},{"taxonomy":"post_tag","embeddable":true,"href":"https:\/\/www.correiobraziliense.com.br\/cbradar\/wp-json\/wp\/v2\/tags?post=146486"}],"curies":[{"name":"wp","href":"https:\/\/api.w.org\/{rel}","templated":true}]}}