{"id":14655,"date":"2025-03-22T07:50:00","date_gmt":"2025-03-22T10:50:00","guid":{"rendered":"https:\/\/www.correiobraziliense.com.br\/cbradar\/?p=14655"},"modified":"2025-03-21T22:28:02","modified_gmt":"2025-03-22T01:28:02","slug":"poco-f7-tem-data-de-lancamento-vazada-veja-detalhes","status":"publish","type":"post","link":"https:\/\/www.correiobraziliense.com.br\/cbradar\/poco-f7-tem-data-de-lancamento-vazada-veja-detalhes\/","title":{"rendered":"POCO F7 tem data de lan\u00e7amento vazada, veja detalhes"},"content":{"rendered":"\n<p>A <strong>POCO<\/strong>, marca conhecida por seus smartphones de alto desempenho e pre\u00e7os competitivos, est\u00e1 prestes a lan\u00e7ar sua nova linha de celulares, a <strong>POCO F7<\/strong>. O evento de lan\u00e7amento est\u00e1 marcado para o dia 27 de mar\u00e7o de 2025, e promete trazer novidades significativas para o mercado global de smartphones. A expectativa \u00e9 alta, especialmente para os modelos <strong>POCO F7 Pro e POCO F7 Ultra<\/strong>, que devem ser os destaques da s\u00e9rie.<\/p>\n\n\n\n<p>Os rumores sobre a linha POCO F7 j\u00e1 circulam h\u00e1 algum tempo, e a confirma\u00e7\u00e3o do evento de lan\u00e7amento trouxe ainda mais aten\u00e7\u00e3o para a marca. Com especifica\u00e7\u00f5es impressionantes e recursos avan\u00e7ados, a POCO busca consolidar sua posi\u00e7\u00e3o no mercado global, oferecendo dispositivos que combinam tecnologia de ponta com pre\u00e7os acess\u00edveis.<\/p>\n\n\n\n<h2 class=\"wp-block-heading\"><strong>Quais s\u00e3o as especifica\u00e7\u00f5es dos novos modelos POCO F7?<\/strong><\/h2>\n\n\n\n<p>Os modelos POCO F7 Pro e POCO F7 Ultra s\u00e3o esperados com especifica\u00e7\u00f5es de destaque. O POCO F7 Pro deve vir equipado com a plataforma Qualcomm Snapdragon 8 Gen 3, enquanto o POCO F7 Ultra contar\u00e1 com o Snapdragon 8 Elite. Ambos os dispositivos ter\u00e3o uma tela AMOLED de 6,67 polegadas com resolu\u00e7\u00e3o 2K e taxa de atualiza\u00e7\u00e3o de 120 Hz, proporcionando uma experi\u00eancia visual de alta qualidade.<\/p>\n\n\n\n<p>Al\u00e9m disso, os dois modelos compartilhar\u00e3o uma c\u00e2mera principal de 50 MP, garantindo fotos de alta resolu\u00e7\u00e3o. Outro ponto forte \u00e9 a certifica\u00e7\u00e3o IP68, que oferece resist\u00eancia \u00e0 \u00e1gua e poeira, aumentando a durabilidade dos aparelhos. O sistema operacional ser\u00e1 o Android 15, trazendo as \u00faltimas atualiza\u00e7\u00f5es e melhorias em termos de seguran\u00e7a e funcionalidade.<\/p>\n\n\n\n<figure class=\"wp-block-image size-large\"><img decoding=\"async\" width=\"1024\" height=\"576\" src=\"https:\/\/www.correiobraziliense.com.br\/cbradar\/wp-content\/uploads\/2025\/03\/POCO-F7-2-1024x576.png\" alt=\"POCO F7 tem data de lan\u00e7amento vazada, veja detalhes\" class=\"wp-image-14666\" srcset=\"https:\/\/www.correiobraziliense.com.br\/cbradar\/wp-content\/uploads\/2025\/03\/POCO-F7-2-1024x576.png 1024w, https:\/\/www.correiobraziliense.com.br\/cbradar\/wp-content\/uploads\/2025\/03\/POCO-F7-2-300x169.png 300w, https:\/\/www.correiobraziliense.com.br\/cbradar\/wp-content\/uploads\/2025\/03\/POCO-F7-2-768x432.png 768w, https:\/\/www.correiobraziliense.com.br\/cbradar\/wp-content\/uploads\/2025\/03\/POCO-F7-2-750x422.png 750w, https:\/\/www.correiobraziliense.com.br\/cbradar\/wp-content\/uploads\/2025\/03\/POCO-F7-2-1140x641.png 1140w, https:\/\/www.correiobraziliense.com.br\/cbradar\/wp-content\/uploads\/2025\/03\/POCO-F7-2.png 1280w\" sizes=\"(max-width: 1024px) 100vw, 1024px\" \/><figcaption class=\"wp-element-caption\">POCO F7. Fonte: divulga\u00e7\u00e3o \/ POCO<\/figcaption><\/figure>\n\n\n\n<h2 class=\"wp-block-heading\"><strong>Como ser\u00e1 o desempenho da bateria nos novos POCO F7?<\/strong><\/h2>\n\n\n\n<p>O desempenho da bateria \u00e9 um aspecto crucial para os usu\u00e1rios de smartphones, e a POCO parece ter investido nisso. O POCO F7 Pro vir\u00e1 com uma bateria de 6.000 mAh, suportando recarga r\u00e1pida de 90W. J\u00e1 o POCO F7 Ultra ter\u00e1 uma bateria de 5.300 mAh, mas com um carregamento ainda mais r\u00e1pido de 120W. Essas especifica\u00e7\u00f5es prometem um equil\u00edbrio entre autonomia e velocidade de recarga, atendendo \u00e0s necessidades dos usu\u00e1rios mais exigentes.<\/p>\n\n\n\n<h2 class=\"wp-block-heading\"><strong>O que esperar do evento de lan\u00e7amento da POCO?<\/strong><\/h2>\n\n\n\n<p>O evento de lan\u00e7amento da linha POCO F7 est\u00e1 programado para come\u00e7ar \u00e0s 16 horas no hor\u00e1rio de Pequim, o que corresponde a 5 horas da manh\u00e3 no Brasil. Durante a confer\u00eancia, a POCO deve apresentar oficialmente os modelos F7 Pro e F7 Ultra, detalhando suas especifica\u00e7\u00f5es e recursos. A expectativa \u00e9 que a marca tamb\u00e9m revele informa\u00e7\u00f5es sobre a disponibilidade e os pre\u00e7os dos novos dispositivos.<\/p>\n\n\n\n<p>Embora o modelo padr\u00e3o POCO F7 n\u00e3o deva ser apresentado neste evento, rumores indicam que ele ser\u00e1 lan\u00e7ado no segundo trimestre de 2025. Este modelo pode ser uma vers\u00e3o renomeada do Redmi Turbo 4 Pro, com algumas adapta\u00e7\u00f5es para o mercado global.<\/p>\n\n\n\n<h2 class=\"wp-block-heading\"><strong>Pr\u00f3ximos passos<\/strong><\/h2>\n\n\n\n<p>Com o lan\u00e7amento da linha POCO F7, a marca busca reafirmar seu compromisso com a inova\u00e7\u00e3o e a acessibilidade. Os novos modelos prometem trazer avan\u00e7os significativos em termos de desempenho, design e funcionalidade, atendendo \u00e0s expectativas dos consumidores globais. Resta aguardar o evento de lan\u00e7amento para conhecer todos os detalhes e novidades que a POCO tem a oferecer.<\/p>\n","protected":false},"excerpt":{"rendered":"<p>A POCO se prepara para lan\u00e7ar a linha POCO F7. Confira as expectativas para os modelos Pro e Ultra, com foco em desempenho, especifica\u00e7\u00f5es e bateria.<\/p>\n","protected":false},"author":3,"featured_media":14667,"comment_status":"open","ping_status":"open","sticky":false,"template":"","format":"standard","meta":{"_yoast_wpseo_focuskw":"POCO F7","_yoast_wpseo_title":"%%title%%","_yoast_wpseo_metadesc":"A POCO se prepara para lan\u00e7ar a linha POCO F7. Confira as expectativas para os modelos Pro e Ultra, com foco em desempenho, especifica\u00e7\u00f5es e bateria.","jnews-multi-image_gallery":[],"jnews_single_post":{"format":"standard"},"jnews_primary_category":[],"jnews_social_meta":[],"jnews_override_counter":[],"footnotes":""},"categories":[115],"tags":[238,2274,2273],"class_list":["post-14655","post","type-post","status-publish","format-standard","has-post-thumbnail","hentry","category-tecnologia","tag-celulares","tag-poco","tag-poco-f7"],"yoast_head":"<!-- This site is optimized with the Yoast SEO plugin v24.6 - https:\/\/yoast.com\/wordpress\/plugins\/seo\/ -->\n<title>POCO F7 tem data de lan\u00e7amento vazada, veja detalhes<\/title>\n<meta name=\"description\" content=\"A POCO se prepara para lan\u00e7ar a linha POCO F7. Confira as expectativas para os modelos Pro e Ultra, com foco em desempenho, especifica\u00e7\u00f5es e bateria.\" \/>\n<meta name=\"robots\" content=\"index, follow, max-snippet:-1, max-image-preview:large, max-video-preview:-1\" \/>\n<link rel=\"canonical\" href=\"https:\/\/www.correiobraziliense.com.br\/cbradar\/poco-f7-tem-data-de-lancamento-vazada-veja-detalhes\/\" \/>\n<meta property=\"og:locale\" content=\"pt_BR\" \/>\n<meta property=\"og:type\" content=\"article\" \/>\n<meta property=\"og:title\" content=\"POCO F7 tem data de lan\u00e7amento vazada, veja detalhes\" \/>\n<meta property=\"og:description\" content=\"A POCO se prepara para lan\u00e7ar a linha POCO F7. Confira as expectativas para os modelos Pro e Ultra, com foco em desempenho, especifica\u00e7\u00f5es e bateria.\" \/>\n<meta property=\"og:url\" content=\"https:\/\/www.correiobraziliense.com.br\/cbradar\/poco-f7-tem-data-de-lancamento-vazada-veja-detalhes\/\" \/>\n<meta property=\"og:site_name\" content=\"Correio Braziliense - Radar\" \/>\n<meta property=\"article:published_time\" content=\"2025-03-22T10:50:00+00:00\" \/>\n<meta property=\"og:image\" content=\"https:\/\/www.correiobraziliense.com.br\/cbradar\/wp-content\/uploads\/2025\/03\/POCO-F7.png\" \/>\n\t<meta property=\"og:image:width\" content=\"1280\" \/>\n\t<meta property=\"og:image:height\" content=\"720\" \/>\n\t<meta property=\"og:image:type\" content=\"image\/png\" \/>\n<meta name=\"author\" content=\"Larissa Carvalho\" \/>\n<meta name=\"twitter:card\" content=\"summary_large_image\" \/>\n<meta name=\"twitter:label1\" content=\"Escrito por\" \/>\n\t<meta name=\"twitter:data1\" content=\"Larissa Carvalho\" \/>\n\t<meta name=\"twitter:label2\" content=\"Est. tempo de leitura\" \/>\n\t<meta name=\"twitter:data2\" content=\"4 minutos\" \/>\n<!-- \/ Yoast SEO plugin. -->","yoast_head_json":{"title":"POCO F7 tem data de lan\u00e7amento vazada, veja detalhes","description":"A POCO se prepara para lan\u00e7ar a linha POCO F7. Confira as expectativas para os modelos Pro e Ultra, com foco em desempenho, especifica\u00e7\u00f5es e bateria.","robots":{"index":"index","follow":"follow","max-snippet":"max-snippet:-1","max-image-preview":"max-image-preview:large","max-video-preview":"max-video-preview:-1"},"canonical":"https:\/\/www.correiobraziliense.com.br\/cbradar\/poco-f7-tem-data-de-lancamento-vazada-veja-detalhes\/","og_locale":"pt_BR","og_type":"article","og_title":"POCO F7 tem data de lan\u00e7amento vazada, veja detalhes","og_description":"A POCO se prepara para lan\u00e7ar a linha POCO F7. Confira as expectativas para os modelos Pro e Ultra, com foco em desempenho, especifica\u00e7\u00f5es e bateria.","og_url":"https:\/\/www.correiobraziliense.com.br\/cbradar\/poco-f7-tem-data-de-lancamento-vazada-veja-detalhes\/","og_site_name":"Correio Braziliense - Radar","article_published_time":"2025-03-22T10:50:00+00:00","og_image":[{"width":1280,"height":720,"url":"https:\/\/www.correiobraziliense.com.br\/cbradar\/wp-content\/uploads\/2025\/03\/POCO-F7.png","type":"image\/png"}],"author":"Larissa Carvalho","twitter_card":"summary_large_image","twitter_misc":{"Escrito por":"Larissa Carvalho","Est. tempo de leitura":"4 minutos"},"schema":{"@context":"https:\/\/schema.org","@graph":[{"@type":"WebPage","@id":"https:\/\/www.correiobraziliense.com.br\/cbradar\/poco-f7-tem-data-de-lancamento-vazada-veja-detalhes\/","url":"https:\/\/www.correiobraziliense.com.br\/cbradar\/poco-f7-tem-data-de-lancamento-vazada-veja-detalhes\/","name":"POCO F7 tem data de lan\u00e7amento vazada, veja detalhes","isPartOf":{"@id":"https:\/\/www.correiobraziliense.com.br\/cbradar\/#website"},"primaryImageOfPage":{"@id":"https:\/\/www.correiobraziliense.com.br\/cbradar\/poco-f7-tem-data-de-lancamento-vazada-veja-detalhes\/#primaryimage"},"image":{"@id":"https:\/\/www.correiobraziliense.com.br\/cbradar\/poco-f7-tem-data-de-lancamento-vazada-veja-detalhes\/#primaryimage"},"thumbnailUrl":"https:\/\/www.correiobraziliense.com.br\/cbradar\/wp-content\/uploads\/2025\/03\/POCO-F7.png","datePublished":"2025-03-22T10:50:00+00:00","author":{"@id":"https:\/\/www.correiobraziliense.com.br\/cbradar\/#\/schema\/person\/58422787644df994b53a19d3e56c1513"},"description":"A POCO se prepara para lan\u00e7ar a linha POCO F7. Confira as expectativas para os modelos Pro e Ultra, com foco em desempenho, especifica\u00e7\u00f5es e bateria.","breadcrumb":{"@id":"https:\/\/www.correiobraziliense.com.br\/cbradar\/poco-f7-tem-data-de-lancamento-vazada-veja-detalhes\/#breadcrumb"},"inLanguage":"pt-BR","potentialAction":[{"@type":"ReadAction","target":["https:\/\/www.correiobraziliense.com.br\/cbradar\/poco-f7-tem-data-de-lancamento-vazada-veja-detalhes\/"]}]},{"@type":"ImageObject","inLanguage":"pt-BR","@id":"https:\/\/www.correiobraziliense.com.br\/cbradar\/poco-f7-tem-data-de-lancamento-vazada-veja-detalhes\/#primaryimage","url":"https:\/\/www.correiobraziliense.com.br\/cbradar\/wp-content\/uploads\/2025\/03\/POCO-F7.png","contentUrl":"https:\/\/www.correiobraziliense.com.br\/cbradar\/wp-content\/uploads\/2025\/03\/POCO-F7.png","width":1280,"height":720,"caption":"POCO F7. Fonte: divulga\u00e7\u00e3o \/ POCO"},{"@type":"BreadcrumbList","@id":"https:\/\/www.correiobraziliense.com.br\/cbradar\/poco-f7-tem-data-de-lancamento-vazada-veja-detalhes\/#breadcrumb","itemListElement":[{"@type":"ListItem","position":1,"name":"In\u00edcio","item":"https:\/\/www.correiobraziliense.com.br\/cbradar\/"},{"@type":"ListItem","position":2,"name":"POCO F7 tem data de lan\u00e7amento vazada, veja detalhes"}]},{"@type":"WebSite","@id":"https:\/\/www.correiobraziliense.com.br\/cbradar\/#website","url":"https:\/\/www.correiobraziliense.com.br\/cbradar\/","name":"Correio Braziliense - Radar","description":"Acompanhe as \u00faltimas not\u00edcias e fique bem informado sobre tudo o que acontece no Brasil e no mundo.","potentialAction":[{"@type":"SearchAction","target":{"@type":"EntryPoint","urlTemplate":"https:\/\/www.correiobraziliense.com.br\/cbradar\/?s={search_term_string}"},"query-input":{"@type":"PropertyValueSpecification","valueRequired":true,"valueName":"search_term_string"}}],"inLanguage":"pt-BR"},{"@type":"Person","@id":"https:\/\/www.correiobraziliense.com.br\/cbradar\/#\/schema\/person\/58422787644df994b53a19d3e56c1513","name":"Larissa Carvalho","image":{"@type":"ImageObject","inLanguage":"pt-BR","@id":"https:\/\/www.correiobraziliense.com.br\/cbradar\/#\/schema\/person\/image\/","url":"https:\/\/secure.gravatar.com\/avatar\/fe4f91a0de32b52a838d0d612abdc1aa?s=96&d=mm&r=g","contentUrl":"https:\/\/secure.gravatar.com\/avatar\/fe4f91a0de32b52a838d0d612abdc1aa?s=96&d=mm&r=g","caption":"Larissa Carvalho"},"url":"https:\/\/www.correiobraziliense.com.br\/cbradar\/author\/larissamyth\/"}]}},"_links":{"self":[{"href":"https:\/\/www.correiobraziliense.com.br\/cbradar\/wp-json\/wp\/v2\/posts\/14655","targetHints":{"allow":["GET"]}}],"collection":[{"href":"https:\/\/www.correiobraziliense.com.br\/cbradar\/wp-json\/wp\/v2\/posts"}],"about":[{"href":"https:\/\/www.correiobraziliense.com.br\/cbradar\/wp-json\/wp\/v2\/types\/post"}],"author":[{"embeddable":true,"href":"https:\/\/www.correiobraziliense.com.br\/cbradar\/wp-json\/wp\/v2\/users\/3"}],"replies":[{"embeddable":true,"href":"https:\/\/www.correiobraziliense.com.br\/cbradar\/wp-json\/wp\/v2\/comments?post=14655"}],"version-history":[{"count":1,"href":"https:\/\/www.correiobraziliense.com.br\/cbradar\/wp-json\/wp\/v2\/posts\/14655\/revisions"}],"predecessor-version":[{"id":14668,"href":"https:\/\/www.correiobraziliense.com.br\/cbradar\/wp-json\/wp\/v2\/posts\/14655\/revisions\/14668"}],"wp:featuredmedia":[{"embeddable":true,"href":"https:\/\/www.correiobraziliense.com.br\/cbradar\/wp-json\/wp\/v2\/media\/14667"}],"wp:attachment":[{"href":"https:\/\/www.correiobraziliense.com.br\/cbradar\/wp-json\/wp\/v2\/media?parent=14655"}],"wp:term":[{"taxonomy":"category","embeddable":true,"href":"https:\/\/www.correiobraziliense.com.br\/cbradar\/wp-json\/wp\/v2\/categories?post=14655"},{"taxonomy":"post_tag","embeddable":true,"href":"https:\/\/www.correiobraziliense.com.br\/cbradar\/wp-json\/wp\/v2\/tags?post=14655"}],"curies":[{"name":"wp","href":"https:\/\/api.w.org\/{rel}","templated":true}]}}