{"id":146708,"date":"2025-11-30T18:15:00","date_gmt":"2025-11-30T21:15:00","guid":{"rendered":"https:\/\/www.correiobraziliense.com.br\/cbradar\/?p=146708"},"modified":"2025-11-29T09:35:59","modified_gmt":"2025-11-29T12:35:59","slug":"o-que-significa-a-expressao-latina-carpe-diem-e-qual-a-sua-origem","status":"publish","type":"post","link":"https:\/\/www.correiobraziliense.com.br\/cbradar\/o-que-significa-a-expressao-latina-carpe-diem-e-qual-a-sua-origem\/","title":{"rendered":"O que significa a express\u00e3o latina \u201cCarpe Diem\u201d e qual a sua origem"},"content":{"rendered":"\n<p>A express\u00e3o <strong>&#8220;Carpe Diem&#8221;<\/strong> tem ressurgido com for\u00e7a no cen\u00e1rio contempor\u00e2neo, especialmente diante de eventos como pandemias e conflitos internacionais, revelando a volatilidade das economias e ressaltando a urg\u00eancia de valorizar o presente. Essa filosofia incentiva uma mentalidade de viver intensamente o agora, ganhando destaque em debates sobre incertezas e a busca de sentido em meio \u00e0 constante transforma\u00e7\u00e3o social.<\/p>\n\n\n\n<h2 class=\"wp-block-heading\">Como surgiu a express\u00e3o Carpe Diem e qual \u00e9 seu significado original?<\/h2>\n\n\n\n<p>Com origem no s\u00e9culo I a.C., o aforismo foi popularizado pelo poeta latino <strong>Hor\u00e1cio<\/strong> em suas Odes. Ele utiliza &#8220;carpe&#8221; em refer\u00eancia ao verbo latino &#8220;carpo&#8221; \u2014 &#8220;colher&#8221; ou &#8220;arrancar&#8221; \u2014 junto ao termo &#8220;diem&#8221;, que significa &#8220;dia&#8221;.<\/p>\n\n\n\n<p>A tradu\u00e7\u00e3o mais conhecida \u00e9 <strong>&#8220;aproveite o dia&#8221;<\/strong>. Hor\u00e1cio foi al\u00e9m ao adicionar &#8220;quam minimum credula&#8221;, orientando que \u00e9 preciso aproveitar o presente sem depositar demasiada confian\u00e7a no incerto amanh\u00e3, o que amplia o valor filos\u00f3fico do conceito.<\/p>\n\n\n\n<p>O perfil @vibemundial troxe uma explana\u00e7\u00e3o sobre o tema:<\/p>\n\n\n\n<blockquote class=\"tiktok-embed\" cite=\"https:\/\/www.tiktok.com\/@vibemundial\/video\/7464665437314239750\" data-video-id=\"7464665437314239750\" style=\"max-width: 605px;min-width: 325px;\" > <section> <a target=\"_blank\" title=\"@vibemundial\" href=\"https:\/\/www.tiktok.com\/@vibemundial?refer=embed\">@vibemundial<\/a> Verdadeiro significado de Carpe Diem. Ricardo Hida tem programa de segunda a sexta \u00e0s 09h @ricardohida.oficial <a title=\"carpediem\" target=\"_blank\" href=\"https:\/\/www.tiktok.com\/tag\/carpediem?refer=embed\">#CarpeDiem<\/a> <a title=\"autoconhecimento\" target=\"_blank\" href=\"https:\/\/www.tiktok.com\/tag\/autoconhecimento?refer=embed\">#autoconhecimento<\/a> <a title=\"vida\" target=\"_blank\" href=\"https:\/\/www.tiktok.com\/tag\/vida?refer=embed\">#vida<\/a> <a title=\"curiosidades\" target=\"_blank\" href=\"https:\/\/www.tiktok.com\/tag\/curiosidades?refer=embed\">#curiosidades<\/a> <a target=\"_blank\" title=\"\u266c som original - VibeMundial\" href=\"https:\/\/www.tiktok.com\/music\/som-original-7464665434434734854?refer=embed\">\u266c som original &#8211; VibeMundial<\/a> <\/section> <\/blockquote> <script async src=\"https:\/\/www.tiktok.com\/embed.js\"><\/script>\n\n\n\n<h2 class=\"wp-block-heading\">Qual \u00e9 a presen\u00e7a do Carpe Diem na literatura e nas diferentes culturas?<\/h2>\n\n\n\n<p>Por s\u00e9culos, <strong>Carpe Diem<\/strong> moldou manifesta\u00e7\u00f5es culturais e art\u00edsticas de diversas \u00e9pocas, inspirando movimentos liter\u00e1rios, musicais, pict\u00f3ricos e cinematogr\u00e1ficos, como no Renascimento, Barroco e Romantismo. O conceito transformou-se e se renovou, mantendo sua ess\u00eancia.<\/p>\n\n\n\n<p>Autores renomados, como Garcilaso de la Vega, Luis de G\u00f3ngora e Juana de Ibarbourou, exploraram a import\u00e2ncia de viver o presente intensamente. Essas obras impulsionaram o apelo universal para aproveitar cada instante sem adiar a felicidade esperada.<\/p>\n\n\n\n<h2 class=\"wp-block-heading\">Por que Carpe Diem permanece atual no mundo contempor\u00e2neo?<\/h2>\n\n\n\n<p>A filosofia <strong>Carpe Diem<\/strong> foi adaptada por diferentes escritores e pensadores, conectando a no\u00e7\u00e3o cl\u00e1ssica \u00e0 reflex\u00e3o moderna sobre a transitoriedade da exist\u00eancia e valores humanos. Esse ideal ressurge com o crescimento das incertezas coletivas e individuais.<\/p>\n\n\n\n<p>Nos dias de hoje, a crescente busca por significado na vida est\u00e1 fortemente ligada aos desafios do momento. Entre os motivos para explicar a <strong>contemporaneidade do Carpe Diem<\/strong>, destacam-se:<\/p>\n\n\n\n<ul class=\"wp-block-list\">\n<li><strong>A influ\u00eancia de crises globais<\/strong> que desafiam a confian\u00e7a em planos de longo prazo;<\/li>\n\n\n\n<li><strong>O avan\u00e7o acelerado da tecnologia<\/strong> que transforma rapidamente o cotidiano e intensifica o valor do momento presente;<\/li>\n\n\n\n<li><strong>Novas discuss\u00f5es sobre sa\u00fade mental<\/strong> e qualidade de vida, que refor\u00e7am a import\u00e2ncia de viver no aqui e agora.<\/li>\n<\/ul>\n\n\n\n<figure class=\"wp-block-image size-large\"><img decoding=\"async\" width=\"1024\" height=\"576\" src=\"https:\/\/www.correiobraziliense.com.br\/cbradar\/wp-content\/uploads\/2025\/11\/mosaico_1764419735595-1024x576.jpg\" alt=\"O que significa a express\u00e3o latina \u201cCarpe Diem\u201d e qual a sua origem\" class=\"wp-image-146754\" srcset=\"https:\/\/www.correiobraziliense.com.br\/cbradar\/wp-content\/uploads\/2025\/11\/mosaico_1764419735595-1024x576.jpg 1024w, https:\/\/www.correiobraziliense.com.br\/cbradar\/wp-content\/uploads\/2025\/11\/mosaico_1764419735595-300x169.jpg 300w, https:\/\/www.correiobraziliense.com.br\/cbradar\/wp-content\/uploads\/2025\/11\/mosaico_1764419735595-768x432.jpg 768w, https:\/\/www.correiobraziliense.com.br\/cbradar\/wp-content\/uploads\/2025\/11\/mosaico_1764419735595-750x422.jpg 750w, https:\/\/www.correiobraziliense.com.br\/cbradar\/wp-content\/uploads\/2025\/11\/mosaico_1764419735595-1140x641.jpg 1140w, https:\/\/www.correiobraziliense.com.br\/cbradar\/wp-content\/uploads\/2025\/11\/mosaico_1764419735595.jpg 1280w\" sizes=\"(max-width: 1024px) 100vw, 1024px\" \/><figcaption class=\"wp-element-caption\">Carpe Diem de Hor\u00e1cio viraliza em 2025: lema latino impulsiona tend\u00eancias de mindfulness e aproveitamento presente em cultura digital atual. Cr\u00e9ditos: depositphotos.com \/ tepic e Cr\u00e9ditos: depositphotos.com \/ DimaKozitsyn<\/figcaption><\/figure>\n\n\n\n<h2 class=\"wp-block-heading\">Como a sociedade contempor\u00e2nea responde ao chamado para viver o presente?<\/h2>\n\n\n\n<p>Com uma sociedade cada vez mais conectada e sujeita a mudan\u00e7as r\u00e1pidas, o <strong>Carpe Diem<\/strong> ressurge como inspira\u00e7\u00e3o para quem busca sentido, alegria e plenitude no imediato. O debate sobre o equil\u00edbrio entre planos futuros e experi\u00eancias presentes tamb\u00e9m ganhou for\u00e7a.<\/p>\n\n\n\n<p>Assim, **aproveitar o agora** tornou-se uma esp\u00e9cie de imperativo moderno, afinal, a consci\u00eancia sobre a brevidade da vida faz com que cada instante vivenciado com intensidade seja ainda mais valorizado.<\/p>\n","protected":false},"excerpt":{"rendered":"<p>Descubra o impacto do &#8216;Carpe Diem&#8217; p\u00f3s-pandemia: uma filosofia eterna que nos convida a viver intensamente o presente em tempos incertos.<\/p>\n","protected":false},"author":3,"featured_media":146749,"comment_status":"open","ping_status":"open","sticky":false,"template":"","format":"standard","meta":{"_yoast_wpseo_focuskw":"significado Carpe Diem","_yoast_wpseo_title":"%%title%%","_yoast_wpseo_metadesc":"Descubra o impacto do 'Carpe Diem' p\u00f3s-pandemia: uma filosofia eterna que nos convida a viver intensamente o presente em tempos incertos.","jnews-multi-image_gallery":[],"jnews_single_post":{"format":"standard"},"jnews_primary_category":[],"jnews_social_meta":[],"jnews_override_counter":[],"footnotes":""},"categories":[112],"post_tag":[11053,144,8712,5310,5174],"class_list":["post-146708","post","type-post","status-publish","format-standard","has-post-thumbnail","hentry","category-curiosidades","tag-carpe-diem","tag-curiosidades","tag-expressoes","tag-frases","tag-significados"],"yoast_head":"<!-- This site is optimized with the Yoast SEO plugin v24.6 - https:\/\/yoast.com\/wordpress\/plugins\/seo\/ -->\n<title>O que significa a express\u00e3o latina \u201cCarpe Diem\u201d e qual a sua origem<\/title>\n<meta name=\"description\" content=\"Descubra o impacto do &#039;Carpe Diem&#039; p\u00f3s-pandemia: uma filosofia eterna que nos convida a viver intensamente o presente em tempos incertos.\" \/>\n<meta name=\"robots\" content=\"index, follow, max-snippet:-1, max-image-preview:large, max-video-preview:-1\" \/>\n<link rel=\"canonical\" href=\"https:\/\/www.correiobraziliense.com.br\/cbradar\/o-que-significa-a-expressao-latina-carpe-diem-e-qual-a-sua-origem\/\" \/>\n<meta property=\"og:locale\" content=\"pt_BR\" \/>\n<meta property=\"og:type\" content=\"article\" \/>\n<meta property=\"og:title\" content=\"O que significa a express\u00e3o latina \u201cCarpe Diem\u201d e qual a sua origem\" \/>\n<meta property=\"og:description\" content=\"Descubra o impacto do &#039;Carpe Diem&#039; p\u00f3s-pandemia: uma filosofia eterna que nos convida a viver intensamente o presente em tempos incertos.\" \/>\n<meta property=\"og:url\" content=\"https:\/\/www.correiobraziliense.com.br\/cbradar\/o-que-significa-a-expressao-latina-carpe-diem-e-qual-a-sua-origem\/\" \/>\n<meta property=\"og:site_name\" content=\"Correio Braziliense - Radar\" \/>\n<meta property=\"article:published_time\" content=\"2025-11-30T21:15:00+00:00\" \/>\n<meta property=\"og:image\" content=\"https:\/\/www.correiobraziliense.com.br\/cbradar\/wp-content\/uploads\/2025\/11\/Carpe-Diem.jpg\" \/>\n\t<meta property=\"og:image:width\" content=\"1280\" \/>\n\t<meta property=\"og:image:height\" content=\"720\" \/>\n\t<meta property=\"og:image:type\" content=\"image\/jpeg\" \/>\n<meta name=\"author\" content=\"Larissa Carvalho\" \/>\n<meta name=\"twitter:card\" content=\"summary_large_image\" \/>\n<meta name=\"twitter:label1\" content=\"Escrito por\" \/>\n\t<meta name=\"twitter:data1\" content=\"Larissa Carvalho\" \/>\n\t<meta name=\"twitter:label2\" content=\"Est. tempo de leitura\" \/>\n\t<meta name=\"twitter:data2\" content=\"4 minutos\" \/>\n<!-- \/ Yoast SEO plugin. -->","yoast_head_json":{"title":"O que significa a express\u00e3o latina \u201cCarpe Diem\u201d e qual a sua origem","description":"Descubra o impacto do 'Carpe Diem' p\u00f3s-pandemia: uma filosofia eterna que nos convida a viver intensamente o presente em tempos incertos.","robots":{"index":"index","follow":"follow","max-snippet":"max-snippet:-1","max-image-preview":"max-image-preview:large","max-video-preview":"max-video-preview:-1"},"canonical":"https:\/\/www.correiobraziliense.com.br\/cbradar\/o-que-significa-a-expressao-latina-carpe-diem-e-qual-a-sua-origem\/","og_locale":"pt_BR","og_type":"article","og_title":"O que significa a express\u00e3o latina \u201cCarpe Diem\u201d e qual a sua origem","og_description":"Descubra o impacto do 'Carpe Diem' p\u00f3s-pandemia: uma filosofia eterna que nos convida a viver intensamente o presente em tempos incertos.","og_url":"https:\/\/www.correiobraziliense.com.br\/cbradar\/o-que-significa-a-expressao-latina-carpe-diem-e-qual-a-sua-origem\/","og_site_name":"Correio Braziliense - Radar","article_published_time":"2025-11-30T21:15:00+00:00","og_image":[{"width":1280,"height":720,"url":"https:\/\/www.correiobraziliense.com.br\/cbradar\/wp-content\/uploads\/2025\/11\/Carpe-Diem.jpg","type":"image\/jpeg"}],"author":"Larissa Carvalho","twitter_card":"summary_large_image","twitter_misc":{"Escrito por":"Larissa Carvalho","Est. tempo de leitura":"4 minutos"},"schema":{"@context":"https:\/\/schema.org","@graph":[{"@type":"WebPage","@id":"https:\/\/www.correiobraziliense.com.br\/cbradar\/o-que-significa-a-expressao-latina-carpe-diem-e-qual-a-sua-origem\/","url":"https:\/\/www.correiobraziliense.com.br\/cbradar\/o-que-significa-a-expressao-latina-carpe-diem-e-qual-a-sua-origem\/","name":"O que significa a express\u00e3o latina \u201cCarpe Diem\u201d e qual a sua origem","isPartOf":{"@id":"https:\/\/www.correiobraziliense.com.br\/cbradar\/#website"},"primaryImageOfPage":{"@id":"https:\/\/www.correiobraziliense.com.br\/cbradar\/o-que-significa-a-expressao-latina-carpe-diem-e-qual-a-sua-origem\/#primaryimage"},"image":{"@id":"https:\/\/www.correiobraziliense.com.br\/cbradar\/o-que-significa-a-expressao-latina-carpe-diem-e-qual-a-sua-origem\/#primaryimage"},"thumbnailUrl":"https:\/\/www.correiobraziliense.com.br\/cbradar\/wp-content\/uploads\/2025\/11\/Carpe-Diem.jpg","datePublished":"2025-11-30T21:15:00+00:00","author":{"@id":"https:\/\/www.correiobraziliense.com.br\/cbradar\/#\/schema\/person\/58422787644df994b53a19d3e56c1513"},"description":"Descubra o impacto do 'Carpe Diem' p\u00f3s-pandemia: uma filosofia eterna que nos convida a viver intensamente o presente em tempos incertos.","breadcrumb":{"@id":"https:\/\/www.correiobraziliense.com.br\/cbradar\/o-que-significa-a-expressao-latina-carpe-diem-e-qual-a-sua-origem\/#breadcrumb"},"inLanguage":"pt-BR","potentialAction":[{"@type":"ReadAction","target":["https:\/\/www.correiobraziliense.com.br\/cbradar\/o-que-significa-a-expressao-latina-carpe-diem-e-qual-a-sua-origem\/"]}]},{"@type":"ImageObject","inLanguage":"pt-BR","@id":"https:\/\/www.correiobraziliense.com.br\/cbradar\/o-que-significa-a-expressao-latina-carpe-diem-e-qual-a-sua-origem\/#primaryimage","url":"https:\/\/www.correiobraziliense.com.br\/cbradar\/wp-content\/uploads\/2025\/11\/Carpe-Diem.jpg","contentUrl":"https:\/\/www.correiobraziliense.com.br\/cbradar\/wp-content\/uploads\/2025\/11\/Carpe-Diem.jpg","width":1280,"height":720,"caption":"Carpe Diem inspira viver intensamente cada instante, transformando rotinas em celebra\u00e7\u00f5es eternas de alegria e plenitude aut\u00eantica di\u00e1ria."},{"@type":"BreadcrumbList","@id":"https:\/\/www.correiobraziliense.com.br\/cbradar\/o-que-significa-a-expressao-latina-carpe-diem-e-qual-a-sua-origem\/#breadcrumb","itemListElement":[{"@type":"ListItem","position":1,"name":"In\u00edcio","item":"https:\/\/www.correiobraziliense.com.br\/cbradar\/"},{"@type":"ListItem","position":2,"name":"O que significa a express\u00e3o latina \u201cCarpe Diem\u201d e qual a sua origem"}]},{"@type":"WebSite","@id":"https:\/\/www.correiobraziliense.com.br\/cbradar\/#website","url":"https:\/\/www.correiobraziliense.com.br\/cbradar\/","name":"Correio Braziliense - Radar","description":"Acompanhe as \u00faltimas not\u00edcias e fique bem informado sobre tudo o que acontece no Brasil e no mundo.","potentialAction":[{"@type":"SearchAction","target":{"@type":"EntryPoint","urlTemplate":"https:\/\/www.correiobraziliense.com.br\/cbradar\/?s={search_term_string}"},"query-input":{"@type":"PropertyValueSpecification","valueRequired":true,"valueName":"search_term_string"}}],"inLanguage":"pt-BR"},{"@type":"Person","@id":"https:\/\/www.correiobraziliense.com.br\/cbradar\/#\/schema\/person\/58422787644df994b53a19d3e56c1513","name":"Larissa Carvalho","image":{"@type":"ImageObject","inLanguage":"pt-BR","@id":"https:\/\/www.correiobraziliense.com.br\/cbradar\/#\/schema\/person\/image\/","url":"https:\/\/secure.gravatar.com\/avatar\/fe4f91a0de32b52a838d0d612abdc1aa?s=96&d=mm&r=g","contentUrl":"https:\/\/secure.gravatar.com\/avatar\/fe4f91a0de32b52a838d0d612abdc1aa?s=96&d=mm&r=g","caption":"Larissa Carvalho"},"url":"https:\/\/www.correiobraziliense.com.br\/cbradar\/author\/larissamyth\/"}]}},"_links":{"self":[{"href":"https:\/\/www.correiobraziliense.com.br\/cbradar\/wp-json\/wp\/v2\/posts\/146708","targetHints":{"allow":["GET"]}}],"collection":[{"href":"https:\/\/www.correiobraziliense.com.br\/cbradar\/wp-json\/wp\/v2\/posts"}],"about":[{"href":"https:\/\/www.correiobraziliense.com.br\/cbradar\/wp-json\/wp\/v2\/types\/post"}],"author":[{"embeddable":true,"href":"https:\/\/www.correiobraziliense.com.br\/cbradar\/wp-json\/wp\/v2\/users\/3"}],"replies":[{"embeddable":true,"href":"https:\/\/www.correiobraziliense.com.br\/cbradar\/wp-json\/wp\/v2\/comments?post=146708"}],"version-history":[{"count":3,"href":"https:\/\/www.correiobraziliense.com.br\/cbradar\/wp-json\/wp\/v2\/posts\/146708\/revisions"}],"predecessor-version":[{"id":146755,"href":"https:\/\/www.correiobraziliense.com.br\/cbradar\/wp-json\/wp\/v2\/posts\/146708\/revisions\/146755"}],"wp:featuredmedia":[{"embeddable":true,"href":"https:\/\/www.correiobraziliense.com.br\/cbradar\/wp-json\/wp\/v2\/media\/146749"}],"wp:attachment":[{"href":"https:\/\/www.correiobraziliense.com.br\/cbradar\/wp-json\/wp\/v2\/media?parent=146708"}],"wp:term":[{"taxonomy":"category","embeddable":true,"href":"https:\/\/www.correiobraziliense.com.br\/cbradar\/wp-json\/wp\/v2\/categories?post=146708"},{"taxonomy":"post_tag","embeddable":true,"href":"https:\/\/www.correiobraziliense.com.br\/cbradar\/wp-json\/wp\/v2\/post_tag?post=146708"}],"curies":[{"name":"wp","href":"https:\/\/api.w.org\/{rel}","templated":true}]}}