{"id":146726,"date":"2025-11-30T19:35:00","date_gmt":"2025-11-30T22:35:00","guid":{"rendered":"https:\/\/www.correiobraziliense.com.br\/cbradar\/?p=146726"},"modified":"2025-11-29T10:29:38","modified_gmt":"2025-11-29T13:29:38","slug":"uma-descoberta-no-meio-do-deserto-faz-os-arqueologos-repensarem-a-origem-da-humanidade","status":"publish","type":"post","link":"https:\/\/www.correiobraziliense.com.br\/cbradar\/uma-descoberta-no-meio-do-deserto-faz-os-arqueologos-repensarem-a-origem-da-humanidade\/","title":{"rendered":"Uma descoberta no meio do deserto faz os arque\u00f3logos repensarem a origem da humanidade"},"content":{"rendered":"\n<p>Uma fascinante descoberta arqueol\u00f3gica na Ar\u00e1bia Saudita trouxe \u00e0 luz arte rupestre de cerca de <strong>12.000 anos<\/strong>, com esculturas detalhadas de camelos e gazelas, feitas por antigos habitantes do deserto de Nefud. A equipe liderada por <strong>Maria Guagnin<\/strong>, do Instituto <a href=\"https:\/\/apnews.com\/article\/rock-art-saudi-arabia-desert-ab914512f46e80d722537f3d5506a616\" target=\"_blank\" rel=\"noreferrer noopener\">Max Planck de Geoantropologia<\/a>, na Alemanha, destacou n\u00e3o apenas a habilidade t\u00e9cnica dos escultores, mas tamb\u00e9m o impacto profundo desse achado na compreens\u00e3o da hist\u00f3ria humana na Pen\u00ednsula Ar\u00e1bica.<\/p>\n\n\n\n<h2 class=\"wp-block-heading\">O que muda na hist\u00f3ria humana com as esculturas do deserto de Nefud<\/h2>\n\n\n\n<p>A identifica\u00e7\u00e3o dessas figuras esculpidas evidencia que <strong>popula\u00e7\u00f5es estabelecidas<\/strong> j\u00e1 ocupavam o deserto de Nefud h\u00e1 mil\u00eanios, desafiando ideias anteriores sobre a inabitabilidade da regi\u00e3o. O grau de <strong>sofistica\u00e7\u00e3o art\u00edstica<\/strong> e as t\u00e9cnicas empregadas sugerem uma capacidade avan\u00e7ada de adapta\u00e7\u00e3o social e tecnol\u00f3gica.<\/p>\n\n\n\n<p>Esse contexto arqueol\u00f3gico contribui para repensar as rotas migrat\u00f3rias e a evolu\u00e7\u00e3o cultural no <strong>Oriente M\u00e9dio<\/strong>. Evid\u00eancias ambientais apontam que a regi\u00e3o podia ser mais \u00famida no passado, favorecendo a presen\u00e7a de vida e cultura humana permanente.<\/p>\n\n\n\n<h2 class=\"wp-block-heading\">Como os pesquisadores enfrentam desafios no deserto de Nefud<\/h2>\n\n\n\n<p>Desvendar os segredos hist\u00f3ricos do deserto de Nefud tem exigido trabalho intenso sob condi\u00e7\u00f5es extremamente \u00e1ridas e dif\u00edceis. A topografia desafiadora e o isolamento tornam tanto a <strong>log\u00edstica das escava\u00e7\u00f5es<\/strong> quanto a realiza\u00e7\u00e3o de pesquisas detalhadas complexas para as equipes cient\u00edficas.<\/p>\n\n\n\n<p>Para superar esses desafios, os pesquisadores v\u00eam adotando m\u00e9todos inovadores. Destacam-se, por exemplo:<\/p>\n\n\n\n<ul class=\"wp-block-list\">\n<li><strong>Uso de drones<\/strong> para mapeamento a\u00e9reo e localiza\u00e7\u00e3o de s\u00edtios arqueol\u00f3gicos;<\/li>\n\n\n\n<li>Aplica\u00e7\u00e3o de <strong>fotogrametria<\/strong> para registrar e preservar digitalmente as esculturas;<\/li>\n\n\n\n<li>Emprego de t\u00e9cnicas modernas de <strong>data\u00e7\u00e3o por luminesc\u00eancia<\/strong>, que confirmam a antiguidade das obras.<\/li>\n<\/ul>\n\n\n\n<figure class=\"wp-block-image size-large\"><img decoding=\"async\" width=\"1024\" height=\"576\" src=\"https:\/\/www.correiobraziliense.com.br\/cbradar\/wp-content\/uploads\/2025\/11\/deserto-de-Nefud_1764422931364-1024x576.jpg\" alt=\"Uma descoberta no meio do deserto faz os arque\u00f3logos repensarem a origem da humanidade\" class=\"wp-image-146876\" srcset=\"https:\/\/www.correiobraziliense.com.br\/cbradar\/wp-content\/uploads\/2025\/11\/deserto-de-Nefud_1764422931364-1024x576.jpg 1024w, https:\/\/www.correiobraziliense.com.br\/cbradar\/wp-content\/uploads\/2025\/11\/deserto-de-Nefud_1764422931364-300x169.jpg 300w, https:\/\/www.correiobraziliense.com.br\/cbradar\/wp-content\/uploads\/2025\/11\/deserto-de-Nefud_1764422931364-768x432.jpg 768w, https:\/\/www.correiobraziliense.com.br\/cbradar\/wp-content\/uploads\/2025\/11\/deserto-de-Nefud_1764422931364-750x422.jpg 750w, https:\/\/www.correiobraziliense.com.br\/cbradar\/wp-content\/uploads\/2025\/11\/deserto-de-Nefud_1764422931364-1140x641.jpg 1140w, https:\/\/www.correiobraziliense.com.br\/cbradar\/wp-content\/uploads\/2025\/11\/deserto-de-Nefud_1764422931364.jpg 1280w\" sizes=\"(max-width: 1024px) 100vw, 1024px\" \/><figcaption class=\"wp-element-caption\">Descubra esculturas rupestres de 12 mil anos na Ar\u00e1bia Saudita! Elas inspiram resili\u00eancia humana no deserto, transformando pedra em li\u00e7\u00e3o de sobreviv\u00eancia eterna. Cr\u00e9ditos: depositphotos.com \/ vinkfan<\/figcaption><\/figure>\n\n\n\n<h2 class=\"wp-block-heading\">Quais informa\u00e7\u00f5es sobre a fauna pr\u00e9-hist\u00f3rica as esculturas fornecem<\/h2>\n\n\n\n<p>As gravuras descobertas v\u00e3o al\u00e9m dos camelos e gazelas, incluindo representa\u00e7\u00f5es de esp\u00e9cies extintas como o <strong>auroque<\/strong>, um tipo de bovino que n\u00e3o existe mais. Ao analisar essas figuras, os pesquisadores obt\u00eam insights valiosos sobre a <strong>fauna local<\/strong> e suas rela\u00e7\u00f5es com os antigos habitantes.<\/p>\n\n\n\n<p>Essas esculturas revelam que os artistas do passado tinham amplo conhecimento sobre a vida animal do deserto, refletindo o papel fundamental dos animais na sobreviv\u00eancia e cultura dessas sociedades arcaicas.<\/p>\n\n\n\n<h2 class=\"wp-block-heading\">Por que a arte rupestre \u00e9 indispens\u00e1vel para entender o passado humano<\/h2>\n\n\n\n<p>A arte rupestre da Ar\u00e1bia Saudita oferece uma <strong>janela \u00fanica<\/strong> para investigar as sociedades pr\u00e9-hist\u00f3ricas e suas estrat\u00e9gias culturais e de sobreviv\u00eancia. Sua an\u00e1lise permite explorar pr\u00e1ticas religiosas, sociais e econ\u00f4micas desenvolvidas por nossos ancestrais.<\/p>\n\n\n\n<p>O destaque internacional dessas descobertas impulsiona iniciativas de <strong>preserva\u00e7\u00e3o patrimonial<\/strong> e fomenta novas pesquisas, ressaltando a relev\u00e2ncia cont\u00ednua da arqueologia para a compreens\u00e3o da trajet\u00f3ria humana no Oriente M\u00e9dio e al\u00e9m.<\/p>\n","protected":false},"excerpt":{"rendered":"<p>Descubra como a Ar\u00e1bia Saudita se torna ber\u00e7o do arte rupestre com figuras de 12.000 anos, mudando a vis\u00e3o sobre a antiga civiliza\u00e7\u00e3o.<\/p>\n","protected":false},"author":3,"featured_media":146877,"comment_status":"open","ping_status":"open","sticky":false,"template":"","format":"standard","meta":{"_yoast_wpseo_focuskw":"descoberta origem da humanidade","_yoast_wpseo_title":"%%title%%","_yoast_wpseo_metadesc":"Descubra como a Ar\u00e1bia Saudita se torna ber\u00e7o do arte rupestre com figuras de 12.000 anos, mudando a vis\u00e3o sobre a antiga civiliza\u00e7\u00e3o.","jnews-multi-image_gallery":[],"jnews_single_post":{"format":"standard"},"jnews_primary_category":[],"jnews_social_meta":[],"jnews_override_counter":[],"footnotes":""},"categories":[112],"post_tag":[12065,144,320],"class_list":["post-146726","post","type-post","status-publish","format-standard","has-post-thumbnail","hentry","category-curiosidades","tag-curiosidade-historicas","tag-curiosidades","tag-historia"],"yoast_head":"<!-- This site is optimized with the Yoast SEO plugin v24.6 - https:\/\/yoast.com\/wordpress\/plugins\/seo\/ -->\n<title>Uma descoberta no meio do deserto faz os arque\u00f3logos repensarem a origem da humanidade<\/title>\n<meta name=\"description\" content=\"Descubra como a Ar\u00e1bia Saudita se torna ber\u00e7o do arte rupestre com figuras de 12.000 anos, mudando a vis\u00e3o sobre a antiga civiliza\u00e7\u00e3o.\" \/>\n<meta name=\"robots\" content=\"index, follow, max-snippet:-1, max-image-preview:large, max-video-preview:-1\" \/>\n<link rel=\"canonical\" href=\"https:\/\/www.correiobraziliense.com.br\/cbradar\/uma-descoberta-no-meio-do-deserto-faz-os-arqueologos-repensarem-a-origem-da-humanidade\/\" \/>\n<meta property=\"og:locale\" content=\"pt_BR\" \/>\n<meta property=\"og:type\" content=\"article\" \/>\n<meta property=\"og:title\" content=\"Uma descoberta no meio do deserto faz os arque\u00f3logos repensarem a origem da humanidade\" \/>\n<meta property=\"og:description\" content=\"Descubra como a Ar\u00e1bia Saudita se torna ber\u00e7o do arte rupestre com figuras de 12.000 anos, mudando a vis\u00e3o sobre a antiga civiliza\u00e7\u00e3o.\" \/>\n<meta property=\"og:url\" content=\"https:\/\/www.correiobraziliense.com.br\/cbradar\/uma-descoberta-no-meio-do-deserto-faz-os-arqueologos-repensarem-a-origem-da-humanidade\/\" \/>\n<meta property=\"og:site_name\" content=\"Correio Braziliense - Radar\" \/>\n<meta property=\"article:published_time\" content=\"2025-11-30T22:35:00+00:00\" \/>\n<meta property=\"og:image\" content=\"https:\/\/www.correiobraziliense.com.br\/cbradar\/wp-content\/uploads\/2025\/11\/Arte-Rupestre-Saudi-Sem-Texto.jpg\" \/>\n\t<meta property=\"og:image:width\" content=\"1280\" \/>\n\t<meta property=\"og:image:height\" content=\"720\" \/>\n\t<meta property=\"og:image:type\" content=\"image\/jpeg\" \/>\n<meta name=\"author\" content=\"Larissa Carvalho\" \/>\n<meta name=\"twitter:card\" content=\"summary_large_image\" \/>\n<meta name=\"twitter:label1\" content=\"Escrito por\" \/>\n\t<meta name=\"twitter:data1\" content=\"Larissa Carvalho\" \/>\n\t<meta name=\"twitter:label2\" content=\"Est. tempo de leitura\" \/>\n\t<meta name=\"twitter:data2\" content=\"3 minutos\" \/>\n<!-- \/ Yoast SEO plugin. -->","yoast_head_json":{"title":"Uma descoberta no meio do deserto faz os arque\u00f3logos repensarem a origem da humanidade","description":"Descubra como a Ar\u00e1bia Saudita se torna ber\u00e7o do arte rupestre com figuras de 12.000 anos, mudando a vis\u00e3o sobre a antiga civiliza\u00e7\u00e3o.","robots":{"index":"index","follow":"follow","max-snippet":"max-snippet:-1","max-image-preview":"max-image-preview:large","max-video-preview":"max-video-preview:-1"},"canonical":"https:\/\/www.correiobraziliense.com.br\/cbradar\/uma-descoberta-no-meio-do-deserto-faz-os-arqueologos-repensarem-a-origem-da-humanidade\/","og_locale":"pt_BR","og_type":"article","og_title":"Uma descoberta no meio do deserto faz os arque\u00f3logos repensarem a origem da humanidade","og_description":"Descubra como a Ar\u00e1bia Saudita se torna ber\u00e7o do arte rupestre com figuras de 12.000 anos, mudando a vis\u00e3o sobre a antiga civiliza\u00e7\u00e3o.","og_url":"https:\/\/www.correiobraziliense.com.br\/cbradar\/uma-descoberta-no-meio-do-deserto-faz-os-arqueologos-repensarem-a-origem-da-humanidade\/","og_site_name":"Correio Braziliense - Radar","article_published_time":"2025-11-30T22:35:00+00:00","og_image":[{"width":1280,"height":720,"url":"https:\/\/www.correiobraziliense.com.br\/cbradar\/wp-content\/uploads\/2025\/11\/Arte-Rupestre-Saudi-Sem-Texto.jpg","type":"image\/jpeg"}],"author":"Larissa Carvalho","twitter_card":"summary_large_image","twitter_misc":{"Escrito por":"Larissa Carvalho","Est. tempo de leitura":"3 minutos"},"schema":{"@context":"https:\/\/schema.org","@graph":[{"@type":"WebPage","@id":"https:\/\/www.correiobraziliense.com.br\/cbradar\/uma-descoberta-no-meio-do-deserto-faz-os-arqueologos-repensarem-a-origem-da-humanidade\/","url":"https:\/\/www.correiobraziliense.com.br\/cbradar\/uma-descoberta-no-meio-do-deserto-faz-os-arqueologos-repensarem-a-origem-da-humanidade\/","name":"Uma descoberta no meio do deserto faz os arque\u00f3logos repensarem a origem da humanidade","isPartOf":{"@id":"https:\/\/www.correiobraziliense.com.br\/cbradar\/#website"},"primaryImageOfPage":{"@id":"https:\/\/www.correiobraziliense.com.br\/cbradar\/uma-descoberta-no-meio-do-deserto-faz-os-arqueologos-repensarem-a-origem-da-humanidade\/#primaryimage"},"image":{"@id":"https:\/\/www.correiobraziliense.com.br\/cbradar\/uma-descoberta-no-meio-do-deserto-faz-os-arqueologos-repensarem-a-origem-da-humanidade\/#primaryimage"},"thumbnailUrl":"https:\/\/www.correiobraziliense.com.br\/cbradar\/wp-content\/uploads\/2025\/11\/Arte-Rupestre-Saudi-Sem-Texto.jpg","datePublished":"2025-11-30T22:35:00+00:00","author":{"@id":"https:\/\/www.correiobraziliense.com.br\/cbradar\/#\/schema\/person\/58422787644df994b53a19d3e56c1513"},"description":"Descubra como a Ar\u00e1bia Saudita se torna ber\u00e7o do arte rupestre com figuras de 12.000 anos, mudando a vis\u00e3o sobre a antiga civiliza\u00e7\u00e3o.","breadcrumb":{"@id":"https:\/\/www.correiobraziliense.com.br\/cbradar\/uma-descoberta-no-meio-do-deserto-faz-os-arqueologos-repensarem-a-origem-da-humanidade\/#breadcrumb"},"inLanguage":"pt-BR","potentialAction":[{"@type":"ReadAction","target":["https:\/\/www.correiobraziliense.com.br\/cbradar\/uma-descoberta-no-meio-do-deserto-faz-os-arqueologos-repensarem-a-origem-da-humanidade\/"]}]},{"@type":"ImageObject","inLanguage":"pt-BR","@id":"https:\/\/www.correiobraziliense.com.br\/cbradar\/uma-descoberta-no-meio-do-deserto-faz-os-arqueologos-repensarem-a-origem-da-humanidade\/#primaryimage","url":"https:\/\/www.correiobraziliense.com.br\/cbradar\/wp-content\/uploads\/2025\/11\/Arte-Rupestre-Saudi-Sem-Texto.jpg","contentUrl":"https:\/\/www.correiobraziliense.com.br\/cbradar\/wp-content\/uploads\/2025\/11\/Arte-Rupestre-Saudi-Sem-Texto.jpg","width":1280,"height":720,"caption":"Arte rupestre de 12.000 anos no deserto de Nefud, Ar\u00e1bia Saudita, mostra camelos e gazelas esculpidos por ca\u00e7adores-coletores, revelando adapta\u00e7\u00e3o humana antiga.\u200b"},{"@type":"BreadcrumbList","@id":"https:\/\/www.correiobraziliense.com.br\/cbradar\/uma-descoberta-no-meio-do-deserto-faz-os-arqueologos-repensarem-a-origem-da-humanidade\/#breadcrumb","itemListElement":[{"@type":"ListItem","position":1,"name":"In\u00edcio","item":"https:\/\/www.correiobraziliense.com.br\/cbradar\/"},{"@type":"ListItem","position":2,"name":"Uma descoberta no meio do deserto faz os arque\u00f3logos repensarem a origem da humanidade"}]},{"@type":"WebSite","@id":"https:\/\/www.correiobraziliense.com.br\/cbradar\/#website","url":"https:\/\/www.correiobraziliense.com.br\/cbradar\/","name":"Correio Braziliense - Radar","description":"Acompanhe as \u00faltimas not\u00edcias e fique bem informado sobre tudo o que acontece no Brasil e no mundo.","potentialAction":[{"@type":"SearchAction","target":{"@type":"EntryPoint","urlTemplate":"https:\/\/www.correiobraziliense.com.br\/cbradar\/?s={search_term_string}"},"query-input":{"@type":"PropertyValueSpecification","valueRequired":true,"valueName":"search_term_string"}}],"inLanguage":"pt-BR"},{"@type":"Person","@id":"https:\/\/www.correiobraziliense.com.br\/cbradar\/#\/schema\/person\/58422787644df994b53a19d3e56c1513","name":"Larissa Carvalho","image":{"@type":"ImageObject","inLanguage":"pt-BR","@id":"https:\/\/www.correiobraziliense.com.br\/cbradar\/#\/schema\/person\/image\/","url":"https:\/\/secure.gravatar.com\/avatar\/fe4f91a0de32b52a838d0d612abdc1aa?s=96&d=mm&r=g","contentUrl":"https:\/\/secure.gravatar.com\/avatar\/fe4f91a0de32b52a838d0d612abdc1aa?s=96&d=mm&r=g","caption":"Larissa Carvalho"},"url":"https:\/\/www.correiobraziliense.com.br\/cbradar\/author\/larissamyth\/"}]}},"_links":{"self":[{"href":"https:\/\/www.correiobraziliense.com.br\/cbradar\/wp-json\/wp\/v2\/posts\/146726","targetHints":{"allow":["GET"]}}],"collection":[{"href":"https:\/\/www.correiobraziliense.com.br\/cbradar\/wp-json\/wp\/v2\/posts"}],"about":[{"href":"https:\/\/www.correiobraziliense.com.br\/cbradar\/wp-json\/wp\/v2\/types\/post"}],"author":[{"embeddable":true,"href":"https:\/\/www.correiobraziliense.com.br\/cbradar\/wp-json\/wp\/v2\/users\/3"}],"replies":[{"embeddable":true,"href":"https:\/\/www.correiobraziliense.com.br\/cbradar\/wp-json\/wp\/v2\/comments?post=146726"}],"version-history":[{"count":3,"href":"https:\/\/www.correiobraziliense.com.br\/cbradar\/wp-json\/wp\/v2\/posts\/146726\/revisions"}],"predecessor-version":[{"id":146879,"href":"https:\/\/www.correiobraziliense.com.br\/cbradar\/wp-json\/wp\/v2\/posts\/146726\/revisions\/146879"}],"wp:featuredmedia":[{"embeddable":true,"href":"https:\/\/www.correiobraziliense.com.br\/cbradar\/wp-json\/wp\/v2\/media\/146877"}],"wp:attachment":[{"href":"https:\/\/www.correiobraziliense.com.br\/cbradar\/wp-json\/wp\/v2\/media?parent=146726"}],"wp:term":[{"taxonomy":"category","embeddable":true,"href":"https:\/\/www.correiobraziliense.com.br\/cbradar\/wp-json\/wp\/v2\/categories?post=146726"},{"taxonomy":"post_tag","embeddable":true,"href":"https:\/\/www.correiobraziliense.com.br\/cbradar\/wp-json\/wp\/v2\/post_tag?post=146726"}],"curies":[{"name":"wp","href":"https:\/\/api.w.org\/{rel}","templated":true}]}}