{"id":14683,"date":"2025-03-22T15:50:00","date_gmt":"2025-03-22T18:50:00","guid":{"rendered":"https:\/\/www.correiobraziliense.com.br\/cbradar\/?p=14683"},"modified":"2025-03-21T22:25:28","modified_gmt":"2025-03-22T01:25:28","slug":"essa-cidade-da-zona-rural-de-sao-paulo-ja-passou-1-ano-sem-roubos","status":"publish","type":"post","link":"https:\/\/www.correiobraziliense.com.br\/cbradar\/essa-cidade-da-zona-rural-de-sao-paulo-ja-passou-1-ano-sem-roubos\/","title":{"rendered":"Essa cidade da zona rural de S\u00e3o Paulo j\u00e1 passou 1 ano sem roubos"},"content":{"rendered":"\n<p>Localizada a aproximadamente 120 quil\u00f4metros da capital paulista, <strong>Pedra Bela <\/strong>se destaca como a cidade mais rural do estado de <strong>S\u00e3o Paulo<\/strong>. Com um grau de urbaniza\u00e7\u00e3o de apenas 27%, segundo dados da<strong> Funda\u00e7\u00e3o Seade<\/strong> e do <strong><a href=\"https:\/\/www.ibge.gov.br\/estatisticas\/sociais\/trabalho\/22827-censo-demografico-2022.html\" target=\"_blank\" rel=\"noreferrer noopener\">Censo do IBGE<\/a><\/strong>, este munic\u00edpio na Serra da Mantiqueira \u00e9 um exemplo vivo de uma comunidade que preserva suas ra\u00edzes rurais.<\/p>\n\n\n\n<p>Com uma popula\u00e7\u00e3o de cerca de 6,5 mil habitantes, Pedra Bela se sustenta principalmente atrav\u00e9s da agropecu\u00e1ria, destacando-se no cultivo de eucaliptos e na produ\u00e7\u00e3o de carv\u00e3o vegetal. A cidade tamb\u00e9m \u00e9 um destino tur\u00edstico emergente, oferecendo atra\u00e7\u00f5es naturais e culturais que atraem visitantes em busca de tranquilidade e aventura.<\/p>\n\n\n\n<h2 class=\"wp-block-heading\"><strong>Quais s\u00e3o as atra\u00e7\u00f5es tur\u00edsticas de Pedra Bela?<\/strong><\/h2>\n\n\n\n<p>Pedra Bela \u00e9 conhecida por suas belezas naturais e atra\u00e7\u00f5es tur\u00edsticas que incluem cachoeiras, trilhas e tirolesas. A Cachoeira Boca da Mata, por exemplo, \u00e9 uma piscina natural formada pelo Rio Camanducaia, localizada na divisa entre S\u00e3o Paulo e Minas Gerais. A cidade tamb\u00e9m abriga uma das maiores tirolesas do Brasil, com 1.800 metros de extens\u00e3o, proporcionando uma descida emocionante que pode atingir velocidades de at\u00e9 80 km\/h.<\/p>\n\n\n\n<p>Outro ponto de interesse \u00e9 a Pedra do Santu\u00e1rio, situada a cerca de tr\u00eas quil\u00f4metros do centro da cidade. No topo desta forma\u00e7\u00e3o rochosa, encontra-se o Santu\u00e1rio Diocesano de Nossa Senhora Aparecida, um local de peregrina\u00e7\u00e3o que atrai devotos anualmente no dia 12 de outubro. A lenda local conta a hist\u00f3ria de um \u00f3rf\u00e3o que teve vis\u00f5es de uma mulher iluminada, levando \u00e0 constru\u00e7\u00e3o da igreja no alto da pedra.<\/p>\n\n\n\n<figure class=\"wp-block-image size-large\"><img decoding=\"async\" width=\"1024\" height=\"576\" src=\"https:\/\/www.correiobraziliense.com.br\/cbradar\/wp-content\/uploads\/2025\/03\/Pedra-Bela-2-1024x576.png\" alt=\"Essa cidade da zona rural de S\u00e3o Paulo j\u00e1 passou 1 ano sem roubos\" class=\"wp-image-14685\" srcset=\"https:\/\/www.correiobraziliense.com.br\/cbradar\/wp-content\/uploads\/2025\/03\/Pedra-Bela-2-1024x576.png 1024w, https:\/\/www.correiobraziliense.com.br\/cbradar\/wp-content\/uploads\/2025\/03\/Pedra-Bela-2-300x169.png 300w, https:\/\/www.correiobraziliense.com.br\/cbradar\/wp-content\/uploads\/2025\/03\/Pedra-Bela-2-768x432.png 768w, https:\/\/www.correiobraziliense.com.br\/cbradar\/wp-content\/uploads\/2025\/03\/Pedra-Bela-2-750x422.png 750w, https:\/\/www.correiobraziliense.com.br\/cbradar\/wp-content\/uploads\/2025\/03\/Pedra-Bela-2-1140x641.png 1140w, https:\/\/www.correiobraziliense.com.br\/cbradar\/wp-content\/uploads\/2025\/03\/Pedra-Bela-2.png 1280w\" sizes=\"(max-width: 1024px) 100vw, 1024px\" \/><figcaption class=\"wp-element-caption\">Pedra Bela. Fonte: joao batista Shimoto, CC BY-SA 3.0, via Wikimedia Commons<\/figcaption><\/figure>\n\n\n\n<h2 class=\"wp-block-heading\"><strong>Como Pedra Bela se destaca em termos de seguran\u00e7a?<\/strong><\/h2>\n\n\n\n<p>Al\u00e9m de suas atra\u00e7\u00f5es tur\u00edsticas, Pedra Bela \u00e9 reconhecida por seus baixos \u00edndices de criminalidade, refor\u00e7ando o estere\u00f3tipo de uma cidade rural pac\u00edfica. De acordo com a Secretaria da Seguran\u00e7a P\u00fablica (SSP), em janeiro de 2025, n\u00e3o foram registrados roubos ou furtos no munic\u00edpio. Em 2024, houve apenas uma ocorr\u00eancia de homic\u00eddio doloso, um roubo e 23 furtos, n\u00fameros que destacam a seguran\u00e7a da cidade.<\/p>\n\n\n\n<p>Desde 2001, quando a SSP come\u00e7ou a compilar dados, Pedra Bela n\u00e3o registrou nenhum caso de homic\u00eddio ou roubo em 2010, um feito que ainda n\u00e3o foi superado. Esses \u00edndices refletem a tranquilidade e a qualidade de vida que a cidade oferece a seus moradores e visitantes.<\/p>\n\n\n\n<h2 class=\"wp-block-heading\"><strong>Por que Pedra Bela \u00e9 um exemplo de preserva\u00e7\u00e3o rural?<\/strong><\/h2>\n\n\n\n<p>O grau de urbaniza\u00e7\u00e3o de Pedra Bela, que contrasta com a tend\u00eancia global de urbaniza\u00e7\u00e3o, destaca a cidade como um exemplo de preserva\u00e7\u00e3o rural. Enquanto o estado de S\u00e3o Paulo atingiu um grau de urbaniza\u00e7\u00e3o de 97% em 2022, Pedra Bela mant\u00e9m quase 80% de sua popula\u00e7\u00e3o em \u00e1reas rurais. Essa caracter\u00edstica n\u00e3o apenas preserva o modo de vida tradicional, mas tamb\u00e9m oferece um ref\u00fagio para aqueles que buscam escapar da agita\u00e7\u00e3o urbana.<\/p>\n\n\n\n<p>Em suma, Pedra Bela \u00e9 um testemunho da coexist\u00eancia harmoniosa entre o desenvolvimento econ\u00f4mico e a preserva\u00e7\u00e3o cultural e ambiental. Com suas paisagens deslumbrantes, hist\u00f3ria rica e seguran\u00e7a exemplar, a cidade continua a ser um destino atraente para turistas e um lar acolhedor para seus habitantes.<\/p>\n","protected":false},"excerpt":{"rendered":"<p>Descubra Pedra Bela, um o\u00e1sis rural a apenas 120 km de S\u00e3o Paulo. Com beleza natural, atra\u00e7\u00f5es ao ar livre e baixos \u00edndices de criminalidade.<\/p>\n","protected":false},"author":3,"featured_media":14684,"comment_status":"open","ping_status":"open","sticky":false,"template":"","format":"standard","meta":{"_yoast_wpseo_focuskw":"S\u00e3o Paulo sem roubo","_yoast_wpseo_title":"%%title%%","_yoast_wpseo_metadesc":"Descubra Pedra Bela, um o\u00e1sis rural a apenas 120 km de S\u00e3o Paulo. Com beleza natural, atra\u00e7\u00f5es ao ar livre e baixos \u00edndices de criminalidade.","jnews-multi-image_gallery":[],"jnews_single_post":{"format":"standard"},"jnews_primary_category":[],"jnews_social_meta":[],"jnews_override_counter":[],"footnotes":""},"categories":[108],"tags":[109],"class_list":["post-14683","post","type-post","status-publish","format-standard","has-post-thumbnail","hentry","category-cidades","tag-cidades"],"yoast_head":"<!-- This site is optimized with the Yoast SEO plugin v24.6 - https:\/\/yoast.com\/wordpress\/plugins\/seo\/ -->\n<title>Essa cidade da zona rural de S\u00e3o Paulo j\u00e1 passou 1 ano sem roubos<\/title>\n<meta name=\"description\" content=\"Descubra Pedra Bela, um o\u00e1sis rural a apenas 120 km de S\u00e3o Paulo. Com beleza natural, atra\u00e7\u00f5es ao ar livre e baixos \u00edndices de criminalidade.\" \/>\n<meta name=\"robots\" content=\"index, follow, max-snippet:-1, max-image-preview:large, max-video-preview:-1\" \/>\n<link rel=\"canonical\" href=\"https:\/\/www.correiobraziliense.com.br\/cbradar\/essa-cidade-da-zona-rural-de-sao-paulo-ja-passou-1-ano-sem-roubos\/\" \/>\n<meta property=\"og:locale\" content=\"pt_BR\" \/>\n<meta property=\"og:type\" content=\"article\" \/>\n<meta property=\"og:title\" content=\"Essa cidade da zona rural de S\u00e3o Paulo j\u00e1 passou 1 ano sem roubos\" \/>\n<meta property=\"og:description\" content=\"Descubra Pedra Bela, um o\u00e1sis rural a apenas 120 km de S\u00e3o Paulo. Com beleza natural, atra\u00e7\u00f5es ao ar livre e baixos \u00edndices de criminalidade.\" \/>\n<meta property=\"og:url\" content=\"https:\/\/www.correiobraziliense.com.br\/cbradar\/essa-cidade-da-zona-rural-de-sao-paulo-ja-passou-1-ano-sem-roubos\/\" \/>\n<meta property=\"og:site_name\" content=\"Correio Braziliense - Radar\" \/>\n<meta property=\"article:published_time\" content=\"2025-03-22T18:50:00+00:00\" \/>\n<meta property=\"og:image\" content=\"https:\/\/www.correiobraziliense.com.br\/cbradar\/wp-content\/uploads\/2025\/03\/Pedra-Bela.png\" \/>\n\t<meta property=\"og:image:width\" content=\"1280\" \/>\n\t<meta property=\"og:image:height\" content=\"720\" \/>\n\t<meta property=\"og:image:type\" content=\"image\/png\" \/>\n<meta name=\"author\" content=\"Larissa Carvalho\" \/>\n<meta name=\"twitter:card\" content=\"summary_large_image\" \/>\n<meta name=\"twitter:label1\" content=\"Escrito por\" \/>\n\t<meta name=\"twitter:data1\" content=\"Larissa Carvalho\" \/>\n\t<meta name=\"twitter:label2\" content=\"Est. tempo de leitura\" \/>\n\t<meta name=\"twitter:data2\" content=\"4 minutos\" \/>\n<!-- \/ Yoast SEO plugin. -->","yoast_head_json":{"title":"Essa cidade da zona rural de S\u00e3o Paulo j\u00e1 passou 1 ano sem roubos","description":"Descubra Pedra Bela, um o\u00e1sis rural a apenas 120 km de S\u00e3o Paulo. Com beleza natural, atra\u00e7\u00f5es ao ar livre e baixos \u00edndices de criminalidade.","robots":{"index":"index","follow":"follow","max-snippet":"max-snippet:-1","max-image-preview":"max-image-preview:large","max-video-preview":"max-video-preview:-1"},"canonical":"https:\/\/www.correiobraziliense.com.br\/cbradar\/essa-cidade-da-zona-rural-de-sao-paulo-ja-passou-1-ano-sem-roubos\/","og_locale":"pt_BR","og_type":"article","og_title":"Essa cidade da zona rural de S\u00e3o Paulo j\u00e1 passou 1 ano sem roubos","og_description":"Descubra Pedra Bela, um o\u00e1sis rural a apenas 120 km de S\u00e3o Paulo. Com beleza natural, atra\u00e7\u00f5es ao ar livre e baixos \u00edndices de criminalidade.","og_url":"https:\/\/www.correiobraziliense.com.br\/cbradar\/essa-cidade-da-zona-rural-de-sao-paulo-ja-passou-1-ano-sem-roubos\/","og_site_name":"Correio Braziliense - Radar","article_published_time":"2025-03-22T18:50:00+00:00","og_image":[{"width":1280,"height":720,"url":"https:\/\/www.correiobraziliense.com.br\/cbradar\/wp-content\/uploads\/2025\/03\/Pedra-Bela.png","type":"image\/png"}],"author":"Larissa Carvalho","twitter_card":"summary_large_image","twitter_misc":{"Escrito por":"Larissa Carvalho","Est. tempo de leitura":"4 minutos"},"schema":{"@context":"https:\/\/schema.org","@graph":[{"@type":"WebPage","@id":"https:\/\/www.correiobraziliense.com.br\/cbradar\/essa-cidade-da-zona-rural-de-sao-paulo-ja-passou-1-ano-sem-roubos\/","url":"https:\/\/www.correiobraziliense.com.br\/cbradar\/essa-cidade-da-zona-rural-de-sao-paulo-ja-passou-1-ano-sem-roubos\/","name":"Essa cidade da zona rural de S\u00e3o Paulo j\u00e1 passou 1 ano sem roubos","isPartOf":{"@id":"https:\/\/www.correiobraziliense.com.br\/cbradar\/#website"},"primaryImageOfPage":{"@id":"https:\/\/www.correiobraziliense.com.br\/cbradar\/essa-cidade-da-zona-rural-de-sao-paulo-ja-passou-1-ano-sem-roubos\/#primaryimage"},"image":{"@id":"https:\/\/www.correiobraziliense.com.br\/cbradar\/essa-cidade-da-zona-rural-de-sao-paulo-ja-passou-1-ano-sem-roubos\/#primaryimage"},"thumbnailUrl":"https:\/\/www.correiobraziliense.com.br\/cbradar\/wp-content\/uploads\/2025\/03\/Pedra-Bela.png","datePublished":"2025-03-22T18:50:00+00:00","author":{"@id":"https:\/\/www.correiobraziliense.com.br\/cbradar\/#\/schema\/person\/58422787644df994b53a19d3e56c1513"},"description":"Descubra Pedra Bela, um o\u00e1sis rural a apenas 120 km de S\u00e3o Paulo. Com beleza natural, atra\u00e7\u00f5es ao ar livre e baixos \u00edndices de criminalidade.","breadcrumb":{"@id":"https:\/\/www.correiobraziliense.com.br\/cbradar\/essa-cidade-da-zona-rural-de-sao-paulo-ja-passou-1-ano-sem-roubos\/#breadcrumb"},"inLanguage":"pt-BR","potentialAction":[{"@type":"ReadAction","target":["https:\/\/www.correiobraziliense.com.br\/cbradar\/essa-cidade-da-zona-rural-de-sao-paulo-ja-passou-1-ano-sem-roubos\/"]}]},{"@type":"ImageObject","inLanguage":"pt-BR","@id":"https:\/\/www.correiobraziliense.com.br\/cbradar\/essa-cidade-da-zona-rural-de-sao-paulo-ja-passou-1-ano-sem-roubos\/#primaryimage","url":"https:\/\/www.correiobraziliense.com.br\/cbradar\/wp-content\/uploads\/2025\/03\/Pedra-Bela.png","contentUrl":"https:\/\/www.correiobraziliense.com.br\/cbradar\/wp-content\/uploads\/2025\/03\/Pedra-Bela.png","width":1280,"height":720,"caption":"Pedra Bela. Fonte: Jefaria, Public domain, via Wikimedia Commons"},{"@type":"BreadcrumbList","@id":"https:\/\/www.correiobraziliense.com.br\/cbradar\/essa-cidade-da-zona-rural-de-sao-paulo-ja-passou-1-ano-sem-roubos\/#breadcrumb","itemListElement":[{"@type":"ListItem","position":1,"name":"In\u00edcio","item":"https:\/\/www.correiobraziliense.com.br\/cbradar\/"},{"@type":"ListItem","position":2,"name":"Essa cidade da zona rural de S\u00e3o Paulo j\u00e1 passou 1 ano sem roubos"}]},{"@type":"WebSite","@id":"https:\/\/www.correiobraziliense.com.br\/cbradar\/#website","url":"https:\/\/www.correiobraziliense.com.br\/cbradar\/","name":"Correio Braziliense - Radar","description":"Acompanhe as \u00faltimas not\u00edcias e fique bem informado sobre tudo o que acontece no Brasil e no mundo.","potentialAction":[{"@type":"SearchAction","target":{"@type":"EntryPoint","urlTemplate":"https:\/\/www.correiobraziliense.com.br\/cbradar\/?s={search_term_string}"},"query-input":{"@type":"PropertyValueSpecification","valueRequired":true,"valueName":"search_term_string"}}],"inLanguage":"pt-BR"},{"@type":"Person","@id":"https:\/\/www.correiobraziliense.com.br\/cbradar\/#\/schema\/person\/58422787644df994b53a19d3e56c1513","name":"Larissa Carvalho","image":{"@type":"ImageObject","inLanguage":"pt-BR","@id":"https:\/\/www.correiobraziliense.com.br\/cbradar\/#\/schema\/person\/image\/","url":"https:\/\/secure.gravatar.com\/avatar\/fe4f91a0de32b52a838d0d612abdc1aa?s=96&d=mm&r=g","contentUrl":"https:\/\/secure.gravatar.com\/avatar\/fe4f91a0de32b52a838d0d612abdc1aa?s=96&d=mm&r=g","caption":"Larissa Carvalho"},"url":"https:\/\/www.correiobraziliense.com.br\/cbradar\/author\/larissamyth\/"}]}},"_links":{"self":[{"href":"https:\/\/www.correiobraziliense.com.br\/cbradar\/wp-json\/wp\/v2\/posts\/14683","targetHints":{"allow":["GET"]}}],"collection":[{"href":"https:\/\/www.correiobraziliense.com.br\/cbradar\/wp-json\/wp\/v2\/posts"}],"about":[{"href":"https:\/\/www.correiobraziliense.com.br\/cbradar\/wp-json\/wp\/v2\/types\/post"}],"author":[{"embeddable":true,"href":"https:\/\/www.correiobraziliense.com.br\/cbradar\/wp-json\/wp\/v2\/users\/3"}],"replies":[{"embeddable":true,"href":"https:\/\/www.correiobraziliense.com.br\/cbradar\/wp-json\/wp\/v2\/comments?post=14683"}],"version-history":[{"count":1,"href":"https:\/\/www.correiobraziliense.com.br\/cbradar\/wp-json\/wp\/v2\/posts\/14683\/revisions"}],"predecessor-version":[{"id":14686,"href":"https:\/\/www.correiobraziliense.com.br\/cbradar\/wp-json\/wp\/v2\/posts\/14683\/revisions\/14686"}],"wp:featuredmedia":[{"embeddable":true,"href":"https:\/\/www.correiobraziliense.com.br\/cbradar\/wp-json\/wp\/v2\/media\/14684"}],"wp:attachment":[{"href":"https:\/\/www.correiobraziliense.com.br\/cbradar\/wp-json\/wp\/v2\/media?parent=14683"}],"wp:term":[{"taxonomy":"category","embeddable":true,"href":"https:\/\/www.correiobraziliense.com.br\/cbradar\/wp-json\/wp\/v2\/categories?post=14683"},{"taxonomy":"post_tag","embeddable":true,"href":"https:\/\/www.correiobraziliense.com.br\/cbradar\/wp-json\/wp\/v2\/tags?post=14683"}],"curies":[{"name":"wp","href":"https:\/\/api.w.org\/{rel}","templated":true}]}}