{"id":146859,"date":"2025-11-30T15:55:00","date_gmt":"2025-11-30T18:55:00","guid":{"rendered":"https:\/\/www.correiobraziliense.com.br\/cbradar\/?p=146859"},"modified":"2025-11-29T10:27:53","modified_gmt":"2025-11-29T13:27:53","slug":"estalar-os-dedos-causa-faz-mal-mito-ou-verdade","status":"publish","type":"post","link":"https:\/\/www.correiobraziliense.com.br\/cbradar\/estalar-os-dedos-causa-faz-mal-mito-ou-verdade\/","title":{"rendered":"Estalar os dedos causa faz mal? Mito ou verdade?"},"content":{"rendered":"\n<p><strong>Estalar os Dedos<\/strong> \u00e9 uma pr\u00e1tica amplamente disseminada, frequentemente envolta em mitos e preocupa\u00e7\u00f5es sobre poss\u00edveis danos \u00e0s articula\u00e7\u00f5es. O h\u00e1bito, que para muitos \u00e9 involunt\u00e1rio e proporciona uma sensa\u00e7\u00e3o de al\u00edvio, j\u00e1 foi alvo de diversos estudos cient\u00edficos que buscam esclarecer seus efeitos. Contrariando as cren\u00e7as populares que associam o estalar dos dedos a problemas como a artrite, n\u00e3o h\u00e1 evid\u00eancias concretas que sustentem tais alega\u00e7\u00f5es.<\/p>\n\n\n\n<p>Ao longo dos anos, pesquisas destacaram que o som caracter\u00edstico do estalar n\u00e3o causa danos significativos \u00e0s articula\u00e7\u00f5es. Este som se d\u00e1 pela forma\u00e7\u00e3o de bolhas de g\u00e1s no l\u00edquido sinovial, que recobre as articula\u00e7\u00f5es. Quando se estalam os dedos, uma press\u00e3o \u00e9 gerada, rompendo essas bolhas, sem, no entanto, afetar os componentes s\u00f3lidos das articula\u00e7\u00f5es.<\/p>\n\n\n\n<h2 class=\"wp-block-heading\">\u00c9 seguro Estalar os Dedos?<\/h2>\n\n\n\n<p>Analisando casos emblem\u00e1ticos, como o do Dr. Donald Unger, que por 60 anos estalou diariamente os dedos da m\u00e3o esquerda enquanto evitava faz\u00ea-lo na direita, n\u00e3o se identificaram diferen\u00e7as significativas entre as m\u00e3os nem o desenvolvimento de artrite. Outras investiga\u00e7\u00f5es com imagens de articula\u00e7\u00f5es tamb\u00e9m n\u00e3o apontam para danos ou altera\u00e7\u00f5es estruturais associados a essa pr\u00e1tica.<\/p>\n\n\n\n<h2 class=\"wp-block-heading\">Por que as pessoas continuam estalando os dedos?<\/h2>\n\n\n\n<p>O comportamento de Estalar os Dedos vai al\u00e9m de um simples h\u00e1bito. Para muitos, isso proporciona uma sensa\u00e7\u00e3o de al\u00edvio, e at\u00e9 mesmo divers\u00e3o. O estalo \u00e9 uma resposta \u00e0 tens\u00e3o articular percebida, aliviando uma poss\u00edvel rigidez moment\u00e2nea. Ainda assim, em alguns indiv\u00edduos, essa pr\u00e1tica \u00e9 uma forma de lidar com o nervosismo ou ansiedade, funcionando como uma a\u00e7\u00e3o <a href=\"https:\/\/www.correiobraziliense.com.br\/cbradar\/dr-danio-almeida-o-acumulo-de-gordura-que-nao-desaparece-com-dieta\/\" target=\"_blank\" rel=\"noreferrer noopener\">compensat\u00f3ria<\/a>.<\/p>\n\n\n\n<h2 class=\"wp-block-heading\">Quais s\u00e3o os riscos ao Estalar os Dedos excessivamente?<\/h2>\n\n\n\n<p>Embora Estalar os Dedos de forma moderada n\u00e3o represente risco, o uso excessivo de for\u00e7a ou a frequ\u00eancia elevada podem levar a problemas. For\u00e7ar as articula\u00e7\u00f5es antes que o g\u00e1s se recomponha pode gerar les\u00f5es e dor, caso contr\u00e1rio, indicativos de que a pr\u00e1tica deve ser revista. Dor prolongada ou incha\u00e7o ap\u00f3s o estalo pode sugerir a necessidade de um exame m\u00e9dico.<\/p>\n\n\n\n<h2 class=\"wp-block-heading\">Como abandonar o h\u00e1bito de Estalar os Dedos?<\/h2>\n\n\n\n<p>Para aqueles que desejam abandonar o h\u00e1bito, o primeiro passo \u00e9 identificar o porqu\u00ea desse comportamento. Tendo consci\u00eancia das situa\u00e7\u00f5es em que isso ocorre, a\u00e7\u00f5es alternativas podem ser estabelecidas, como o uso de bolas anti-estresse ou a pr\u00e1tica de alongamentos. Transformar a necessidade de estalar em atividades que promovam relaxamento e bem-estar pode ser uma estrat\u00e9gia eficaz para quem busca abandonar o ato.<\/p>\n\n\n<a href=\"https:\/\/www.instagram.com\/dra.annaluisabf\/\" target=\"_blank\" rel=\"noopener\" style=\"text-decoration: none; color: inherit;\">\n    <span style=\"display: inline-block; border: 1px solid #ccc; border-radius: 10px; padding: 15px; max-width: 550px; font-family: sans-serif; box-shadow: 0 2px 5px rgba(0,0,0,0.1); width: 100%;\">\n\n      <!-- T\u00edtulo -->\n      <span style=\"display: block; margin: 0 0 15px 0; font-weight: bold; color: #2c3e50; text-align: center;\">\n        Entre em contato:\n      <\/span>\n\n      <!-- Linha do perfil -->\n      <span style=\"display: flex; align-items: center; gap: 15px;\">\n        <img decoding=\"async\"\n          src=\"https:\/\/www.correiobraziliense.com.br\/cbradar\/wp-content\/uploads\/2025\/08\/dra_anna_luisa.jpeg\"\n          alt=\"Foto da Dra. Anna Lu\u00edsa\"\n          style=\"border-radius: 50%; width: 80px; height: 80px; object-fit: cover;\"\n        \/>\n        <span style=\"display: flex; flex-direction: column;\">\n          <span style=\"font-size: 18px; font-weight: 700; color: #2c3e50;\">Dra. Anna Lu\u00edsa Barbosa Fernandes<\/span>\n          <span style=\"color: #555;\">CRM-GO 33.271<\/span>\n        <\/span>\n      <\/span>\n\n      <!-- Redes -->\n      <span style=\"display: flex; align-items: center; gap: 10px; margin-top: 12px;\">\n        <img decoding=\"async\" src=\"https:\/\/cdn-icons-png.flaticon.com\/24\/1384\/1384063.png\" alt=\"Instagram\" width=\"24\" height=\"24\" \/>\n        <span style=\"text-decoration: underline; color: #2c3e50;\">@dra.annaluisabf<\/span>\n      <\/span>\n\n    <\/span>\n  <\/a>","protected":false},"excerpt":{"rendered":"<p>Estalar os Dedos \u00e9 uma pr\u00e1tica amplamente disseminada, frequentemente envolta em mitos e preocupa\u00e7\u00f5es sobre poss\u00edveis danos \u00e0s articula\u00e7\u00f5es. O h\u00e1bito, que para muitos \u00e9 involunt\u00e1rio e proporciona uma sensa\u00e7\u00e3o de al\u00edvio, j\u00e1 foi alvo de diversos estudos cient\u00edficos que buscam esclarecer seus efeitos. Contrariando as cren\u00e7as populares que associam o estalar dos dedos a [&hellip;]<\/p>\n","protected":false},"author":14,"featured_media":146863,"comment_status":"open","ping_status":"open","sticky":false,"template":"","format":"standard","meta":{"_yoast_wpseo_focuskw":"Estalar os Dedos","_yoast_wpseo_title":"","_yoast_wpseo_metadesc":"Voc\u00ea estala os dedos com frequ\u00eancia? Saiba se isso faz mal, quando evitar e como substituir esse h\u00e1bito por pr\u00e1ticas mais saud\u00e1veis.","jnews-multi-image_gallery":[],"jnews_single_post":{"format":"standard"},"jnews_primary_category":[],"jnews_social_meta":[],"jnews_override_counter":[],"footnotes":""},"categories":[4404],"post_tag":[120,247,1318],"class_list":["post-146859","post","type-post","status-publish","format-standard","has-post-thumbnail","hentry","category-saude","tag-bem-estar","tag-qualidade-de-vida","tag-saude-2"],"yoast_head":"<!-- This site is optimized with the Yoast SEO plugin v24.6 - https:\/\/yoast.com\/wordpress\/plugins\/seo\/ -->\n<title>Estalar os dedos causa faz mal? Mito ou verdade? - Correio Braziliense - Radar<\/title>\n<meta name=\"description\" content=\"Voc\u00ea estala os dedos com frequ\u00eancia? Saiba se isso faz mal, quando evitar e como substituir esse h\u00e1bito por pr\u00e1ticas mais saud\u00e1veis.\" \/>\n<meta name=\"robots\" content=\"index, follow, max-snippet:-1, max-image-preview:large, max-video-preview:-1\" \/>\n<link rel=\"canonical\" href=\"https:\/\/www.correiobraziliense.com.br\/cbradar\/estalar-os-dedos-causa-faz-mal-mito-ou-verdade\/\" \/>\n<meta property=\"og:locale\" content=\"pt_BR\" \/>\n<meta property=\"og:type\" content=\"article\" \/>\n<meta property=\"og:title\" content=\"Estalar os dedos causa faz mal? Mito ou verdade? - Correio Braziliense - Radar\" \/>\n<meta property=\"og:description\" content=\"Voc\u00ea estala os dedos com frequ\u00eancia? Saiba se isso faz mal, quando evitar e como substituir esse h\u00e1bito por pr\u00e1ticas mais saud\u00e1veis.\" \/>\n<meta property=\"og:url\" content=\"https:\/\/www.correiobraziliense.com.br\/cbradar\/estalar-os-dedos-causa-faz-mal-mito-ou-verdade\/\" \/>\n<meta property=\"og:site_name\" content=\"Correio Braziliense - Radar\" \/>\n<meta property=\"article:published_time\" content=\"2025-11-30T18:55:00+00:00\" \/>\n<meta property=\"og:image\" content=\"https:\/\/www.correiobraziliense.com.br\/cbradar\/wp-content\/uploads\/2025\/11\/Snap-fingers_1764422848896.jpg\" \/>\n\t<meta property=\"og:image:width\" content=\"1280\" \/>\n\t<meta property=\"og:image:height\" content=\"720\" \/>\n\t<meta property=\"og:image:type\" content=\"image\/jpeg\" \/>\n<meta name=\"author\" content=\"guilherme_saude\" \/>\n<meta name=\"twitter:card\" content=\"summary_large_image\" \/>\n<meta name=\"twitter:label1\" content=\"Escrito por\" \/>\n\t<meta name=\"twitter:data1\" content=\"guilherme_saude\" \/>\n\t<meta name=\"twitter:label2\" content=\"Est. tempo de leitura\" \/>\n\t<meta name=\"twitter:data2\" content=\"3 minutos\" \/>\n<!-- \/ Yoast SEO plugin. -->","yoast_head_json":{"title":"Estalar os dedos causa faz mal? Mito ou verdade? - Correio Braziliense - Radar","description":"Voc\u00ea estala os dedos com frequ\u00eancia? Saiba se isso faz mal, quando evitar e como substituir esse h\u00e1bito por pr\u00e1ticas mais saud\u00e1veis.","robots":{"index":"index","follow":"follow","max-snippet":"max-snippet:-1","max-image-preview":"max-image-preview:large","max-video-preview":"max-video-preview:-1"},"canonical":"https:\/\/www.correiobraziliense.com.br\/cbradar\/estalar-os-dedos-causa-faz-mal-mito-ou-verdade\/","og_locale":"pt_BR","og_type":"article","og_title":"Estalar os dedos causa faz mal? Mito ou verdade? - Correio Braziliense - Radar","og_description":"Voc\u00ea estala os dedos com frequ\u00eancia? Saiba se isso faz mal, quando evitar e como substituir esse h\u00e1bito por pr\u00e1ticas mais saud\u00e1veis.","og_url":"https:\/\/www.correiobraziliense.com.br\/cbradar\/estalar-os-dedos-causa-faz-mal-mito-ou-verdade\/","og_site_name":"Correio Braziliense - Radar","article_published_time":"2025-11-30T18:55:00+00:00","og_image":[{"width":1280,"height":720,"url":"https:\/\/www.correiobraziliense.com.br\/cbradar\/wp-content\/uploads\/2025\/11\/Snap-fingers_1764422848896.jpg","type":"image\/jpeg"}],"author":"guilherme_saude","twitter_card":"summary_large_image","twitter_misc":{"Escrito por":"guilherme_saude","Est. tempo de leitura":"3 minutos"},"schema":{"@context":"https:\/\/schema.org","@graph":[{"@type":"WebPage","@id":"https:\/\/www.correiobraziliense.com.br\/cbradar\/estalar-os-dedos-causa-faz-mal-mito-ou-verdade\/","url":"https:\/\/www.correiobraziliense.com.br\/cbradar\/estalar-os-dedos-causa-faz-mal-mito-ou-verdade\/","name":"Estalar os dedos causa faz mal? Mito ou verdade? - Correio Braziliense - Radar","isPartOf":{"@id":"https:\/\/www.correiobraziliense.com.br\/cbradar\/#website"},"primaryImageOfPage":{"@id":"https:\/\/www.correiobraziliense.com.br\/cbradar\/estalar-os-dedos-causa-faz-mal-mito-ou-verdade\/#primaryimage"},"image":{"@id":"https:\/\/www.correiobraziliense.com.br\/cbradar\/estalar-os-dedos-causa-faz-mal-mito-ou-verdade\/#primaryimage"},"thumbnailUrl":"https:\/\/www.correiobraziliense.com.br\/cbradar\/wp-content\/uploads\/2025\/11\/Snap-fingers_1764422848896.jpg","datePublished":"2025-11-30T18:55:00+00:00","author":{"@id":"https:\/\/www.correiobraziliense.com.br\/cbradar\/#\/schema\/person\/5aa4bf3c8fa699c267933611de12978b"},"description":"Voc\u00ea estala os dedos com frequ\u00eancia? Saiba se isso faz mal, quando evitar e como substituir esse h\u00e1bito por pr\u00e1ticas mais saud\u00e1veis.","breadcrumb":{"@id":"https:\/\/www.correiobraziliense.com.br\/cbradar\/estalar-os-dedos-causa-faz-mal-mito-ou-verdade\/#breadcrumb"},"inLanguage":"pt-BR","potentialAction":[{"@type":"ReadAction","target":["https:\/\/www.correiobraziliense.com.br\/cbradar\/estalar-os-dedos-causa-faz-mal-mito-ou-verdade\/"]}]},{"@type":"ImageObject","inLanguage":"pt-BR","@id":"https:\/\/www.correiobraziliense.com.br\/cbradar\/estalar-os-dedos-causa-faz-mal-mito-ou-verdade\/#primaryimage","url":"https:\/\/www.correiobraziliense.com.br\/cbradar\/wp-content\/uploads\/2025\/11\/Snap-fingers_1764422848896.jpg","contentUrl":"https:\/\/www.correiobraziliense.com.br\/cbradar\/wp-content\/uploads\/2025\/11\/Snap-fingers_1764422848896.jpg","width":1280,"height":720,"caption":"Estalar os Dedos - Cr\u00e9ditos: depositphotos.com \/ jipen"},{"@type":"BreadcrumbList","@id":"https:\/\/www.correiobraziliense.com.br\/cbradar\/estalar-os-dedos-causa-faz-mal-mito-ou-verdade\/#breadcrumb","itemListElement":[{"@type":"ListItem","position":1,"name":"In\u00edcio","item":"https:\/\/www.correiobraziliense.com.br\/cbradar\/"},{"@type":"ListItem","position":2,"name":"Estalar os dedos causa faz mal? Mito ou verdade?"}]},{"@type":"WebSite","@id":"https:\/\/www.correiobraziliense.com.br\/cbradar\/#website","url":"https:\/\/www.correiobraziliense.com.br\/cbradar\/","name":"Correio Braziliense - Radar","description":"Acompanhe as \u00faltimas not\u00edcias e fique bem informado sobre tudo o que acontece no Brasil e no mundo.","potentialAction":[{"@type":"SearchAction","target":{"@type":"EntryPoint","urlTemplate":"https:\/\/www.correiobraziliense.com.br\/cbradar\/?s={search_term_string}"},"query-input":{"@type":"PropertyValueSpecification","valueRequired":true,"valueName":"search_term_string"}}],"inLanguage":"pt-BR"},{"@type":"Person","@id":"https:\/\/www.correiobraziliense.com.br\/cbradar\/#\/schema\/person\/5aa4bf3c8fa699c267933611de12978b","name":"guilherme_saude","image":{"@type":"ImageObject","inLanguage":"pt-BR","@id":"https:\/\/www.correiobraziliense.com.br\/cbradar\/#\/schema\/person\/image\/","url":"https:\/\/secure.gravatar.com\/avatar\/df9adfb835d344bc0af109d41756253f?s=96&d=mm&r=g","contentUrl":"https:\/\/secure.gravatar.com\/avatar\/df9adfb835d344bc0af109d41756253f?s=96&d=mm&r=g","caption":"guilherme_saude"},"url":"https:\/\/www.correiobraziliense.com.br\/cbradar\/author\/guilherme_saude\/"}]}},"_links":{"self":[{"href":"https:\/\/www.correiobraziliense.com.br\/cbradar\/wp-json\/wp\/v2\/posts\/146859","targetHints":{"allow":["GET"]}}],"collection":[{"href":"https:\/\/www.correiobraziliense.com.br\/cbradar\/wp-json\/wp\/v2\/posts"}],"about":[{"href":"https:\/\/www.correiobraziliense.com.br\/cbradar\/wp-json\/wp\/v2\/types\/post"}],"author":[{"embeddable":true,"href":"https:\/\/www.correiobraziliense.com.br\/cbradar\/wp-json\/wp\/v2\/users\/14"}],"replies":[{"embeddable":true,"href":"https:\/\/www.correiobraziliense.com.br\/cbradar\/wp-json\/wp\/v2\/comments?post=146859"}],"version-history":[{"count":1,"href":"https:\/\/www.correiobraziliense.com.br\/cbradar\/wp-json\/wp\/v2\/posts\/146859\/revisions"}],"predecessor-version":[{"id":146867,"href":"https:\/\/www.correiobraziliense.com.br\/cbradar\/wp-json\/wp\/v2\/posts\/146859\/revisions\/146867"}],"wp:featuredmedia":[{"embeddable":true,"href":"https:\/\/www.correiobraziliense.com.br\/cbradar\/wp-json\/wp\/v2\/media\/146863"}],"wp:attachment":[{"href":"https:\/\/www.correiobraziliense.com.br\/cbradar\/wp-json\/wp\/v2\/media?parent=146859"}],"wp:term":[{"taxonomy":"category","embeddable":true,"href":"https:\/\/www.correiobraziliense.com.br\/cbradar\/wp-json\/wp\/v2\/categories?post=146859"},{"taxonomy":"post_tag","embeddable":true,"href":"https:\/\/www.correiobraziliense.com.br\/cbradar\/wp-json\/wp\/v2\/post_tag?post=146859"}],"curies":[{"name":"wp","href":"https:\/\/api.w.org\/{rel}","templated":true}]}}