{"id":146871,"date":"2025-11-30T17:15:00","date_gmt":"2025-11-30T20:15:00","guid":{"rendered":"https:\/\/www.correiobraziliense.com.br\/cbradar\/?p=146871"},"modified":"2025-11-29T10:31:14","modified_gmt":"2025-11-29T13:31:14","slug":"por-que-fazer-transplante-capilar-no-brasil","status":"publish","type":"post","link":"https:\/\/www.correiobraziliense.com.br\/cbradar\/por-que-fazer-transplante-capilar-no-brasil\/","title":{"rendered":"Por que fazer transplante capilar no Brasil?"},"content":{"rendered":"\n<p>Nos \u00faltimos anos, o Brasil tem se destacado internacionalmente como um dos principais destinos para <strong>Transplantes capilares <\/strong>masculinos. Esse reconhecimento se deve a um conjunto de fatores que incluem o aperfei\u00e7oamento das t\u00e9cnicas de restaura\u00e7\u00e3o capilar, a presen\u00e7a de especialistas altamente qualificados e a rela\u00e7\u00e3o custo-benef\u00edcio favor\u00e1vel dos procedimentos realizados no pa\u00eds. Com cl\u00ednicas localizadas em cidades como S\u00e3o Paulo e Rio de Janeiro, muitos pacientes, tanto nacionais quanto internacionais, escolhem o Brasil como destino para realizar seus Transplantes capilares.<\/p>\n\n\n\n<p>O avan\u00e7o tecnol\u00f3gico na \u00e1rea m\u00e9dica foi um dos catalisadores para que o Brasil se tornasse uma refer\u00eancia em Transplantes capilares. Procedimentos modernos, como a Extra\u00e7\u00e3o de Unidades Foliculares (FUE) e o Transplante de Unidades Foliculares (FUT), permitem resultados que se aproximam muito da naturalidade, al\u00e9m de oferecerem mais conforto e seguran\u00e7a aos pacientes. Esses m\u00e9todos modernos possibilitam a extra\u00e7\u00e3o e transplante de fol\u00edculos capilares de forma menos invasiva, o que resulta em uma recupera\u00e7\u00e3o mais r\u00e1pida e menos dolorosa para os <a href=\"https:\/\/www.correiobraziliense.com.br\/cbradar\/dr-danio-almeida-o-acumulo-de-gordura-que-nao-desaparece-com-dieta\/\" target=\"_blank\" rel=\"noreferrer noopener\">pacientes<\/a>.<\/p>\n\n\n\n<h2 class=\"wp-block-heading\">Quais s\u00e3o os elementos que tornam o Brasil uma escolha popular para o transplante capilar?<\/h2>\n\n\n\n<p>Existem v\u00e1rias raz\u00f5es para o crescente interesse pelo transplante capilar no Brasil. Primeiramente, o custo dos procedimentos \u00e9 tipicamente mais baixo em compara\u00e7\u00e3o com o de outros pa\u00edses, como Estados Unidos e na\u00e7\u00f5es europeias. Esse fator econ\u00f4mico torna os tratamentos mais acess\u00edveis a uma ampla gama de indiv\u00edduos, que buscam recuperar a autoestima e combater a calv\u00edcie de maneira eficaz.<\/p>\n\n\n\n<figure class=\"wp-block-image aligncenter size-large\"><img decoding=\"async\" width=\"1024\" height=\"576\" src=\"https:\/\/www.correiobraziliense.com.br\/cbradar\/wp-content\/uploads\/2025\/05\/crescimento-do-cabelo_1747006432351-1024x576.jpg\" alt=\"\" class=\"wp-image-35588\" srcset=\"https:\/\/www.correiobraziliense.com.br\/cbradar\/wp-content\/uploads\/2025\/05\/crescimento-do-cabelo_1747006432351-1024x576.jpg 1024w, https:\/\/www.correiobraziliense.com.br\/cbradar\/wp-content\/uploads\/2025\/05\/crescimento-do-cabelo_1747006432351-300x169.jpg 300w, https:\/\/www.correiobraziliense.com.br\/cbradar\/wp-content\/uploads\/2025\/05\/crescimento-do-cabelo_1747006432351-768x432.jpg 768w, https:\/\/www.correiobraziliense.com.br\/cbradar\/wp-content\/uploads\/2025\/05\/crescimento-do-cabelo_1747006432351-750x422.jpg 750w, https:\/\/www.correiobraziliense.com.br\/cbradar\/wp-content\/uploads\/2025\/05\/crescimento-do-cabelo_1747006432351-1140x641.jpg 1140w, https:\/\/www.correiobraziliense.com.br\/cbradar\/wp-content\/uploads\/2025\/05\/crescimento-do-cabelo_1747006432351.jpg 1280w\" sizes=\"(max-width: 1024px) 100vw, 1024px\" \/><figcaption class=\"wp-element-caption\">Crescimento capilar- Cr\u00e9ditos: depositphotos.com \/ arribalko\n\n<\/figcaption><\/figure>\n\n\n\n<p>A preocupa\u00e7\u00e3o dos homens com a apar\u00eancia pessoal e a autoestima tamb\u00e9m desempenha um papel significativo nesse panorama positivo para o setor de transplantes no Brasil. Muitos indiv\u00edduos veem o transplante capilar como uma alternativa duradoura \u00e0s solu\u00e7\u00f5es tempor\u00e1rias, como o uso de cosm\u00e9ticos. Dessa forma, eles buscam cl\u00ednicas competentes que ofere\u00e7am uma abordagem personalizada e um atendimento de alta qualidade.<\/p>\n\n\n\n<h2 class=\"wp-block-heading\">Por que os especialistas recomendam o transplante capilar?<\/h2>\n\n\n\n<p>Os especialistas m\u00e9dicos indicam o transplante capilar masculino devido aos resultados duradouros que o procedimento pode proporcionar. Ao contr\u00e1rio de tratamentos t\u00f3picos ou suplementos, o transplante capilar envolve a movimenta\u00e7\u00e3o de fol\u00edculos saud\u00e1veis para \u00e1reas calvas, o que gera um crescimento de cabelo cont\u00ednuo e natural. Essa t\u00e9cnica permite que o cabelo transplantado mantenha as caracter\u00edsticas originais, promovendo um impacto positivo na autoconfian\u00e7a do paciente p\u00f3s-recupera\u00e7\u00e3o.<\/p>\n\n\n\n<ul class=\"wp-block-list\">\n<li>Procedimentos com baixos riscos e invasibilidade reduzida<\/li>\n\n\n\n<li>Equipamentos e protocolos m\u00e9dicos modernos<\/li>\n\n\n\n<li>Estrutura cl\u00ednica que segue normas rigorosas de seguran\u00e7a<\/li>\n<\/ul>\n\n\n\n<h2 class=\"wp-block-heading\">O Brasil \u00e9 realmente uma refer\u00eancia mundial em transplante capilar masculino?<\/h2>\n\n\n\n<p>Indubitavelmente! O reconhecimento internacional do Brasil como uma pot\u00eancia no dom\u00ednio do transplante capilar masculino se reflete no fluxo constante de pacientes estrangeiros que buscam tratamentos aqui. Esse movimento se deve \u00e0 combina\u00e7\u00e3o de atendimento m\u00e9dico especializado, tecnologias de ponta e pre\u00e7os competitivos. Al\u00e9m disso, a rede nacional de cl\u00ednicas n\u00e3o s\u00f3 oferece atendimento com infraestrutura moderna, mas tamb\u00e9m mant\u00e9m seu corpo cl\u00ednico atualizado com as pesquisas mais recentes e pr\u00e1ticas inovadoras.<\/p>\n\n\n\n<p>Com esse cen\u00e1rio promissor, o Brasil se destaca como um polo de restaura\u00e7\u00e3o capilar masculina, sustentado por investimentos cont\u00ednuos em inova\u00e7\u00e3o e pela dedica\u00e7\u00e3o dos profissionais da \u00e1rea. Desta forma, o pa\u00eds se consolidou como um destino procurado n\u00e3o s\u00f3 pelo valor financeiro acess\u00edvel dos procedimentos, mas principalmente pela confian\u00e7a nos resultados est\u00e9ticos e naturais que s\u00e3o obtidos por meio de Transplantes capilares realizados sob o cuidado de especialistas altamente qualificados.<\/p>\n\n\n<a href=\"https:\/\/www.instagram.com\/dra.annaluisabf\/\" target=\"_blank\" rel=\"noopener\" style=\"text-decoration: none; color: inherit;\">\n    <span style=\"display: inline-block; border: 1px solid #ccc; border-radius: 10px; padding: 15px; max-width: 550px; font-family: sans-serif; box-shadow: 0 2px 5px rgba(0,0,0,0.1); width: 100%;\">\n\n      <!-- T\u00edtulo -->\n      <span style=\"display: block; margin: 0 0 15px 0; font-weight: bold; color: #2c3e50; text-align: center;\">\n        Entre em contato:\n      <\/span>\n\n      <!-- Linha do perfil -->\n      <span style=\"display: flex; align-items: center; gap: 15px;\">\n        <img decoding=\"async\"\n          src=\"https:\/\/www.correiobraziliense.com.br\/cbradar\/wp-content\/uploads\/2025\/08\/dra_anna_luisa.jpeg\"\n          alt=\"Foto da Dra. Anna Lu\u00edsa\"\n          style=\"border-radius: 50%; width: 80px; height: 80px; object-fit: cover;\"\n        \/>\n        <span style=\"display: flex; flex-direction: column;\">\n          <span style=\"font-size: 18px; font-weight: 700; color: #2c3e50;\">Dra. Anna Lu\u00edsa Barbosa Fernandes<\/span>\n          <span style=\"color: #555;\">CRM-GO 33.271<\/span>\n        <\/span>\n      <\/span>\n\n      <!-- Redes -->\n      <span style=\"display: flex; align-items: center; gap: 10px; margin-top: 12px;\">\n        <img decoding=\"async\" src=\"https:\/\/cdn-icons-png.flaticon.com\/24\/1384\/1384063.png\" alt=\"Instagram\" width=\"24\" height=\"24\" \/>\n        <span style=\"text-decoration: underline; color: #2c3e50;\">@dra.annaluisabf<\/span>\n      <\/span>\n\n    <\/span>\n  <\/a>","protected":false},"excerpt":{"rendered":"<p>Nos \u00faltimos anos, o Brasil tem se destacado internacionalmente como um dos principais destinos para Transplantes capilares masculinos. Esse reconhecimento se deve a um conjunto de fatores que incluem o aperfei\u00e7oamento das t\u00e9cnicas de restaura\u00e7\u00e3o capilar, a presen\u00e7a de especialistas altamente qualificados e a rela\u00e7\u00e3o custo-benef\u00edcio favor\u00e1vel dos procedimentos realizados no pa\u00eds. Com cl\u00ednicas localizadas [&hellip;]<\/p>\n","protected":false},"author":14,"featured_media":146880,"comment_status":"open","ping_status":"open","sticky":false,"template":"","format":"standard","meta":{"_yoast_wpseo_focuskw":"Transplantes capilares","_yoast_wpseo_title":"","_yoast_wpseo_metadesc":"O Brasil \u00e9 refer\u00eancia mundial em transplante capilar. Veja por que o pa\u00eds atrai pacientes com t\u00e9cnicas modernas, seguran\u00e7a e pre\u00e7os acess\u00edveis.","jnews-multi-image_gallery":[],"jnews_single_post":{"format":"standard"},"jnews_primary_category":[],"jnews_social_meta":[],"jnews_override_counter":[],"footnotes":""},"categories":[4404],"post_tag":[120,247,1318],"class_list":["post-146871","post","type-post","status-publish","format-standard","has-post-thumbnail","hentry","category-saude","tag-bem-estar","tag-qualidade-de-vida","tag-saude-2"],"yoast_head":"<!-- This site is optimized with the Yoast SEO plugin v24.6 - https:\/\/yoast.com\/wordpress\/plugins\/seo\/ -->\n<title>Por que fazer transplante capilar no Brasil? - Correio Braziliense - Radar<\/title>\n<meta name=\"description\" content=\"O Brasil \u00e9 refer\u00eancia mundial em transplante capilar. Veja por que o pa\u00eds atrai pacientes com t\u00e9cnicas modernas, seguran\u00e7a e pre\u00e7os acess\u00edveis.\" \/>\n<meta name=\"robots\" content=\"index, follow, max-snippet:-1, max-image-preview:large, max-video-preview:-1\" \/>\n<link rel=\"canonical\" href=\"https:\/\/www.correiobraziliense.com.br\/cbradar\/por-que-fazer-transplante-capilar-no-brasil\/\" \/>\n<meta property=\"og:locale\" content=\"pt_BR\" \/>\n<meta property=\"og:type\" content=\"article\" \/>\n<meta property=\"og:title\" content=\"Por que fazer transplante capilar no Brasil? - Correio Braziliense - Radar\" \/>\n<meta property=\"og:description\" content=\"O Brasil \u00e9 refer\u00eancia mundial em transplante capilar. Veja por que o pa\u00eds atrai pacientes com t\u00e9cnicas modernas, seguran\u00e7a e pre\u00e7os acess\u00edveis.\" \/>\n<meta property=\"og:url\" content=\"https:\/\/www.correiobraziliense.com.br\/cbradar\/por-que-fazer-transplante-capilar-no-brasil\/\" \/>\n<meta property=\"og:site_name\" content=\"Correio Braziliense - Radar\" \/>\n<meta property=\"article:published_time\" content=\"2025-11-30T20:15:00+00:00\" \/>\n<meta property=\"og:image\" content=\"https:\/\/www.correiobraziliense.com.br\/cbradar\/wp-content\/uploads\/2025\/11\/transplante-capilar_1764423035548.jpg\" \/>\n\t<meta property=\"og:image:width\" content=\"1280\" \/>\n\t<meta property=\"og:image:height\" content=\"720\" \/>\n\t<meta property=\"og:image:type\" content=\"image\/jpeg\" \/>\n<meta name=\"author\" content=\"guilherme_saude\" \/>\n<meta name=\"twitter:card\" content=\"summary_large_image\" \/>\n<meta name=\"twitter:label1\" content=\"Escrito por\" \/>\n\t<meta name=\"twitter:data1\" content=\"guilherme_saude\" \/>\n\t<meta name=\"twitter:label2\" content=\"Est. tempo de leitura\" \/>\n\t<meta name=\"twitter:data2\" content=\"4 minutos\" \/>\n<!-- \/ Yoast SEO plugin. -->","yoast_head_json":{"title":"Por que fazer transplante capilar no Brasil? - Correio Braziliense - Radar","description":"O Brasil \u00e9 refer\u00eancia mundial em transplante capilar. Veja por que o pa\u00eds atrai pacientes com t\u00e9cnicas modernas, seguran\u00e7a e pre\u00e7os acess\u00edveis.","robots":{"index":"index","follow":"follow","max-snippet":"max-snippet:-1","max-image-preview":"max-image-preview:large","max-video-preview":"max-video-preview:-1"},"canonical":"https:\/\/www.correiobraziliense.com.br\/cbradar\/por-que-fazer-transplante-capilar-no-brasil\/","og_locale":"pt_BR","og_type":"article","og_title":"Por que fazer transplante capilar no Brasil? - Correio Braziliense - Radar","og_description":"O Brasil \u00e9 refer\u00eancia mundial em transplante capilar. Veja por que o pa\u00eds atrai pacientes com t\u00e9cnicas modernas, seguran\u00e7a e pre\u00e7os acess\u00edveis.","og_url":"https:\/\/www.correiobraziliense.com.br\/cbradar\/por-que-fazer-transplante-capilar-no-brasil\/","og_site_name":"Correio Braziliense - Radar","article_published_time":"2025-11-30T20:15:00+00:00","og_image":[{"width":1280,"height":720,"url":"https:\/\/www.correiobraziliense.com.br\/cbradar\/wp-content\/uploads\/2025\/11\/transplante-capilar_1764423035548.jpg","type":"image\/jpeg"}],"author":"guilherme_saude","twitter_card":"summary_large_image","twitter_misc":{"Escrito por":"guilherme_saude","Est. tempo de leitura":"4 minutos"},"schema":{"@context":"https:\/\/schema.org","@graph":[{"@type":"WebPage","@id":"https:\/\/www.correiobraziliense.com.br\/cbradar\/por-que-fazer-transplante-capilar-no-brasil\/","url":"https:\/\/www.correiobraziliense.com.br\/cbradar\/por-que-fazer-transplante-capilar-no-brasil\/","name":"Por que fazer transplante capilar no Brasil? - Correio Braziliense - Radar","isPartOf":{"@id":"https:\/\/www.correiobraziliense.com.br\/cbradar\/#website"},"primaryImageOfPage":{"@id":"https:\/\/www.correiobraziliense.com.br\/cbradar\/por-que-fazer-transplante-capilar-no-brasil\/#primaryimage"},"image":{"@id":"https:\/\/www.correiobraziliense.com.br\/cbradar\/por-que-fazer-transplante-capilar-no-brasil\/#primaryimage"},"thumbnailUrl":"https:\/\/www.correiobraziliense.com.br\/cbradar\/wp-content\/uploads\/2025\/11\/transplante-capilar_1764423035548.jpg","datePublished":"2025-11-30T20:15:00+00:00","author":{"@id":"https:\/\/www.correiobraziliense.com.br\/cbradar\/#\/schema\/person\/5aa4bf3c8fa699c267933611de12978b"},"description":"O Brasil \u00e9 refer\u00eancia mundial em transplante capilar. Veja por que o pa\u00eds atrai pacientes com t\u00e9cnicas modernas, seguran\u00e7a e pre\u00e7os acess\u00edveis.","breadcrumb":{"@id":"https:\/\/www.correiobraziliense.com.br\/cbradar\/por-que-fazer-transplante-capilar-no-brasil\/#breadcrumb"},"inLanguage":"pt-BR","potentialAction":[{"@type":"ReadAction","target":["https:\/\/www.correiobraziliense.com.br\/cbradar\/por-que-fazer-transplante-capilar-no-brasil\/"]}]},{"@type":"ImageObject","inLanguage":"pt-BR","@id":"https:\/\/www.correiobraziliense.com.br\/cbradar\/por-que-fazer-transplante-capilar-no-brasil\/#primaryimage","url":"https:\/\/www.correiobraziliense.com.br\/cbradar\/wp-content\/uploads\/2025\/11\/transplante-capilar_1764423035548.jpg","contentUrl":"https:\/\/www.correiobraziliense.com.br\/cbradar\/wp-content\/uploads\/2025\/11\/transplante-capilar_1764423035548.jpg","width":1280,"height":720,"caption":"Transplantes capilares - Cr\u00e9ditos: depositphotos.com \/ arribalko"},{"@type":"BreadcrumbList","@id":"https:\/\/www.correiobraziliense.com.br\/cbradar\/por-que-fazer-transplante-capilar-no-brasil\/#breadcrumb","itemListElement":[{"@type":"ListItem","position":1,"name":"In\u00edcio","item":"https:\/\/www.correiobraziliense.com.br\/cbradar\/"},{"@type":"ListItem","position":2,"name":"Por que fazer transplante capilar no Brasil?"}]},{"@type":"WebSite","@id":"https:\/\/www.correiobraziliense.com.br\/cbradar\/#website","url":"https:\/\/www.correiobraziliense.com.br\/cbradar\/","name":"Correio Braziliense - Radar","description":"Acompanhe as \u00faltimas not\u00edcias e fique bem informado sobre tudo o que acontece no Brasil e no mundo.","potentialAction":[{"@type":"SearchAction","target":{"@type":"EntryPoint","urlTemplate":"https:\/\/www.correiobraziliense.com.br\/cbradar\/?s={search_term_string}"},"query-input":{"@type":"PropertyValueSpecification","valueRequired":true,"valueName":"search_term_string"}}],"inLanguage":"pt-BR"},{"@type":"Person","@id":"https:\/\/www.correiobraziliense.com.br\/cbradar\/#\/schema\/person\/5aa4bf3c8fa699c267933611de12978b","name":"guilherme_saude","image":{"@type":"ImageObject","inLanguage":"pt-BR","@id":"https:\/\/www.correiobraziliense.com.br\/cbradar\/#\/schema\/person\/image\/","url":"https:\/\/secure.gravatar.com\/avatar\/df9adfb835d344bc0af109d41756253f?s=96&d=mm&r=g","contentUrl":"https:\/\/secure.gravatar.com\/avatar\/df9adfb835d344bc0af109d41756253f?s=96&d=mm&r=g","caption":"guilherme_saude"},"url":"https:\/\/www.correiobraziliense.com.br\/cbradar\/author\/guilherme_saude\/"}]}},"_links":{"self":[{"href":"https:\/\/www.correiobraziliense.com.br\/cbradar\/wp-json\/wp\/v2\/posts\/146871","targetHints":{"allow":["GET"]}}],"collection":[{"href":"https:\/\/www.correiobraziliense.com.br\/cbradar\/wp-json\/wp\/v2\/posts"}],"about":[{"href":"https:\/\/www.correiobraziliense.com.br\/cbradar\/wp-json\/wp\/v2\/types\/post"}],"author":[{"embeddable":true,"href":"https:\/\/www.correiobraziliense.com.br\/cbradar\/wp-json\/wp\/v2\/users\/14"}],"replies":[{"embeddable":true,"href":"https:\/\/www.correiobraziliense.com.br\/cbradar\/wp-json\/wp\/v2\/comments?post=146871"}],"version-history":[{"count":1,"href":"https:\/\/www.correiobraziliense.com.br\/cbradar\/wp-json\/wp\/v2\/posts\/146871\/revisions"}],"predecessor-version":[{"id":146881,"href":"https:\/\/www.correiobraziliense.com.br\/cbradar\/wp-json\/wp\/v2\/posts\/146871\/revisions\/146881"}],"wp:featuredmedia":[{"embeddable":true,"href":"https:\/\/www.correiobraziliense.com.br\/cbradar\/wp-json\/wp\/v2\/media\/146880"}],"wp:attachment":[{"href":"https:\/\/www.correiobraziliense.com.br\/cbradar\/wp-json\/wp\/v2\/media?parent=146871"}],"wp:term":[{"taxonomy":"category","embeddable":true,"href":"https:\/\/www.correiobraziliense.com.br\/cbradar\/wp-json\/wp\/v2\/categories?post=146871"},{"taxonomy":"post_tag","embeddable":true,"href":"https:\/\/www.correiobraziliense.com.br\/cbradar\/wp-json\/wp\/v2\/post_tag?post=146871"}],"curies":[{"name":"wp","href":"https:\/\/api.w.org\/{rel}","templated":true}]}}